{"id":33548,"date":"2025-10-08T11:27:03","date_gmt":"2025-10-08T17:27:03","guid":{"rendered":"https:\/\/thepueblatimes.mx\/?p=33548"},"modified":"2025-10-08T11:27:03","modified_gmt":"2025-10-08T17:27:03","slug":"dif-puebla-capital-imparte-platica-de-salud-mental-a-estudiantes-del-centro-escolar-de-canoa","status":"publish","type":"post","link":"https:\/\/thepueblatimes.mx\/index.php\/2025\/10\/08\/dif-puebla-capital-imparte-platica-de-salud-mental-a-estudiantes-del-centro-escolar-de-canoa\/","title":{"rendered":"DIF Puebla Capital imparte pl\u00e1tica de Salud Mental a estudiantes del Centro Escolar de Canoa"},"content":{"rendered":"<h3><em>&#8211; El departamento de psicolog\u00eda hace un llamado a no normalizar el aislamiento, conductas depresivas o de ansiedad, y buscar apoyo con las personas de su entorno<\/em><\/h3>\n<p>Puebla, Pue. \u2013 Comprometidos por la juventud poblana, y en el marco de la Semana de la Salud Mental la presidenta del Patronato del Sistema Municipal DIF (SMDIF) MariElise Budib, reforz\u00f3 las campa\u00f1as de Cuidado de la Salud Mental en las diferentes escuelas del municipio. En esta ocasi\u00f3n toc\u00f3 el turno al Centro Escolar \u201cCoronel Ra\u00fal Velasco de Santiago\u201d, ubicado en la junta auxiliar de San Miguel Canoa, en donde m\u00e1s de 400 alumnos escucharon la importancia de cuidar no s\u00f3lo el cuerpo sino tambi\u00e9n la mente.<\/p>\n<p>La intenci\u00f3n de estas pl\u00e1ticas es que las y los alumnos aprendan a trabajar el bienestar emocional, psicol\u00f3gico y social que debido a su edad puede verse afectado por factores como el estr\u00e9s, la econom\u00eda, problemas escolares, acoso o ciberacoso, y las experiencias personales. Durante la pl\u00e1tica, especialistas en psicolog\u00eda del DIF Puebla Capital le brindaron informaci\u00f3n respecto a qu\u00e9 es la salud mental y algunas pr\u00e1cticas que les permiten manejar sus emociones. En su intervenci\u00f3n, la psic\u00f3loga del SMDIF Nelly Miranda destac\u00f3 con los estudiantes la importancia de no normalizar el aislamiento, conductas depresivas o de ansiedad, y buscar apoyo con las personas de su entorno.<\/p>\n<p>\u201cEstamos en el Centro Escolar Coronel Ra\u00fal Velasco de Santiago y venimos a impartir la pl\u00e1tica de salud mental. Creemos que llevar el tema de salud mental a las comunidades es muy importante y tambi\u00e9n platicamos sobre estrategias y herramientas que les puedan ayudar a gestionar sus emociones en situaciones complicadas\u201d, se\u00f1al\u00f3.<\/p>\n<p>Por su parte \u00d3scar Santos, director de nivel secundaria del Centro Escolar \u00abCoronel Ra\u00fal Velasco de Santiago\u00bb, agradeci\u00f3 y reconoci\u00f3 la gran labor que realiza el DIF Puebla Capital a trav\u00e9s de su presidenta del Patronato MariElise Budib, ya que los j\u00f3venes matriculados en dicha instituci\u00f3n cuentan con ciertas caracter\u00edsticas que pueden vulnerar f\u00e1cilmente su salud mental. Las pl\u00e1ticas son un apoyo emocional pertinente para mejorar su conducta, relaciones interpersonales e intrapersonales.<\/p>\n<p>\u201cDefinitivamente es muy importante hablar sobre la salud mental con los estudiantes, sobre todo, por la etapa por la que est\u00e1n pasando. La situaci\u00f3n que tiene que ver con emociones siempre es importante porque esto es lo que afecta o ayuda a la disciplina, al comportamiento, a la situaci\u00f3n acad\u00e9mica, y eso es lo que nosotros queremos apuntalar para que nuestros alumnos tengan un buen desarrollo en el nivel secundaria\u201d<\/p>\n<p>Por su parte Juana Soto, responsable del \u00e1rea de psicolog\u00eda de la USAER no. 134 reconoci\u00f3 que se ha trabajado en el cuidado de la salud mental de las y los j\u00f3venes, as\u00ed como en identificar patrones de conducta que pongan en riesgo su vida, con la intenci\u00f3n de brindarles asesor\u00eda y apoyo psicol\u00f3gico personalizado, y agradeci\u00f3 el apoyo del SMDIF para trabajar de la mano no s\u00f3lo con las pl\u00e1ticas y talleres, sino tambi\u00e9n canalizando a los estudiantes con el \u00e1rea de psicolog\u00eda.<\/p>\n<p>\u201cEs muy importante ya que ellos est\u00e1n en una etapa, la de la adolescencia, en la cual entran en una verdadera lucha interna entre ellos, si son ni\u00f1os o si son adultos, entonces el control de sus emociones es muy importante este tema para ellos en cuanto a su desarrollo mental y psicol\u00f3gico\u201d, apunt\u00f3.<\/p>\n<p>El SMDIF hace un llamado a todas las escuelas para que se sumen a esta campa\u00f1a de \u201cSalud mental\u201d con los cursos y talleres que ofrecen la Unidad M\u00e9dica Integral, a trav\u00e9s del departamento de Atenci\u00f3n Psicol\u00f3gica ubicado en Avenida Cue Merlo, n\u00famero 201 San Baltazar Campeche. El horario de atenci\u00f3n es de 8:00 a 16:00 de lunes a viernes, la escuela interesada \u00fanicamente debe presentar un oficio con la petici\u00f3n de la pl\u00e1tica o taller de su inter\u00e9s. El Gobierno de la Ciudad reafirma su compromiso por cuidar de la Salud Mental de las familias poblanas.<\/p>\n","protected":false},"excerpt":{"rendered":"<p>&#8211; El departamento de psicolog\u00eda hace un llamado a no normalizar el aislamiento, conductas depresivas o de ansiedad, y buscar apoyo con las personas de su entorno Puebla, Pue. \u2013 Comprometidos por la juventud poblana, y en el marco de la Semana de la Salud Mental la presidenta del Patronato del Sistema Municipal DIF (SMDIF)&#8230;<\/p>\n","protected":false},"author":16,"featured_media":33549,"comment_status":"closed","ping_status":"closed","sticky":false,"template":"","format":"standard","meta":[],"categories":[20],"tags":[1287,3081],"yoast_head":"<!-- This site is optimized with the Yoast SEO plugin v20.8 - https:\/\/yoast.com\/wordpress\/plugins\/seo\/ -->\n<title>DIF Puebla Capital imparte pl\u00e1tica de Salud Mental a estudiantes del Centro Escolar de Canoa - The Puebla Times<\/title>\n<meta name=\"robots\" content=\"index, follow, max-snippet:-1, max-image-preview:large, max-video-preview:-1\" \/>\n<link rel=\"canonical\" href=\"https:\/\/thepueblatimes.mx\/index.php\/2025\/10\/08\/dif-puebla-capital-imparte-platica-de-salud-mental-a-estudiantes-del-centro-escolar-de-canoa\/\" \/>\n<meta property=\"og:locale\" content=\"es_ES\" \/>\n<meta property=\"og:type\" content=\"article\" \/>\n<meta property=\"og:title\" content=\"DIF Puebla Capital imparte pl\u00e1tica de Salud Mental a estudiantes del Centro Escolar de Canoa - The Puebla Times\" \/>\n<meta property=\"og:description\" content=\"&#8211; El departamento de psicolog\u00eda hace un llamado a no normalizar el aislamiento, conductas depresivas o de ansiedad, y buscar apoyo con las personas de su entorno Puebla, Pue. \u2013 Comprometidos por la juventud poblana, y en el marco de la Semana de la Salud Mental la presidenta del Patronato del Sistema Municipal DIF (SMDIF)...\" \/>\n<meta property=\"og:url\" content=\"https:\/\/thepueblatimes.mx\/index.php\/2025\/10\/08\/dif-puebla-capital-imparte-platica-de-salud-mental-a-estudiantes-del-centro-escolar-de-canoa\/\" \/>\n<meta property=\"og:site_name\" content=\"The Puebla Times\" \/>\n<meta property=\"article:published_time\" content=\"2025-10-08T17:27:03+00:00\" \/>\n<meta property=\"og:image\" content=\"https:\/\/thepueblatimes.mx\/wp-content\/uploads\/2025\/10\/WhatsApp-Image-2025-10-07-at-21.26.01.jpeg\" \/>\n\t<meta property=\"og:image:width\" content=\"1280\" \/>\n\t<meta property=\"og:image:height\" content=\"854\" \/>\n\t<meta property=\"og:image:type\" content=\"image\/jpeg\" \/>\n<meta name=\"author\" content=\"Sa\u00fal Hern\u00e1ndez\" \/>\n<meta name=\"twitter:card\" content=\"summary_large_image\" \/>\n<meta name=\"twitter:label1\" content=\"Escrito por\" \/>\n\t<meta name=\"twitter:data1\" content=\"Sa\u00fal Hern\u00e1ndez\" \/>\n\t<meta name=\"twitter:label2\" content=\"Tiempo de lectura\" \/>\n\t<meta name=\"twitter:data2\" content=\"3 minutos\" \/>\n<script type=\"application\/ld+json\" class=\"yoast-schema-graph\">{\"@context\":\"https:\/\/schema.org\",\"@graph\":[{\"@type\":\"WebPage\",\"@id\":\"https:\/\/thepueblatimes.mx\/index.php\/2025\/10\/08\/dif-puebla-capital-imparte-platica-de-salud-mental-a-estudiantes-del-centro-escolar-de-canoa\/\",\"url\":\"https:\/\/thepueblatimes.mx\/index.php\/2025\/10\/08\/dif-puebla-capital-imparte-platica-de-salud-mental-a-estudiantes-del-centro-escolar-de-canoa\/\",\"name\":\"DIF Puebla Capital imparte pl\u00e1tica de Salud Mental a estudiantes del Centro Escolar de Canoa - The Puebla Times\",\"isPartOf\":{\"@id\":\"https:\/\/thepueblatimes.mx\/#website\"},\"datePublished\":\"2025-10-08T17:27:03+00:00\",\"dateModified\":\"2025-10-08T17:27:03+00:00\",\"author\":{\"@id\":\"https:\/\/thepueblatimes.mx\/#\/schema\/person\/1664894c2f65ce2c7a08d8f5f905c13c\"},\"breadcrumb\":{\"@id\":\"https:\/\/thepueblatimes.mx\/index.php\/2025\/10\/08\/dif-puebla-capital-imparte-platica-de-salud-mental-a-estudiantes-del-centro-escolar-de-canoa\/#breadcrumb\"},\"inLanguage\":\"es\",\"potentialAction\":[{\"@type\":\"ReadAction\",\"target\":[\"https:\/\/thepueblatimes.mx\/index.php\/2025\/10\/08\/dif-puebla-capital-imparte-platica-de-salud-mental-a-estudiantes-del-centro-escolar-de-canoa\/\"]}]},{\"@type\":\"BreadcrumbList\",\"@id\":\"https:\/\/thepueblatimes.mx\/index.php\/2025\/10\/08\/dif-puebla-capital-imparte-platica-de-salud-mental-a-estudiantes-del-centro-escolar-de-canoa\/#breadcrumb\",\"itemListElement\":[{\"@type\":\"ListItem\",\"position\":1,\"name\":\"Portada\",\"item\":\"https:\/\/thepueblatimes.mx\/\"},{\"@type\":\"ListItem\",\"position\":2,\"name\":\"DIF Puebla Capital imparte pl\u00e1tica de Salud Mental a estudiantes del Centro Escolar de Canoa\"}]},{\"@type\":\"WebSite\",\"@id\":\"https:\/\/thepueblatimes.mx\/#website\",\"url\":\"https:\/\/thepueblatimes.mx\/\",\"name\":\"The Puebla Times\",\"description\":\"Noticias del Estado de Puebla\",\"potentialAction\":[{\"@type\":\"SearchAction\",\"target\":{\"@type\":\"EntryPoint\",\"urlTemplate\":\"https:\/\/thepueblatimes.mx\/?s={search_term_string}\"},\"query-input\":\"required name=search_term_string\"}],\"inLanguage\":\"es\"},{\"@type\":\"Person\",\"@id\":\"https:\/\/thepueblatimes.mx\/#\/schema\/person\/1664894c2f65ce2c7a08d8f5f905c13c\",\"name\":\"Sa\u00fal Hern\u00e1ndez\",\"image\":{\"@type\":\"ImageObject\",\"inLanguage\":\"es\",\"@id\":\"https:\/\/thepueblatimes.mx\/#\/schema\/person\/image\/\",\"url\":\"https:\/\/secure.gravatar.com\/avatar\/11be338693f243309532caad8f10c930?s=96&d=mm&r=g\",\"contentUrl\":\"https:\/\/secure.gravatar.com\/avatar\/11be338693f243309532caad8f10c930?s=96&d=mm&r=g\",\"caption\":\"Sa\u00fal Hern\u00e1ndez\"},\"url\":\"https:\/\/thepueblatimes.mx\/index.php\/author\/saulhernandez\/\"}]}<\/script>\n<!-- \/ Yoast SEO plugin. -->","yoast_head_json":{"title":"DIF Puebla Capital imparte pl\u00e1tica de Salud Mental a estudiantes del Centro Escolar de Canoa - The Puebla Times","robots":{"index":"index","follow":"follow","max-snippet":"max-snippet:-1","max-image-preview":"max-image-preview:large","max-video-preview":"max-video-preview:-1"},"canonical":"https:\/\/thepueblatimes.mx\/index.php\/2025\/10\/08\/dif-puebla-capital-imparte-platica-de-salud-mental-a-estudiantes-del-centro-escolar-de-canoa\/","og_locale":"es_ES","og_type":"article","og_title":"DIF Puebla Capital imparte pl\u00e1tica de Salud Mental a estudiantes del Centro Escolar de Canoa - The Puebla Times","og_description":"&#8211; El departamento de psicolog\u00eda hace un llamado a no normalizar el aislamiento, conductas depresivas o de ansiedad, y buscar apoyo con las personas de su entorno Puebla, Pue. \u2013 Comprometidos por la juventud poblana, y en el marco de la Semana de la Salud Mental la presidenta del Patronato del Sistema Municipal DIF (SMDIF)...","og_url":"https:\/\/thepueblatimes.mx\/index.php\/2025\/10\/08\/dif-puebla-capital-imparte-platica-de-salud-mental-a-estudiantes-del-centro-escolar-de-canoa\/","og_site_name":"The Puebla Times","article_published_time":"2025-10-08T17:27:03+00:00","og_image":[{"width":1280,"height":854,"url":"https:\/\/thepueblatimes.mx\/wp-content\/uploads\/2025\/10\/WhatsApp-Image-2025-10-07-at-21.26.01.jpeg","type":"image\/jpeg"}],"author":"Sa\u00fal Hern\u00e1ndez","twitter_card":"summary_large_image","twitter_misc":{"Escrito por":"Sa\u00fal Hern\u00e1ndez","Tiempo de lectura":"3 minutos"},"schema":{"@context":"https:\/\/schema.org","@graph":[{"@type":"WebPage","@id":"https:\/\/thepueblatimes.mx\/index.php\/2025\/10\/08\/dif-puebla-capital-imparte-platica-de-salud-mental-a-estudiantes-del-centro-escolar-de-canoa\/","url":"https:\/\/thepueblatimes.mx\/index.php\/2025\/10\/08\/dif-puebla-capital-imparte-platica-de-salud-mental-a-estudiantes-del-centro-escolar-de-canoa\/","name":"DIF Puebla Capital imparte pl\u00e1tica de Salud Mental a estudiantes del Centro Escolar de Canoa - The Puebla Times","isPartOf":{"@id":"https:\/\/thepueblatimes.mx\/#website"},"datePublished":"2025-10-08T17:27:03+00:00","dateModified":"2025-10-08T17:27:03+00:00","author":{"@id":"https:\/\/thepueblatimes.mx\/#\/schema\/person\/1664894c2f65ce2c7a08d8f5f905c13c"},"breadcrumb":{"@id":"https:\/\/thepueblatimes.mx\/index.php\/2025\/10\/08\/dif-puebla-capital-imparte-platica-de-salud-mental-a-estudiantes-del-centro-escolar-de-canoa\/#breadcrumb"},"inLanguage":"es","potentialAction":[{"@type":"ReadAction","target":["https:\/\/thepueblatimes.mx\/index.php\/2025\/10\/08\/dif-puebla-capital-imparte-platica-de-salud-mental-a-estudiantes-del-centro-escolar-de-canoa\/"]}]},{"@type":"BreadcrumbList","@id":"https:\/\/thepueblatimes.mx\/index.php\/2025\/10\/08\/dif-puebla-capital-imparte-platica-de-salud-mental-a-estudiantes-del-centro-escolar-de-canoa\/#breadcrumb","itemListElement":[{"@type":"ListItem","position":1,"name":"Portada","item":"https:\/\/thepueblatimes.mx\/"},{"@type":"ListItem","position":2,"name":"DIF Puebla Capital imparte pl\u00e1tica de Salud Mental a estudiantes del Centro Escolar de Canoa"}]},{"@type":"WebSite","@id":"https:\/\/thepueblatimes.mx\/#website","url":"https:\/\/thepueblatimes.mx\/","name":"The Puebla Times","description":"Noticias del Estado de Puebla","potentialAction":[{"@type":"SearchAction","target":{"@type":"EntryPoint","urlTemplate":"https:\/\/thepueblatimes.mx\/?s={search_term_string}"},"query-input":"required name=search_term_string"}],"inLanguage":"es"},{"@type":"Person","@id":"https:\/\/thepueblatimes.mx\/#\/schema\/person\/1664894c2f65ce2c7a08d8f5f905c13c","name":"Sa\u00fal Hern\u00e1ndez","image":{"@type":"ImageObject","inLanguage":"es","@id":"https:\/\/thepueblatimes.mx\/#\/schema\/person\/image\/","url":"https:\/\/secure.gravatar.com\/avatar\/11be338693f243309532caad8f10c930?s=96&d=mm&r=g","contentUrl":"https:\/\/secure.gravatar.com\/avatar\/11be338693f243309532caad8f10c930?s=96&d=mm&r=g","caption":"Sa\u00fal Hern\u00e1ndez"},"url":"https:\/\/thepueblatimes.mx\/index.php\/author\/saulhernandez\/"}]}},"jetpack_featured_media_url":"https:\/\/thepueblatimes.mx\/wp-content\/uploads\/2025\/10\/WhatsApp-Image-2025-10-07-at-21.26.01.jpeg","_links":{"self":[{"href":"https:\/\/thepueblatimes.mx\/index.php\/wp-json\/wp\/v2\/posts\/33548"}],"collection":[{"href":"https:\/\/thepueblatimes.mx\/index.php\/wp-json\/wp\/v2\/posts"}],"about":[{"href":"https:\/\/thepueblatimes.mx\/index.php\/wp-json\/wp\/v2\/types\/post"}],"author":[{"embeddable":true,"href":"https:\/\/thepueblatimes.mx\/index.php\/wp-json\/wp\/v2\/users\/16"}],"replies":[{"embeddable":true,"href":"https:\/\/thepueblatimes.mx\/index.php\/wp-json\/wp\/v2\/comments?post=33548"}],"version-history":[{"count":1,"href":"https:\/\/thepueblatimes.mx\/index.php\/wp-json\/wp\/v2\/posts\/33548\/revisions"}],"predecessor-version":[{"id":33550,"href":"https:\/\/thepueblatimes.mx\/index.php\/wp-json\/wp\/v2\/posts\/33548\/revisions\/33550"}],"wp:featuredmedia":[{"embeddable":true,"href":"https:\/\/thepueblatimes.mx\/index.php\/wp-json\/wp\/v2\/media\/33549"}],"wp:attachment":[{"href":"https:\/\/thepueblatimes.mx\/index.php\/wp-json\/wp\/v2\/media?parent=33548"}],"wp:term":[{"taxonomy":"category","embeddable":true,"href":"https:\/\/thepueblatimes.mx\/index.php\/wp-json\/wp\/v2\/categories?post=33548"},{"taxonomy":"post_tag","embeddable":true,"href":"https:\/\/thepueblatimes.mx\/index.php\/wp-json\/wp\/v2\/tags?post=33548"}],"curies":[{"name":"wp","href":"https:\/\/api.w.org\/{rel}","templated":true}]}}