{"id":33544,"date":"2025-10-08T11:25:09","date_gmt":"2025-10-08T17:25:09","guid":{"rendered":"https:\/\/thepueblatimes.mx\/?p=33544"},"modified":"2025-10-08T11:25:09","modified_gmt":"2025-10-08T17:25:09","slug":"en-puebla-la-transformacion-se-construye-en-las-calles-con-la-gente-laura-artemisa","status":"publish","type":"post","link":"https:\/\/thepueblatimes.mx\/index.php\/2025\/10\/08\/en-puebla-la-transformacion-se-construye-en-las-calles-con-la-gente-laura-artemisa\/","title":{"rendered":"En Puebla, la transformaci\u00f3n se construye en las calles, con la gente: Laura Artemisa"},"content":{"rendered":"<p><em>&#8211; Destaca la gesti\u00f3n de 35 obras comunitarias y m\u00e1s de mil audiencias ciudadanas <\/em><\/p>\n<p>&nbsp;<\/p>\n<p>&nbsp;<\/p>\n<p>Al rendir su Primer Informe de Actividades Legislativas como diputada local, la presidenta de la Junta de Gobierno y Coordinaci\u00f3n Pol\u00edtica del Congreso del Estado, Laura Artemisa Garc\u00eda Ch\u00e1vez, refrend\u00f3 su compromiso de trabajar por Puebla y la transformaci\u00f3n de la entidad, con la premisa de dar resultados de la mano de la gente. Esto, en presencia del secretario de Gobernaci\u00f3n, Samuel Aguilar Pala, representante personal del gobernador Alejandro Armenta.<\/p>\n<p>&nbsp;<\/p>\n<p>En el evento celebrado en la ciudad de Puebla, con la presencia de diputadas, diputados, presidentas y presidentes municipales, miembros del Gabinete Estatal, sindicatos, sociedad civil, empresarios, docentes, as\u00ed como la l\u00edder en Puebla de Morena, Olga Luc\u00eda Romero Garci Crespo e integrantes del Comit\u00e9 Estatal de ese instituto pol\u00edtico, Laura Artemisa Garc\u00eda resalt\u00f3 la productividad que ha registrado la LXII Legislatura, as\u00ed como las acciones realizadas en lo individual.<\/p>\n<p>&nbsp;<\/p>\n<p>\u201cComo su diputada, pero, sobre todo, como poblana, les refrendo mi total compromiso de seguir trabajando por Puebla, porque la transformaci\u00f3n no s\u00f3lo se construye en el Congreso, se hace en las calles, en las escuelas, en los hogares, se construye con mujeres con visi\u00f3n, con firmeza y con sensibilidad. Por eso y sin temor a equivocarme, les digo que, si bien el liderazgo no tiene g\u00e9nero, hoy m\u00e1s que nunca tiene rostro de mujer\u201d, indic\u00f3.<\/p>\n<p>&nbsp;<\/p>\n<p>Expuso que, como legisladora gestion\u00f3 35 obras comunitarias para la ciudad de Puebla, con las que se benefici\u00f3 a habitantes de las 17 juntas auxiliares con acciones de bacheo, rehabilitaci\u00f3n de parques y \u00e1reas verdes, alumbrado p\u00fablico, construcci\u00f3n y mantenimiento de canchas deportivas y salones sociales p\u00fablicos, conclusiones de drenaje, intervenci\u00f3n de banquetas y guarniciones, as\u00ed como adoquinamiento.<\/p>\n<p>&nbsp;<\/p>\n<p>Laura Artemisa expuso que atendi\u00f3 de manera directa mil 301 audiencias ciudadanas en las oficinas del Congreso y en su Casa de Gesti\u00f3n, donde se otorg\u00f3 asesor\u00eda jur\u00eddica, en materia de violencia de g\u00e9nero, gestiones m\u00e9dicas y diversos talleres.<\/p>\n<p>&nbsp;<\/p>\n<p>Tambi\u00e9n, en materia de gesti\u00f3n, destac\u00f3 los trabajos de bacheo, llevar a cabo mejoras en escuelas y Centros Escolares, la entrega de lentes, jornadas de salud, entre otras acciones en favor de mujeres y j\u00f3venes.<\/p>\n<p>&nbsp;<\/p>\n<p>Respecto al trabajo legislativo, detall\u00f3 que le han sido aprobadas 14 de sus iniciativas, entre las que destacan las reformas para prohibir la reelecci\u00f3n y el nepotismo electoral, as\u00ed como las modificaciones para que las violaciones cometidas por c\u00f3nyuges se persigan de oficio y sean sancionadas con c\u00e1rcel.<\/p>\n<p>&nbsp;<\/p>\n<p>Resalt\u00f3 que, como maestra por casi 30 a\u00f1os, propuso la ampliaci\u00f3n de la entrega de la medalla Juan C. Bonilla a los docentes del nivel inicial y de educaci\u00f3n ind\u00edgena, lo que, sumado a la entrega a los niveles preescolar, primaria, secundaria y bachillerato, y de la educaci\u00f3n especial y f\u00edsica, complementa el reconocimiento a este sector tan relevante para el Estado y su desarrollo.<\/p>\n<p>&nbsp;<\/p>\n<p>Durante su mensaje, el titular de la Secretar\u00eda de Gobernaci\u00f3n, Samuel Aguilar Pala, resalt\u00f3 que el gobernador Alejandro Armenta tiene la voluntad y el compromiso de trabajar en conjunto con las y los diputados, por esta raz\u00f3n se lleva a cabo el programa de obra comunitaria, para que los y las legisladoras puedan dar respuesta a las demandas de sus representados.<\/p>\n","protected":false},"excerpt":{"rendered":"<p>&#8211; Destaca la gesti\u00f3n de 35 obras comunitarias y m\u00e1s de mil audiencias ciudadanas &nbsp; &nbsp; Al rendir su Primer Informe de Actividades Legislativas como diputada local, la presidenta de la Junta de Gobierno y Coordinaci\u00f3n Pol\u00edtica del Congreso del Estado, Laura Artemisa Garc\u00eda Ch\u00e1vez, refrend\u00f3 su compromiso de trabajar por Puebla y la transformaci\u00f3n&#8230;<\/p>\n","protected":false},"author":16,"featured_media":33545,"comment_status":"closed","ping_status":"closed","sticky":false,"template":"","format":"standard","meta":[],"categories":[3],"tags":[1480,1271],"yoast_head":"<!-- This site is optimized with the Yoast SEO plugin v20.8 - https:\/\/yoast.com\/wordpress\/plugins\/seo\/ -->\n<title>En Puebla, la transformaci\u00f3n se construye en las calles, con la gente: Laura Artemisa - The Puebla Times<\/title>\n<meta name=\"robots\" content=\"index, follow, max-snippet:-1, max-image-preview:large, max-video-preview:-1\" \/>\n<link rel=\"canonical\" href=\"https:\/\/thepueblatimes.mx\/index.php\/2025\/10\/08\/en-puebla-la-transformacion-se-construye-en-las-calles-con-la-gente-laura-artemisa\/\" \/>\n<meta property=\"og:locale\" content=\"es_ES\" \/>\n<meta property=\"og:type\" content=\"article\" \/>\n<meta property=\"og:title\" content=\"En Puebla, la transformaci\u00f3n se construye en las calles, con la gente: Laura Artemisa - The Puebla Times\" \/>\n<meta property=\"og:description\" content=\"&#8211; Destaca la gesti\u00f3n de 35 obras comunitarias y m\u00e1s de mil audiencias ciudadanas &nbsp; &nbsp; Al rendir su Primer Informe de Actividades Legislativas como diputada local, la presidenta de la Junta de Gobierno y Coordinaci\u00f3n Pol\u00edtica del Congreso del Estado, Laura Artemisa Garc\u00eda Ch\u00e1vez, refrend\u00f3 su compromiso de trabajar por Puebla y la transformaci\u00f3n...\" \/>\n<meta property=\"og:url\" content=\"https:\/\/thepueblatimes.mx\/index.php\/2025\/10\/08\/en-puebla-la-transformacion-se-construye-en-las-calles-con-la-gente-laura-artemisa\/\" \/>\n<meta property=\"og:site_name\" content=\"The Puebla Times\" \/>\n<meta property=\"article:published_time\" content=\"2025-10-08T17:25:09+00:00\" \/>\n<meta property=\"og:image\" content=\"https:\/\/thepueblatimes.mx\/wp-content\/uploads\/2025\/10\/WhatsApp-Image-2025-10-07-at-19.34.57-1-scaled.jpeg\" \/>\n\t<meta property=\"og:image:width\" content=\"2560\" \/>\n\t<meta property=\"og:image:height\" content=\"1513\" \/>\n\t<meta property=\"og:image:type\" content=\"image\/jpeg\" \/>\n<meta name=\"author\" content=\"Sa\u00fal Hern\u00e1ndez\" \/>\n<meta name=\"twitter:card\" content=\"summary_large_image\" \/>\n<meta name=\"twitter:label1\" content=\"Escrito por\" \/>\n\t<meta name=\"twitter:data1\" content=\"Sa\u00fal Hern\u00e1ndez\" \/>\n\t<meta name=\"twitter:label2\" content=\"Tiempo de lectura\" \/>\n\t<meta name=\"twitter:data2\" content=\"3 minutos\" \/>\n<script type=\"application\/ld+json\" class=\"yoast-schema-graph\">{\"@context\":\"https:\/\/schema.org\",\"@graph\":[{\"@type\":\"WebPage\",\"@id\":\"https:\/\/thepueblatimes.mx\/index.php\/2025\/10\/08\/en-puebla-la-transformacion-se-construye-en-las-calles-con-la-gente-laura-artemisa\/\",\"url\":\"https:\/\/thepueblatimes.mx\/index.php\/2025\/10\/08\/en-puebla-la-transformacion-se-construye-en-las-calles-con-la-gente-laura-artemisa\/\",\"name\":\"En Puebla, la transformaci\u00f3n se construye en las calles, con la gente: Laura Artemisa - The Puebla Times\",\"isPartOf\":{\"@id\":\"https:\/\/thepueblatimes.mx\/#website\"},\"datePublished\":\"2025-10-08T17:25:09+00:00\",\"dateModified\":\"2025-10-08T17:25:09+00:00\",\"author\":{\"@id\":\"https:\/\/thepueblatimes.mx\/#\/schema\/person\/1664894c2f65ce2c7a08d8f5f905c13c\"},\"breadcrumb\":{\"@id\":\"https:\/\/thepueblatimes.mx\/index.php\/2025\/10\/08\/en-puebla-la-transformacion-se-construye-en-las-calles-con-la-gente-laura-artemisa\/#breadcrumb\"},\"inLanguage\":\"es\",\"potentialAction\":[{\"@type\":\"ReadAction\",\"target\":[\"https:\/\/thepueblatimes.mx\/index.php\/2025\/10\/08\/en-puebla-la-transformacion-se-construye-en-las-calles-con-la-gente-laura-artemisa\/\"]}]},{\"@type\":\"BreadcrumbList\",\"@id\":\"https:\/\/thepueblatimes.mx\/index.php\/2025\/10\/08\/en-puebla-la-transformacion-se-construye-en-las-calles-con-la-gente-laura-artemisa\/#breadcrumb\",\"itemListElement\":[{\"@type\":\"ListItem\",\"position\":1,\"name\":\"Portada\",\"item\":\"https:\/\/thepueblatimes.mx\/\"},{\"@type\":\"ListItem\",\"position\":2,\"name\":\"En Puebla, la transformaci\u00f3n se construye en las calles, con la gente: Laura Artemisa\"}]},{\"@type\":\"WebSite\",\"@id\":\"https:\/\/thepueblatimes.mx\/#website\",\"url\":\"https:\/\/thepueblatimes.mx\/\",\"name\":\"The Puebla Times\",\"description\":\"Noticias del Estado de Puebla\",\"potentialAction\":[{\"@type\":\"SearchAction\",\"target\":{\"@type\":\"EntryPoint\",\"urlTemplate\":\"https:\/\/thepueblatimes.mx\/?s={search_term_string}\"},\"query-input\":\"required name=search_term_string\"}],\"inLanguage\":\"es\"},{\"@type\":\"Person\",\"@id\":\"https:\/\/thepueblatimes.mx\/#\/schema\/person\/1664894c2f65ce2c7a08d8f5f905c13c\",\"name\":\"Sa\u00fal Hern\u00e1ndez\",\"image\":{\"@type\":\"ImageObject\",\"inLanguage\":\"es\",\"@id\":\"https:\/\/thepueblatimes.mx\/#\/schema\/person\/image\/\",\"url\":\"https:\/\/secure.gravatar.com\/avatar\/11be338693f243309532caad8f10c930?s=96&d=mm&r=g\",\"contentUrl\":\"https:\/\/secure.gravatar.com\/avatar\/11be338693f243309532caad8f10c930?s=96&d=mm&r=g\",\"caption\":\"Sa\u00fal Hern\u00e1ndez\"},\"url\":\"https:\/\/thepueblatimes.mx\/index.php\/author\/saulhernandez\/\"}]}<\/script>\n<!-- \/ Yoast SEO plugin. -->","yoast_head_json":{"title":"En Puebla, la transformaci\u00f3n se construye en las calles, con la gente: Laura Artemisa - The Puebla Times","robots":{"index":"index","follow":"follow","max-snippet":"max-snippet:-1","max-image-preview":"max-image-preview:large","max-video-preview":"max-video-preview:-1"},"canonical":"https:\/\/thepueblatimes.mx\/index.php\/2025\/10\/08\/en-puebla-la-transformacion-se-construye-en-las-calles-con-la-gente-laura-artemisa\/","og_locale":"es_ES","og_type":"article","og_title":"En Puebla, la transformaci\u00f3n se construye en las calles, con la gente: Laura Artemisa - The Puebla Times","og_description":"&#8211; Destaca la gesti\u00f3n de 35 obras comunitarias y m\u00e1s de mil audiencias ciudadanas &nbsp; &nbsp; Al rendir su Primer Informe de Actividades Legislativas como diputada local, la presidenta de la Junta de Gobierno y Coordinaci\u00f3n Pol\u00edtica del Congreso del Estado, Laura Artemisa Garc\u00eda Ch\u00e1vez, refrend\u00f3 su compromiso de trabajar por Puebla y la transformaci\u00f3n...","og_url":"https:\/\/thepueblatimes.mx\/index.php\/2025\/10\/08\/en-puebla-la-transformacion-se-construye-en-las-calles-con-la-gente-laura-artemisa\/","og_site_name":"The Puebla Times","article_published_time":"2025-10-08T17:25:09+00:00","og_image":[{"width":2560,"height":1513,"url":"https:\/\/thepueblatimes.mx\/wp-content\/uploads\/2025\/10\/WhatsApp-Image-2025-10-07-at-19.34.57-1-scaled.jpeg","type":"image\/jpeg"}],"author":"Sa\u00fal Hern\u00e1ndez","twitter_card":"summary_large_image","twitter_misc":{"Escrito por":"Sa\u00fal Hern\u00e1ndez","Tiempo de lectura":"3 minutos"},"schema":{"@context":"https:\/\/schema.org","@graph":[{"@type":"WebPage","@id":"https:\/\/thepueblatimes.mx\/index.php\/2025\/10\/08\/en-puebla-la-transformacion-se-construye-en-las-calles-con-la-gente-laura-artemisa\/","url":"https:\/\/thepueblatimes.mx\/index.php\/2025\/10\/08\/en-puebla-la-transformacion-se-construye-en-las-calles-con-la-gente-laura-artemisa\/","name":"En Puebla, la transformaci\u00f3n se construye en las calles, con la gente: Laura Artemisa - The Puebla Times","isPartOf":{"@id":"https:\/\/thepueblatimes.mx\/#website"},"datePublished":"2025-10-08T17:25:09+00:00","dateModified":"2025-10-08T17:25:09+00:00","author":{"@id":"https:\/\/thepueblatimes.mx\/#\/schema\/person\/1664894c2f65ce2c7a08d8f5f905c13c"},"breadcrumb":{"@id":"https:\/\/thepueblatimes.mx\/index.php\/2025\/10\/08\/en-puebla-la-transformacion-se-construye-en-las-calles-con-la-gente-laura-artemisa\/#breadcrumb"},"inLanguage":"es","potentialAction":[{"@type":"ReadAction","target":["https:\/\/thepueblatimes.mx\/index.php\/2025\/10\/08\/en-puebla-la-transformacion-se-construye-en-las-calles-con-la-gente-laura-artemisa\/"]}]},{"@type":"BreadcrumbList","@id":"https:\/\/thepueblatimes.mx\/index.php\/2025\/10\/08\/en-puebla-la-transformacion-se-construye-en-las-calles-con-la-gente-laura-artemisa\/#breadcrumb","itemListElement":[{"@type":"ListItem","position":1,"name":"Portada","item":"https:\/\/thepueblatimes.mx\/"},{"@type":"ListItem","position":2,"name":"En Puebla, la transformaci\u00f3n se construye en las calles, con la gente: Laura Artemisa"}]},{"@type":"WebSite","@id":"https:\/\/thepueblatimes.mx\/#website","url":"https:\/\/thepueblatimes.mx\/","name":"The Puebla Times","description":"Noticias del Estado de Puebla","potentialAction":[{"@type":"SearchAction","target":{"@type":"EntryPoint","urlTemplate":"https:\/\/thepueblatimes.mx\/?s={search_term_string}"},"query-input":"required name=search_term_string"}],"inLanguage":"es"},{"@type":"Person","@id":"https:\/\/thepueblatimes.mx\/#\/schema\/person\/1664894c2f65ce2c7a08d8f5f905c13c","name":"Sa\u00fal Hern\u00e1ndez","image":{"@type":"ImageObject","inLanguage":"es","@id":"https:\/\/thepueblatimes.mx\/#\/schema\/person\/image\/","url":"https:\/\/secure.gravatar.com\/avatar\/11be338693f243309532caad8f10c930?s=96&d=mm&r=g","contentUrl":"https:\/\/secure.gravatar.com\/avatar\/11be338693f243309532caad8f10c930?s=96&d=mm&r=g","caption":"Sa\u00fal Hern\u00e1ndez"},"url":"https:\/\/thepueblatimes.mx\/index.php\/author\/saulhernandez\/"}]}},"jetpack_featured_media_url":"https:\/\/thepueblatimes.mx\/wp-content\/uploads\/2025\/10\/WhatsApp-Image-2025-10-07-at-19.34.57-1-scaled.jpeg","_links":{"self":[{"href":"https:\/\/thepueblatimes.mx\/index.php\/wp-json\/wp\/v2\/posts\/33544"}],"collection":[{"href":"https:\/\/thepueblatimes.mx\/index.php\/wp-json\/wp\/v2\/posts"}],"about":[{"href":"https:\/\/thepueblatimes.mx\/index.php\/wp-json\/wp\/v2\/types\/post"}],"author":[{"embeddable":true,"href":"https:\/\/thepueblatimes.mx\/index.php\/wp-json\/wp\/v2\/users\/16"}],"replies":[{"embeddable":true,"href":"https:\/\/thepueblatimes.mx\/index.php\/wp-json\/wp\/v2\/comments?post=33544"}],"version-history":[{"count":2,"href":"https:\/\/thepueblatimes.mx\/index.php\/wp-json\/wp\/v2\/posts\/33544\/revisions"}],"predecessor-version":[{"id":33547,"href":"https:\/\/thepueblatimes.mx\/index.php\/wp-json\/wp\/v2\/posts\/33544\/revisions\/33547"}],"wp:featuredmedia":[{"embeddable":true,"href":"https:\/\/thepueblatimes.mx\/index.php\/wp-json\/wp\/v2\/media\/33545"}],"wp:attachment":[{"href":"https:\/\/thepueblatimes.mx\/index.php\/wp-json\/wp\/v2\/media?parent=33544"}],"wp:term":[{"taxonomy":"category","embeddable":true,"href":"https:\/\/thepueblatimes.mx\/index.php\/wp-json\/wp\/v2\/categories?post=33544"},{"taxonomy":"post_tag","embeddable":true,"href":"https:\/\/thepueblatimes.mx\/index.php\/wp-json\/wp\/v2\/tags?post=33544"}],"curies":[{"name":"wp","href":"https:\/\/api.w.org\/{rel}","templated":true}]}}