{"id":33520,"date":"2025-10-06T18:00:39","date_gmt":"2025-10-07T00:00:39","guid":{"rendered":"https:\/\/thepueblatimes.mx\/?p=33520"},"modified":"2025-10-06T18:00:39","modified_gmt":"2025-10-07T00:00:39","slug":"sedif-realiza-tercer-consejo-tecnico-de-adopciones-2025","status":"publish","type":"post","link":"https:\/\/thepueblatimes.mx\/index.php\/2025\/10\/06\/sedif-realiza-tercer-consejo-tecnico-de-adopciones-2025\/","title":{"rendered":"SEDIF realiza Tercer Consejo T\u00e9cnico de Adopciones 2025"},"content":{"rendered":"<h3><em>-Ceci Arellano invita a adoptar y as\u00ed, escribir una historia de amor, estabilidad y esperanza para la ni\u00f1ez de casas de asistencia.<\/em><\/h3>\n<h3><em>-El organismo mantiene su compromiso con procesos seguros, jur\u00eddicos y transparentes en favor del inter\u00e9s superior de la ni\u00f1ez poblana.<\/em><\/h3>\n<p>&nbsp;<\/p>\n<p>CIUDAD DE PUEBLA, Pue.- Con la finalidad de garantizar procesos de adopci\u00f3n seguros, jur\u00eddicos y transparentes, el Sistema Estatal para el Desarrollo Integral de la Familia (SEDIF) celebr\u00f3 el Tercer Consejo T\u00e9cnico de Adopciones del a\u00f1o 2025, en el que participaron representantes de diversas instituciones que integran este \u00f3rgano colegiado.<\/p>\n<p>&nbsp;<\/p>\n<p>La presidenta del patronato del SEDIF, Ceci Arellano, invita a aquellas personas que deseen adoptar a ni\u00f1as, ni\u00f1os y adolescentes, bajo resguardo de las casas de asistencia, que lo hagan con responsabilidad y sabedores de que cambiar\u00e1n la vida de un ser humano, que en lo \u00fanico que sue\u00f1a, es tener una familia. \u201cJuntos, instituciones y sociedad, hagamos que cada adopci\u00f3n represente la oportunidad de escribir una nueva historia llena de amor, estabilidad y esperanza. En el SEDIF trabajamos todos los d\u00edas para que los procesos se realicen con total transparencia y con el coraz\u00f3n puesto en el bienestar de nuestras ni\u00f1as, ni\u00f1os y adolescentes\u201d, afirm\u00f3.<\/p>\n<p>&nbsp;<\/p>\n<p>Como resultado de un trabajo conjunto entre la Procuradur\u00eda de Protecci\u00f3n de los Derechos de Ni\u00f1as, Ni\u00f1os y Adolescentes, las coordinaciones de las casas de asistencia social y la Direcci\u00f3n de Asistencia M\u00e9dico Social, se solicit\u00f3 al grupo colegiado del consejo t\u00e9cnico de adopciones, la autorizaci\u00f3n del an\u00e1lisis de tres posibles asignaciones de adopci\u00f3n. Estas corresponden a tres menores susceptibles de adopci\u00f3n, cuyas familias fueron seleccionadas tras un riguroso an\u00e1lisis de compatibilidad y bienestar.<\/p>\n<p>&nbsp;<\/p>\n<p>El Consejo cont\u00f3 con la presencia de representantes del Poder Judicial del Estado, la Fiscal\u00eda General del Estado, la Secretar\u00eda Anticorrupci\u00f3n y Buen Gobierno, as\u00ed como del director general del SEDIF, el Procurador de Protecci\u00f3n de los Derechos de Ni\u00f1as, Ni\u00f1os y Adolescentes, directores y jefes de Departamento, adem\u00e1s de coordinadoras de las casas de asistencia social del organismo.<\/p>\n<p>&nbsp;<\/p>\n<p>Algunos de los avances que el SEDIF registra a la fecha sobre adopciones son los siguientes: 14 adopciones concluidas en el a\u00f1o; 24 ni\u00f1as, ni\u00f1os y adolescentes liberados jur\u00eddicamente y susceptibles de adopci\u00f3n y 25 familias en lista de espera que buscan brindar un hogar a quienes m\u00e1s lo necesitan.<\/p>\n<p>&nbsp;<\/p>\n<p>El Consejo T\u00e9cnico de Adopciones reafirma su compromiso de actuar siempre en favor del inter\u00e9s superior de ni\u00f1as, ni\u00f1os y adolescentes, al asegurar que cada proceso sea llevado con la mayor sensibilidad, profesionalismo y transparencia, y fortalecer as\u00ed, la protecci\u00f3n integral de la infancia poblana.<\/p>\n<p>&nbsp;<\/p>\n<p>Francisco Escorcia, padre adoptivo, invita a todas aquellas personas que tengan el deseo de brindar un hogar a una ni\u00f1a, ni\u00f1o o adolescente, a acercarse al Sistema Estatal DIF para solicitar informaci\u00f3n y recibir orientaci\u00f3n. Destac\u00f3 que \u201cel proceso no es complicado, es justo, transparente y con el acompa\u00f1amiento adecuado, puede transformar la vida de muchas personas\u201d.<\/p>\n","protected":false},"excerpt":{"rendered":"<p>-Ceci Arellano invita a adoptar y as\u00ed, escribir una historia de amor, estabilidad y esperanza para la ni\u00f1ez de casas de asistencia. -El organismo mantiene su compromiso con procesos seguros, jur\u00eddicos y transparentes en favor del inter\u00e9s superior de la ni\u00f1ez poblana. &nbsp; CIUDAD DE PUEBLA, Pue.- Con la finalidad de garantizar procesos de adopci\u00f3n&#8230;<\/p>\n","protected":false},"author":16,"featured_media":33521,"comment_status":"closed","ping_status":"closed","sticky":false,"template":"","format":"standard","meta":[],"categories":[3],"tags":[1523,1273,1341],"yoast_head":"<!-- This site is optimized with the Yoast SEO plugin v20.8 - https:\/\/yoast.com\/wordpress\/plugins\/seo\/ -->\n<title>SEDIF realiza Tercer Consejo T\u00e9cnico de Adopciones 2025 - The Puebla Times<\/title>\n<meta name=\"robots\" content=\"index, follow, max-snippet:-1, max-image-preview:large, max-video-preview:-1\" \/>\n<link rel=\"canonical\" href=\"https:\/\/thepueblatimes.mx\/index.php\/2025\/10\/06\/sedif-realiza-tercer-consejo-tecnico-de-adopciones-2025\/\" \/>\n<meta property=\"og:locale\" content=\"es_ES\" \/>\n<meta property=\"og:type\" content=\"article\" \/>\n<meta property=\"og:title\" content=\"SEDIF realiza Tercer Consejo T\u00e9cnico de Adopciones 2025 - The Puebla Times\" \/>\n<meta property=\"og:description\" content=\"-Ceci Arellano invita a adoptar y as\u00ed, escribir una historia de amor, estabilidad y esperanza para la ni\u00f1ez de casas de asistencia. -El organismo mantiene su compromiso con procesos seguros, jur\u00eddicos y transparentes en favor del inter\u00e9s superior de la ni\u00f1ez poblana. &nbsp; CIUDAD DE PUEBLA, Pue.- Con la finalidad de garantizar procesos de adopci\u00f3n...\" \/>\n<meta property=\"og:url\" content=\"https:\/\/thepueblatimes.mx\/index.php\/2025\/10\/06\/sedif-realiza-tercer-consejo-tecnico-de-adopciones-2025\/\" \/>\n<meta property=\"og:site_name\" content=\"The Puebla Times\" \/>\n<meta property=\"article:published_time\" content=\"2025-10-07T00:00:39+00:00\" \/>\n<meta property=\"og:image\" content=\"https:\/\/thepueblatimes.mx\/wp-content\/uploads\/2025\/10\/WhatsApp-Image-2025-10-06-at-17.21.39-1.jpeg\" \/>\n\t<meta property=\"og:image:width\" content=\"1280\" \/>\n\t<meta property=\"og:image:height\" content=\"720\" \/>\n\t<meta property=\"og:image:type\" content=\"image\/jpeg\" \/>\n<meta name=\"author\" content=\"Sa\u00fal Hern\u00e1ndez\" \/>\n<meta name=\"twitter:card\" content=\"summary_large_image\" \/>\n<meta name=\"twitter:label1\" content=\"Escrito por\" \/>\n\t<meta name=\"twitter:data1\" content=\"Sa\u00fal Hern\u00e1ndez\" \/>\n\t<meta name=\"twitter:label2\" content=\"Tiempo de lectura\" \/>\n\t<meta name=\"twitter:data2\" content=\"3 minutos\" \/>\n<script type=\"application\/ld+json\" class=\"yoast-schema-graph\">{\"@context\":\"https:\/\/schema.org\",\"@graph\":[{\"@type\":\"WebPage\",\"@id\":\"https:\/\/thepueblatimes.mx\/index.php\/2025\/10\/06\/sedif-realiza-tercer-consejo-tecnico-de-adopciones-2025\/\",\"url\":\"https:\/\/thepueblatimes.mx\/index.php\/2025\/10\/06\/sedif-realiza-tercer-consejo-tecnico-de-adopciones-2025\/\",\"name\":\"SEDIF realiza Tercer Consejo T\u00e9cnico de Adopciones 2025 - The Puebla Times\",\"isPartOf\":{\"@id\":\"https:\/\/thepueblatimes.mx\/#website\"},\"datePublished\":\"2025-10-07T00:00:39+00:00\",\"dateModified\":\"2025-10-07T00:00:39+00:00\",\"author\":{\"@id\":\"https:\/\/thepueblatimes.mx\/#\/schema\/person\/1664894c2f65ce2c7a08d8f5f905c13c\"},\"breadcrumb\":{\"@id\":\"https:\/\/thepueblatimes.mx\/index.php\/2025\/10\/06\/sedif-realiza-tercer-consejo-tecnico-de-adopciones-2025\/#breadcrumb\"},\"inLanguage\":\"es\",\"potentialAction\":[{\"@type\":\"ReadAction\",\"target\":[\"https:\/\/thepueblatimes.mx\/index.php\/2025\/10\/06\/sedif-realiza-tercer-consejo-tecnico-de-adopciones-2025\/\"]}]},{\"@type\":\"BreadcrumbList\",\"@id\":\"https:\/\/thepueblatimes.mx\/index.php\/2025\/10\/06\/sedif-realiza-tercer-consejo-tecnico-de-adopciones-2025\/#breadcrumb\",\"itemListElement\":[{\"@type\":\"ListItem\",\"position\":1,\"name\":\"Portada\",\"item\":\"https:\/\/thepueblatimes.mx\/\"},{\"@type\":\"ListItem\",\"position\":2,\"name\":\"SEDIF realiza Tercer Consejo T\u00e9cnico de Adopciones 2025\"}]},{\"@type\":\"WebSite\",\"@id\":\"https:\/\/thepueblatimes.mx\/#website\",\"url\":\"https:\/\/thepueblatimes.mx\/\",\"name\":\"The Puebla Times\",\"description\":\"Noticias del Estado de Puebla\",\"potentialAction\":[{\"@type\":\"SearchAction\",\"target\":{\"@type\":\"EntryPoint\",\"urlTemplate\":\"https:\/\/thepueblatimes.mx\/?s={search_term_string}\"},\"query-input\":\"required name=search_term_string\"}],\"inLanguage\":\"es\"},{\"@type\":\"Person\",\"@id\":\"https:\/\/thepueblatimes.mx\/#\/schema\/person\/1664894c2f65ce2c7a08d8f5f905c13c\",\"name\":\"Sa\u00fal Hern\u00e1ndez\",\"image\":{\"@type\":\"ImageObject\",\"inLanguage\":\"es\",\"@id\":\"https:\/\/thepueblatimes.mx\/#\/schema\/person\/image\/\",\"url\":\"https:\/\/secure.gravatar.com\/avatar\/11be338693f243309532caad8f10c930?s=96&d=mm&r=g\",\"contentUrl\":\"https:\/\/secure.gravatar.com\/avatar\/11be338693f243309532caad8f10c930?s=96&d=mm&r=g\",\"caption\":\"Sa\u00fal Hern\u00e1ndez\"},\"url\":\"https:\/\/thepueblatimes.mx\/index.php\/author\/saulhernandez\/\"}]}<\/script>\n<!-- \/ Yoast SEO plugin. -->","yoast_head_json":{"title":"SEDIF realiza Tercer Consejo T\u00e9cnico de Adopciones 2025 - The Puebla Times","robots":{"index":"index","follow":"follow","max-snippet":"max-snippet:-1","max-image-preview":"max-image-preview:large","max-video-preview":"max-video-preview:-1"},"canonical":"https:\/\/thepueblatimes.mx\/index.php\/2025\/10\/06\/sedif-realiza-tercer-consejo-tecnico-de-adopciones-2025\/","og_locale":"es_ES","og_type":"article","og_title":"SEDIF realiza Tercer Consejo T\u00e9cnico de Adopciones 2025 - The Puebla Times","og_description":"-Ceci Arellano invita a adoptar y as\u00ed, escribir una historia de amor, estabilidad y esperanza para la ni\u00f1ez de casas de asistencia. -El organismo mantiene su compromiso con procesos seguros, jur\u00eddicos y transparentes en favor del inter\u00e9s superior de la ni\u00f1ez poblana. &nbsp; CIUDAD DE PUEBLA, Pue.- Con la finalidad de garantizar procesos de adopci\u00f3n...","og_url":"https:\/\/thepueblatimes.mx\/index.php\/2025\/10\/06\/sedif-realiza-tercer-consejo-tecnico-de-adopciones-2025\/","og_site_name":"The Puebla Times","article_published_time":"2025-10-07T00:00:39+00:00","og_image":[{"width":1280,"height":720,"url":"https:\/\/thepueblatimes.mx\/wp-content\/uploads\/2025\/10\/WhatsApp-Image-2025-10-06-at-17.21.39-1.jpeg","type":"image\/jpeg"}],"author":"Sa\u00fal Hern\u00e1ndez","twitter_card":"summary_large_image","twitter_misc":{"Escrito por":"Sa\u00fal Hern\u00e1ndez","Tiempo de lectura":"3 minutos"},"schema":{"@context":"https:\/\/schema.org","@graph":[{"@type":"WebPage","@id":"https:\/\/thepueblatimes.mx\/index.php\/2025\/10\/06\/sedif-realiza-tercer-consejo-tecnico-de-adopciones-2025\/","url":"https:\/\/thepueblatimes.mx\/index.php\/2025\/10\/06\/sedif-realiza-tercer-consejo-tecnico-de-adopciones-2025\/","name":"SEDIF realiza Tercer Consejo T\u00e9cnico de Adopciones 2025 - The Puebla Times","isPartOf":{"@id":"https:\/\/thepueblatimes.mx\/#website"},"datePublished":"2025-10-07T00:00:39+00:00","dateModified":"2025-10-07T00:00:39+00:00","author":{"@id":"https:\/\/thepueblatimes.mx\/#\/schema\/person\/1664894c2f65ce2c7a08d8f5f905c13c"},"breadcrumb":{"@id":"https:\/\/thepueblatimes.mx\/index.php\/2025\/10\/06\/sedif-realiza-tercer-consejo-tecnico-de-adopciones-2025\/#breadcrumb"},"inLanguage":"es","potentialAction":[{"@type":"ReadAction","target":["https:\/\/thepueblatimes.mx\/index.php\/2025\/10\/06\/sedif-realiza-tercer-consejo-tecnico-de-adopciones-2025\/"]}]},{"@type":"BreadcrumbList","@id":"https:\/\/thepueblatimes.mx\/index.php\/2025\/10\/06\/sedif-realiza-tercer-consejo-tecnico-de-adopciones-2025\/#breadcrumb","itemListElement":[{"@type":"ListItem","position":1,"name":"Portada","item":"https:\/\/thepueblatimes.mx\/"},{"@type":"ListItem","position":2,"name":"SEDIF realiza Tercer Consejo T\u00e9cnico de Adopciones 2025"}]},{"@type":"WebSite","@id":"https:\/\/thepueblatimes.mx\/#website","url":"https:\/\/thepueblatimes.mx\/","name":"The Puebla Times","description":"Noticias del Estado de Puebla","potentialAction":[{"@type":"SearchAction","target":{"@type":"EntryPoint","urlTemplate":"https:\/\/thepueblatimes.mx\/?s={search_term_string}"},"query-input":"required name=search_term_string"}],"inLanguage":"es"},{"@type":"Person","@id":"https:\/\/thepueblatimes.mx\/#\/schema\/person\/1664894c2f65ce2c7a08d8f5f905c13c","name":"Sa\u00fal Hern\u00e1ndez","image":{"@type":"ImageObject","inLanguage":"es","@id":"https:\/\/thepueblatimes.mx\/#\/schema\/person\/image\/","url":"https:\/\/secure.gravatar.com\/avatar\/11be338693f243309532caad8f10c930?s=96&d=mm&r=g","contentUrl":"https:\/\/secure.gravatar.com\/avatar\/11be338693f243309532caad8f10c930?s=96&d=mm&r=g","caption":"Sa\u00fal Hern\u00e1ndez"},"url":"https:\/\/thepueblatimes.mx\/index.php\/author\/saulhernandez\/"}]}},"jetpack_featured_media_url":"https:\/\/thepueblatimes.mx\/wp-content\/uploads\/2025\/10\/WhatsApp-Image-2025-10-06-at-17.21.39-1.jpeg","_links":{"self":[{"href":"https:\/\/thepueblatimes.mx\/index.php\/wp-json\/wp\/v2\/posts\/33520"}],"collection":[{"href":"https:\/\/thepueblatimes.mx\/index.php\/wp-json\/wp\/v2\/posts"}],"about":[{"href":"https:\/\/thepueblatimes.mx\/index.php\/wp-json\/wp\/v2\/types\/post"}],"author":[{"embeddable":true,"href":"https:\/\/thepueblatimes.mx\/index.php\/wp-json\/wp\/v2\/users\/16"}],"replies":[{"embeddable":true,"href":"https:\/\/thepueblatimes.mx\/index.php\/wp-json\/wp\/v2\/comments?post=33520"}],"version-history":[{"count":1,"href":"https:\/\/thepueblatimes.mx\/index.php\/wp-json\/wp\/v2\/posts\/33520\/revisions"}],"predecessor-version":[{"id":33522,"href":"https:\/\/thepueblatimes.mx\/index.php\/wp-json\/wp\/v2\/posts\/33520\/revisions\/33522"}],"wp:featuredmedia":[{"embeddable":true,"href":"https:\/\/thepueblatimes.mx\/index.php\/wp-json\/wp\/v2\/media\/33521"}],"wp:attachment":[{"href":"https:\/\/thepueblatimes.mx\/index.php\/wp-json\/wp\/v2\/media?parent=33520"}],"wp:term":[{"taxonomy":"category","embeddable":true,"href":"https:\/\/thepueblatimes.mx\/index.php\/wp-json\/wp\/v2\/categories?post=33520"},{"taxonomy":"post_tag","embeddable":true,"href":"https:\/\/thepueblatimes.mx\/index.php\/wp-json\/wp\/v2\/tags?post=33520"}],"curies":[{"name":"wp","href":"https:\/\/api.w.org\/{rel}","templated":true}]}}