{"id":33499,"date":"2025-10-04T11:33:17","date_gmt":"2025-10-04T17:33:17","guid":{"rendered":"https:\/\/thepueblatimes.mx\/?p=33499"},"modified":"2025-10-04T11:33:17","modified_gmt":"2025-10-04T17:33:17","slug":"aprehenden-a-autor-de-amenazas-contra-estudiantes-de-la-buap","status":"publish","type":"post","link":"https:\/\/thepueblatimes.mx\/index.php\/2025\/10\/04\/aprehenden-a-autor-de-amenazas-contra-estudiantes-de-la-buap\/","title":{"rendered":"Aprehenden a autor de amenazas contra estudiantes de la BUAP"},"content":{"rendered":"<p>En un cateo se localizaron evidencias e indicios<\/p>\n<p>La Fiscal\u00eda General del Estado de Puebla (FGE) inform\u00f3 que se detuvo a un estudiante de la Benem\u00e9rita Universidad Aut\u00f3noma de Puebla (BUAP) como presunto responsable de las difundir amenazas de muerte dirigidas a estudiantes y docentes de esa instituci\u00f3n.<\/p>\n<p>Lo anterior mediante un video que la FGE difundi\u00f3 en sus redes sociales en el que precis\u00f3, que se realiz\u00f3 un trabajo coordinado con la polic\u00eda cibern\u00e9tica de la Secretar\u00eda de Seguridad P\u00fablica.<\/p>\n<p>Apunt\u00f3 que el an\u00e1lisis digital y de inteligencia de identific\u00f3 al indiciado, y se le detuvo por un delito flagrante.<\/p>\n<p>Precis\u00f3 que con la colaboraci\u00f3n de un juez de control, se realiz\u00f3 un cateo en el que se aseguraron un arma de fuego, dispositivos electr\u00f3nicos y evidencias gr\u00e1ficas vinculadas con las amenazas.<\/p>\n<p>Subray\u00f3 que la detenci\u00f3n y las evidencias, se corrobor\u00f3 la existencia de una amenaza latente y su posible materializaci\u00f3n, y consecuentemente se evitaron afectaciones a la comunidad universitaria.<\/p>\n","protected":false},"excerpt":{"rendered":"<p>En un cateo se localizaron evidencias e indicios La Fiscal\u00eda General del Estado de Puebla (FGE) inform\u00f3 que se detuvo a un estudiante de la Benem\u00e9rita Universidad Aut\u00f3noma de Puebla (BUAP) como presunto responsable de las difundir amenazas de muerte dirigidas a estudiantes y docentes de esa instituci\u00f3n. Lo anterior mediante un video que la&#8230;<\/p>\n","protected":false},"author":16,"featured_media":33501,"comment_status":"closed","ping_status":"closed","sticky":false,"template":"","format":"standard","meta":[],"categories":[121],"tags":[2792,140,1308,1309],"yoast_head":"<!-- This site is optimized with the Yoast SEO plugin v20.8 - https:\/\/yoast.com\/wordpress\/plugins\/seo\/ -->\n<title>Aprehenden a autor de amenazas contra estudiantes de la BUAP - The Puebla Times<\/title>\n<meta name=\"robots\" content=\"index, follow, max-snippet:-1, max-image-preview:large, max-video-preview:-1\" \/>\n<link rel=\"canonical\" href=\"https:\/\/thepueblatimes.mx\/index.php\/2025\/10\/04\/aprehenden-a-autor-de-amenazas-contra-estudiantes-de-la-buap\/\" \/>\n<meta property=\"og:locale\" content=\"es_ES\" \/>\n<meta property=\"og:type\" content=\"article\" \/>\n<meta property=\"og:title\" content=\"Aprehenden a autor de amenazas contra estudiantes de la BUAP - The Puebla Times\" \/>\n<meta property=\"og:description\" content=\"En un cateo se localizaron evidencias e indicios La Fiscal\u00eda General del Estado de Puebla (FGE) inform\u00f3 que se detuvo a un estudiante de la Benem\u00e9rita Universidad Aut\u00f3noma de Puebla (BUAP) como presunto responsable de las difundir amenazas de muerte dirigidas a estudiantes y docentes de esa instituci\u00f3n. Lo anterior mediante un video que la...\" \/>\n<meta property=\"og:url\" content=\"https:\/\/thepueblatimes.mx\/index.php\/2025\/10\/04\/aprehenden-a-autor-de-amenazas-contra-estudiantes-de-la-buap\/\" \/>\n<meta property=\"og:site_name\" content=\"The Puebla Times\" \/>\n<meta property=\"article:published_time\" content=\"2025-10-04T17:33:17+00:00\" \/>\n<meta property=\"og:image\" content=\"https:\/\/thepueblatimes.mx\/wp-content\/uploads\/2025\/10\/557597287_1252625006899552_6112563913782658573_n-e1759599161265.jpg\" \/>\n\t<meta property=\"og:image:width\" content=\"900\" \/>\n\t<meta property=\"og:image:height\" content=\"536\" \/>\n\t<meta property=\"og:image:type\" content=\"image\/jpeg\" \/>\n<meta name=\"author\" content=\"Sa\u00fal Hern\u00e1ndez\" \/>\n<meta name=\"twitter:card\" content=\"summary_large_image\" \/>\n<meta name=\"twitter:label1\" content=\"Escrito por\" \/>\n\t<meta name=\"twitter:data1\" content=\"Sa\u00fal Hern\u00e1ndez\" \/>\n\t<meta name=\"twitter:label2\" content=\"Tiempo de lectura\" \/>\n\t<meta name=\"twitter:data2\" content=\"1 minuto\" \/>\n<script type=\"application\/ld+json\" class=\"yoast-schema-graph\">{\"@context\":\"https:\/\/schema.org\",\"@graph\":[{\"@type\":\"WebPage\",\"@id\":\"https:\/\/thepueblatimes.mx\/index.php\/2025\/10\/04\/aprehenden-a-autor-de-amenazas-contra-estudiantes-de-la-buap\/\",\"url\":\"https:\/\/thepueblatimes.mx\/index.php\/2025\/10\/04\/aprehenden-a-autor-de-amenazas-contra-estudiantes-de-la-buap\/\",\"name\":\"Aprehenden a autor de amenazas contra estudiantes de la BUAP - The Puebla Times\",\"isPartOf\":{\"@id\":\"https:\/\/thepueblatimes.mx\/#website\"},\"datePublished\":\"2025-10-04T17:33:17+00:00\",\"dateModified\":\"2025-10-04T17:33:17+00:00\",\"author\":{\"@id\":\"https:\/\/thepueblatimes.mx\/#\/schema\/person\/1664894c2f65ce2c7a08d8f5f905c13c\"},\"breadcrumb\":{\"@id\":\"https:\/\/thepueblatimes.mx\/index.php\/2025\/10\/04\/aprehenden-a-autor-de-amenazas-contra-estudiantes-de-la-buap\/#breadcrumb\"},\"inLanguage\":\"es\",\"potentialAction\":[{\"@type\":\"ReadAction\",\"target\":[\"https:\/\/thepueblatimes.mx\/index.php\/2025\/10\/04\/aprehenden-a-autor-de-amenazas-contra-estudiantes-de-la-buap\/\"]}]},{\"@type\":\"BreadcrumbList\",\"@id\":\"https:\/\/thepueblatimes.mx\/index.php\/2025\/10\/04\/aprehenden-a-autor-de-amenazas-contra-estudiantes-de-la-buap\/#breadcrumb\",\"itemListElement\":[{\"@type\":\"ListItem\",\"position\":1,\"name\":\"Portada\",\"item\":\"https:\/\/thepueblatimes.mx\/\"},{\"@type\":\"ListItem\",\"position\":2,\"name\":\"Aprehenden a autor de amenazas contra estudiantes de la BUAP\"}]},{\"@type\":\"WebSite\",\"@id\":\"https:\/\/thepueblatimes.mx\/#website\",\"url\":\"https:\/\/thepueblatimes.mx\/\",\"name\":\"The Puebla Times\",\"description\":\"Noticias del Estado de Puebla\",\"potentialAction\":[{\"@type\":\"SearchAction\",\"target\":{\"@type\":\"EntryPoint\",\"urlTemplate\":\"https:\/\/thepueblatimes.mx\/?s={search_term_string}\"},\"query-input\":\"required name=search_term_string\"}],\"inLanguage\":\"es\"},{\"@type\":\"Person\",\"@id\":\"https:\/\/thepueblatimes.mx\/#\/schema\/person\/1664894c2f65ce2c7a08d8f5f905c13c\",\"name\":\"Sa\u00fal Hern\u00e1ndez\",\"image\":{\"@type\":\"ImageObject\",\"inLanguage\":\"es\",\"@id\":\"https:\/\/thepueblatimes.mx\/#\/schema\/person\/image\/\",\"url\":\"https:\/\/secure.gravatar.com\/avatar\/11be338693f243309532caad8f10c930?s=96&d=mm&r=g\",\"contentUrl\":\"https:\/\/secure.gravatar.com\/avatar\/11be338693f243309532caad8f10c930?s=96&d=mm&r=g\",\"caption\":\"Sa\u00fal Hern\u00e1ndez\"},\"url\":\"https:\/\/thepueblatimes.mx\/index.php\/author\/saulhernandez\/\"}]}<\/script>\n<!-- \/ Yoast SEO plugin. -->","yoast_head_json":{"title":"Aprehenden a autor de amenazas contra estudiantes de la BUAP - The Puebla Times","robots":{"index":"index","follow":"follow","max-snippet":"max-snippet:-1","max-image-preview":"max-image-preview:large","max-video-preview":"max-video-preview:-1"},"canonical":"https:\/\/thepueblatimes.mx\/index.php\/2025\/10\/04\/aprehenden-a-autor-de-amenazas-contra-estudiantes-de-la-buap\/","og_locale":"es_ES","og_type":"article","og_title":"Aprehenden a autor de amenazas contra estudiantes de la BUAP - The Puebla Times","og_description":"En un cateo se localizaron evidencias e indicios La Fiscal\u00eda General del Estado de Puebla (FGE) inform\u00f3 que se detuvo a un estudiante de la Benem\u00e9rita Universidad Aut\u00f3noma de Puebla (BUAP) como presunto responsable de las difundir amenazas de muerte dirigidas a estudiantes y docentes de esa instituci\u00f3n. Lo anterior mediante un video que la...","og_url":"https:\/\/thepueblatimes.mx\/index.php\/2025\/10\/04\/aprehenden-a-autor-de-amenazas-contra-estudiantes-de-la-buap\/","og_site_name":"The Puebla Times","article_published_time":"2025-10-04T17:33:17+00:00","og_image":[{"width":900,"height":536,"url":"https:\/\/thepueblatimes.mx\/wp-content\/uploads\/2025\/10\/557597287_1252625006899552_6112563913782658573_n-e1759599161265.jpg","type":"image\/jpeg"}],"author":"Sa\u00fal Hern\u00e1ndez","twitter_card":"summary_large_image","twitter_misc":{"Escrito por":"Sa\u00fal Hern\u00e1ndez","Tiempo de lectura":"1 minuto"},"schema":{"@context":"https:\/\/schema.org","@graph":[{"@type":"WebPage","@id":"https:\/\/thepueblatimes.mx\/index.php\/2025\/10\/04\/aprehenden-a-autor-de-amenazas-contra-estudiantes-de-la-buap\/","url":"https:\/\/thepueblatimes.mx\/index.php\/2025\/10\/04\/aprehenden-a-autor-de-amenazas-contra-estudiantes-de-la-buap\/","name":"Aprehenden a autor de amenazas contra estudiantes de la BUAP - The Puebla Times","isPartOf":{"@id":"https:\/\/thepueblatimes.mx\/#website"},"datePublished":"2025-10-04T17:33:17+00:00","dateModified":"2025-10-04T17:33:17+00:00","author":{"@id":"https:\/\/thepueblatimes.mx\/#\/schema\/person\/1664894c2f65ce2c7a08d8f5f905c13c"},"breadcrumb":{"@id":"https:\/\/thepueblatimes.mx\/index.php\/2025\/10\/04\/aprehenden-a-autor-de-amenazas-contra-estudiantes-de-la-buap\/#breadcrumb"},"inLanguage":"es","potentialAction":[{"@type":"ReadAction","target":["https:\/\/thepueblatimes.mx\/index.php\/2025\/10\/04\/aprehenden-a-autor-de-amenazas-contra-estudiantes-de-la-buap\/"]}]},{"@type":"BreadcrumbList","@id":"https:\/\/thepueblatimes.mx\/index.php\/2025\/10\/04\/aprehenden-a-autor-de-amenazas-contra-estudiantes-de-la-buap\/#breadcrumb","itemListElement":[{"@type":"ListItem","position":1,"name":"Portada","item":"https:\/\/thepueblatimes.mx\/"},{"@type":"ListItem","position":2,"name":"Aprehenden a autor de amenazas contra estudiantes de la BUAP"}]},{"@type":"WebSite","@id":"https:\/\/thepueblatimes.mx\/#website","url":"https:\/\/thepueblatimes.mx\/","name":"The Puebla Times","description":"Noticias del Estado de Puebla","potentialAction":[{"@type":"SearchAction","target":{"@type":"EntryPoint","urlTemplate":"https:\/\/thepueblatimes.mx\/?s={search_term_string}"},"query-input":"required name=search_term_string"}],"inLanguage":"es"},{"@type":"Person","@id":"https:\/\/thepueblatimes.mx\/#\/schema\/person\/1664894c2f65ce2c7a08d8f5f905c13c","name":"Sa\u00fal Hern\u00e1ndez","image":{"@type":"ImageObject","inLanguage":"es","@id":"https:\/\/thepueblatimes.mx\/#\/schema\/person\/image\/","url":"https:\/\/secure.gravatar.com\/avatar\/11be338693f243309532caad8f10c930?s=96&d=mm&r=g","contentUrl":"https:\/\/secure.gravatar.com\/avatar\/11be338693f243309532caad8f10c930?s=96&d=mm&r=g","caption":"Sa\u00fal Hern\u00e1ndez"},"url":"https:\/\/thepueblatimes.mx\/index.php\/author\/saulhernandez\/"}]}},"jetpack_featured_media_url":"https:\/\/thepueblatimes.mx\/wp-content\/uploads\/2025\/10\/557597287_1252625006899552_6112563913782658573_n-e1759599161265.jpg","_links":{"self":[{"href":"https:\/\/thepueblatimes.mx\/index.php\/wp-json\/wp\/v2\/posts\/33499"}],"collection":[{"href":"https:\/\/thepueblatimes.mx\/index.php\/wp-json\/wp\/v2\/posts"}],"about":[{"href":"https:\/\/thepueblatimes.mx\/index.php\/wp-json\/wp\/v2\/types\/post"}],"author":[{"embeddable":true,"href":"https:\/\/thepueblatimes.mx\/index.php\/wp-json\/wp\/v2\/users\/16"}],"replies":[{"embeddable":true,"href":"https:\/\/thepueblatimes.mx\/index.php\/wp-json\/wp\/v2\/comments?post=33499"}],"version-history":[{"count":1,"href":"https:\/\/thepueblatimes.mx\/index.php\/wp-json\/wp\/v2\/posts\/33499\/revisions"}],"predecessor-version":[{"id":33502,"href":"https:\/\/thepueblatimes.mx\/index.php\/wp-json\/wp\/v2\/posts\/33499\/revisions\/33502"}],"wp:featuredmedia":[{"embeddable":true,"href":"https:\/\/thepueblatimes.mx\/index.php\/wp-json\/wp\/v2\/media\/33501"}],"wp:attachment":[{"href":"https:\/\/thepueblatimes.mx\/index.php\/wp-json\/wp\/v2\/media?parent=33499"}],"wp:term":[{"taxonomy":"category","embeddable":true,"href":"https:\/\/thepueblatimes.mx\/index.php\/wp-json\/wp\/v2\/categories?post=33499"},{"taxonomy":"post_tag","embeddable":true,"href":"https:\/\/thepueblatimes.mx\/index.php\/wp-json\/wp\/v2\/tags?post=33499"}],"curies":[{"name":"wp","href":"https:\/\/api.w.org\/{rel}","templated":true}]}}