{"id":33466,"date":"2025-10-02T17:07:27","date_gmt":"2025-10-02T23:07:27","guid":{"rendered":"https:\/\/thepueblatimes.mx\/?p=33466"},"modified":"2025-10-02T17:15:20","modified_gmt":"2025-10-02T23:15:20","slug":"mario-riestra-se-suma-a-destiempo-al-caso-de-los-desaparecidos-de-amozoc","status":"publish","type":"post","link":"https:\/\/thepueblatimes.mx\/index.php\/2025\/10\/02\/mario-riestra-se-suma-a-destiempo-al-caso-de-los-desaparecidos-de-amozoc\/","title":{"rendered":"Mario Riestra se suma a destiempo al caso de los desaparecidos de Amozoc"},"content":{"rendered":"<p>Con el evidente prop\u00f3sito de tratar de llevar agua a su molino y explotar el tema con prop\u00f3sitos pol\u00edtico, el dirigente estatal del PAN, Mario Riestra aborda el tema de los desaparecidos de Amozoc.<\/p>\n<p>Y redescubre el hilo negro, al subrayar lo que anticiparon las autoridades y est\u00e1 sujeto a investigaci\u00f3n, la posibilidad de que se trate de una acci\u00f3n de reclutamiento por parte del crimen organizado.<\/p>\n<p>Una acci\u00f3n que deja en claro que trae el br\u00fajula y los tiempos pol\u00edticos, fuera de contexto.<\/p>\n<p>El presidente estatal del PAN, Mario Riestra, calific\u00f3 a septiembre como un \u201cmes negro\u201d para Amozoc, al destacar la desaparici\u00f3n de 12 j\u00f3venes y el hallazgo de un campo de adiestramiento clandestino en el occidente del pa\u00eds, presuntamente vinculado al grupo pol\u00edtico-religioso que gobierna el municipio.<\/p>\n<p>Refiri\u00f3 sin aportar prueba alguna que existen testimonios que relacionan ambos hechos, y alert\u00f3 sobre una posible omisi\u00f3n o incluso complicidad por parte de la autoridad municipal.<\/p>\n<p>Adem\u00e1s, lament\u00f3 el atentado contra el secretario de Seguridad P\u00fablica municipal y cuestion\u00f3 la falta de respuesta y acciones eficaces por parte del ayuntamiento.<\/p>\n","protected":false},"excerpt":{"rendered":"<p>Con el evidente prop\u00f3sito de tratar de llevar agua a su molino y explotar el tema con prop\u00f3sitos pol\u00edtico, el dirigente estatal del PAN, Mario Riestra aborda el tema de los desaparecidos de Amozoc. Y redescubre el hilo negro, al subrayar lo que anticiparon las autoridades y est\u00e1 sujeto a investigaci\u00f3n, la posibilidad de que&#8230;<\/p>\n","protected":false},"author":16,"featured_media":33467,"comment_status":"closed","ping_status":"closed","sticky":false,"template":"","format":"standard","meta":[],"categories":[542],"tags":[292,393,1721],"yoast_head":"<!-- This site is optimized with the Yoast SEO plugin v20.8 - https:\/\/yoast.com\/wordpress\/plugins\/seo\/ -->\n<title>Mario Riestra se suma a destiempo al caso de los desaparecidos de Amozoc - The Puebla Times<\/title>\n<meta name=\"robots\" content=\"index, follow, max-snippet:-1, max-image-preview:large, max-video-preview:-1\" \/>\n<link rel=\"canonical\" href=\"https:\/\/thepueblatimes.mx\/index.php\/2025\/10\/02\/mario-riestra-se-suma-a-destiempo-al-caso-de-los-desaparecidos-de-amozoc\/\" \/>\n<meta property=\"og:locale\" content=\"es_ES\" \/>\n<meta property=\"og:type\" content=\"article\" \/>\n<meta property=\"og:title\" content=\"Mario Riestra se suma a destiempo al caso de los desaparecidos de Amozoc - The Puebla Times\" \/>\n<meta property=\"og:description\" content=\"Con el evidente prop\u00f3sito de tratar de llevar agua a su molino y explotar el tema con prop\u00f3sitos pol\u00edtico, el dirigente estatal del PAN, Mario Riestra aborda el tema de los desaparecidos de Amozoc. Y redescubre el hilo negro, al subrayar lo que anticiparon las autoridades y est\u00e1 sujeto a investigaci\u00f3n, la posibilidad de que...\" \/>\n<meta property=\"og:url\" content=\"https:\/\/thepueblatimes.mx\/index.php\/2025\/10\/02\/mario-riestra-se-suma-a-destiempo-al-caso-de-los-desaparecidos-de-amozoc\/\" \/>\n<meta property=\"og:site_name\" content=\"The Puebla Times\" \/>\n<meta property=\"article:published_time\" content=\"2025-10-02T23:07:27+00:00\" \/>\n<meta property=\"article:modified_time\" content=\"2025-10-02T23:15:20+00:00\" \/>\n<meta property=\"og:image\" content=\"https:\/\/thepueblatimes.mx\/wp-content\/uploads\/2025\/10\/mario-riestra-627868.jpg\" \/>\n\t<meta property=\"og:image:width\" content=\"600\" \/>\n\t<meta property=\"og:image:height\" content=\"400\" \/>\n\t<meta property=\"og:image:type\" content=\"image\/jpeg\" \/>\n<meta name=\"author\" content=\"Sa\u00fal Hern\u00e1ndez\" \/>\n<meta name=\"twitter:card\" content=\"summary_large_image\" \/>\n<meta name=\"twitter:label1\" content=\"Escrito por\" \/>\n\t<meta name=\"twitter:data1\" content=\"Sa\u00fal Hern\u00e1ndez\" \/>\n\t<meta name=\"twitter:label2\" content=\"Tiempo de lectura\" \/>\n\t<meta name=\"twitter:data2\" content=\"1 minuto\" \/>\n<script type=\"application\/ld+json\" class=\"yoast-schema-graph\">{\"@context\":\"https:\/\/schema.org\",\"@graph\":[{\"@type\":\"WebPage\",\"@id\":\"https:\/\/thepueblatimes.mx\/index.php\/2025\/10\/02\/mario-riestra-se-suma-a-destiempo-al-caso-de-los-desaparecidos-de-amozoc\/\",\"url\":\"https:\/\/thepueblatimes.mx\/index.php\/2025\/10\/02\/mario-riestra-se-suma-a-destiempo-al-caso-de-los-desaparecidos-de-amozoc\/\",\"name\":\"Mario Riestra se suma a destiempo al caso de los desaparecidos de Amozoc - The Puebla Times\",\"isPartOf\":{\"@id\":\"https:\/\/thepueblatimes.mx\/#website\"},\"datePublished\":\"2025-10-02T23:07:27+00:00\",\"dateModified\":\"2025-10-02T23:15:20+00:00\",\"author\":{\"@id\":\"https:\/\/thepueblatimes.mx\/#\/schema\/person\/1664894c2f65ce2c7a08d8f5f905c13c\"},\"breadcrumb\":{\"@id\":\"https:\/\/thepueblatimes.mx\/index.php\/2025\/10\/02\/mario-riestra-se-suma-a-destiempo-al-caso-de-los-desaparecidos-de-amozoc\/#breadcrumb\"},\"inLanguage\":\"es\",\"potentialAction\":[{\"@type\":\"ReadAction\",\"target\":[\"https:\/\/thepueblatimes.mx\/index.php\/2025\/10\/02\/mario-riestra-se-suma-a-destiempo-al-caso-de-los-desaparecidos-de-amozoc\/\"]}]},{\"@type\":\"BreadcrumbList\",\"@id\":\"https:\/\/thepueblatimes.mx\/index.php\/2025\/10\/02\/mario-riestra-se-suma-a-destiempo-al-caso-de-los-desaparecidos-de-amozoc\/#breadcrumb\",\"itemListElement\":[{\"@type\":\"ListItem\",\"position\":1,\"name\":\"Portada\",\"item\":\"https:\/\/thepueblatimes.mx\/\"},{\"@type\":\"ListItem\",\"position\":2,\"name\":\"Mario Riestra se suma a destiempo al caso de los desaparecidos de Amozoc\"}]},{\"@type\":\"WebSite\",\"@id\":\"https:\/\/thepueblatimes.mx\/#website\",\"url\":\"https:\/\/thepueblatimes.mx\/\",\"name\":\"The Puebla Times\",\"description\":\"Noticias del Estado de Puebla\",\"potentialAction\":[{\"@type\":\"SearchAction\",\"target\":{\"@type\":\"EntryPoint\",\"urlTemplate\":\"https:\/\/thepueblatimes.mx\/?s={search_term_string}\"},\"query-input\":\"required name=search_term_string\"}],\"inLanguage\":\"es\"},{\"@type\":\"Person\",\"@id\":\"https:\/\/thepueblatimes.mx\/#\/schema\/person\/1664894c2f65ce2c7a08d8f5f905c13c\",\"name\":\"Sa\u00fal Hern\u00e1ndez\",\"image\":{\"@type\":\"ImageObject\",\"inLanguage\":\"es\",\"@id\":\"https:\/\/thepueblatimes.mx\/#\/schema\/person\/image\/\",\"url\":\"https:\/\/secure.gravatar.com\/avatar\/11be338693f243309532caad8f10c930?s=96&d=mm&r=g\",\"contentUrl\":\"https:\/\/secure.gravatar.com\/avatar\/11be338693f243309532caad8f10c930?s=96&d=mm&r=g\",\"caption\":\"Sa\u00fal Hern\u00e1ndez\"},\"url\":\"https:\/\/thepueblatimes.mx\/index.php\/author\/saulhernandez\/\"}]}<\/script>\n<!-- \/ Yoast SEO plugin. -->","yoast_head_json":{"title":"Mario Riestra se suma a destiempo al caso de los desaparecidos de Amozoc - The Puebla Times","robots":{"index":"index","follow":"follow","max-snippet":"max-snippet:-1","max-image-preview":"max-image-preview:large","max-video-preview":"max-video-preview:-1"},"canonical":"https:\/\/thepueblatimes.mx\/index.php\/2025\/10\/02\/mario-riestra-se-suma-a-destiempo-al-caso-de-los-desaparecidos-de-amozoc\/","og_locale":"es_ES","og_type":"article","og_title":"Mario Riestra se suma a destiempo al caso de los desaparecidos de Amozoc - The Puebla Times","og_description":"Con el evidente prop\u00f3sito de tratar de llevar agua a su molino y explotar el tema con prop\u00f3sitos pol\u00edtico, el dirigente estatal del PAN, Mario Riestra aborda el tema de los desaparecidos de Amozoc. Y redescubre el hilo negro, al subrayar lo que anticiparon las autoridades y est\u00e1 sujeto a investigaci\u00f3n, la posibilidad de que...","og_url":"https:\/\/thepueblatimes.mx\/index.php\/2025\/10\/02\/mario-riestra-se-suma-a-destiempo-al-caso-de-los-desaparecidos-de-amozoc\/","og_site_name":"The Puebla Times","article_published_time":"2025-10-02T23:07:27+00:00","article_modified_time":"2025-10-02T23:15:20+00:00","og_image":[{"width":600,"height":400,"url":"https:\/\/thepueblatimes.mx\/wp-content\/uploads\/2025\/10\/mario-riestra-627868.jpg","type":"image\/jpeg"}],"author":"Sa\u00fal Hern\u00e1ndez","twitter_card":"summary_large_image","twitter_misc":{"Escrito por":"Sa\u00fal Hern\u00e1ndez","Tiempo de lectura":"1 minuto"},"schema":{"@context":"https:\/\/schema.org","@graph":[{"@type":"WebPage","@id":"https:\/\/thepueblatimes.mx\/index.php\/2025\/10\/02\/mario-riestra-se-suma-a-destiempo-al-caso-de-los-desaparecidos-de-amozoc\/","url":"https:\/\/thepueblatimes.mx\/index.php\/2025\/10\/02\/mario-riestra-se-suma-a-destiempo-al-caso-de-los-desaparecidos-de-amozoc\/","name":"Mario Riestra se suma a destiempo al caso de los desaparecidos de Amozoc - The Puebla Times","isPartOf":{"@id":"https:\/\/thepueblatimes.mx\/#website"},"datePublished":"2025-10-02T23:07:27+00:00","dateModified":"2025-10-02T23:15:20+00:00","author":{"@id":"https:\/\/thepueblatimes.mx\/#\/schema\/person\/1664894c2f65ce2c7a08d8f5f905c13c"},"breadcrumb":{"@id":"https:\/\/thepueblatimes.mx\/index.php\/2025\/10\/02\/mario-riestra-se-suma-a-destiempo-al-caso-de-los-desaparecidos-de-amozoc\/#breadcrumb"},"inLanguage":"es","potentialAction":[{"@type":"ReadAction","target":["https:\/\/thepueblatimes.mx\/index.php\/2025\/10\/02\/mario-riestra-se-suma-a-destiempo-al-caso-de-los-desaparecidos-de-amozoc\/"]}]},{"@type":"BreadcrumbList","@id":"https:\/\/thepueblatimes.mx\/index.php\/2025\/10\/02\/mario-riestra-se-suma-a-destiempo-al-caso-de-los-desaparecidos-de-amozoc\/#breadcrumb","itemListElement":[{"@type":"ListItem","position":1,"name":"Portada","item":"https:\/\/thepueblatimes.mx\/"},{"@type":"ListItem","position":2,"name":"Mario Riestra se suma a destiempo al caso de los desaparecidos de Amozoc"}]},{"@type":"WebSite","@id":"https:\/\/thepueblatimes.mx\/#website","url":"https:\/\/thepueblatimes.mx\/","name":"The Puebla Times","description":"Noticias del Estado de Puebla","potentialAction":[{"@type":"SearchAction","target":{"@type":"EntryPoint","urlTemplate":"https:\/\/thepueblatimes.mx\/?s={search_term_string}"},"query-input":"required name=search_term_string"}],"inLanguage":"es"},{"@type":"Person","@id":"https:\/\/thepueblatimes.mx\/#\/schema\/person\/1664894c2f65ce2c7a08d8f5f905c13c","name":"Sa\u00fal Hern\u00e1ndez","image":{"@type":"ImageObject","inLanguage":"es","@id":"https:\/\/thepueblatimes.mx\/#\/schema\/person\/image\/","url":"https:\/\/secure.gravatar.com\/avatar\/11be338693f243309532caad8f10c930?s=96&d=mm&r=g","contentUrl":"https:\/\/secure.gravatar.com\/avatar\/11be338693f243309532caad8f10c930?s=96&d=mm&r=g","caption":"Sa\u00fal Hern\u00e1ndez"},"url":"https:\/\/thepueblatimes.mx\/index.php\/author\/saulhernandez\/"}]}},"jetpack_featured_media_url":"https:\/\/thepueblatimes.mx\/wp-content\/uploads\/2025\/10\/mario-riestra-627868.jpg","_links":{"self":[{"href":"https:\/\/thepueblatimes.mx\/index.php\/wp-json\/wp\/v2\/posts\/33466"}],"collection":[{"href":"https:\/\/thepueblatimes.mx\/index.php\/wp-json\/wp\/v2\/posts"}],"about":[{"href":"https:\/\/thepueblatimes.mx\/index.php\/wp-json\/wp\/v2\/types\/post"}],"author":[{"embeddable":true,"href":"https:\/\/thepueblatimes.mx\/index.php\/wp-json\/wp\/v2\/users\/16"}],"replies":[{"embeddable":true,"href":"https:\/\/thepueblatimes.mx\/index.php\/wp-json\/wp\/v2\/comments?post=33466"}],"version-history":[{"count":1,"href":"https:\/\/thepueblatimes.mx\/index.php\/wp-json\/wp\/v2\/posts\/33466\/revisions"}],"predecessor-version":[{"id":33468,"href":"https:\/\/thepueblatimes.mx\/index.php\/wp-json\/wp\/v2\/posts\/33466\/revisions\/33468"}],"wp:featuredmedia":[{"embeddable":true,"href":"https:\/\/thepueblatimes.mx\/index.php\/wp-json\/wp\/v2\/media\/33467"}],"wp:attachment":[{"href":"https:\/\/thepueblatimes.mx\/index.php\/wp-json\/wp\/v2\/media?parent=33466"}],"wp:term":[{"taxonomy":"category","embeddable":true,"href":"https:\/\/thepueblatimes.mx\/index.php\/wp-json\/wp\/v2\/categories?post=33466"},{"taxonomy":"post_tag","embeddable":true,"href":"https:\/\/thepueblatimes.mx\/index.php\/wp-json\/wp\/v2\/tags?post=33466"}],"curies":[{"name":"wp","href":"https:\/\/api.w.org\/{rel}","templated":true}]}}