{"id":33460,"date":"2025-10-02T16:59:47","date_gmt":"2025-10-02T22:59:47","guid":{"rendered":"https:\/\/thepueblatimes.mx\/?p=33460"},"modified":"2025-10-02T16:59:47","modified_gmt":"2025-10-02T22:59:47","slug":"entrega-pepe-chedraui-a-traves-del-smdif-mas-de-mil-despensas-en-la-guadalupana","status":"publish","type":"post","link":"https:\/\/thepueblatimes.mx\/index.php\/2025\/10\/02\/entrega-pepe-chedraui-a-traves-del-smdif-mas-de-mil-despensas-en-la-guadalupana\/","title":{"rendered":"Entrega Pepe Chedraui a trav\u00e9s del SMDIF m\u00e1s de mil despensas en La Guadalupana"},"content":{"rendered":"<h3><em>&#8211; El programa Alimentaci\u00f3n Imparable forma parte de la estrategia de nutrici\u00f3n a favor de las y los poblanos contemplada dentro del Plan Municipal de Desarrollo<\/em><\/h3>\n<p>Puebla, Pue., 02 de octubre de 2025. \u2013 Con el objetivo de reafirmar su compromiso por ayudar a las familias de las juntas auxiliares, el presidente municipal, Pepe Chedraui, a trav\u00e9s del Sistema Municipal DIF (SMDIF) entreg\u00f3 mil 119 despensas del programa \u201cAlimentaci\u00f3n Imparable\u201d a beneficiarias y beneficiarios de la colonia La Guadalupana.<\/p>\n<p>El alcalde resalt\u00f3 la labor social que se realiza desde el Sistema Municipal DIF (SMDIF), que encabeza la presidenta del Patronato, MariElise Budib, para garantizar la seguridad alimentaria de quienes m\u00e1s lo necesitan, y con ello, brindarles mejores condiciones de vida.<\/p>\n<p>En su mensaje, el edil destac\u00f3 el trabajo coordinado entre los tres \u00f3rdenes de gobierno para impulsar este tipo de apoyos que permiten el acceso a una alimentaci\u00f3n digna para las familias que m\u00e1s lo necesitan. Destac\u00f3 que, gracias a este programa, se atiende una necesidad b\u00e1sica para mejorar el bienestar de las y los poblanos.<\/p>\n<p>\u00abEste es un esfuerzo que se hace en Puebla Capital para sumar m\u00e1s esfuerzos, para llegar a m\u00e1s gente, para que la gente que lo necesite no se quede sin alimentaci\u00f3n del bienestar, la alimentaci\u00f3n imparable. Y vamos a seguir trabajando con ustedes\u00bb, subray\u00f3 Pepe Chedraui.<\/p>\n<p>Por su parte, el director general del SMDIF, Jes\u00fas Alejandro Cort\u00e9s Carrasco, se comprometi\u00f3 a seguir trabajando bajo la l\u00ednea de la presidenta del patronato, MariElise Budib, para que cada apoyo llegue a quienes m\u00e1s lo necesitan en las colonias y juntas auxiliares de la capital.<\/p>\n<p>\u201cEl coraz\u00f3n y la fortaleza del Sistema Municipal DIF se sostienen de la mano y gu\u00eda de nuestra presidenta, la se\u00f1ora MariElise, quien nos impulsa a superar desaf\u00edos e implementar pol\u00edticas p\u00fablicas en favor de las y los poblanos. Desde el DIF seguimos trabajando por hacer de Puebla una ciudad m\u00e1s incluyente, m\u00e1s solidaria e imparable\u201d, se\u00f1al\u00f3 el director general del SMDIF.<\/p>\n<p>La secretaria para la Igualdad Sustantiva de G\u00e9nero, Zayra Gonz\u00e1lez G\u00f3mez, destac\u00f3 la labor que realiza el Sistema Municipal DIF en favor de las familias del sur de la capital. \u201cEl programa Alimentaci\u00f3n Imparable es muestra clara de que, cuando se trabaja con visi\u00f3n y voluntad, se fortalece la seguridad alimentaria de las ni\u00f1as y ni\u00f1os, de las personas mayores, de quienes viven con y de las familias en situaci\u00f3n de vulnerabilidad\u201d afirm\u00f3.<\/p>\n<p>A trav\u00e9s del programa \u201cAlimentaci\u00f3n Imparable\u201d, se respalda a familias en situaci\u00f3n de vulnerabilidad con especial atenci\u00f3n a ni\u00f1as y ni\u00f1os no escolarizados, personas con discapacidad y adultos mayores, lo que permite garantizar la seguridad alimentaria de los grupos de atenci\u00f3n prioritaria.<\/p>\n<p>Por su parte la diputada federal Nora Merino Escamilla, reconoci\u00f3 el trabajo que realiza la actual administraci\u00f3n que encabeza Pepe Chedraui en favor de las y los poblanos. \u201cEl alcalde Pepe es un aliado de las mujeres, las jefas de familia, las que llevamos la casa, las que hacemos doble jornada y de los m\u00e1s necesitados. Este apoyo alimentario va para ustedes, para que tengan la mejor calidad en lo que est\u00e1n comiendo\u201d, agreg\u00f3.<\/p>\n<p>Para inscripciones y mayores informes del programa, los interesados pueden acudir a la Direcci\u00f3n de Programas y Desarrollo en la Unidad M\u00e9dica Integral (UMI) en Av. Eduardo Cue Merlo 201, San Baltazar Campeche, o llamar al 222 214 0000 ext. 110 y 111, de lunes a viernes de 8:00 a 16:00 horas.<\/p>\n","protected":false},"excerpt":{"rendered":"<p>&#8211; El programa Alimentaci\u00f3n Imparable forma parte de la estrategia de nutrici\u00f3n a favor de las y los poblanos contemplada dentro del Plan Municipal de Desarrollo Puebla, Pue., 02 de octubre de 2025. \u2013 Con el objetivo de reafirmar su compromiso por ayudar a las familias de las juntas auxiliares, el presidente municipal, Pepe Chedraui,&#8230;<\/p>\n","protected":false},"author":16,"featured_media":33461,"comment_status":"closed","ping_status":"closed","sticky":false,"template":"","format":"standard","meta":[],"categories":[20],"tags":[1287,3074],"yoast_head":"<!-- This site is optimized with the Yoast SEO plugin v20.8 - https:\/\/yoast.com\/wordpress\/plugins\/seo\/ -->\n<title>Entrega Pepe Chedraui a trav\u00e9s del SMDIF m\u00e1s de mil despensas en La Guadalupana - The Puebla Times<\/title>\n<meta name=\"robots\" content=\"index, follow, max-snippet:-1, max-image-preview:large, max-video-preview:-1\" \/>\n<link rel=\"canonical\" href=\"https:\/\/thepueblatimes.mx\/index.php\/2025\/10\/02\/entrega-pepe-chedraui-a-traves-del-smdif-mas-de-mil-despensas-en-la-guadalupana\/\" \/>\n<meta property=\"og:locale\" content=\"es_ES\" \/>\n<meta property=\"og:type\" content=\"article\" \/>\n<meta property=\"og:title\" content=\"Entrega Pepe Chedraui a trav\u00e9s del SMDIF m\u00e1s de mil despensas en La Guadalupana - The Puebla Times\" \/>\n<meta property=\"og:description\" content=\"&#8211; El programa Alimentaci\u00f3n Imparable forma parte de la estrategia de nutrici\u00f3n a favor de las y los poblanos contemplada dentro del Plan Municipal de Desarrollo Puebla, Pue., 02 de octubre de 2025. \u2013 Con el objetivo de reafirmar su compromiso por ayudar a las familias de las juntas auxiliares, el presidente municipal, Pepe Chedraui,...\" \/>\n<meta property=\"og:url\" content=\"https:\/\/thepueblatimes.mx\/index.php\/2025\/10\/02\/entrega-pepe-chedraui-a-traves-del-smdif-mas-de-mil-despensas-en-la-guadalupana\/\" \/>\n<meta property=\"og:site_name\" content=\"The Puebla Times\" \/>\n<meta property=\"article:published_time\" content=\"2025-10-02T22:59:47+00:00\" \/>\n<meta property=\"og:image\" content=\"https:\/\/thepueblatimes.mx\/wp-content\/uploads\/2025\/10\/557711569_1215019463992704_846305090800943992_n.jpg\" \/>\n\t<meta property=\"og:image:width\" content=\"1280\" \/>\n\t<meta property=\"og:image:height\" content=\"853\" \/>\n\t<meta property=\"og:image:type\" content=\"image\/jpeg\" \/>\n<meta name=\"author\" content=\"Sa\u00fal Hern\u00e1ndez\" \/>\n<meta name=\"twitter:card\" content=\"summary_large_image\" \/>\n<meta name=\"twitter:label1\" content=\"Escrito por\" \/>\n\t<meta name=\"twitter:data1\" content=\"Sa\u00fal Hern\u00e1ndez\" \/>\n\t<meta name=\"twitter:label2\" content=\"Tiempo de lectura\" \/>\n\t<meta name=\"twitter:data2\" content=\"3 minutos\" \/>\n<script type=\"application\/ld+json\" class=\"yoast-schema-graph\">{\"@context\":\"https:\/\/schema.org\",\"@graph\":[{\"@type\":\"WebPage\",\"@id\":\"https:\/\/thepueblatimes.mx\/index.php\/2025\/10\/02\/entrega-pepe-chedraui-a-traves-del-smdif-mas-de-mil-despensas-en-la-guadalupana\/\",\"url\":\"https:\/\/thepueblatimes.mx\/index.php\/2025\/10\/02\/entrega-pepe-chedraui-a-traves-del-smdif-mas-de-mil-despensas-en-la-guadalupana\/\",\"name\":\"Entrega Pepe Chedraui a trav\u00e9s del SMDIF m\u00e1s de mil despensas en La Guadalupana - The Puebla Times\",\"isPartOf\":{\"@id\":\"https:\/\/thepueblatimes.mx\/#website\"},\"datePublished\":\"2025-10-02T22:59:47+00:00\",\"dateModified\":\"2025-10-02T22:59:47+00:00\",\"author\":{\"@id\":\"https:\/\/thepueblatimes.mx\/#\/schema\/person\/1664894c2f65ce2c7a08d8f5f905c13c\"},\"breadcrumb\":{\"@id\":\"https:\/\/thepueblatimes.mx\/index.php\/2025\/10\/02\/entrega-pepe-chedraui-a-traves-del-smdif-mas-de-mil-despensas-en-la-guadalupana\/#breadcrumb\"},\"inLanguage\":\"es\",\"potentialAction\":[{\"@type\":\"ReadAction\",\"target\":[\"https:\/\/thepueblatimes.mx\/index.php\/2025\/10\/02\/entrega-pepe-chedraui-a-traves-del-smdif-mas-de-mil-despensas-en-la-guadalupana\/\"]}]},{\"@type\":\"BreadcrumbList\",\"@id\":\"https:\/\/thepueblatimes.mx\/index.php\/2025\/10\/02\/entrega-pepe-chedraui-a-traves-del-smdif-mas-de-mil-despensas-en-la-guadalupana\/#breadcrumb\",\"itemListElement\":[{\"@type\":\"ListItem\",\"position\":1,\"name\":\"Portada\",\"item\":\"https:\/\/thepueblatimes.mx\/\"},{\"@type\":\"ListItem\",\"position\":2,\"name\":\"Entrega Pepe Chedraui a trav\u00e9s del SMDIF m\u00e1s de mil despensas en La Guadalupana\"}]},{\"@type\":\"WebSite\",\"@id\":\"https:\/\/thepueblatimes.mx\/#website\",\"url\":\"https:\/\/thepueblatimes.mx\/\",\"name\":\"The Puebla Times\",\"description\":\"Noticias del Estado de Puebla\",\"potentialAction\":[{\"@type\":\"SearchAction\",\"target\":{\"@type\":\"EntryPoint\",\"urlTemplate\":\"https:\/\/thepueblatimes.mx\/?s={search_term_string}\"},\"query-input\":\"required name=search_term_string\"}],\"inLanguage\":\"es\"},{\"@type\":\"Person\",\"@id\":\"https:\/\/thepueblatimes.mx\/#\/schema\/person\/1664894c2f65ce2c7a08d8f5f905c13c\",\"name\":\"Sa\u00fal Hern\u00e1ndez\",\"image\":{\"@type\":\"ImageObject\",\"inLanguage\":\"es\",\"@id\":\"https:\/\/thepueblatimes.mx\/#\/schema\/person\/image\/\",\"url\":\"https:\/\/secure.gravatar.com\/avatar\/11be338693f243309532caad8f10c930?s=96&d=mm&r=g\",\"contentUrl\":\"https:\/\/secure.gravatar.com\/avatar\/11be338693f243309532caad8f10c930?s=96&d=mm&r=g\",\"caption\":\"Sa\u00fal Hern\u00e1ndez\"},\"url\":\"https:\/\/thepueblatimes.mx\/index.php\/author\/saulhernandez\/\"}]}<\/script>\n<!-- \/ Yoast SEO plugin. -->","yoast_head_json":{"title":"Entrega Pepe Chedraui a trav\u00e9s del SMDIF m\u00e1s de mil despensas en La Guadalupana - The Puebla Times","robots":{"index":"index","follow":"follow","max-snippet":"max-snippet:-1","max-image-preview":"max-image-preview:large","max-video-preview":"max-video-preview:-1"},"canonical":"https:\/\/thepueblatimes.mx\/index.php\/2025\/10\/02\/entrega-pepe-chedraui-a-traves-del-smdif-mas-de-mil-despensas-en-la-guadalupana\/","og_locale":"es_ES","og_type":"article","og_title":"Entrega Pepe Chedraui a trav\u00e9s del SMDIF m\u00e1s de mil despensas en La Guadalupana - The Puebla Times","og_description":"&#8211; El programa Alimentaci\u00f3n Imparable forma parte de la estrategia de nutrici\u00f3n a favor de las y los poblanos contemplada dentro del Plan Municipal de Desarrollo Puebla, Pue., 02 de octubre de 2025. \u2013 Con el objetivo de reafirmar su compromiso por ayudar a las familias de las juntas auxiliares, el presidente municipal, Pepe Chedraui,...","og_url":"https:\/\/thepueblatimes.mx\/index.php\/2025\/10\/02\/entrega-pepe-chedraui-a-traves-del-smdif-mas-de-mil-despensas-en-la-guadalupana\/","og_site_name":"The Puebla Times","article_published_time":"2025-10-02T22:59:47+00:00","og_image":[{"width":1280,"height":853,"url":"https:\/\/thepueblatimes.mx\/wp-content\/uploads\/2025\/10\/557711569_1215019463992704_846305090800943992_n.jpg","type":"image\/jpeg"}],"author":"Sa\u00fal Hern\u00e1ndez","twitter_card":"summary_large_image","twitter_misc":{"Escrito por":"Sa\u00fal Hern\u00e1ndez","Tiempo de lectura":"3 minutos"},"schema":{"@context":"https:\/\/schema.org","@graph":[{"@type":"WebPage","@id":"https:\/\/thepueblatimes.mx\/index.php\/2025\/10\/02\/entrega-pepe-chedraui-a-traves-del-smdif-mas-de-mil-despensas-en-la-guadalupana\/","url":"https:\/\/thepueblatimes.mx\/index.php\/2025\/10\/02\/entrega-pepe-chedraui-a-traves-del-smdif-mas-de-mil-despensas-en-la-guadalupana\/","name":"Entrega Pepe Chedraui a trav\u00e9s del SMDIF m\u00e1s de mil despensas en La Guadalupana - The Puebla Times","isPartOf":{"@id":"https:\/\/thepueblatimes.mx\/#website"},"datePublished":"2025-10-02T22:59:47+00:00","dateModified":"2025-10-02T22:59:47+00:00","author":{"@id":"https:\/\/thepueblatimes.mx\/#\/schema\/person\/1664894c2f65ce2c7a08d8f5f905c13c"},"breadcrumb":{"@id":"https:\/\/thepueblatimes.mx\/index.php\/2025\/10\/02\/entrega-pepe-chedraui-a-traves-del-smdif-mas-de-mil-despensas-en-la-guadalupana\/#breadcrumb"},"inLanguage":"es","potentialAction":[{"@type":"ReadAction","target":["https:\/\/thepueblatimes.mx\/index.php\/2025\/10\/02\/entrega-pepe-chedraui-a-traves-del-smdif-mas-de-mil-despensas-en-la-guadalupana\/"]}]},{"@type":"BreadcrumbList","@id":"https:\/\/thepueblatimes.mx\/index.php\/2025\/10\/02\/entrega-pepe-chedraui-a-traves-del-smdif-mas-de-mil-despensas-en-la-guadalupana\/#breadcrumb","itemListElement":[{"@type":"ListItem","position":1,"name":"Portada","item":"https:\/\/thepueblatimes.mx\/"},{"@type":"ListItem","position":2,"name":"Entrega Pepe Chedraui a trav\u00e9s del SMDIF m\u00e1s de mil despensas en La Guadalupana"}]},{"@type":"WebSite","@id":"https:\/\/thepueblatimes.mx\/#website","url":"https:\/\/thepueblatimes.mx\/","name":"The Puebla Times","description":"Noticias del Estado de Puebla","potentialAction":[{"@type":"SearchAction","target":{"@type":"EntryPoint","urlTemplate":"https:\/\/thepueblatimes.mx\/?s={search_term_string}"},"query-input":"required name=search_term_string"}],"inLanguage":"es"},{"@type":"Person","@id":"https:\/\/thepueblatimes.mx\/#\/schema\/person\/1664894c2f65ce2c7a08d8f5f905c13c","name":"Sa\u00fal Hern\u00e1ndez","image":{"@type":"ImageObject","inLanguage":"es","@id":"https:\/\/thepueblatimes.mx\/#\/schema\/person\/image\/","url":"https:\/\/secure.gravatar.com\/avatar\/11be338693f243309532caad8f10c930?s=96&d=mm&r=g","contentUrl":"https:\/\/secure.gravatar.com\/avatar\/11be338693f243309532caad8f10c930?s=96&d=mm&r=g","caption":"Sa\u00fal Hern\u00e1ndez"},"url":"https:\/\/thepueblatimes.mx\/index.php\/author\/saulhernandez\/"}]}},"jetpack_featured_media_url":"https:\/\/thepueblatimes.mx\/wp-content\/uploads\/2025\/10\/557711569_1215019463992704_846305090800943992_n.jpg","_links":{"self":[{"href":"https:\/\/thepueblatimes.mx\/index.php\/wp-json\/wp\/v2\/posts\/33460"}],"collection":[{"href":"https:\/\/thepueblatimes.mx\/index.php\/wp-json\/wp\/v2\/posts"}],"about":[{"href":"https:\/\/thepueblatimes.mx\/index.php\/wp-json\/wp\/v2\/types\/post"}],"author":[{"embeddable":true,"href":"https:\/\/thepueblatimes.mx\/index.php\/wp-json\/wp\/v2\/users\/16"}],"replies":[{"embeddable":true,"href":"https:\/\/thepueblatimes.mx\/index.php\/wp-json\/wp\/v2\/comments?post=33460"}],"version-history":[{"count":1,"href":"https:\/\/thepueblatimes.mx\/index.php\/wp-json\/wp\/v2\/posts\/33460\/revisions"}],"predecessor-version":[{"id":33462,"href":"https:\/\/thepueblatimes.mx\/index.php\/wp-json\/wp\/v2\/posts\/33460\/revisions\/33462"}],"wp:featuredmedia":[{"embeddable":true,"href":"https:\/\/thepueblatimes.mx\/index.php\/wp-json\/wp\/v2\/media\/33461"}],"wp:attachment":[{"href":"https:\/\/thepueblatimes.mx\/index.php\/wp-json\/wp\/v2\/media?parent=33460"}],"wp:term":[{"taxonomy":"category","embeddable":true,"href":"https:\/\/thepueblatimes.mx\/index.php\/wp-json\/wp\/v2\/categories?post=33460"},{"taxonomy":"post_tag","embeddable":true,"href":"https:\/\/thepueblatimes.mx\/index.php\/wp-json\/wp\/v2\/tags?post=33460"}],"curies":[{"name":"wp","href":"https:\/\/api.w.org\/{rel}","templated":true}]}}