{"id":33457,"date":"2025-10-02T16:37:03","date_gmt":"2025-10-02T22:37:03","guid":{"rendered":"https:\/\/thepueblatimes.mx\/?p=33457"},"modified":"2025-10-02T16:37:03","modified_gmt":"2025-10-02T22:37:03","slug":"sedif-brinda-asesoria-juridica-para-victimas-de-violencia","status":"publish","type":"post","link":"https:\/\/thepueblatimes.mx\/index.php\/2025\/10\/02\/sedif-brinda-asesoria-juridica-para-victimas-de-violencia\/","title":{"rendered":"SEDIF brinda asesor\u00eda jur\u00eddica para v\u00edctimas de violencia"},"content":{"rendered":"<h3><em>-Para la presidenta del Patronato, Ceci Arellano, es prioridad que las mujeres vivan libres de violencia.<\/em><\/h3>\n<h3><em>-En este a\u00f1o, el \u00e1rea jur\u00eddica integr\u00f3 224 expedientes de personas que acudieron al SEDIF a solicitar ayuda.<\/em><\/h3>\n<p>&nbsp;<\/p>\n<p>CIUDAD DE PUEBLA, Pue.- En el marco del \u00abD\u00eda Internacional de la No Violencia\u00bb, el SEDIF trabaja para lograr que las mujeres vivan libres de violencia con el \u201cPrograma Atenci\u00f3n para los casos de Violencia de G\u00e9nero\u201d, que impulsa el \u00e1rea jur\u00eddica del organismo y que ha dado como resultado la asesor\u00eda y apertura de 224 expedientes en el transcurso de este a\u00f1o.<\/p>\n<p>&nbsp;<\/p>\n<p>Como parte de la preocupaci\u00f3n de la presidenta del patronato, Ceci Arellano, para lograr que la violencia no se normalice y afecte los entornos pasados, se dio pas\u00f3 a la implementaci\u00f3n de las \u201cCaravanas Alerta Familias\u201d, donde con la exposici\u00f3n de talleres, las mujeres pueden identificar la violencia como un primer paso.<\/p>\n<p>&nbsp;<\/p>\n<p>De enero a la fecha, se han atendido a mujeres por violencia f\u00edsica, psicol\u00f3gica, econ\u00f3mica, patrimonial, sexual y vicaria, mientras que las modalidades detectadas son en temas: familiar, laboral o docente, comunitaria, institucional y feminicida.<\/p>\n<p>&nbsp;<\/p>\n<p>A trav\u00e9s de asesor\u00edas jur\u00eddicas, las mujeres pueden identificar los puntos rojos que califican como violencia, y son las acciones que deval\u00faan su autoestima, da\u00f1an su cuerpo y colocan en situaci\u00f3n de vulnerabilidad f\u00edsica, mental y emocional, entre los que pueden ser: bromas hirientes; chantaje; mentiras y enga\u00f1os; ignorar; celar, acechar y stalkear en redes sociales.<\/p>\n<p>&nbsp;<\/p>\n<p>As\u00ed como culpabilizar, descalificar, ridiculizar, ofender, humillar en p\u00fablico, intimidar, amenazar, controlar, prohibir, destruir art\u00edculos personales, manosear, caricias agresivas, golpear \u201cjugando\u201d, pellizcar, ara\u00f1ar, jalonear, empujar, patear, aislar, sextorsi\u00f3n, amenazar con objetos y armas; difundir contenido intimo sin consentimiento; amenazar de muerte; forzar una relaci\u00f3n sexual, abuso sexual, violar y mutilar.<\/p>\n","protected":false},"excerpt":{"rendered":"<p>-Para la presidenta del Patronato, Ceci Arellano, es prioridad que las mujeres vivan libres de violencia. -En este a\u00f1o, el \u00e1rea jur\u00eddica integr\u00f3 224 expedientes de personas que acudieron al SEDIF a solicitar ayuda. &nbsp; CIUDAD DE PUEBLA, Pue.- En el marco del \u00abD\u00eda Internacional de la No Violencia\u00bb, el SEDIF trabaja para lograr que&#8230;<\/p>\n","protected":false},"author":16,"featured_media":33458,"comment_status":"closed","ping_status":"closed","sticky":false,"template":"","format":"standard","meta":[],"categories":[3],"tags":[1523,1341],"yoast_head":"<!-- This site is optimized with the Yoast SEO plugin v20.8 - https:\/\/yoast.com\/wordpress\/plugins\/seo\/ -->\n<title>SEDIF brinda asesor\u00eda jur\u00eddica para v\u00edctimas de violencia - The Puebla Times<\/title>\n<meta name=\"robots\" content=\"index, follow, max-snippet:-1, max-image-preview:large, max-video-preview:-1\" \/>\n<link rel=\"canonical\" href=\"https:\/\/thepueblatimes.mx\/index.php\/2025\/10\/02\/sedif-brinda-asesoria-juridica-para-victimas-de-violencia\/\" \/>\n<meta property=\"og:locale\" content=\"es_ES\" \/>\n<meta property=\"og:type\" content=\"article\" \/>\n<meta property=\"og:title\" content=\"SEDIF brinda asesor\u00eda jur\u00eddica para v\u00edctimas de violencia - The Puebla Times\" \/>\n<meta property=\"og:description\" content=\"-Para la presidenta del Patronato, Ceci Arellano, es prioridad que las mujeres vivan libres de violencia. -En este a\u00f1o, el \u00e1rea jur\u00eddica integr\u00f3 224 expedientes de personas que acudieron al SEDIF a solicitar ayuda. &nbsp; CIUDAD DE PUEBLA, Pue.- En el marco del \u00abD\u00eda Internacional de la No Violencia\u00bb, el SEDIF trabaja para lograr que...\" \/>\n<meta property=\"og:url\" content=\"https:\/\/thepueblatimes.mx\/index.php\/2025\/10\/02\/sedif-brinda-asesoria-juridica-para-victimas-de-violencia\/\" \/>\n<meta property=\"og:site_name\" content=\"The Puebla Times\" \/>\n<meta property=\"article:published_time\" content=\"2025-10-02T22:37:03+00:00\" \/>\n<meta property=\"og:image\" content=\"https:\/\/thepueblatimes.mx\/wp-content\/uploads\/2025\/10\/WhatsApp-Image-2025-10-02-at-16.11.04.jpeg\" \/>\n\t<meta property=\"og:image:width\" content=\"1169\" \/>\n\t<meta property=\"og:image:height\" content=\"780\" \/>\n\t<meta property=\"og:image:type\" content=\"image\/jpeg\" \/>\n<meta name=\"author\" content=\"Sa\u00fal Hern\u00e1ndez\" \/>\n<meta name=\"twitter:card\" content=\"summary_large_image\" \/>\n<meta name=\"twitter:label1\" content=\"Escrito por\" \/>\n\t<meta name=\"twitter:data1\" content=\"Sa\u00fal Hern\u00e1ndez\" \/>\n\t<meta name=\"twitter:label2\" content=\"Tiempo de lectura\" \/>\n\t<meta name=\"twitter:data2\" content=\"2 minutos\" \/>\n<script type=\"application\/ld+json\" class=\"yoast-schema-graph\">{\"@context\":\"https:\/\/schema.org\",\"@graph\":[{\"@type\":\"WebPage\",\"@id\":\"https:\/\/thepueblatimes.mx\/index.php\/2025\/10\/02\/sedif-brinda-asesoria-juridica-para-victimas-de-violencia\/\",\"url\":\"https:\/\/thepueblatimes.mx\/index.php\/2025\/10\/02\/sedif-brinda-asesoria-juridica-para-victimas-de-violencia\/\",\"name\":\"SEDIF brinda asesor\u00eda jur\u00eddica para v\u00edctimas de violencia - The Puebla Times\",\"isPartOf\":{\"@id\":\"https:\/\/thepueblatimes.mx\/#website\"},\"datePublished\":\"2025-10-02T22:37:03+00:00\",\"dateModified\":\"2025-10-02T22:37:03+00:00\",\"author\":{\"@id\":\"https:\/\/thepueblatimes.mx\/#\/schema\/person\/1664894c2f65ce2c7a08d8f5f905c13c\"},\"breadcrumb\":{\"@id\":\"https:\/\/thepueblatimes.mx\/index.php\/2025\/10\/02\/sedif-brinda-asesoria-juridica-para-victimas-de-violencia\/#breadcrumb\"},\"inLanguage\":\"es\",\"potentialAction\":[{\"@type\":\"ReadAction\",\"target\":[\"https:\/\/thepueblatimes.mx\/index.php\/2025\/10\/02\/sedif-brinda-asesoria-juridica-para-victimas-de-violencia\/\"]}]},{\"@type\":\"BreadcrumbList\",\"@id\":\"https:\/\/thepueblatimes.mx\/index.php\/2025\/10\/02\/sedif-brinda-asesoria-juridica-para-victimas-de-violencia\/#breadcrumb\",\"itemListElement\":[{\"@type\":\"ListItem\",\"position\":1,\"name\":\"Portada\",\"item\":\"https:\/\/thepueblatimes.mx\/\"},{\"@type\":\"ListItem\",\"position\":2,\"name\":\"SEDIF brinda asesor\u00eda jur\u00eddica para v\u00edctimas de violencia\"}]},{\"@type\":\"WebSite\",\"@id\":\"https:\/\/thepueblatimes.mx\/#website\",\"url\":\"https:\/\/thepueblatimes.mx\/\",\"name\":\"The Puebla Times\",\"description\":\"Noticias del Estado de Puebla\",\"potentialAction\":[{\"@type\":\"SearchAction\",\"target\":{\"@type\":\"EntryPoint\",\"urlTemplate\":\"https:\/\/thepueblatimes.mx\/?s={search_term_string}\"},\"query-input\":\"required name=search_term_string\"}],\"inLanguage\":\"es\"},{\"@type\":\"Person\",\"@id\":\"https:\/\/thepueblatimes.mx\/#\/schema\/person\/1664894c2f65ce2c7a08d8f5f905c13c\",\"name\":\"Sa\u00fal Hern\u00e1ndez\",\"image\":{\"@type\":\"ImageObject\",\"inLanguage\":\"es\",\"@id\":\"https:\/\/thepueblatimes.mx\/#\/schema\/person\/image\/\",\"url\":\"https:\/\/secure.gravatar.com\/avatar\/11be338693f243309532caad8f10c930?s=96&d=mm&r=g\",\"contentUrl\":\"https:\/\/secure.gravatar.com\/avatar\/11be338693f243309532caad8f10c930?s=96&d=mm&r=g\",\"caption\":\"Sa\u00fal Hern\u00e1ndez\"},\"url\":\"https:\/\/thepueblatimes.mx\/index.php\/author\/saulhernandez\/\"}]}<\/script>\n<!-- \/ Yoast SEO plugin. -->","yoast_head_json":{"title":"SEDIF brinda asesor\u00eda jur\u00eddica para v\u00edctimas de violencia - The Puebla Times","robots":{"index":"index","follow":"follow","max-snippet":"max-snippet:-1","max-image-preview":"max-image-preview:large","max-video-preview":"max-video-preview:-1"},"canonical":"https:\/\/thepueblatimes.mx\/index.php\/2025\/10\/02\/sedif-brinda-asesoria-juridica-para-victimas-de-violencia\/","og_locale":"es_ES","og_type":"article","og_title":"SEDIF brinda asesor\u00eda jur\u00eddica para v\u00edctimas de violencia - The Puebla Times","og_description":"-Para la presidenta del Patronato, Ceci Arellano, es prioridad que las mujeres vivan libres de violencia. -En este a\u00f1o, el \u00e1rea jur\u00eddica integr\u00f3 224 expedientes de personas que acudieron al SEDIF a solicitar ayuda. &nbsp; CIUDAD DE PUEBLA, Pue.- En el marco del \u00abD\u00eda Internacional de la No Violencia\u00bb, el SEDIF trabaja para lograr que...","og_url":"https:\/\/thepueblatimes.mx\/index.php\/2025\/10\/02\/sedif-brinda-asesoria-juridica-para-victimas-de-violencia\/","og_site_name":"The Puebla Times","article_published_time":"2025-10-02T22:37:03+00:00","og_image":[{"width":1169,"height":780,"url":"https:\/\/thepueblatimes.mx\/wp-content\/uploads\/2025\/10\/WhatsApp-Image-2025-10-02-at-16.11.04.jpeg","type":"image\/jpeg"}],"author":"Sa\u00fal Hern\u00e1ndez","twitter_card":"summary_large_image","twitter_misc":{"Escrito por":"Sa\u00fal Hern\u00e1ndez","Tiempo de lectura":"2 minutos"},"schema":{"@context":"https:\/\/schema.org","@graph":[{"@type":"WebPage","@id":"https:\/\/thepueblatimes.mx\/index.php\/2025\/10\/02\/sedif-brinda-asesoria-juridica-para-victimas-de-violencia\/","url":"https:\/\/thepueblatimes.mx\/index.php\/2025\/10\/02\/sedif-brinda-asesoria-juridica-para-victimas-de-violencia\/","name":"SEDIF brinda asesor\u00eda jur\u00eddica para v\u00edctimas de violencia - The Puebla Times","isPartOf":{"@id":"https:\/\/thepueblatimes.mx\/#website"},"datePublished":"2025-10-02T22:37:03+00:00","dateModified":"2025-10-02T22:37:03+00:00","author":{"@id":"https:\/\/thepueblatimes.mx\/#\/schema\/person\/1664894c2f65ce2c7a08d8f5f905c13c"},"breadcrumb":{"@id":"https:\/\/thepueblatimes.mx\/index.php\/2025\/10\/02\/sedif-brinda-asesoria-juridica-para-victimas-de-violencia\/#breadcrumb"},"inLanguage":"es","potentialAction":[{"@type":"ReadAction","target":["https:\/\/thepueblatimes.mx\/index.php\/2025\/10\/02\/sedif-brinda-asesoria-juridica-para-victimas-de-violencia\/"]}]},{"@type":"BreadcrumbList","@id":"https:\/\/thepueblatimes.mx\/index.php\/2025\/10\/02\/sedif-brinda-asesoria-juridica-para-victimas-de-violencia\/#breadcrumb","itemListElement":[{"@type":"ListItem","position":1,"name":"Portada","item":"https:\/\/thepueblatimes.mx\/"},{"@type":"ListItem","position":2,"name":"SEDIF brinda asesor\u00eda jur\u00eddica para v\u00edctimas de violencia"}]},{"@type":"WebSite","@id":"https:\/\/thepueblatimes.mx\/#website","url":"https:\/\/thepueblatimes.mx\/","name":"The Puebla Times","description":"Noticias del Estado de Puebla","potentialAction":[{"@type":"SearchAction","target":{"@type":"EntryPoint","urlTemplate":"https:\/\/thepueblatimes.mx\/?s={search_term_string}"},"query-input":"required name=search_term_string"}],"inLanguage":"es"},{"@type":"Person","@id":"https:\/\/thepueblatimes.mx\/#\/schema\/person\/1664894c2f65ce2c7a08d8f5f905c13c","name":"Sa\u00fal Hern\u00e1ndez","image":{"@type":"ImageObject","inLanguage":"es","@id":"https:\/\/thepueblatimes.mx\/#\/schema\/person\/image\/","url":"https:\/\/secure.gravatar.com\/avatar\/11be338693f243309532caad8f10c930?s=96&d=mm&r=g","contentUrl":"https:\/\/secure.gravatar.com\/avatar\/11be338693f243309532caad8f10c930?s=96&d=mm&r=g","caption":"Sa\u00fal Hern\u00e1ndez"},"url":"https:\/\/thepueblatimes.mx\/index.php\/author\/saulhernandez\/"}]}},"jetpack_featured_media_url":"https:\/\/thepueblatimes.mx\/wp-content\/uploads\/2025\/10\/WhatsApp-Image-2025-10-02-at-16.11.04.jpeg","_links":{"self":[{"href":"https:\/\/thepueblatimes.mx\/index.php\/wp-json\/wp\/v2\/posts\/33457"}],"collection":[{"href":"https:\/\/thepueblatimes.mx\/index.php\/wp-json\/wp\/v2\/posts"}],"about":[{"href":"https:\/\/thepueblatimes.mx\/index.php\/wp-json\/wp\/v2\/types\/post"}],"author":[{"embeddable":true,"href":"https:\/\/thepueblatimes.mx\/index.php\/wp-json\/wp\/v2\/users\/16"}],"replies":[{"embeddable":true,"href":"https:\/\/thepueblatimes.mx\/index.php\/wp-json\/wp\/v2\/comments?post=33457"}],"version-history":[{"count":1,"href":"https:\/\/thepueblatimes.mx\/index.php\/wp-json\/wp\/v2\/posts\/33457\/revisions"}],"predecessor-version":[{"id":33459,"href":"https:\/\/thepueblatimes.mx\/index.php\/wp-json\/wp\/v2\/posts\/33457\/revisions\/33459"}],"wp:featuredmedia":[{"embeddable":true,"href":"https:\/\/thepueblatimes.mx\/index.php\/wp-json\/wp\/v2\/media\/33458"}],"wp:attachment":[{"href":"https:\/\/thepueblatimes.mx\/index.php\/wp-json\/wp\/v2\/media?parent=33457"}],"wp:term":[{"taxonomy":"category","embeddable":true,"href":"https:\/\/thepueblatimes.mx\/index.php\/wp-json\/wp\/v2\/categories?post=33457"},{"taxonomy":"post_tag","embeddable":true,"href":"https:\/\/thepueblatimes.mx\/index.php\/wp-json\/wp\/v2\/tags?post=33457"}],"curies":[{"name":"wp","href":"https:\/\/api.w.org\/{rel}","templated":true}]}}