{"id":33452,"date":"2025-10-02T16:26:25","date_gmt":"2025-10-02T22:26:25","guid":{"rendered":"https:\/\/thepueblatimes.mx\/?p=33452"},"modified":"2025-10-02T16:26:25","modified_gmt":"2025-10-02T22:26:25","slug":"puebla-capital-de-la-innovacion-y-tecnologia-con-tech-capital-summit-2025","status":"publish","type":"post","link":"https:\/\/thepueblatimes.mx\/index.php\/2025\/10\/02\/puebla-capital-de-la-innovacion-y-tecnologia-con-tech-capital-summit-2025\/","title":{"rendered":"Puebla, capital de la innovaci\u00f3n y tecnolog\u00eda con \u201cTech Capital Summit 2025\u201d"},"content":{"rendered":"<h3><em>-La entidad es referente nacional en eventos de desarrollo tecnol\u00f3gico, como motor de transformaci\u00f3n e impulso econ\u00f3mico: Armenta.<\/em><\/h3>\n<h3><em>-El Centro Expositor ser\u00e1 sede de un evento gratuito de talla internacional que abordar\u00e1 tecnolog\u00edas e inteligencia artificial.<\/em><\/h3>\n<p><img decoding=\"async\" loading=\"lazy\" class=\"size-medium wp-image-33453 aligncenter\" src=\"https:\/\/thepueblatimes.mx\/wp-content\/uploads\/2025\/10\/WhatsApp-Image-2025-10-02-at-16.10.10-240x300.jpeg\" alt=\"\" width=\"240\" height=\"300\" srcset=\"https:\/\/thepueblatimes.mx\/wp-content\/uploads\/2025\/10\/WhatsApp-Image-2025-10-02-at-16.10.10-240x300.jpeg 240w, https:\/\/thepueblatimes.mx\/wp-content\/uploads\/2025\/10\/WhatsApp-Image-2025-10-02-at-16.10.10-819x1024.jpeg 819w, https:\/\/thepueblatimes.mx\/wp-content\/uploads\/2025\/10\/WhatsApp-Image-2025-10-02-at-16.10.10-768x960.jpeg 768w, https:\/\/thepueblatimes.mx\/wp-content\/uploads\/2025\/10\/WhatsApp-Image-2025-10-02-at-16.10.10-1229x1536.jpeg 1229w, https:\/\/thepueblatimes.mx\/wp-content\/uploads\/2025\/10\/WhatsApp-Image-2025-10-02-at-16.10.10-1638x2048.jpeg 1638w, https:\/\/thepueblatimes.mx\/wp-content\/uploads\/2025\/10\/WhatsApp-Image-2025-10-02-at-16.10.10-scaled.jpeg 2048w\" sizes=\"(max-width: 240px) 100vw, 240px\" \/><\/p>\n<p>CIUDAD DE PUEBLA, Pue. \u2013 El estado de Puebla se posiciona como un referente nacional en eventos de desarrollo tecnol\u00f3gico y se convertir\u00e1 en la capital de la innovaci\u00f3n, sostenibilidad y creatividad en M\u00e9xico, as\u00ed lo asegur\u00f3 el gobernador Alejandro Armenta, al anunciar el evento \u201cTech Capital Summit 2025\u201d, que se llevar\u00e1 a cabo del 15 al 17 de octubre en el Centro Expositor y que ser\u00e1 de acceso gratuito.<\/p>\n<p>El mandatario estatal subray\u00f3 que con este evento de car\u00e1cter mundial participan conjuntamente la iniciativa privada, universidades y la administraci\u00f3n estatal. Por ello, puntualiz\u00f3 que se dise\u00f1ar\u00e1 una estrategia de vinculaci\u00f3n con las universidades e institutos tecnol\u00f3gicos para que participen las y los estudiantes del interior del estado. \u201cTendr\u00e1 un costo de cero pesos porque lo que nos interesa es acercar a las y los j\u00f3venes, que no sea un evento \u00e9lite, sino un evento donde participen todas y todos\u201d, asegur\u00f3.<\/p>\n<p>La secretaria de Ciencia, Humanidades, Tecnolog\u00eda e Innovaci\u00f3n, Celina Pe\u00f1a Guzm\u00e1n, se\u00f1al\u00f3 que, bajo la visi\u00f3n de la presidenta de M\u00e9xico, Claudia Sheinbaum y el gobernador Alejandro Armenta, en \u201cTech Capital Puebla Summit 2025\u201d, se abordar\u00e1 la inteligencia artificial como motor de desarrollo para un futuro compartido.<\/p>\n<p>Explic\u00f3 que el evento se realiza por primera vez en Puebla con la suma de esfuerzos del sector empresarial, academia, sociedad civil y el Gobierno del Estado. \u201cEs nuestra declaraci\u00f3n al pa\u00eds que estamos listos para liderar. Estamos construyendo juntos la Capital de la Tecnolog\u00eda y la Innovaci\u00f3n de M\u00e9xico\u201d, afirm\u00f3.<\/p>\n<p>En su intervenci\u00f3n, la presidenta de Coparmex Puebla, Beatriz Camacho, indic\u00f3 que \u201cTech Capital Summit 2025\u201d marca un antes y un despu\u00e9s para el estado, ya que incluye la responsabilidad compartida de innovaci\u00f3n y emprendimiento. Afirm\u00f3 que Puebla se consolida como un referente nacional en tecnolog\u00edas emergentes, inteligencia artificial y transformaci\u00f3n digital con sentido humano. \u201cLa innovaci\u00f3n no es un lujo es una necesidad para el desarrollo econ\u00f3mico y social\u201d, afirm\u00f3.<\/p>\n<p>Por su parte, el presidente de Canacintra en Puebla, Carlos Sosa, agreg\u00f3 que para el sector que representa este es el camino para que Puebla retome el liderazgo en temas como la competitividad. \u201cEstamos seguros de que juntos lo vamos a hacer muy bien, cuenten con la participaci\u00f3n de la industria\u201d, afirm\u00f3.<\/p>\n<p>La secretaria de Deporte y Juventud, Gabriela S\u00e1nchez Saavedra, indic\u00f3 que desde la dependencia que encabeza se suman al proyecto para invitar a la juventud poblana a participar en el \u201cTech Capital Summit 2025\u201d y demostrar que Puebla tambi\u00e9n es tierra de campeones y campeonas en la tecnolog\u00eda.<\/p>\n<p>Finalmente, en su intervenci\u00f3n, el vicerrector de Investigaci\u00f3n y Estudios de Posgrado de la BUAP, Ygnacio Mart\u00ednez Laguna, asegur\u00f3 que el consorcio universitario se suma a dicho evento de nivel internacional, dado que las universidades est\u00e1n convencidas de que la innovaci\u00f3n es un motor desarrollo para la sostenibilidad, la competitividad regional y transformaci\u00f3n social. Refrend\u00f3 el compromiso universitario con la formaci\u00f3n de talento y la investigaci\u00f3n aplicada.<\/p>\n","protected":false},"excerpt":{"rendered":"<p>-La entidad es referente nacional en eventos de desarrollo tecnol\u00f3gico, como motor de transformaci\u00f3n e impulso econ\u00f3mico: Armenta. -El Centro Expositor ser\u00e1 sede de un evento gratuito de talla internacional que abordar\u00e1 tecnolog\u00edas e inteligencia artificial. CIUDAD DE PUEBLA, Pue. \u2013 El estado de Puebla se posiciona como un referente nacional en eventos de desarrollo&#8230;<\/p>\n","protected":false},"author":16,"featured_media":33454,"comment_status":"closed","ping_status":"closed","sticky":false,"template":"","format":"standard","meta":[],"categories":[3],"tags":[187,1273,49],"yoast_head":"<!-- This site is optimized with the Yoast SEO plugin v20.8 - https:\/\/yoast.com\/wordpress\/plugins\/seo\/ -->\n<title>Puebla, capital de la innovaci\u00f3n y tecnolog\u00eda con \u201cTech Capital Summit 2025\u201d - The Puebla Times<\/title>\n<meta name=\"robots\" content=\"index, follow, max-snippet:-1, max-image-preview:large, max-video-preview:-1\" \/>\n<link rel=\"canonical\" href=\"https:\/\/thepueblatimes.mx\/index.php\/2025\/10\/02\/puebla-capital-de-la-innovacion-y-tecnologia-con-tech-capital-summit-2025\/\" \/>\n<meta property=\"og:locale\" content=\"es_ES\" \/>\n<meta property=\"og:type\" content=\"article\" \/>\n<meta property=\"og:title\" content=\"Puebla, capital de la innovaci\u00f3n y tecnolog\u00eda con \u201cTech Capital Summit 2025\u201d - The Puebla Times\" \/>\n<meta property=\"og:description\" content=\"-La entidad es referente nacional en eventos de desarrollo tecnol\u00f3gico, como motor de transformaci\u00f3n e impulso econ\u00f3mico: Armenta. -El Centro Expositor ser\u00e1 sede de un evento gratuito de talla internacional que abordar\u00e1 tecnolog\u00edas e inteligencia artificial. CIUDAD DE PUEBLA, Pue. \u2013 El estado de Puebla se posiciona como un referente nacional en eventos de desarrollo...\" \/>\n<meta property=\"og:url\" content=\"https:\/\/thepueblatimes.mx\/index.php\/2025\/10\/02\/puebla-capital-de-la-innovacion-y-tecnologia-con-tech-capital-summit-2025\/\" \/>\n<meta property=\"og:site_name\" content=\"The Puebla Times\" \/>\n<meta property=\"article:published_time\" content=\"2025-10-02T22:26:25+00:00\" \/>\n<meta property=\"og:image\" content=\"https:\/\/thepueblatimes.mx\/wp-content\/uploads\/2025\/10\/WhatsApp-Image-2025-10-02-at-16.10.09-1-scaled.jpeg\" \/>\n\t<meta property=\"og:image:width\" content=\"2560\" \/>\n\t<meta property=\"og:image:height\" content=\"1694\" \/>\n\t<meta property=\"og:image:type\" content=\"image\/jpeg\" \/>\n<meta name=\"author\" content=\"Sa\u00fal Hern\u00e1ndez\" \/>\n<meta name=\"twitter:card\" content=\"summary_large_image\" \/>\n<meta name=\"twitter:label1\" content=\"Escrito por\" \/>\n\t<meta name=\"twitter:data1\" content=\"Sa\u00fal Hern\u00e1ndez\" \/>\n\t<meta name=\"twitter:label2\" content=\"Tiempo de lectura\" \/>\n\t<meta name=\"twitter:data2\" content=\"3 minutos\" \/>\n<script type=\"application\/ld+json\" class=\"yoast-schema-graph\">{\"@context\":\"https:\/\/schema.org\",\"@graph\":[{\"@type\":\"WebPage\",\"@id\":\"https:\/\/thepueblatimes.mx\/index.php\/2025\/10\/02\/puebla-capital-de-la-innovacion-y-tecnologia-con-tech-capital-summit-2025\/\",\"url\":\"https:\/\/thepueblatimes.mx\/index.php\/2025\/10\/02\/puebla-capital-de-la-innovacion-y-tecnologia-con-tech-capital-summit-2025\/\",\"name\":\"Puebla, capital de la innovaci\u00f3n y tecnolog\u00eda con \u201cTech Capital Summit 2025\u201d - The Puebla Times\",\"isPartOf\":{\"@id\":\"https:\/\/thepueblatimes.mx\/#website\"},\"datePublished\":\"2025-10-02T22:26:25+00:00\",\"dateModified\":\"2025-10-02T22:26:25+00:00\",\"author\":{\"@id\":\"https:\/\/thepueblatimes.mx\/#\/schema\/person\/1664894c2f65ce2c7a08d8f5f905c13c\"},\"breadcrumb\":{\"@id\":\"https:\/\/thepueblatimes.mx\/index.php\/2025\/10\/02\/puebla-capital-de-la-innovacion-y-tecnologia-con-tech-capital-summit-2025\/#breadcrumb\"},\"inLanguage\":\"es\",\"potentialAction\":[{\"@type\":\"ReadAction\",\"target\":[\"https:\/\/thepueblatimes.mx\/index.php\/2025\/10\/02\/puebla-capital-de-la-innovacion-y-tecnologia-con-tech-capital-summit-2025\/\"]}]},{\"@type\":\"BreadcrumbList\",\"@id\":\"https:\/\/thepueblatimes.mx\/index.php\/2025\/10\/02\/puebla-capital-de-la-innovacion-y-tecnologia-con-tech-capital-summit-2025\/#breadcrumb\",\"itemListElement\":[{\"@type\":\"ListItem\",\"position\":1,\"name\":\"Portada\",\"item\":\"https:\/\/thepueblatimes.mx\/\"},{\"@type\":\"ListItem\",\"position\":2,\"name\":\"Puebla, capital de la innovaci\u00f3n y tecnolog\u00eda con \u201cTech Capital Summit 2025\u201d\"}]},{\"@type\":\"WebSite\",\"@id\":\"https:\/\/thepueblatimes.mx\/#website\",\"url\":\"https:\/\/thepueblatimes.mx\/\",\"name\":\"The Puebla Times\",\"description\":\"Noticias del Estado de Puebla\",\"potentialAction\":[{\"@type\":\"SearchAction\",\"target\":{\"@type\":\"EntryPoint\",\"urlTemplate\":\"https:\/\/thepueblatimes.mx\/?s={search_term_string}\"},\"query-input\":\"required name=search_term_string\"}],\"inLanguage\":\"es\"},{\"@type\":\"Person\",\"@id\":\"https:\/\/thepueblatimes.mx\/#\/schema\/person\/1664894c2f65ce2c7a08d8f5f905c13c\",\"name\":\"Sa\u00fal Hern\u00e1ndez\",\"image\":{\"@type\":\"ImageObject\",\"inLanguage\":\"es\",\"@id\":\"https:\/\/thepueblatimes.mx\/#\/schema\/person\/image\/\",\"url\":\"https:\/\/secure.gravatar.com\/avatar\/11be338693f243309532caad8f10c930?s=96&d=mm&r=g\",\"contentUrl\":\"https:\/\/secure.gravatar.com\/avatar\/11be338693f243309532caad8f10c930?s=96&d=mm&r=g\",\"caption\":\"Sa\u00fal Hern\u00e1ndez\"},\"url\":\"https:\/\/thepueblatimes.mx\/index.php\/author\/saulhernandez\/\"}]}<\/script>\n<!-- \/ Yoast SEO plugin. -->","yoast_head_json":{"title":"Puebla, capital de la innovaci\u00f3n y tecnolog\u00eda con \u201cTech Capital Summit 2025\u201d - The Puebla Times","robots":{"index":"index","follow":"follow","max-snippet":"max-snippet:-1","max-image-preview":"max-image-preview:large","max-video-preview":"max-video-preview:-1"},"canonical":"https:\/\/thepueblatimes.mx\/index.php\/2025\/10\/02\/puebla-capital-de-la-innovacion-y-tecnologia-con-tech-capital-summit-2025\/","og_locale":"es_ES","og_type":"article","og_title":"Puebla, capital de la innovaci\u00f3n y tecnolog\u00eda con \u201cTech Capital Summit 2025\u201d - The Puebla Times","og_description":"-La entidad es referente nacional en eventos de desarrollo tecnol\u00f3gico, como motor de transformaci\u00f3n e impulso econ\u00f3mico: Armenta. -El Centro Expositor ser\u00e1 sede de un evento gratuito de talla internacional que abordar\u00e1 tecnolog\u00edas e inteligencia artificial. CIUDAD DE PUEBLA, Pue. \u2013 El estado de Puebla se posiciona como un referente nacional en eventos de desarrollo...","og_url":"https:\/\/thepueblatimes.mx\/index.php\/2025\/10\/02\/puebla-capital-de-la-innovacion-y-tecnologia-con-tech-capital-summit-2025\/","og_site_name":"The Puebla Times","article_published_time":"2025-10-02T22:26:25+00:00","og_image":[{"width":2560,"height":1694,"url":"https:\/\/thepueblatimes.mx\/wp-content\/uploads\/2025\/10\/WhatsApp-Image-2025-10-02-at-16.10.09-1-scaled.jpeg","type":"image\/jpeg"}],"author":"Sa\u00fal Hern\u00e1ndez","twitter_card":"summary_large_image","twitter_misc":{"Escrito por":"Sa\u00fal Hern\u00e1ndez","Tiempo de lectura":"3 minutos"},"schema":{"@context":"https:\/\/schema.org","@graph":[{"@type":"WebPage","@id":"https:\/\/thepueblatimes.mx\/index.php\/2025\/10\/02\/puebla-capital-de-la-innovacion-y-tecnologia-con-tech-capital-summit-2025\/","url":"https:\/\/thepueblatimes.mx\/index.php\/2025\/10\/02\/puebla-capital-de-la-innovacion-y-tecnologia-con-tech-capital-summit-2025\/","name":"Puebla, capital de la innovaci\u00f3n y tecnolog\u00eda con \u201cTech Capital Summit 2025\u201d - The Puebla Times","isPartOf":{"@id":"https:\/\/thepueblatimes.mx\/#website"},"datePublished":"2025-10-02T22:26:25+00:00","dateModified":"2025-10-02T22:26:25+00:00","author":{"@id":"https:\/\/thepueblatimes.mx\/#\/schema\/person\/1664894c2f65ce2c7a08d8f5f905c13c"},"breadcrumb":{"@id":"https:\/\/thepueblatimes.mx\/index.php\/2025\/10\/02\/puebla-capital-de-la-innovacion-y-tecnologia-con-tech-capital-summit-2025\/#breadcrumb"},"inLanguage":"es","potentialAction":[{"@type":"ReadAction","target":["https:\/\/thepueblatimes.mx\/index.php\/2025\/10\/02\/puebla-capital-de-la-innovacion-y-tecnologia-con-tech-capital-summit-2025\/"]}]},{"@type":"BreadcrumbList","@id":"https:\/\/thepueblatimes.mx\/index.php\/2025\/10\/02\/puebla-capital-de-la-innovacion-y-tecnologia-con-tech-capital-summit-2025\/#breadcrumb","itemListElement":[{"@type":"ListItem","position":1,"name":"Portada","item":"https:\/\/thepueblatimes.mx\/"},{"@type":"ListItem","position":2,"name":"Puebla, capital de la innovaci\u00f3n y tecnolog\u00eda con \u201cTech Capital Summit 2025\u201d"}]},{"@type":"WebSite","@id":"https:\/\/thepueblatimes.mx\/#website","url":"https:\/\/thepueblatimes.mx\/","name":"The Puebla Times","description":"Noticias del Estado de Puebla","potentialAction":[{"@type":"SearchAction","target":{"@type":"EntryPoint","urlTemplate":"https:\/\/thepueblatimes.mx\/?s={search_term_string}"},"query-input":"required name=search_term_string"}],"inLanguage":"es"},{"@type":"Person","@id":"https:\/\/thepueblatimes.mx\/#\/schema\/person\/1664894c2f65ce2c7a08d8f5f905c13c","name":"Sa\u00fal Hern\u00e1ndez","image":{"@type":"ImageObject","inLanguage":"es","@id":"https:\/\/thepueblatimes.mx\/#\/schema\/person\/image\/","url":"https:\/\/secure.gravatar.com\/avatar\/11be338693f243309532caad8f10c930?s=96&d=mm&r=g","contentUrl":"https:\/\/secure.gravatar.com\/avatar\/11be338693f243309532caad8f10c930?s=96&d=mm&r=g","caption":"Sa\u00fal Hern\u00e1ndez"},"url":"https:\/\/thepueblatimes.mx\/index.php\/author\/saulhernandez\/"}]}},"jetpack_featured_media_url":"https:\/\/thepueblatimes.mx\/wp-content\/uploads\/2025\/10\/WhatsApp-Image-2025-10-02-at-16.10.09-1-scaled.jpeg","_links":{"self":[{"href":"https:\/\/thepueblatimes.mx\/index.php\/wp-json\/wp\/v2\/posts\/33452"}],"collection":[{"href":"https:\/\/thepueblatimes.mx\/index.php\/wp-json\/wp\/v2\/posts"}],"about":[{"href":"https:\/\/thepueblatimes.mx\/index.php\/wp-json\/wp\/v2\/types\/post"}],"author":[{"embeddable":true,"href":"https:\/\/thepueblatimes.mx\/index.php\/wp-json\/wp\/v2\/users\/16"}],"replies":[{"embeddable":true,"href":"https:\/\/thepueblatimes.mx\/index.php\/wp-json\/wp\/v2\/comments?post=33452"}],"version-history":[{"count":1,"href":"https:\/\/thepueblatimes.mx\/index.php\/wp-json\/wp\/v2\/posts\/33452\/revisions"}],"predecessor-version":[{"id":33455,"href":"https:\/\/thepueblatimes.mx\/index.php\/wp-json\/wp\/v2\/posts\/33452\/revisions\/33455"}],"wp:featuredmedia":[{"embeddable":true,"href":"https:\/\/thepueblatimes.mx\/index.php\/wp-json\/wp\/v2\/media\/33454"}],"wp:attachment":[{"href":"https:\/\/thepueblatimes.mx\/index.php\/wp-json\/wp\/v2\/media?parent=33452"}],"wp:term":[{"taxonomy":"category","embeddable":true,"href":"https:\/\/thepueblatimes.mx\/index.php\/wp-json\/wp\/v2\/categories?post=33452"},{"taxonomy":"post_tag","embeddable":true,"href":"https:\/\/thepueblatimes.mx\/index.php\/wp-json\/wp\/v2\/tags?post=33452"}],"curies":[{"name":"wp","href":"https:\/\/api.w.org\/{rel}","templated":true}]}}