{"id":33449,"date":"2025-10-02T15:12:45","date_gmt":"2025-10-02T21:12:45","guid":{"rendered":"https:\/\/thepueblatimes.mx\/?p=33449"},"modified":"2025-10-02T15:12:45","modified_gmt":"2025-10-02T21:12:45","slug":"congreso-fortalece-trabajo-a-traves-de-investigacion-y-colaboracion-de-juventudes-laura-artemisa","status":"publish","type":"post","link":"https:\/\/thepueblatimes.mx\/index.php\/2025\/10\/02\/congreso-fortalece-trabajo-a-traves-de-investigacion-y-colaboracion-de-juventudes-laura-artemisa\/","title":{"rendered":"Congreso fortalece trabajo a trav\u00e9s de investigaci\u00f3n y colaboraci\u00f3n de juventudes: Laura Artemisa"},"content":{"rendered":"<h3><em>-Signan convenio de colaboraci\u00f3n con El Colegio de Puebla<\/em><\/h3>\n<p>&nbsp;<\/p>\n<p>&nbsp;<\/p>\n<p>El Congreso del Estado firm\u00f3 un convenio de colaboraci\u00f3n con El Colegio de Puebla, en materia de investigaci\u00f3n, profesionalizaci\u00f3n y servicio social.<\/p>\n<p>&nbsp;<\/p>\n<p>Durante este evento, la presidenta de la Junta de Gobierno y Coordinaci\u00f3n Pol\u00edtica del Congreso del Estado, Laura Artemisa Garc\u00eda Ch\u00e1vez, se\u00f1al\u00f3 que este tipo de acuerdos fortalecen el trabajo legislativo a trav\u00e9s de la investigaci\u00f3n y la participaci\u00f3n de las y los estudiantes.<\/p>\n<p>&nbsp;<\/p>\n<p>\u00abEste es uno de los objetivos del convenio, la integraci\u00f3n de las juventudes al Congreso del Estado a trav\u00e9s del servicio social, que permite al Poder Legislativo refrescarse y motivarse con el \u00edmpetu de la juventud; y a las y los estudiantes, brinda una oportunidad \u00fanica de aprendizaje para servir a su estado y a su pa\u00eds\u00bb, afirm\u00f3.<\/p>\n<p>&nbsp;<\/p>\n<p>En este evento, la diputada mencion\u00f3 el valor de la profesionalizaci\u00f3n del personal del Congreso del Estado, como esencial para el desarrollo de sus actividades.<\/p>\n<p>&nbsp;<\/p>\n<p>Por su parte, la presidenta de El Colegio de Puebla, Alejandra S\u00e1nchez Gonz\u00e1lez, celebr\u00f3 que por primera vez en 40 a\u00f1os la instituci\u00f3n educativa lleve a cabo la firma de un convenio con el Poder Legislativo, con la convicci\u00f3n de que la uni\u00f3n entre la academia y la vida p\u00fablica es clave para transformar realidades y construir un Estado m\u00e1s justo, transparente, equitativo y sostenible.<\/p>\n<p>&nbsp;<\/p>\n<p>Durante la firma del convenio tambi\u00e9n se cont\u00f3 con la participaci\u00f3n del titular de la Secretar\u00eda General del Congreso del Estado, Julio Leopoldo de Lara Valera, quien subray\u00f3 que este convenio pretende fortalecer el trabajo conjunto para la realizaci\u00f3n de proyectos de investigaci\u00f3n, la organizaci\u00f3n de cursos y seminarios, as\u00ed como otorgar descuentos para las y los trabajadores del Poder Legislativo para la realizaci\u00f3n de estudios.<\/p>\n","protected":false},"excerpt":{"rendered":"<p>-Signan convenio de colaboraci\u00f3n con El Colegio de Puebla &nbsp; &nbsp; El Congreso del Estado firm\u00f3 un convenio de colaboraci\u00f3n con El Colegio de Puebla, en materia de investigaci\u00f3n, profesionalizaci\u00f3n y servicio social. &nbsp; Durante este evento, la presidenta de la Junta de Gobierno y Coordinaci\u00f3n Pol\u00edtica del Congreso del Estado, Laura Artemisa Garc\u00eda Ch\u00e1vez,&#8230;<\/p>\n","protected":false},"author":16,"featured_media":33450,"comment_status":"closed","ping_status":"closed","sticky":false,"template":"","format":"standard","meta":[],"categories":[3],"tags":[1480,1271],"yoast_head":"<!-- This site is optimized with the Yoast SEO plugin v20.8 - https:\/\/yoast.com\/wordpress\/plugins\/seo\/ -->\n<title>Congreso fortalece trabajo a trav\u00e9s de investigaci\u00f3n y colaboraci\u00f3n de juventudes: Laura Artemisa - The Puebla Times<\/title>\n<meta name=\"robots\" content=\"index, follow, max-snippet:-1, max-image-preview:large, max-video-preview:-1\" \/>\n<link rel=\"canonical\" href=\"https:\/\/thepueblatimes.mx\/index.php\/2025\/10\/02\/congreso-fortalece-trabajo-a-traves-de-investigacion-y-colaboracion-de-juventudes-laura-artemisa\/\" \/>\n<meta property=\"og:locale\" content=\"es_ES\" \/>\n<meta property=\"og:type\" content=\"article\" \/>\n<meta property=\"og:title\" content=\"Congreso fortalece trabajo a trav\u00e9s de investigaci\u00f3n y colaboraci\u00f3n de juventudes: Laura Artemisa - The Puebla Times\" \/>\n<meta property=\"og:description\" content=\"-Signan convenio de colaboraci\u00f3n con El Colegio de Puebla &nbsp; &nbsp; El Congreso del Estado firm\u00f3 un convenio de colaboraci\u00f3n con El Colegio de Puebla, en materia de investigaci\u00f3n, profesionalizaci\u00f3n y servicio social. &nbsp; Durante este evento, la presidenta de la Junta de Gobierno y Coordinaci\u00f3n Pol\u00edtica del Congreso del Estado, Laura Artemisa Garc\u00eda Ch\u00e1vez,...\" \/>\n<meta property=\"og:url\" content=\"https:\/\/thepueblatimes.mx\/index.php\/2025\/10\/02\/congreso-fortalece-trabajo-a-traves-de-investigacion-y-colaboracion-de-juventudes-laura-artemisa\/\" \/>\n<meta property=\"og:site_name\" content=\"The Puebla Times\" \/>\n<meta property=\"article:published_time\" content=\"2025-10-02T21:12:45+00:00\" \/>\n<meta property=\"og:image\" content=\"https:\/\/thepueblatimes.mx\/wp-content\/uploads\/2025\/10\/WhatsApp-Image-2025-10-01-at-23.27.25-1.jpeg\" \/>\n\t<meta property=\"og:image:width\" content=\"1600\" \/>\n\t<meta property=\"og:image:height\" content=\"812\" \/>\n\t<meta property=\"og:image:type\" content=\"image\/jpeg\" \/>\n<meta name=\"author\" content=\"Sa\u00fal Hern\u00e1ndez\" \/>\n<meta name=\"twitter:card\" content=\"summary_large_image\" \/>\n<meta name=\"twitter:label1\" content=\"Escrito por\" \/>\n\t<meta name=\"twitter:data1\" content=\"Sa\u00fal Hern\u00e1ndez\" \/>\n\t<meta name=\"twitter:label2\" content=\"Tiempo de lectura\" \/>\n\t<meta name=\"twitter:data2\" content=\"2 minutos\" \/>\n<script type=\"application\/ld+json\" class=\"yoast-schema-graph\">{\"@context\":\"https:\/\/schema.org\",\"@graph\":[{\"@type\":\"WebPage\",\"@id\":\"https:\/\/thepueblatimes.mx\/index.php\/2025\/10\/02\/congreso-fortalece-trabajo-a-traves-de-investigacion-y-colaboracion-de-juventudes-laura-artemisa\/\",\"url\":\"https:\/\/thepueblatimes.mx\/index.php\/2025\/10\/02\/congreso-fortalece-trabajo-a-traves-de-investigacion-y-colaboracion-de-juventudes-laura-artemisa\/\",\"name\":\"Congreso fortalece trabajo a trav\u00e9s de investigaci\u00f3n y colaboraci\u00f3n de juventudes: Laura Artemisa - The Puebla Times\",\"isPartOf\":{\"@id\":\"https:\/\/thepueblatimes.mx\/#website\"},\"datePublished\":\"2025-10-02T21:12:45+00:00\",\"dateModified\":\"2025-10-02T21:12:45+00:00\",\"author\":{\"@id\":\"https:\/\/thepueblatimes.mx\/#\/schema\/person\/1664894c2f65ce2c7a08d8f5f905c13c\"},\"breadcrumb\":{\"@id\":\"https:\/\/thepueblatimes.mx\/index.php\/2025\/10\/02\/congreso-fortalece-trabajo-a-traves-de-investigacion-y-colaboracion-de-juventudes-laura-artemisa\/#breadcrumb\"},\"inLanguage\":\"es\",\"potentialAction\":[{\"@type\":\"ReadAction\",\"target\":[\"https:\/\/thepueblatimes.mx\/index.php\/2025\/10\/02\/congreso-fortalece-trabajo-a-traves-de-investigacion-y-colaboracion-de-juventudes-laura-artemisa\/\"]}]},{\"@type\":\"BreadcrumbList\",\"@id\":\"https:\/\/thepueblatimes.mx\/index.php\/2025\/10\/02\/congreso-fortalece-trabajo-a-traves-de-investigacion-y-colaboracion-de-juventudes-laura-artemisa\/#breadcrumb\",\"itemListElement\":[{\"@type\":\"ListItem\",\"position\":1,\"name\":\"Portada\",\"item\":\"https:\/\/thepueblatimes.mx\/\"},{\"@type\":\"ListItem\",\"position\":2,\"name\":\"Congreso fortalece trabajo a trav\u00e9s de investigaci\u00f3n y colaboraci\u00f3n de juventudes: Laura Artemisa\"}]},{\"@type\":\"WebSite\",\"@id\":\"https:\/\/thepueblatimes.mx\/#website\",\"url\":\"https:\/\/thepueblatimes.mx\/\",\"name\":\"The Puebla Times\",\"description\":\"Noticias del Estado de Puebla\",\"potentialAction\":[{\"@type\":\"SearchAction\",\"target\":{\"@type\":\"EntryPoint\",\"urlTemplate\":\"https:\/\/thepueblatimes.mx\/?s={search_term_string}\"},\"query-input\":\"required name=search_term_string\"}],\"inLanguage\":\"es\"},{\"@type\":\"Person\",\"@id\":\"https:\/\/thepueblatimes.mx\/#\/schema\/person\/1664894c2f65ce2c7a08d8f5f905c13c\",\"name\":\"Sa\u00fal Hern\u00e1ndez\",\"image\":{\"@type\":\"ImageObject\",\"inLanguage\":\"es\",\"@id\":\"https:\/\/thepueblatimes.mx\/#\/schema\/person\/image\/\",\"url\":\"https:\/\/secure.gravatar.com\/avatar\/11be338693f243309532caad8f10c930?s=96&d=mm&r=g\",\"contentUrl\":\"https:\/\/secure.gravatar.com\/avatar\/11be338693f243309532caad8f10c930?s=96&d=mm&r=g\",\"caption\":\"Sa\u00fal Hern\u00e1ndez\"},\"url\":\"https:\/\/thepueblatimes.mx\/index.php\/author\/saulhernandez\/\"}]}<\/script>\n<!-- \/ Yoast SEO plugin. -->","yoast_head_json":{"title":"Congreso fortalece trabajo a trav\u00e9s de investigaci\u00f3n y colaboraci\u00f3n de juventudes: Laura Artemisa - The Puebla Times","robots":{"index":"index","follow":"follow","max-snippet":"max-snippet:-1","max-image-preview":"max-image-preview:large","max-video-preview":"max-video-preview:-1"},"canonical":"https:\/\/thepueblatimes.mx\/index.php\/2025\/10\/02\/congreso-fortalece-trabajo-a-traves-de-investigacion-y-colaboracion-de-juventudes-laura-artemisa\/","og_locale":"es_ES","og_type":"article","og_title":"Congreso fortalece trabajo a trav\u00e9s de investigaci\u00f3n y colaboraci\u00f3n de juventudes: Laura Artemisa - The Puebla Times","og_description":"-Signan convenio de colaboraci\u00f3n con El Colegio de Puebla &nbsp; &nbsp; El Congreso del Estado firm\u00f3 un convenio de colaboraci\u00f3n con El Colegio de Puebla, en materia de investigaci\u00f3n, profesionalizaci\u00f3n y servicio social. &nbsp; Durante este evento, la presidenta de la Junta de Gobierno y Coordinaci\u00f3n Pol\u00edtica del Congreso del Estado, Laura Artemisa Garc\u00eda Ch\u00e1vez,...","og_url":"https:\/\/thepueblatimes.mx\/index.php\/2025\/10\/02\/congreso-fortalece-trabajo-a-traves-de-investigacion-y-colaboracion-de-juventudes-laura-artemisa\/","og_site_name":"The Puebla Times","article_published_time":"2025-10-02T21:12:45+00:00","og_image":[{"width":1600,"height":812,"url":"https:\/\/thepueblatimes.mx\/wp-content\/uploads\/2025\/10\/WhatsApp-Image-2025-10-01-at-23.27.25-1.jpeg","type":"image\/jpeg"}],"author":"Sa\u00fal Hern\u00e1ndez","twitter_card":"summary_large_image","twitter_misc":{"Escrito por":"Sa\u00fal Hern\u00e1ndez","Tiempo de lectura":"2 minutos"},"schema":{"@context":"https:\/\/schema.org","@graph":[{"@type":"WebPage","@id":"https:\/\/thepueblatimes.mx\/index.php\/2025\/10\/02\/congreso-fortalece-trabajo-a-traves-de-investigacion-y-colaboracion-de-juventudes-laura-artemisa\/","url":"https:\/\/thepueblatimes.mx\/index.php\/2025\/10\/02\/congreso-fortalece-trabajo-a-traves-de-investigacion-y-colaboracion-de-juventudes-laura-artemisa\/","name":"Congreso fortalece trabajo a trav\u00e9s de investigaci\u00f3n y colaboraci\u00f3n de juventudes: Laura Artemisa - The Puebla Times","isPartOf":{"@id":"https:\/\/thepueblatimes.mx\/#website"},"datePublished":"2025-10-02T21:12:45+00:00","dateModified":"2025-10-02T21:12:45+00:00","author":{"@id":"https:\/\/thepueblatimes.mx\/#\/schema\/person\/1664894c2f65ce2c7a08d8f5f905c13c"},"breadcrumb":{"@id":"https:\/\/thepueblatimes.mx\/index.php\/2025\/10\/02\/congreso-fortalece-trabajo-a-traves-de-investigacion-y-colaboracion-de-juventudes-laura-artemisa\/#breadcrumb"},"inLanguage":"es","potentialAction":[{"@type":"ReadAction","target":["https:\/\/thepueblatimes.mx\/index.php\/2025\/10\/02\/congreso-fortalece-trabajo-a-traves-de-investigacion-y-colaboracion-de-juventudes-laura-artemisa\/"]}]},{"@type":"BreadcrumbList","@id":"https:\/\/thepueblatimes.mx\/index.php\/2025\/10\/02\/congreso-fortalece-trabajo-a-traves-de-investigacion-y-colaboracion-de-juventudes-laura-artemisa\/#breadcrumb","itemListElement":[{"@type":"ListItem","position":1,"name":"Portada","item":"https:\/\/thepueblatimes.mx\/"},{"@type":"ListItem","position":2,"name":"Congreso fortalece trabajo a trav\u00e9s de investigaci\u00f3n y colaboraci\u00f3n de juventudes: Laura Artemisa"}]},{"@type":"WebSite","@id":"https:\/\/thepueblatimes.mx\/#website","url":"https:\/\/thepueblatimes.mx\/","name":"The Puebla Times","description":"Noticias del Estado de Puebla","potentialAction":[{"@type":"SearchAction","target":{"@type":"EntryPoint","urlTemplate":"https:\/\/thepueblatimes.mx\/?s={search_term_string}"},"query-input":"required name=search_term_string"}],"inLanguage":"es"},{"@type":"Person","@id":"https:\/\/thepueblatimes.mx\/#\/schema\/person\/1664894c2f65ce2c7a08d8f5f905c13c","name":"Sa\u00fal Hern\u00e1ndez","image":{"@type":"ImageObject","inLanguage":"es","@id":"https:\/\/thepueblatimes.mx\/#\/schema\/person\/image\/","url":"https:\/\/secure.gravatar.com\/avatar\/11be338693f243309532caad8f10c930?s=96&d=mm&r=g","contentUrl":"https:\/\/secure.gravatar.com\/avatar\/11be338693f243309532caad8f10c930?s=96&d=mm&r=g","caption":"Sa\u00fal Hern\u00e1ndez"},"url":"https:\/\/thepueblatimes.mx\/index.php\/author\/saulhernandez\/"}]}},"jetpack_featured_media_url":"https:\/\/thepueblatimes.mx\/wp-content\/uploads\/2025\/10\/WhatsApp-Image-2025-10-01-at-23.27.25-1.jpeg","_links":{"self":[{"href":"https:\/\/thepueblatimes.mx\/index.php\/wp-json\/wp\/v2\/posts\/33449"}],"collection":[{"href":"https:\/\/thepueblatimes.mx\/index.php\/wp-json\/wp\/v2\/posts"}],"about":[{"href":"https:\/\/thepueblatimes.mx\/index.php\/wp-json\/wp\/v2\/types\/post"}],"author":[{"embeddable":true,"href":"https:\/\/thepueblatimes.mx\/index.php\/wp-json\/wp\/v2\/users\/16"}],"replies":[{"embeddable":true,"href":"https:\/\/thepueblatimes.mx\/index.php\/wp-json\/wp\/v2\/comments?post=33449"}],"version-history":[{"count":1,"href":"https:\/\/thepueblatimes.mx\/index.php\/wp-json\/wp\/v2\/posts\/33449\/revisions"}],"predecessor-version":[{"id":33451,"href":"https:\/\/thepueblatimes.mx\/index.php\/wp-json\/wp\/v2\/posts\/33449\/revisions\/33451"}],"wp:featuredmedia":[{"embeddable":true,"href":"https:\/\/thepueblatimes.mx\/index.php\/wp-json\/wp\/v2\/media\/33450"}],"wp:attachment":[{"href":"https:\/\/thepueblatimes.mx\/index.php\/wp-json\/wp\/v2\/media?parent=33449"}],"wp:term":[{"taxonomy":"category","embeddable":true,"href":"https:\/\/thepueblatimes.mx\/index.php\/wp-json\/wp\/v2\/categories?post=33449"},{"taxonomy":"post_tag","embeddable":true,"href":"https:\/\/thepueblatimes.mx\/index.php\/wp-json\/wp\/v2\/tags?post=33449"}],"curies":[{"name":"wp","href":"https:\/\/api.w.org\/{rel}","templated":true}]}}