{"id":33446,"date":"2025-10-02T15:08:35","date_gmt":"2025-10-02T21:08:35","guid":{"rendered":"https:\/\/thepueblatimes.mx\/?p=33446"},"modified":"2025-10-02T15:08:35","modified_gmt":"2025-10-02T21:08:35","slug":"dif-puebla-capital-inicia-el-mes-rosa-con-jornada-de-salud-en-la-unidad-medica-integral","status":"publish","type":"post","link":"https:\/\/thepueblatimes.mx\/index.php\/2025\/10\/02\/dif-puebla-capital-inicia-el-mes-rosa-con-jornada-de-salud-en-la-unidad-medica-integral\/","title":{"rendered":"DIF Puebla Capital inicia el Mes Rosa con Jornada de Salud en la Unidad M\u00e9dica Integral"},"content":{"rendered":"<h3><em>\u2022Se brindaron m\u00e1s de 500 servicios entre mastograf\u00edas, ultrasonidos y laboratorios<\/em><\/h3>\n<p>Puebla, Puebla. \u2013 En el marco del Mes Rosa, la presidenta del Patronato del DIF Puebla Capital, MariElise Budib reforzar\u00e1 las campa\u00f1as de sensibilizaci\u00f3n entorno a la Lucha contra el C\u00e1ncer de Mama, para ello se realizar\u00e1n una serie de Jornadas de Servicios M\u00e9dicos Itinerantes que recorrer\u00e1n diferentes puntos de la Capital.<\/p>\n<p>Con estas acciones se busca atender a la poblaci\u00f3n con mayor vulnerabilidad en la Capital, al ofrecer estudios de mastograf\u00eda para la detecci\u00f3n del c\u00e1ncer de mama, estudios de ultrasonido y laboratorios; adem\u00e1s de consultas de medicina general, dental, psicol\u00f3gica, nutricional y afiliaci\u00f3n al programa M\u00e9dico Imparable.<\/p>\n<p>\u201cAlgo muy importante que queremos mencionar que no solamente realizamos el estudio de mastograf\u00eda, si no es suficiente para poder diagnosticar, realizamos un seguimiento con un estudio de ultrasonido complementario. Si es necesario y se requiere, tambi\u00e9n realizamos la toma de biopsia para el diagn\u00f3stico certero para determinar si la paciente cuenta con un tema de cancer\u201d se\u00f1al\u00f3 Migner Huerta, director de la Unidad M\u00e9dica Integral del SMDIF.<\/p>\n<p>Al respecto, Martha Mart\u00ednez, beneficiaria que se realiz\u00f3 su estudio de mastograf\u00eda y ultrasonido como seguimiento a las operaciones que previamente le han hecho, destac\u00f3 la buena atenci\u00f3n de parte del servicio m\u00e9dico del DIF Puebla Capital para la ejecuci\u00f3n de estos an\u00e1lisis de especialidad al ser totalmente gratuitos.<\/p>\n<p>Tan s\u00f3lo durante la primera Jornada de Salud de este mes, se realizaron poco m\u00e1s de 500 estudios entre mastografias, laboratorios y ultrasonidos, lo que representa un compromiso por parte de la actual administraci\u00f3n por seguir sensibilizando a la poblaci\u00f3n femenina para que se acerque a las unidades m\u00f3viles y se realice este tipo de estudios que pueden salvarle la vida.<\/p>\n<p>Al respecto, Martha Mart\u00ednez, beneficiaria que se realiz\u00f3 su estudio de mastograf\u00eda y ultrasonido como seguimiento a las operaciones que previamente le han hecho, destac\u00f3 la buena atenci\u00f3n de parte del servicio m\u00e9dico del DIF Puebla Capital para la ejecuci\u00f3n de estos an\u00e1lisis de especialidad al ser totalmente gratuitos.<\/p>\n<p>La pr\u00f3xima semana los Servicios M\u00e9dicos Itinerantes del Sistema Municipal DIF estar\u00e1n visitando los siguientes puntos de la Capital en un horario de 8:00 a 14:00 horas:<\/p>\n<p>\u2022 Lunes 6 de octubre, Infonavit San Ram\u00f3n, explanada del Tercer Andador de los Rosales<\/p>\n<p>\u2022 Martes 7 de octubre, Bosques de Manzanilla, sal\u00f3n \u00c1ngeles en calle Olivo no. 5013<\/p>\n<p>\u2022 Mi\u00e9rcoles 8 de octubre, Granjas de San Isidro, explanada tianguis en 14 sur esq. 93 oriente<\/p>\n<p>\u2022 Jueves 9 de octubre, Santa Margarita, Cemey en calle San Alfonso esq. Calle San Antonio<\/p>\n<p>\u2022 Viernes 10 de octubre, Naciones Unidas, en la cancha de baloncesto en 74 poniente esq. 5 norte<\/p>\n<p>Los requisitos son: comprobante de domicilio en Puebla Capital, credencial de elector y CURP. Para mayor informaci\u00f3n pueden comunicarse al 2 22 14 00 00 ext. 222<\/p>\n<p>De esta forma, el Gobierno de la Ciudad a trav\u00e9s del DIF Puebla Capital se suma a la Lucha contra el C\u00e1ncer de Mama enfocando sus esfuerzos en la prevenci\u00f3n y atenci\u00f3n oportuna de dicho padecimiento.<\/p>\n","protected":false},"excerpt":{"rendered":"<p>\u2022Se brindaron m\u00e1s de 500 servicios entre mastograf\u00edas, ultrasonidos y laboratorios Puebla, Puebla. \u2013 En el marco del Mes Rosa, la presidenta del Patronato del DIF Puebla Capital, MariElise Budib reforzar\u00e1 las campa\u00f1as de sensibilizaci\u00f3n entorno a la Lucha contra el C\u00e1ncer de Mama, para ello se realizar\u00e1n una serie de Jornadas de Servicios M\u00e9dicos&#8230;<\/p>\n","protected":false},"author":16,"featured_media":33447,"comment_status":"closed","ping_status":"closed","sticky":false,"template":"","format":"standard","meta":[],"categories":[20],"tags":[1287,2425,3074],"yoast_head":"<!-- This site is optimized with the Yoast SEO plugin v20.8 - https:\/\/yoast.com\/wordpress\/plugins\/seo\/ -->\n<title>DIF Puebla Capital inicia el Mes Rosa con Jornada de Salud en la Unidad M\u00e9dica Integral - The Puebla Times<\/title>\n<meta name=\"robots\" content=\"index, follow, max-snippet:-1, max-image-preview:large, max-video-preview:-1\" \/>\n<link rel=\"canonical\" href=\"https:\/\/thepueblatimes.mx\/index.php\/2025\/10\/02\/dif-puebla-capital-inicia-el-mes-rosa-con-jornada-de-salud-en-la-unidad-medica-integral\/\" \/>\n<meta property=\"og:locale\" content=\"es_ES\" \/>\n<meta property=\"og:type\" content=\"article\" \/>\n<meta property=\"og:title\" content=\"DIF Puebla Capital inicia el Mes Rosa con Jornada de Salud en la Unidad M\u00e9dica Integral - The Puebla Times\" \/>\n<meta property=\"og:description\" content=\"\u2022Se brindaron m\u00e1s de 500 servicios entre mastograf\u00edas, ultrasonidos y laboratorios Puebla, Puebla. \u2013 En el marco del Mes Rosa, la presidenta del Patronato del DIF Puebla Capital, MariElise Budib reforzar\u00e1 las campa\u00f1as de sensibilizaci\u00f3n entorno a la Lucha contra el C\u00e1ncer de Mama, para ello se realizar\u00e1n una serie de Jornadas de Servicios M\u00e9dicos...\" \/>\n<meta property=\"og:url\" content=\"https:\/\/thepueblatimes.mx\/index.php\/2025\/10\/02\/dif-puebla-capital-inicia-el-mes-rosa-con-jornada-de-salud-en-la-unidad-medica-integral\/\" \/>\n<meta property=\"og:site_name\" content=\"The Puebla Times\" \/>\n<meta property=\"article:published_time\" content=\"2025-10-02T21:08:35+00:00\" \/>\n<meta property=\"og:image\" content=\"https:\/\/thepueblatimes.mx\/wp-content\/uploads\/2025\/10\/WhatsApp-Image-2025-10-01-at-21.44.51.jpeg\" \/>\n\t<meta property=\"og:image:width\" content=\"1280\" \/>\n\t<meta property=\"og:image:height\" content=\"852\" \/>\n\t<meta property=\"og:image:type\" content=\"image\/jpeg\" \/>\n<meta name=\"author\" content=\"Sa\u00fal Hern\u00e1ndez\" \/>\n<meta name=\"twitter:card\" content=\"summary_large_image\" \/>\n<meta name=\"twitter:label1\" content=\"Escrito por\" \/>\n\t<meta name=\"twitter:data1\" content=\"Sa\u00fal Hern\u00e1ndez\" \/>\n\t<meta name=\"twitter:label2\" content=\"Tiempo de lectura\" \/>\n\t<meta name=\"twitter:data2\" content=\"3 minutos\" \/>\n<script type=\"application\/ld+json\" class=\"yoast-schema-graph\">{\"@context\":\"https:\/\/schema.org\",\"@graph\":[{\"@type\":\"WebPage\",\"@id\":\"https:\/\/thepueblatimes.mx\/index.php\/2025\/10\/02\/dif-puebla-capital-inicia-el-mes-rosa-con-jornada-de-salud-en-la-unidad-medica-integral\/\",\"url\":\"https:\/\/thepueblatimes.mx\/index.php\/2025\/10\/02\/dif-puebla-capital-inicia-el-mes-rosa-con-jornada-de-salud-en-la-unidad-medica-integral\/\",\"name\":\"DIF Puebla Capital inicia el Mes Rosa con Jornada de Salud en la Unidad M\u00e9dica Integral - The Puebla Times\",\"isPartOf\":{\"@id\":\"https:\/\/thepueblatimes.mx\/#website\"},\"datePublished\":\"2025-10-02T21:08:35+00:00\",\"dateModified\":\"2025-10-02T21:08:35+00:00\",\"author\":{\"@id\":\"https:\/\/thepueblatimes.mx\/#\/schema\/person\/1664894c2f65ce2c7a08d8f5f905c13c\"},\"breadcrumb\":{\"@id\":\"https:\/\/thepueblatimes.mx\/index.php\/2025\/10\/02\/dif-puebla-capital-inicia-el-mes-rosa-con-jornada-de-salud-en-la-unidad-medica-integral\/#breadcrumb\"},\"inLanguage\":\"es\",\"potentialAction\":[{\"@type\":\"ReadAction\",\"target\":[\"https:\/\/thepueblatimes.mx\/index.php\/2025\/10\/02\/dif-puebla-capital-inicia-el-mes-rosa-con-jornada-de-salud-en-la-unidad-medica-integral\/\"]}]},{\"@type\":\"BreadcrumbList\",\"@id\":\"https:\/\/thepueblatimes.mx\/index.php\/2025\/10\/02\/dif-puebla-capital-inicia-el-mes-rosa-con-jornada-de-salud-en-la-unidad-medica-integral\/#breadcrumb\",\"itemListElement\":[{\"@type\":\"ListItem\",\"position\":1,\"name\":\"Portada\",\"item\":\"https:\/\/thepueblatimes.mx\/\"},{\"@type\":\"ListItem\",\"position\":2,\"name\":\"DIF Puebla Capital inicia el Mes Rosa con Jornada de Salud en la Unidad M\u00e9dica Integral\"}]},{\"@type\":\"WebSite\",\"@id\":\"https:\/\/thepueblatimes.mx\/#website\",\"url\":\"https:\/\/thepueblatimes.mx\/\",\"name\":\"The Puebla Times\",\"description\":\"Noticias del Estado de Puebla\",\"potentialAction\":[{\"@type\":\"SearchAction\",\"target\":{\"@type\":\"EntryPoint\",\"urlTemplate\":\"https:\/\/thepueblatimes.mx\/?s={search_term_string}\"},\"query-input\":\"required name=search_term_string\"}],\"inLanguage\":\"es\"},{\"@type\":\"Person\",\"@id\":\"https:\/\/thepueblatimes.mx\/#\/schema\/person\/1664894c2f65ce2c7a08d8f5f905c13c\",\"name\":\"Sa\u00fal Hern\u00e1ndez\",\"image\":{\"@type\":\"ImageObject\",\"inLanguage\":\"es\",\"@id\":\"https:\/\/thepueblatimes.mx\/#\/schema\/person\/image\/\",\"url\":\"https:\/\/secure.gravatar.com\/avatar\/11be338693f243309532caad8f10c930?s=96&d=mm&r=g\",\"contentUrl\":\"https:\/\/secure.gravatar.com\/avatar\/11be338693f243309532caad8f10c930?s=96&d=mm&r=g\",\"caption\":\"Sa\u00fal Hern\u00e1ndez\"},\"url\":\"https:\/\/thepueblatimes.mx\/index.php\/author\/saulhernandez\/\"}]}<\/script>\n<!-- \/ Yoast SEO plugin. -->","yoast_head_json":{"title":"DIF Puebla Capital inicia el Mes Rosa con Jornada de Salud en la Unidad M\u00e9dica Integral - The Puebla Times","robots":{"index":"index","follow":"follow","max-snippet":"max-snippet:-1","max-image-preview":"max-image-preview:large","max-video-preview":"max-video-preview:-1"},"canonical":"https:\/\/thepueblatimes.mx\/index.php\/2025\/10\/02\/dif-puebla-capital-inicia-el-mes-rosa-con-jornada-de-salud-en-la-unidad-medica-integral\/","og_locale":"es_ES","og_type":"article","og_title":"DIF Puebla Capital inicia el Mes Rosa con Jornada de Salud en la Unidad M\u00e9dica Integral - The Puebla Times","og_description":"\u2022Se brindaron m\u00e1s de 500 servicios entre mastograf\u00edas, ultrasonidos y laboratorios Puebla, Puebla. \u2013 En el marco del Mes Rosa, la presidenta del Patronato del DIF Puebla Capital, MariElise Budib reforzar\u00e1 las campa\u00f1as de sensibilizaci\u00f3n entorno a la Lucha contra el C\u00e1ncer de Mama, para ello se realizar\u00e1n una serie de Jornadas de Servicios M\u00e9dicos...","og_url":"https:\/\/thepueblatimes.mx\/index.php\/2025\/10\/02\/dif-puebla-capital-inicia-el-mes-rosa-con-jornada-de-salud-en-la-unidad-medica-integral\/","og_site_name":"The Puebla Times","article_published_time":"2025-10-02T21:08:35+00:00","og_image":[{"width":1280,"height":852,"url":"https:\/\/thepueblatimes.mx\/wp-content\/uploads\/2025\/10\/WhatsApp-Image-2025-10-01-at-21.44.51.jpeg","type":"image\/jpeg"}],"author":"Sa\u00fal Hern\u00e1ndez","twitter_card":"summary_large_image","twitter_misc":{"Escrito por":"Sa\u00fal Hern\u00e1ndez","Tiempo de lectura":"3 minutos"},"schema":{"@context":"https:\/\/schema.org","@graph":[{"@type":"WebPage","@id":"https:\/\/thepueblatimes.mx\/index.php\/2025\/10\/02\/dif-puebla-capital-inicia-el-mes-rosa-con-jornada-de-salud-en-la-unidad-medica-integral\/","url":"https:\/\/thepueblatimes.mx\/index.php\/2025\/10\/02\/dif-puebla-capital-inicia-el-mes-rosa-con-jornada-de-salud-en-la-unidad-medica-integral\/","name":"DIF Puebla Capital inicia el Mes Rosa con Jornada de Salud en la Unidad M\u00e9dica Integral - The Puebla Times","isPartOf":{"@id":"https:\/\/thepueblatimes.mx\/#website"},"datePublished":"2025-10-02T21:08:35+00:00","dateModified":"2025-10-02T21:08:35+00:00","author":{"@id":"https:\/\/thepueblatimes.mx\/#\/schema\/person\/1664894c2f65ce2c7a08d8f5f905c13c"},"breadcrumb":{"@id":"https:\/\/thepueblatimes.mx\/index.php\/2025\/10\/02\/dif-puebla-capital-inicia-el-mes-rosa-con-jornada-de-salud-en-la-unidad-medica-integral\/#breadcrumb"},"inLanguage":"es","potentialAction":[{"@type":"ReadAction","target":["https:\/\/thepueblatimes.mx\/index.php\/2025\/10\/02\/dif-puebla-capital-inicia-el-mes-rosa-con-jornada-de-salud-en-la-unidad-medica-integral\/"]}]},{"@type":"BreadcrumbList","@id":"https:\/\/thepueblatimes.mx\/index.php\/2025\/10\/02\/dif-puebla-capital-inicia-el-mes-rosa-con-jornada-de-salud-en-la-unidad-medica-integral\/#breadcrumb","itemListElement":[{"@type":"ListItem","position":1,"name":"Portada","item":"https:\/\/thepueblatimes.mx\/"},{"@type":"ListItem","position":2,"name":"DIF Puebla Capital inicia el Mes Rosa con Jornada de Salud en la Unidad M\u00e9dica Integral"}]},{"@type":"WebSite","@id":"https:\/\/thepueblatimes.mx\/#website","url":"https:\/\/thepueblatimes.mx\/","name":"The Puebla Times","description":"Noticias del Estado de Puebla","potentialAction":[{"@type":"SearchAction","target":{"@type":"EntryPoint","urlTemplate":"https:\/\/thepueblatimes.mx\/?s={search_term_string}"},"query-input":"required name=search_term_string"}],"inLanguage":"es"},{"@type":"Person","@id":"https:\/\/thepueblatimes.mx\/#\/schema\/person\/1664894c2f65ce2c7a08d8f5f905c13c","name":"Sa\u00fal Hern\u00e1ndez","image":{"@type":"ImageObject","inLanguage":"es","@id":"https:\/\/thepueblatimes.mx\/#\/schema\/person\/image\/","url":"https:\/\/secure.gravatar.com\/avatar\/11be338693f243309532caad8f10c930?s=96&d=mm&r=g","contentUrl":"https:\/\/secure.gravatar.com\/avatar\/11be338693f243309532caad8f10c930?s=96&d=mm&r=g","caption":"Sa\u00fal Hern\u00e1ndez"},"url":"https:\/\/thepueblatimes.mx\/index.php\/author\/saulhernandez\/"}]}},"jetpack_featured_media_url":"https:\/\/thepueblatimes.mx\/wp-content\/uploads\/2025\/10\/WhatsApp-Image-2025-10-01-at-21.44.51.jpeg","_links":{"self":[{"href":"https:\/\/thepueblatimes.mx\/index.php\/wp-json\/wp\/v2\/posts\/33446"}],"collection":[{"href":"https:\/\/thepueblatimes.mx\/index.php\/wp-json\/wp\/v2\/posts"}],"about":[{"href":"https:\/\/thepueblatimes.mx\/index.php\/wp-json\/wp\/v2\/types\/post"}],"author":[{"embeddable":true,"href":"https:\/\/thepueblatimes.mx\/index.php\/wp-json\/wp\/v2\/users\/16"}],"replies":[{"embeddable":true,"href":"https:\/\/thepueblatimes.mx\/index.php\/wp-json\/wp\/v2\/comments?post=33446"}],"version-history":[{"count":1,"href":"https:\/\/thepueblatimes.mx\/index.php\/wp-json\/wp\/v2\/posts\/33446\/revisions"}],"predecessor-version":[{"id":33448,"href":"https:\/\/thepueblatimes.mx\/index.php\/wp-json\/wp\/v2\/posts\/33446\/revisions\/33448"}],"wp:featuredmedia":[{"embeddable":true,"href":"https:\/\/thepueblatimes.mx\/index.php\/wp-json\/wp\/v2\/media\/33447"}],"wp:attachment":[{"href":"https:\/\/thepueblatimes.mx\/index.php\/wp-json\/wp\/v2\/media?parent=33446"}],"wp:term":[{"taxonomy":"category","embeddable":true,"href":"https:\/\/thepueblatimes.mx\/index.php\/wp-json\/wp\/v2\/categories?post=33446"},{"taxonomy":"post_tag","embeddable":true,"href":"https:\/\/thepueblatimes.mx\/index.php\/wp-json\/wp\/v2\/tags?post=33446"}],"curies":[{"name":"wp","href":"https:\/\/api.w.org\/{rel}","templated":true}]}}