{"id":3337,"date":"2020-09-02T17:50:55","date_gmt":"2020-09-02T22:50:55","guid":{"rendered":"https:\/\/thepueblatimes.mx\/?p=3337"},"modified":"2020-09-02T17:50:55","modified_gmt":"2020-09-02T22:50:55","slug":"ultima-hora-fallece-wanda-seux-iconica-vedette-y-actriz-del-cine-mexicano","status":"publish","type":"post","link":"https:\/\/thepueblatimes.mx\/index.php\/2020\/09\/02\/ultima-hora-fallece-wanda-seux-iconica-vedette-y-actriz-del-cine-mexicano\/","title":{"rendered":"\u00daLTIMA HORA | Fallece Wanda Seux, ic\u00f3nica vedette y actriz del cine mexicano"},"content":{"rendered":"<p>El mundo del espect\u00e1culo en M\u00e9xico est\u00e1 de luto, pues Wanda Seux, una de las m\u00e1s grandes, reconocidas y glamourosas vedette en M\u00e9xico, falleci\u00f3 a los 72 a\u00f1os.<\/p>\n<p>La guapa y talentosa mujer, debido a su edad, desde hace tiempo padec\u00eda algunos problemas de salud, como la infecci\u00f3n pulmonar que le tuvo hospitalizada en diciembre pasado.<\/p>\n<h3><strong>Un poquito de su vida y trayectoria<\/strong><\/h3>\n<p>Juana Amanda Seux Ram\u00edrez, naci\u00f3 el 3 de enero de 1948 en Paraguay, aunque desde joven se mud\u00f3 a Argentina.<\/p>\n<p>La \u00abBomba de Oro\u00bb, como se le conoc\u00eda en el medio, era poseedora de una gran belleza que le motivo a ser modelo en distintos festivales y eventos escolares.<\/p>\n<p>Model\u00f3 de manera profesional mientras estudiaba para ser maestra de ingl\u00e9s.<\/p>\n<p>Su debut en el cine fue en 1978 en la pel\u00edcula \u2018El arracadas\u2019, que fue protagonizada por Vicente Fern\u00e1ndez.<\/p>\n<p>Tambi\u00e9n trabajo con artistas como Sasha Montenegro, Andr\u00e9s Garc\u00eda, Lalo \u2018El Mimo\u2019 o Mar\u00eda Victoria.<\/p>\n","protected":false},"excerpt":{"rendered":"<p>El mundo del espect\u00e1culo en M\u00e9xico est\u00e1 de luto, pues Wanda Seux, una de las m\u00e1s grandes, reconocidas y glamourosas vedette en M\u00e9xico, falleci\u00f3 a los 72 a\u00f1os. La guapa y talentosa mujer, debido a su edad, desde hace tiempo padec\u00eda algunos problemas de salud, como la infecci\u00f3n pulmonar que le tuvo hospitalizada en diciembre&#8230;<\/p>\n","protected":false},"author":4,"featured_media":3338,"comment_status":"open","ping_status":"open","sticky":false,"template":"","format":"standard","meta":[],"categories":[9],"tags":[],"yoast_head":"<!-- This site is optimized with the Yoast SEO plugin v20.8 - https:\/\/yoast.com\/wordpress\/plugins\/seo\/ -->\n<title>\u00daLTIMA HORA | Fallece Wanda Seux, ic\u00f3nica vedette y actriz del cine mexicano - The Puebla Times<\/title>\n<meta name=\"robots\" content=\"index, follow, max-snippet:-1, max-image-preview:large, max-video-preview:-1\" \/>\n<link rel=\"canonical\" href=\"https:\/\/thepueblatimes.mx\/index.php\/2020\/09\/02\/ultima-hora-fallece-wanda-seux-iconica-vedette-y-actriz-del-cine-mexicano\/\" \/>\n<meta property=\"og:locale\" content=\"es_ES\" \/>\n<meta property=\"og:type\" content=\"article\" \/>\n<meta property=\"og:title\" content=\"\u00daLTIMA HORA | Fallece Wanda Seux, ic\u00f3nica vedette y actriz del cine mexicano - The Puebla Times\" \/>\n<meta property=\"og:description\" content=\"El mundo del espect\u00e1culo en M\u00e9xico est\u00e1 de luto, pues Wanda Seux, una de las m\u00e1s grandes, reconocidas y glamourosas vedette en M\u00e9xico, falleci\u00f3 a los 72 a\u00f1os. La guapa y talentosa mujer, debido a su edad, desde hace tiempo padec\u00eda algunos problemas de salud, como la infecci\u00f3n pulmonar que le tuvo hospitalizada en diciembre...\" \/>\n<meta property=\"og:url\" content=\"https:\/\/thepueblatimes.mx\/index.php\/2020\/09\/02\/ultima-hora-fallece-wanda-seux-iconica-vedette-y-actriz-del-cine-mexicano\/\" \/>\n<meta property=\"og:site_name\" content=\"The Puebla Times\" \/>\n<meta property=\"article:published_time\" content=\"2020-09-02T22:50:55+00:00\" \/>\n<meta property=\"og:image\" content=\"https:\/\/thepueblatimes.mx\/wp-content\/uploads\/2020\/09\/Screenshot-2020-09-02-at-17.50.03.png\" \/>\n\t<meta property=\"og:image:width\" content=\"884\" \/>\n\t<meta property=\"og:image:height\" content=\"495\" \/>\n\t<meta property=\"og:image:type\" content=\"image\/png\" \/>\n<meta name=\"author\" content=\"Marcos Guevara\" \/>\n<meta name=\"twitter:card\" content=\"summary_large_image\" \/>\n<meta name=\"twitter:label1\" content=\"Escrito por\" \/>\n\t<meta name=\"twitter:data1\" content=\"Marcos Guevara\" \/>\n\t<meta name=\"twitter:label2\" content=\"Tiempo de lectura\" \/>\n\t<meta name=\"twitter:data2\" content=\"1 minuto\" \/>\n<script type=\"application\/ld+json\" class=\"yoast-schema-graph\">{\"@context\":\"https:\/\/schema.org\",\"@graph\":[{\"@type\":\"WebPage\",\"@id\":\"https:\/\/thepueblatimes.mx\/index.php\/2020\/09\/02\/ultima-hora-fallece-wanda-seux-iconica-vedette-y-actriz-del-cine-mexicano\/\",\"url\":\"https:\/\/thepueblatimes.mx\/index.php\/2020\/09\/02\/ultima-hora-fallece-wanda-seux-iconica-vedette-y-actriz-del-cine-mexicano\/\",\"name\":\"\u00daLTIMA HORA | Fallece Wanda Seux, ic\u00f3nica vedette y actriz del cine mexicano - The Puebla Times\",\"isPartOf\":{\"@id\":\"https:\/\/thepueblatimes.mx\/#website\"},\"datePublished\":\"2020-09-02T22:50:55+00:00\",\"dateModified\":\"2020-09-02T22:50:55+00:00\",\"author\":{\"@id\":\"https:\/\/thepueblatimes.mx\/#\/schema\/person\/adbf065ee889f68194977e3499c4a51e\"},\"breadcrumb\":{\"@id\":\"https:\/\/thepueblatimes.mx\/index.php\/2020\/09\/02\/ultima-hora-fallece-wanda-seux-iconica-vedette-y-actriz-del-cine-mexicano\/#breadcrumb\"},\"inLanguage\":\"es\",\"potentialAction\":[{\"@type\":\"ReadAction\",\"target\":[\"https:\/\/thepueblatimes.mx\/index.php\/2020\/09\/02\/ultima-hora-fallece-wanda-seux-iconica-vedette-y-actriz-del-cine-mexicano\/\"]}]},{\"@type\":\"BreadcrumbList\",\"@id\":\"https:\/\/thepueblatimes.mx\/index.php\/2020\/09\/02\/ultima-hora-fallece-wanda-seux-iconica-vedette-y-actriz-del-cine-mexicano\/#breadcrumb\",\"itemListElement\":[{\"@type\":\"ListItem\",\"position\":1,\"name\":\"Portada\",\"item\":\"https:\/\/thepueblatimes.mx\/\"},{\"@type\":\"ListItem\",\"position\":2,\"name\":\"\u00daLTIMA HORA | Fallece Wanda Seux, ic\u00f3nica vedette y actriz del cine mexicano\"}]},{\"@type\":\"WebSite\",\"@id\":\"https:\/\/thepueblatimes.mx\/#website\",\"url\":\"https:\/\/thepueblatimes.mx\/\",\"name\":\"The Puebla Times\",\"description\":\"Noticias del Estado de Puebla\",\"potentialAction\":[{\"@type\":\"SearchAction\",\"target\":{\"@type\":\"EntryPoint\",\"urlTemplate\":\"https:\/\/thepueblatimes.mx\/?s={search_term_string}\"},\"query-input\":\"required name=search_term_string\"}],\"inLanguage\":\"es\"},{\"@type\":\"Person\",\"@id\":\"https:\/\/thepueblatimes.mx\/#\/schema\/person\/adbf065ee889f68194977e3499c4a51e\",\"name\":\"Marcos Guevara\",\"image\":{\"@type\":\"ImageObject\",\"inLanguage\":\"es\",\"@id\":\"https:\/\/thepueblatimes.mx\/#\/schema\/person\/image\/\",\"url\":\"https:\/\/secure.gravatar.com\/avatar\/c5d5853d70a8cf178bdfd28c1b8cdcdd?s=96&d=mm&r=g\",\"contentUrl\":\"https:\/\/secure.gravatar.com\/avatar\/c5d5853d70a8cf178bdfd28c1b8cdcdd?s=96&d=mm&r=g\",\"caption\":\"Marcos Guevara\"},\"url\":\"https:\/\/thepueblatimes.mx\/index.php\/author\/marcos-guevara\/\"}]}<\/script>\n<!-- \/ Yoast SEO plugin. -->","yoast_head_json":{"title":"\u00daLTIMA HORA | Fallece Wanda Seux, ic\u00f3nica vedette y actriz del cine mexicano - The Puebla Times","robots":{"index":"index","follow":"follow","max-snippet":"max-snippet:-1","max-image-preview":"max-image-preview:large","max-video-preview":"max-video-preview:-1"},"canonical":"https:\/\/thepueblatimes.mx\/index.php\/2020\/09\/02\/ultima-hora-fallece-wanda-seux-iconica-vedette-y-actriz-del-cine-mexicano\/","og_locale":"es_ES","og_type":"article","og_title":"\u00daLTIMA HORA | Fallece Wanda Seux, ic\u00f3nica vedette y actriz del cine mexicano - The Puebla Times","og_description":"El mundo del espect\u00e1culo en M\u00e9xico est\u00e1 de luto, pues Wanda Seux, una de las m\u00e1s grandes, reconocidas y glamourosas vedette en M\u00e9xico, falleci\u00f3 a los 72 a\u00f1os. La guapa y talentosa mujer, debido a su edad, desde hace tiempo padec\u00eda algunos problemas de salud, como la infecci\u00f3n pulmonar que le tuvo hospitalizada en diciembre...","og_url":"https:\/\/thepueblatimes.mx\/index.php\/2020\/09\/02\/ultima-hora-fallece-wanda-seux-iconica-vedette-y-actriz-del-cine-mexicano\/","og_site_name":"The Puebla Times","article_published_time":"2020-09-02T22:50:55+00:00","og_image":[{"width":884,"height":495,"url":"https:\/\/thepueblatimes.mx\/wp-content\/uploads\/2020\/09\/Screenshot-2020-09-02-at-17.50.03.png","type":"image\/png"}],"author":"Marcos Guevara","twitter_card":"summary_large_image","twitter_misc":{"Escrito por":"Marcos Guevara","Tiempo de lectura":"1 minuto"},"schema":{"@context":"https:\/\/schema.org","@graph":[{"@type":"WebPage","@id":"https:\/\/thepueblatimes.mx\/index.php\/2020\/09\/02\/ultima-hora-fallece-wanda-seux-iconica-vedette-y-actriz-del-cine-mexicano\/","url":"https:\/\/thepueblatimes.mx\/index.php\/2020\/09\/02\/ultima-hora-fallece-wanda-seux-iconica-vedette-y-actriz-del-cine-mexicano\/","name":"\u00daLTIMA HORA | Fallece Wanda Seux, ic\u00f3nica vedette y actriz del cine mexicano - The Puebla Times","isPartOf":{"@id":"https:\/\/thepueblatimes.mx\/#website"},"datePublished":"2020-09-02T22:50:55+00:00","dateModified":"2020-09-02T22:50:55+00:00","author":{"@id":"https:\/\/thepueblatimes.mx\/#\/schema\/person\/adbf065ee889f68194977e3499c4a51e"},"breadcrumb":{"@id":"https:\/\/thepueblatimes.mx\/index.php\/2020\/09\/02\/ultima-hora-fallece-wanda-seux-iconica-vedette-y-actriz-del-cine-mexicano\/#breadcrumb"},"inLanguage":"es","potentialAction":[{"@type":"ReadAction","target":["https:\/\/thepueblatimes.mx\/index.php\/2020\/09\/02\/ultima-hora-fallece-wanda-seux-iconica-vedette-y-actriz-del-cine-mexicano\/"]}]},{"@type":"BreadcrumbList","@id":"https:\/\/thepueblatimes.mx\/index.php\/2020\/09\/02\/ultima-hora-fallece-wanda-seux-iconica-vedette-y-actriz-del-cine-mexicano\/#breadcrumb","itemListElement":[{"@type":"ListItem","position":1,"name":"Portada","item":"https:\/\/thepueblatimes.mx\/"},{"@type":"ListItem","position":2,"name":"\u00daLTIMA HORA | Fallece Wanda Seux, ic\u00f3nica vedette y actriz del cine mexicano"}]},{"@type":"WebSite","@id":"https:\/\/thepueblatimes.mx\/#website","url":"https:\/\/thepueblatimes.mx\/","name":"The Puebla Times","description":"Noticias del Estado de Puebla","potentialAction":[{"@type":"SearchAction","target":{"@type":"EntryPoint","urlTemplate":"https:\/\/thepueblatimes.mx\/?s={search_term_string}"},"query-input":"required name=search_term_string"}],"inLanguage":"es"},{"@type":"Person","@id":"https:\/\/thepueblatimes.mx\/#\/schema\/person\/adbf065ee889f68194977e3499c4a51e","name":"Marcos Guevara","image":{"@type":"ImageObject","inLanguage":"es","@id":"https:\/\/thepueblatimes.mx\/#\/schema\/person\/image\/","url":"https:\/\/secure.gravatar.com\/avatar\/c5d5853d70a8cf178bdfd28c1b8cdcdd?s=96&d=mm&r=g","contentUrl":"https:\/\/secure.gravatar.com\/avatar\/c5d5853d70a8cf178bdfd28c1b8cdcdd?s=96&d=mm&r=g","caption":"Marcos Guevara"},"url":"https:\/\/thepueblatimes.mx\/index.php\/author\/marcos-guevara\/"}]}},"jetpack_featured_media_url":"https:\/\/thepueblatimes.mx\/wp-content\/uploads\/2020\/09\/Screenshot-2020-09-02-at-17.50.03.png","_links":{"self":[{"href":"https:\/\/thepueblatimes.mx\/index.php\/wp-json\/wp\/v2\/posts\/3337"}],"collection":[{"href":"https:\/\/thepueblatimes.mx\/index.php\/wp-json\/wp\/v2\/posts"}],"about":[{"href":"https:\/\/thepueblatimes.mx\/index.php\/wp-json\/wp\/v2\/types\/post"}],"author":[{"embeddable":true,"href":"https:\/\/thepueblatimes.mx\/index.php\/wp-json\/wp\/v2\/users\/4"}],"replies":[{"embeddable":true,"href":"https:\/\/thepueblatimes.mx\/index.php\/wp-json\/wp\/v2\/comments?post=3337"}],"version-history":[{"count":1,"href":"https:\/\/thepueblatimes.mx\/index.php\/wp-json\/wp\/v2\/posts\/3337\/revisions"}],"predecessor-version":[{"id":3339,"href":"https:\/\/thepueblatimes.mx\/index.php\/wp-json\/wp\/v2\/posts\/3337\/revisions\/3339"}],"wp:featuredmedia":[{"embeddable":true,"href":"https:\/\/thepueblatimes.mx\/index.php\/wp-json\/wp\/v2\/media\/3338"}],"wp:attachment":[{"href":"https:\/\/thepueblatimes.mx\/index.php\/wp-json\/wp\/v2\/media?parent=3337"}],"wp:term":[{"taxonomy":"category","embeddable":true,"href":"https:\/\/thepueblatimes.mx\/index.php\/wp-json\/wp\/v2\/categories?post=3337"},{"taxonomy":"post_tag","embeddable":true,"href":"https:\/\/thepueblatimes.mx\/index.php\/wp-json\/wp\/v2\/tags?post=3337"}],"curies":[{"name":"wp","href":"https:\/\/api.w.org\/{rel}","templated":true}]}}