{"id":33356,"date":"2025-09-28T20:38:00","date_gmt":"2025-09-29T02:38:00","guid":{"rendered":"https:\/\/thepueblatimes.mx\/?p=33356"},"modified":"2025-09-28T20:38:00","modified_gmt":"2025-09-29T02:38:00","slug":"rinde-protesta-laura-artemisa-garcia-como-tejedora-de-la-patria","status":"publish","type":"post","link":"https:\/\/thepueblatimes.mx\/index.php\/2025\/09\/28\/rinde-protesta-laura-artemisa-garcia-como-tejedora-de-la-patria\/","title":{"rendered":"Rinde protesta Laura Artemisa Garc\u00eda como Tejedora de la Patria"},"content":{"rendered":"<p>La presidenta de la Junta de Gobierno y Coordinaci\u00f3n Pol\u00edtica del Congreso del Estado de Puebla, Laura Artemisa Garc\u00eda Ch\u00e1vez, rindi\u00f3 protesta junto con cientos de mujeres, como Tejedora de la Patria por Amor a Puebla.<\/p>\n<p>&nbsp;<\/p>\n<p>En el evento encabezado por la secretaria de la Mujer, Citlalli Hern\u00e1ndez Mora,\u00a0 y el gobernador Alejandro Armenta, cientos de mujeres se sumaron con responsabilidad y compromiso a esta tarea que est\u00e1 orientada a fortalecer la presencia de las mujeres y el reconocimiento a su potencial.<\/p>\n<p>&nbsp;<\/p>\n<p>La funcionaria federal indic\u00f3 que \u00e9sta es la primera toma de protesta de Tejedoras de la Patria a nivel nacional y tiene como objetivo reconocer que M\u00e9xico se sostiene en gran parte por lo que hacen las mujeres en el hogar, por su familia y a favor de su comunidad.<\/p>\n<p>&nbsp;<\/p>\n<p>Tras pedir a las Tejedoras de la Patria que fortalezcan la participaci\u00f3n de las mujeres, fomenten la organizaci\u00f3n y construyan redes de apoyo en favor de otras, Citlalli Hern\u00e1ndez reconoci\u00f3 el trabajo del gobernador Alejandro Armenta e indic\u00f3 que Puebla es ejemplo de coordinaci\u00f3n entre federaci\u00f3n, estado y municipios.<\/p>\n<p>&nbsp;<\/p>\n<p>Por su parte, el mandatario poblano mencion\u00f3 que su administraci\u00f3n ha mostrado con hechos el trabajo a favor de las mujeres con acciones como los Centros Libres, las Casas Carmen Serd\u00e1n y que, de las cinco mil obras comunitarias, en la mayor\u00eda las presidentas son mujeres y en todas ellas son las tesoreras.<\/p>\n<p>&nbsp;<\/p>\n<p>Tambi\u00e9n tomaron protesta como Tejedoras de la Patria las diputadas Norma Estela Pimentel, Gabriela Chumacero Rodr\u00edguez,\u00a0 Mar\u00eda Fernanda de la Barreda Angon, Xel Arianna Hern\u00e1ndez Garc\u00eda y Ang\u00e9lica Alvarado Ju\u00e1rez.<\/p>\n","protected":false},"excerpt":{"rendered":"<p>La presidenta de la Junta de Gobierno y Coordinaci\u00f3n Pol\u00edtica del Congreso del Estado de Puebla, Laura Artemisa Garc\u00eda Ch\u00e1vez, rindi\u00f3 protesta junto con cientos de mujeres, como Tejedora de la Patria por Amor a Puebla. &nbsp; En el evento encabezado por la secretaria de la Mujer, Citlalli Hern\u00e1ndez Mora,\u00a0 y el gobernador Alejandro Armenta,&#8230;<\/p>\n","protected":false},"author":16,"featured_media":33357,"comment_status":"closed","ping_status":"closed","sticky":false,"template":"","format":"standard","meta":[],"categories":[3],"tags":[1480,1271,3184],"yoast_head":"<!-- This site is optimized with the Yoast SEO plugin v20.8 - https:\/\/yoast.com\/wordpress\/plugins\/seo\/ -->\n<title>Rinde protesta Laura Artemisa Garc\u00eda como Tejedora de la Patria - The Puebla Times<\/title>\n<meta name=\"robots\" content=\"index, follow, max-snippet:-1, max-image-preview:large, max-video-preview:-1\" \/>\n<link rel=\"canonical\" href=\"https:\/\/thepueblatimes.mx\/index.php\/2025\/09\/28\/rinde-protesta-laura-artemisa-garcia-como-tejedora-de-la-patria\/\" \/>\n<meta property=\"og:locale\" content=\"es_ES\" \/>\n<meta property=\"og:type\" content=\"article\" \/>\n<meta property=\"og:title\" content=\"Rinde protesta Laura Artemisa Garc\u00eda como Tejedora de la Patria - The Puebla Times\" \/>\n<meta property=\"og:description\" content=\"La presidenta de la Junta de Gobierno y Coordinaci\u00f3n Pol\u00edtica del Congreso del Estado de Puebla, Laura Artemisa Garc\u00eda Ch\u00e1vez, rindi\u00f3 protesta junto con cientos de mujeres, como Tejedora de la Patria por Amor a Puebla. &nbsp; En el evento encabezado por la secretaria de la Mujer, Citlalli Hern\u00e1ndez Mora,\u00a0 y el gobernador Alejandro Armenta,...\" \/>\n<meta property=\"og:url\" content=\"https:\/\/thepueblatimes.mx\/index.php\/2025\/09\/28\/rinde-protesta-laura-artemisa-garcia-como-tejedora-de-la-patria\/\" \/>\n<meta property=\"og:site_name\" content=\"The Puebla Times\" \/>\n<meta property=\"article:published_time\" content=\"2025-09-29T02:38:00+00:00\" \/>\n<meta property=\"og:image\" content=\"https:\/\/thepueblatimes.mx\/wp-content\/uploads\/2025\/09\/WhatsApp-Image-2025-09-28-at-17.36.30.jpeg\" \/>\n\t<meta property=\"og:image:width\" content=\"1280\" \/>\n\t<meta property=\"og:image:height\" content=\"853\" \/>\n\t<meta property=\"og:image:type\" content=\"image\/jpeg\" \/>\n<meta name=\"author\" content=\"Sa\u00fal Hern\u00e1ndez\" \/>\n<meta name=\"twitter:card\" content=\"summary_large_image\" \/>\n<meta name=\"twitter:label1\" content=\"Escrito por\" \/>\n\t<meta name=\"twitter:data1\" content=\"Sa\u00fal Hern\u00e1ndez\" \/>\n\t<meta name=\"twitter:label2\" content=\"Tiempo de lectura\" \/>\n\t<meta name=\"twitter:data2\" content=\"2 minutos\" \/>\n<script type=\"application\/ld+json\" class=\"yoast-schema-graph\">{\"@context\":\"https:\/\/schema.org\",\"@graph\":[{\"@type\":\"WebPage\",\"@id\":\"https:\/\/thepueblatimes.mx\/index.php\/2025\/09\/28\/rinde-protesta-laura-artemisa-garcia-como-tejedora-de-la-patria\/\",\"url\":\"https:\/\/thepueblatimes.mx\/index.php\/2025\/09\/28\/rinde-protesta-laura-artemisa-garcia-como-tejedora-de-la-patria\/\",\"name\":\"Rinde protesta Laura Artemisa Garc\u00eda como Tejedora de la Patria - The Puebla Times\",\"isPartOf\":{\"@id\":\"https:\/\/thepueblatimes.mx\/#website\"},\"datePublished\":\"2025-09-29T02:38:00+00:00\",\"dateModified\":\"2025-09-29T02:38:00+00:00\",\"author\":{\"@id\":\"https:\/\/thepueblatimes.mx\/#\/schema\/person\/1664894c2f65ce2c7a08d8f5f905c13c\"},\"breadcrumb\":{\"@id\":\"https:\/\/thepueblatimes.mx\/index.php\/2025\/09\/28\/rinde-protesta-laura-artemisa-garcia-como-tejedora-de-la-patria\/#breadcrumb\"},\"inLanguage\":\"es\",\"potentialAction\":[{\"@type\":\"ReadAction\",\"target\":[\"https:\/\/thepueblatimes.mx\/index.php\/2025\/09\/28\/rinde-protesta-laura-artemisa-garcia-como-tejedora-de-la-patria\/\"]}]},{\"@type\":\"BreadcrumbList\",\"@id\":\"https:\/\/thepueblatimes.mx\/index.php\/2025\/09\/28\/rinde-protesta-laura-artemisa-garcia-como-tejedora-de-la-patria\/#breadcrumb\",\"itemListElement\":[{\"@type\":\"ListItem\",\"position\":1,\"name\":\"Portada\",\"item\":\"https:\/\/thepueblatimes.mx\/\"},{\"@type\":\"ListItem\",\"position\":2,\"name\":\"Rinde protesta Laura Artemisa Garc\u00eda como Tejedora de la Patria\"}]},{\"@type\":\"WebSite\",\"@id\":\"https:\/\/thepueblatimes.mx\/#website\",\"url\":\"https:\/\/thepueblatimes.mx\/\",\"name\":\"The Puebla Times\",\"description\":\"Noticias del Estado de Puebla\",\"potentialAction\":[{\"@type\":\"SearchAction\",\"target\":{\"@type\":\"EntryPoint\",\"urlTemplate\":\"https:\/\/thepueblatimes.mx\/?s={search_term_string}\"},\"query-input\":\"required name=search_term_string\"}],\"inLanguage\":\"es\"},{\"@type\":\"Person\",\"@id\":\"https:\/\/thepueblatimes.mx\/#\/schema\/person\/1664894c2f65ce2c7a08d8f5f905c13c\",\"name\":\"Sa\u00fal Hern\u00e1ndez\",\"image\":{\"@type\":\"ImageObject\",\"inLanguage\":\"es\",\"@id\":\"https:\/\/thepueblatimes.mx\/#\/schema\/person\/image\/\",\"url\":\"https:\/\/secure.gravatar.com\/avatar\/11be338693f243309532caad8f10c930?s=96&d=mm&r=g\",\"contentUrl\":\"https:\/\/secure.gravatar.com\/avatar\/11be338693f243309532caad8f10c930?s=96&d=mm&r=g\",\"caption\":\"Sa\u00fal Hern\u00e1ndez\"},\"url\":\"https:\/\/thepueblatimes.mx\/index.php\/author\/saulhernandez\/\"}]}<\/script>\n<!-- \/ Yoast SEO plugin. -->","yoast_head_json":{"title":"Rinde protesta Laura Artemisa Garc\u00eda como Tejedora de la Patria - The Puebla Times","robots":{"index":"index","follow":"follow","max-snippet":"max-snippet:-1","max-image-preview":"max-image-preview:large","max-video-preview":"max-video-preview:-1"},"canonical":"https:\/\/thepueblatimes.mx\/index.php\/2025\/09\/28\/rinde-protesta-laura-artemisa-garcia-como-tejedora-de-la-patria\/","og_locale":"es_ES","og_type":"article","og_title":"Rinde protesta Laura Artemisa Garc\u00eda como Tejedora de la Patria - The Puebla Times","og_description":"La presidenta de la Junta de Gobierno y Coordinaci\u00f3n Pol\u00edtica del Congreso del Estado de Puebla, Laura Artemisa Garc\u00eda Ch\u00e1vez, rindi\u00f3 protesta junto con cientos de mujeres, como Tejedora de la Patria por Amor a Puebla. &nbsp; En el evento encabezado por la secretaria de la Mujer, Citlalli Hern\u00e1ndez Mora,\u00a0 y el gobernador Alejandro Armenta,...","og_url":"https:\/\/thepueblatimes.mx\/index.php\/2025\/09\/28\/rinde-protesta-laura-artemisa-garcia-como-tejedora-de-la-patria\/","og_site_name":"The Puebla Times","article_published_time":"2025-09-29T02:38:00+00:00","og_image":[{"width":1280,"height":853,"url":"https:\/\/thepueblatimes.mx\/wp-content\/uploads\/2025\/09\/WhatsApp-Image-2025-09-28-at-17.36.30.jpeg","type":"image\/jpeg"}],"author":"Sa\u00fal Hern\u00e1ndez","twitter_card":"summary_large_image","twitter_misc":{"Escrito por":"Sa\u00fal Hern\u00e1ndez","Tiempo de lectura":"2 minutos"},"schema":{"@context":"https:\/\/schema.org","@graph":[{"@type":"WebPage","@id":"https:\/\/thepueblatimes.mx\/index.php\/2025\/09\/28\/rinde-protesta-laura-artemisa-garcia-como-tejedora-de-la-patria\/","url":"https:\/\/thepueblatimes.mx\/index.php\/2025\/09\/28\/rinde-protesta-laura-artemisa-garcia-como-tejedora-de-la-patria\/","name":"Rinde protesta Laura Artemisa Garc\u00eda como Tejedora de la Patria - The Puebla Times","isPartOf":{"@id":"https:\/\/thepueblatimes.mx\/#website"},"datePublished":"2025-09-29T02:38:00+00:00","dateModified":"2025-09-29T02:38:00+00:00","author":{"@id":"https:\/\/thepueblatimes.mx\/#\/schema\/person\/1664894c2f65ce2c7a08d8f5f905c13c"},"breadcrumb":{"@id":"https:\/\/thepueblatimes.mx\/index.php\/2025\/09\/28\/rinde-protesta-laura-artemisa-garcia-como-tejedora-de-la-patria\/#breadcrumb"},"inLanguage":"es","potentialAction":[{"@type":"ReadAction","target":["https:\/\/thepueblatimes.mx\/index.php\/2025\/09\/28\/rinde-protesta-laura-artemisa-garcia-como-tejedora-de-la-patria\/"]}]},{"@type":"BreadcrumbList","@id":"https:\/\/thepueblatimes.mx\/index.php\/2025\/09\/28\/rinde-protesta-laura-artemisa-garcia-como-tejedora-de-la-patria\/#breadcrumb","itemListElement":[{"@type":"ListItem","position":1,"name":"Portada","item":"https:\/\/thepueblatimes.mx\/"},{"@type":"ListItem","position":2,"name":"Rinde protesta Laura Artemisa Garc\u00eda como Tejedora de la Patria"}]},{"@type":"WebSite","@id":"https:\/\/thepueblatimes.mx\/#website","url":"https:\/\/thepueblatimes.mx\/","name":"The Puebla Times","description":"Noticias del Estado de Puebla","potentialAction":[{"@type":"SearchAction","target":{"@type":"EntryPoint","urlTemplate":"https:\/\/thepueblatimes.mx\/?s={search_term_string}"},"query-input":"required name=search_term_string"}],"inLanguage":"es"},{"@type":"Person","@id":"https:\/\/thepueblatimes.mx\/#\/schema\/person\/1664894c2f65ce2c7a08d8f5f905c13c","name":"Sa\u00fal Hern\u00e1ndez","image":{"@type":"ImageObject","inLanguage":"es","@id":"https:\/\/thepueblatimes.mx\/#\/schema\/person\/image\/","url":"https:\/\/secure.gravatar.com\/avatar\/11be338693f243309532caad8f10c930?s=96&d=mm&r=g","contentUrl":"https:\/\/secure.gravatar.com\/avatar\/11be338693f243309532caad8f10c930?s=96&d=mm&r=g","caption":"Sa\u00fal Hern\u00e1ndez"},"url":"https:\/\/thepueblatimes.mx\/index.php\/author\/saulhernandez\/"}]}},"jetpack_featured_media_url":"https:\/\/thepueblatimes.mx\/wp-content\/uploads\/2025\/09\/WhatsApp-Image-2025-09-28-at-17.36.30.jpeg","_links":{"self":[{"href":"https:\/\/thepueblatimes.mx\/index.php\/wp-json\/wp\/v2\/posts\/33356"}],"collection":[{"href":"https:\/\/thepueblatimes.mx\/index.php\/wp-json\/wp\/v2\/posts"}],"about":[{"href":"https:\/\/thepueblatimes.mx\/index.php\/wp-json\/wp\/v2\/types\/post"}],"author":[{"embeddable":true,"href":"https:\/\/thepueblatimes.mx\/index.php\/wp-json\/wp\/v2\/users\/16"}],"replies":[{"embeddable":true,"href":"https:\/\/thepueblatimes.mx\/index.php\/wp-json\/wp\/v2\/comments?post=33356"}],"version-history":[{"count":1,"href":"https:\/\/thepueblatimes.mx\/index.php\/wp-json\/wp\/v2\/posts\/33356\/revisions"}],"predecessor-version":[{"id":33358,"href":"https:\/\/thepueblatimes.mx\/index.php\/wp-json\/wp\/v2\/posts\/33356\/revisions\/33358"}],"wp:featuredmedia":[{"embeddable":true,"href":"https:\/\/thepueblatimes.mx\/index.php\/wp-json\/wp\/v2\/media\/33357"}],"wp:attachment":[{"href":"https:\/\/thepueblatimes.mx\/index.php\/wp-json\/wp\/v2\/media?parent=33356"}],"wp:term":[{"taxonomy":"category","embeddable":true,"href":"https:\/\/thepueblatimes.mx\/index.php\/wp-json\/wp\/v2\/categories?post=33356"},{"taxonomy":"post_tag","embeddable":true,"href":"https:\/\/thepueblatimes.mx\/index.php\/wp-json\/wp\/v2\/tags?post=33356"}],"curies":[{"name":"wp","href":"https:\/\/api.w.org\/{rel}","templated":true}]}}