{"id":33353,"date":"2025-09-28T20:27:02","date_gmt":"2025-09-29T02:27:02","guid":{"rendered":"https:\/\/thepueblatimes.mx\/?p=33353"},"modified":"2025-09-28T20:27:02","modified_gmt":"2025-09-29T02:27:02","slug":"resurge-industria-del-calzado-con-impulso-a-cooperativas-y-riqueza-comunitaria","status":"publish","type":"post","link":"https:\/\/thepueblatimes.mx\/index.php\/2025\/09\/28\/resurge-industria-del-calzado-con-impulso-a-cooperativas-y-riqueza-comunitaria\/","title":{"rendered":"Resurge industria del calzado con impulso a cooperativas y riqueza comunitaria"},"content":{"rendered":"<p>&nbsp;<\/p>\n<p>-El gobernador de Puebla, Alejandro Armenta, sostuvo una reuni\u00f3n de trabajo con productores de zapato de Tehuac\u00e1n.<\/p>\n<p>-Para este a\u00f1o fabricar\u00e1n 300 mil pares escolares y en 2026 producir\u00e1n 700 mil.<\/p>\n<p>TEHUAC\u00c1N, Pue. Al realizar una visita a la F\u00e1brica de Zapatos \u00abCari\u00f1itos\u00bb, del municipio de Tehuac\u00e1n, el gobernador de Puebla, Alejandro Armenta, refrend\u00f3 su compromiso de fortalecer la industria del calzado y de fortalecer la econom\u00eda circular a favor de las familias locales y regionales, con la finalidad de generar riqueza comunitaria.<\/p>\n<p>Durante el recorrido, el gobernador de Puebla, Alejandro Armenta, se\u00f1al\u00f3 que cuando hay voluntad y se suman diversos factores, los sue\u00f1os se pueden hacer realidad. Afirm\u00f3 que el esfuerzo cooperativista se ve convertido en hechos al consolidar la industria del calzado en el municipio de Tehuac\u00e1n, puntualiz\u00f3 que el cooperativismo caracteriza a los gobiernos de la cuarta transformaci\u00f3n. \u00abEsa es la diferencia entre los gobiernos neoliberales que estar\u00edan sentados con uno y con otro\u00bb. Resalt\u00f3 que el gobierno respalda y es aliado de los empresarios, ya que la esencia de la cuarta transformaci\u00f3n es materializar los derechos sociales.<\/p>\n<p>El titular del ejecutivo reiter\u00f3 que durante su sexenio el zapato se va a comprar en Puebla con las y los productores de Tehuac\u00e1n, ya que explic\u00f3 que la ruta del progreso es potencializar la industria y eso significa soberan\u00eda y nacionalismo, a favor de la econom\u00eda local. Dicha visi\u00f3n asever\u00f3, fortalece a la micro, peque\u00f1a mediana empresa; as\u00ed como al sector primario, agropecuario y terciario, lo que se ver\u00e1 reflejado en condiciones de igualdad.<\/p>\n<p>El gobernador Alejandro Armenta enfatiz\u00f3 que la pobreza se combate al generar riqueza y el gobierno debe ser facilitador, por ello la industria zapatera en Tehuac\u00e1n trasladan la riqueza comunitaria a cada uno de sus trabajadores y eso propicia un c\u00edrculo virtuoso de desarrollo. \u00abEn este sexenio la industria del zapato tiene que resurgir y lo vamos a lograr\u00bb, afirm\u00f3.<\/p>\n<p>Durante la visita al taller, el presidente de la Industria del Calzado del Estado de Puebla, Isael N\u00e1jera Ventura, destac\u00f3 que dicho sector estuvo olvidado por m\u00e1s de 50 a\u00f1os y se\u00f1al\u00f3 que cada uno de sus antecesores trabajaron por la industria, por ello reconoci\u00f3 al gobernador Alejandro Armenta por voltear a verlo. \u00abEstamos muy agradecidos, confiamos en usted, esa confianza que nos di\u00f3 a nosotros nos fortalece, nos hace seguir unidos\u00bb, puntualiz\u00f3<\/p>\n<p>En su oportunidad, el presidente municipal de Tehuac\u00e1n, Alejandro Barroso Ch\u00e1vez, reconoci\u00f3 la iniciativa y liderazgo del mandatario estatal para unificar y crear la cooperativa de calzado, ya que con ello impulsan la econom\u00eda local y se desarrollan nuevos empleos. El edil refrend\u00f3 su compromiso con cada uno de los proyectos que encabeza el gobernador de Puebla y la presidenta Claudia Sheinbaum.<\/p>\n<p>La due\u00f1a de la F\u00e1brica de Calzado \u00abCari\u00f1itos\u00bb, la se\u00f1ora Margarita Vargas, mencion\u00f3 que junto con su esposo, el se\u00f1or Esteban, hace 35 a\u00f1os fundaron este negocio y nunca antes hab\u00edan observado un impulso a la industria del calzado como lo hace en la actualidad el gobernador Alejandro Armenta. Indic\u00f3 que se trata de un sue\u00f1o cumplido y asegur\u00f3 que las y los trabajadores aumentaron sus ingresos.<\/p>\n<p>Su hija Janet Pacheco Vargas, encargada de la producci\u00f3n, junto a 50 empleados, coment\u00f3 que con el proyecto del gobernador se tiene una buena solvencia en la industria ya que es m\u00e1s f\u00e1cil para las familias cubrir los gastos de sus hijos. Finalmente, Ernestina S\u00e1nchez, madre trabajadora que desde hace 12 a\u00f1os est\u00e1 inmersa en la creaci\u00f3n de calzado, reconoci\u00f3 que muchos talleres funcionan gracias a la colaboraci\u00f3n con el Gobierno del Estado y expres\u00f3 su reconocimiento a ser considerados por parte del mandatario Alejandro Armenta.<\/p>\n","protected":false},"excerpt":{"rendered":"<p>&nbsp; -El gobernador de Puebla, Alejandro Armenta, sostuvo una reuni\u00f3n de trabajo con productores de zapato de Tehuac\u00e1n. -Para este a\u00f1o fabricar\u00e1n 300 mil pares escolares y en 2026 producir\u00e1n 700 mil. TEHUAC\u00c1N, Pue. Al realizar una visita a la F\u00e1brica de Zapatos \u00abCari\u00f1itos\u00bb, del municipio de Tehuac\u00e1n, el gobernador de Puebla, Alejandro Armenta, refrend\u00f3&#8230;<\/p>\n","protected":false},"author":16,"featured_media":33354,"comment_status":"closed","ping_status":"closed","sticky":false,"template":"","format":"standard","meta":[],"categories":[3],"tags":[187],"yoast_head":"<!-- This site is optimized with the Yoast SEO plugin v20.8 - https:\/\/yoast.com\/wordpress\/plugins\/seo\/ -->\n<title>Resurge industria del calzado con impulso a cooperativas y riqueza comunitaria - The Puebla Times<\/title>\n<meta name=\"robots\" content=\"index, follow, max-snippet:-1, max-image-preview:large, max-video-preview:-1\" \/>\n<link rel=\"canonical\" href=\"https:\/\/thepueblatimes.mx\/index.php\/2025\/09\/28\/resurge-industria-del-calzado-con-impulso-a-cooperativas-y-riqueza-comunitaria\/\" \/>\n<meta property=\"og:locale\" content=\"es_ES\" \/>\n<meta property=\"og:type\" content=\"article\" \/>\n<meta property=\"og:title\" content=\"Resurge industria del calzado con impulso a cooperativas y riqueza comunitaria - The Puebla Times\" \/>\n<meta property=\"og:description\" content=\"&nbsp; -El gobernador de Puebla, Alejandro Armenta, sostuvo una reuni\u00f3n de trabajo con productores de zapato de Tehuac\u00e1n. -Para este a\u00f1o fabricar\u00e1n 300 mil pares escolares y en 2026 producir\u00e1n 700 mil. TEHUAC\u00c1N, Pue. Al realizar una visita a la F\u00e1brica de Zapatos \u00abCari\u00f1itos\u00bb, del municipio de Tehuac\u00e1n, el gobernador de Puebla, Alejandro Armenta, refrend\u00f3...\" \/>\n<meta property=\"og:url\" content=\"https:\/\/thepueblatimes.mx\/index.php\/2025\/09\/28\/resurge-industria-del-calzado-con-impulso-a-cooperativas-y-riqueza-comunitaria\/\" \/>\n<meta property=\"og:site_name\" content=\"The Puebla Times\" \/>\n<meta property=\"article:published_time\" content=\"2025-09-29T02:27:02+00:00\" \/>\n<meta property=\"og:image\" content=\"https:\/\/thepueblatimes.mx\/wp-content\/uploads\/2025\/09\/WhatsApp-Image-2025-09-28-at-09.46.41-scaled.jpeg\" \/>\n\t<meta property=\"og:image:width\" content=\"2560\" \/>\n\t<meta property=\"og:image:height\" content=\"1707\" \/>\n\t<meta property=\"og:image:type\" content=\"image\/jpeg\" \/>\n<meta name=\"author\" content=\"Sa\u00fal Hern\u00e1ndez\" \/>\n<meta name=\"twitter:card\" content=\"summary_large_image\" \/>\n<meta name=\"twitter:label1\" content=\"Escrito por\" \/>\n\t<meta name=\"twitter:data1\" content=\"Sa\u00fal Hern\u00e1ndez\" \/>\n\t<meta name=\"twitter:label2\" content=\"Tiempo de lectura\" \/>\n\t<meta name=\"twitter:data2\" content=\"3 minutos\" \/>\n<script type=\"application\/ld+json\" class=\"yoast-schema-graph\">{\"@context\":\"https:\/\/schema.org\",\"@graph\":[{\"@type\":\"WebPage\",\"@id\":\"https:\/\/thepueblatimes.mx\/index.php\/2025\/09\/28\/resurge-industria-del-calzado-con-impulso-a-cooperativas-y-riqueza-comunitaria\/\",\"url\":\"https:\/\/thepueblatimes.mx\/index.php\/2025\/09\/28\/resurge-industria-del-calzado-con-impulso-a-cooperativas-y-riqueza-comunitaria\/\",\"name\":\"Resurge industria del calzado con impulso a cooperativas y riqueza comunitaria - The Puebla Times\",\"isPartOf\":{\"@id\":\"https:\/\/thepueblatimes.mx\/#website\"},\"datePublished\":\"2025-09-29T02:27:02+00:00\",\"dateModified\":\"2025-09-29T02:27:02+00:00\",\"author\":{\"@id\":\"https:\/\/thepueblatimes.mx\/#\/schema\/person\/1664894c2f65ce2c7a08d8f5f905c13c\"},\"breadcrumb\":{\"@id\":\"https:\/\/thepueblatimes.mx\/index.php\/2025\/09\/28\/resurge-industria-del-calzado-con-impulso-a-cooperativas-y-riqueza-comunitaria\/#breadcrumb\"},\"inLanguage\":\"es\",\"potentialAction\":[{\"@type\":\"ReadAction\",\"target\":[\"https:\/\/thepueblatimes.mx\/index.php\/2025\/09\/28\/resurge-industria-del-calzado-con-impulso-a-cooperativas-y-riqueza-comunitaria\/\"]}]},{\"@type\":\"BreadcrumbList\",\"@id\":\"https:\/\/thepueblatimes.mx\/index.php\/2025\/09\/28\/resurge-industria-del-calzado-con-impulso-a-cooperativas-y-riqueza-comunitaria\/#breadcrumb\",\"itemListElement\":[{\"@type\":\"ListItem\",\"position\":1,\"name\":\"Portada\",\"item\":\"https:\/\/thepueblatimes.mx\/\"},{\"@type\":\"ListItem\",\"position\":2,\"name\":\"Resurge industria del calzado con impulso a cooperativas y riqueza comunitaria\"}]},{\"@type\":\"WebSite\",\"@id\":\"https:\/\/thepueblatimes.mx\/#website\",\"url\":\"https:\/\/thepueblatimes.mx\/\",\"name\":\"The Puebla Times\",\"description\":\"Noticias del Estado de Puebla\",\"potentialAction\":[{\"@type\":\"SearchAction\",\"target\":{\"@type\":\"EntryPoint\",\"urlTemplate\":\"https:\/\/thepueblatimes.mx\/?s={search_term_string}\"},\"query-input\":\"required name=search_term_string\"}],\"inLanguage\":\"es\"},{\"@type\":\"Person\",\"@id\":\"https:\/\/thepueblatimes.mx\/#\/schema\/person\/1664894c2f65ce2c7a08d8f5f905c13c\",\"name\":\"Sa\u00fal Hern\u00e1ndez\",\"image\":{\"@type\":\"ImageObject\",\"inLanguage\":\"es\",\"@id\":\"https:\/\/thepueblatimes.mx\/#\/schema\/person\/image\/\",\"url\":\"https:\/\/secure.gravatar.com\/avatar\/11be338693f243309532caad8f10c930?s=96&d=mm&r=g\",\"contentUrl\":\"https:\/\/secure.gravatar.com\/avatar\/11be338693f243309532caad8f10c930?s=96&d=mm&r=g\",\"caption\":\"Sa\u00fal Hern\u00e1ndez\"},\"url\":\"https:\/\/thepueblatimes.mx\/index.php\/author\/saulhernandez\/\"}]}<\/script>\n<!-- \/ Yoast SEO plugin. -->","yoast_head_json":{"title":"Resurge industria del calzado con impulso a cooperativas y riqueza comunitaria - The Puebla Times","robots":{"index":"index","follow":"follow","max-snippet":"max-snippet:-1","max-image-preview":"max-image-preview:large","max-video-preview":"max-video-preview:-1"},"canonical":"https:\/\/thepueblatimes.mx\/index.php\/2025\/09\/28\/resurge-industria-del-calzado-con-impulso-a-cooperativas-y-riqueza-comunitaria\/","og_locale":"es_ES","og_type":"article","og_title":"Resurge industria del calzado con impulso a cooperativas y riqueza comunitaria - The Puebla Times","og_description":"&nbsp; -El gobernador de Puebla, Alejandro Armenta, sostuvo una reuni\u00f3n de trabajo con productores de zapato de Tehuac\u00e1n. -Para este a\u00f1o fabricar\u00e1n 300 mil pares escolares y en 2026 producir\u00e1n 700 mil. TEHUAC\u00c1N, Pue. Al realizar una visita a la F\u00e1brica de Zapatos \u00abCari\u00f1itos\u00bb, del municipio de Tehuac\u00e1n, el gobernador de Puebla, Alejandro Armenta, refrend\u00f3...","og_url":"https:\/\/thepueblatimes.mx\/index.php\/2025\/09\/28\/resurge-industria-del-calzado-con-impulso-a-cooperativas-y-riqueza-comunitaria\/","og_site_name":"The Puebla Times","article_published_time":"2025-09-29T02:27:02+00:00","og_image":[{"width":2560,"height":1707,"url":"https:\/\/thepueblatimes.mx\/wp-content\/uploads\/2025\/09\/WhatsApp-Image-2025-09-28-at-09.46.41-scaled.jpeg","type":"image\/jpeg"}],"author":"Sa\u00fal Hern\u00e1ndez","twitter_card":"summary_large_image","twitter_misc":{"Escrito por":"Sa\u00fal Hern\u00e1ndez","Tiempo de lectura":"3 minutos"},"schema":{"@context":"https:\/\/schema.org","@graph":[{"@type":"WebPage","@id":"https:\/\/thepueblatimes.mx\/index.php\/2025\/09\/28\/resurge-industria-del-calzado-con-impulso-a-cooperativas-y-riqueza-comunitaria\/","url":"https:\/\/thepueblatimes.mx\/index.php\/2025\/09\/28\/resurge-industria-del-calzado-con-impulso-a-cooperativas-y-riqueza-comunitaria\/","name":"Resurge industria del calzado con impulso a cooperativas y riqueza comunitaria - The Puebla Times","isPartOf":{"@id":"https:\/\/thepueblatimes.mx\/#website"},"datePublished":"2025-09-29T02:27:02+00:00","dateModified":"2025-09-29T02:27:02+00:00","author":{"@id":"https:\/\/thepueblatimes.mx\/#\/schema\/person\/1664894c2f65ce2c7a08d8f5f905c13c"},"breadcrumb":{"@id":"https:\/\/thepueblatimes.mx\/index.php\/2025\/09\/28\/resurge-industria-del-calzado-con-impulso-a-cooperativas-y-riqueza-comunitaria\/#breadcrumb"},"inLanguage":"es","potentialAction":[{"@type":"ReadAction","target":["https:\/\/thepueblatimes.mx\/index.php\/2025\/09\/28\/resurge-industria-del-calzado-con-impulso-a-cooperativas-y-riqueza-comunitaria\/"]}]},{"@type":"BreadcrumbList","@id":"https:\/\/thepueblatimes.mx\/index.php\/2025\/09\/28\/resurge-industria-del-calzado-con-impulso-a-cooperativas-y-riqueza-comunitaria\/#breadcrumb","itemListElement":[{"@type":"ListItem","position":1,"name":"Portada","item":"https:\/\/thepueblatimes.mx\/"},{"@type":"ListItem","position":2,"name":"Resurge industria del calzado con impulso a cooperativas y riqueza comunitaria"}]},{"@type":"WebSite","@id":"https:\/\/thepueblatimes.mx\/#website","url":"https:\/\/thepueblatimes.mx\/","name":"The Puebla Times","description":"Noticias del Estado de Puebla","potentialAction":[{"@type":"SearchAction","target":{"@type":"EntryPoint","urlTemplate":"https:\/\/thepueblatimes.mx\/?s={search_term_string}"},"query-input":"required name=search_term_string"}],"inLanguage":"es"},{"@type":"Person","@id":"https:\/\/thepueblatimes.mx\/#\/schema\/person\/1664894c2f65ce2c7a08d8f5f905c13c","name":"Sa\u00fal Hern\u00e1ndez","image":{"@type":"ImageObject","inLanguage":"es","@id":"https:\/\/thepueblatimes.mx\/#\/schema\/person\/image\/","url":"https:\/\/secure.gravatar.com\/avatar\/11be338693f243309532caad8f10c930?s=96&d=mm&r=g","contentUrl":"https:\/\/secure.gravatar.com\/avatar\/11be338693f243309532caad8f10c930?s=96&d=mm&r=g","caption":"Sa\u00fal Hern\u00e1ndez"},"url":"https:\/\/thepueblatimes.mx\/index.php\/author\/saulhernandez\/"}]}},"jetpack_featured_media_url":"https:\/\/thepueblatimes.mx\/wp-content\/uploads\/2025\/09\/WhatsApp-Image-2025-09-28-at-09.46.41-scaled.jpeg","_links":{"self":[{"href":"https:\/\/thepueblatimes.mx\/index.php\/wp-json\/wp\/v2\/posts\/33353"}],"collection":[{"href":"https:\/\/thepueblatimes.mx\/index.php\/wp-json\/wp\/v2\/posts"}],"about":[{"href":"https:\/\/thepueblatimes.mx\/index.php\/wp-json\/wp\/v2\/types\/post"}],"author":[{"embeddable":true,"href":"https:\/\/thepueblatimes.mx\/index.php\/wp-json\/wp\/v2\/users\/16"}],"replies":[{"embeddable":true,"href":"https:\/\/thepueblatimes.mx\/index.php\/wp-json\/wp\/v2\/comments?post=33353"}],"version-history":[{"count":1,"href":"https:\/\/thepueblatimes.mx\/index.php\/wp-json\/wp\/v2\/posts\/33353\/revisions"}],"predecessor-version":[{"id":33355,"href":"https:\/\/thepueblatimes.mx\/index.php\/wp-json\/wp\/v2\/posts\/33353\/revisions\/33355"}],"wp:featuredmedia":[{"embeddable":true,"href":"https:\/\/thepueblatimes.mx\/index.php\/wp-json\/wp\/v2\/media\/33354"}],"wp:attachment":[{"href":"https:\/\/thepueblatimes.mx\/index.php\/wp-json\/wp\/v2\/media?parent=33353"}],"wp:term":[{"taxonomy":"category","embeddable":true,"href":"https:\/\/thepueblatimes.mx\/index.php\/wp-json\/wp\/v2\/categories?post=33353"},{"taxonomy":"post_tag","embeddable":true,"href":"https:\/\/thepueblatimes.mx\/index.php\/wp-json\/wp\/v2\/tags?post=33353"}],"curies":[{"name":"wp","href":"https:\/\/api.w.org\/{rel}","templated":true}]}}