{"id":33219,"date":"2025-09-22T16:02:00","date_gmt":"2025-09-22T22:02:00","guid":{"rendered":"https:\/\/thepueblatimes.mx\/?p=33219"},"modified":"2025-09-22T16:02:23","modified_gmt":"2025-09-22T22:02:23","slug":"claudia-rivera-vivanco-anuncia-campana-de-proselitismo-en-2026","status":"publish","type":"post","link":"https:\/\/thepueblatimes.mx\/index.php\/2025\/09\/22\/claudia-rivera-vivanco-anuncia-campana-de-proselitismo-en-2026\/","title":{"rendered":"Claudia Rivera Vivanco anuncia campa\u00f1a de proselitismo en 2026"},"content":{"rendered":"<p>Sin respetar calendario electoral o tiempos de la agenda pol\u00edtica, en el marco de la presentaci\u00f3n de su primer informe de actividades legislativas, Claudia Rivera Vivanco exhibi\u00f3 su pretensi\u00f3n de contender de nueva cuenta con la gubernatura de Puebla.<\/p>\n<p>Para ello, anunci\u00f3 que, en 2026, comenzar\u00e1 a recorrer el estado en lo que debe considerarse desde ahora como un destape anticipado.<\/p>\n<p>Esto, ante la pasividad abierta de la dirigencia estatal de Morena que a pesar de lo claro del mensaje no ha emitido una postura sobre el particular, adem\u00e1s de que obviamente, el anuncio representa un mal presagio para Alejandro Armenta Mier quien a\u00fan sin haber rendido el primer informe de su gobierno, debe empezar a apreciar de manera clara la sombra de una eventual aspirante a sucederlo.<\/p>\n<p>La evidente campa\u00f1a, de manera abierta no tiene justificaci\u00f3n ya que Claudia Rivera Vivanco es representante de un Distrito electoral que, si debe recorrer y visitar de manera frecuente, pero no de todo el estado de Puebla, cuyos 217 municipios pretende visitar.<\/p>\n<p>Al respecto, expres\u00f3: \u201cEl pr\u00f3ximo a\u00f1o me dar\u00e9 a la tarea no solo de recorrer nuestro distrito, sino todo el estado de Puebla\u2026\u201d.<\/p>\n<p>El objetivo es m\u00e1s que claro.<\/p>\n<p>Sin embargo, de entrada, las m\u00e1ximas autoridades de Morena en Puebla, fingen demencia o simplemente optan por no darse por enteradas, en lugar de fijar una posici\u00f3n clara y, en su caso llamar a la mesura y el respeto a los tiempos.<\/p>\n<p>Pero donde evidentemente, el anunci\u00f3 no fue bien recibido es la administraci\u00f3n estatal, por lo que habr\u00e1 que estar atentos a la reacci\u00f3n que en su momento llegar\u00e1.<\/p>\n","protected":false},"excerpt":{"rendered":"<p>Sin respetar calendario electoral o tiempos de la agenda pol\u00edtica, en el marco de la presentaci\u00f3n de su primer informe de actividades legislativas, Claudia Rivera Vivanco exhibi\u00f3 su pretensi\u00f3n de contender de nueva cuenta con la gubernatura de Puebla. Para ello, anunci\u00f3 que, en 2026, comenzar\u00e1 a recorrer el estado en lo que debe considerarse&#8230;<\/p>\n","protected":false},"author":16,"featured_media":33220,"comment_status":"closed","ping_status":"closed","sticky":false,"template":"","format":"standard","meta":[],"categories":[542],"tags":[598,2377,152,4127],"yoast_head":"<!-- This site is optimized with the Yoast SEO plugin v20.8 - https:\/\/yoast.com\/wordpress\/plugins\/seo\/ -->\n<title>Claudia Rivera Vivanco anuncia campa\u00f1a de proselitismo en 2026 - The Puebla Times<\/title>\n<meta name=\"robots\" content=\"index, follow, max-snippet:-1, max-image-preview:large, max-video-preview:-1\" \/>\n<link rel=\"canonical\" href=\"https:\/\/thepueblatimes.mx\/index.php\/2025\/09\/22\/claudia-rivera-vivanco-anuncia-campana-de-proselitismo-en-2026\/\" \/>\n<meta property=\"og:locale\" content=\"es_ES\" \/>\n<meta property=\"og:type\" content=\"article\" \/>\n<meta property=\"og:title\" content=\"Claudia Rivera Vivanco anuncia campa\u00f1a de proselitismo en 2026 - The Puebla Times\" \/>\n<meta property=\"og:description\" content=\"Sin respetar calendario electoral o tiempos de la agenda pol\u00edtica, en el marco de la presentaci\u00f3n de su primer informe de actividades legislativas, Claudia Rivera Vivanco exhibi\u00f3 su pretensi\u00f3n de contender de nueva cuenta con la gubernatura de Puebla. Para ello, anunci\u00f3 que, en 2026, comenzar\u00e1 a recorrer el estado en lo que debe considerarse...\" \/>\n<meta property=\"og:url\" content=\"https:\/\/thepueblatimes.mx\/index.php\/2025\/09\/22\/claudia-rivera-vivanco-anuncia-campana-de-proselitismo-en-2026\/\" \/>\n<meta property=\"og:site_name\" content=\"The Puebla Times\" \/>\n<meta property=\"article:published_time\" content=\"2025-09-22T22:02:00+00:00\" \/>\n<meta property=\"article:modified_time\" content=\"2025-09-22T22:02:23+00:00\" \/>\n<meta property=\"og:image\" content=\"https:\/\/thepueblatimes.mx\/wp-content\/uploads\/2025\/09\/CLAUDIA_RIVERA_VIVANCO_LXVI_LEGISLATURA_CAMARA_DE_DIPUTADOS_PUEBLA_DTTO._7_TEPEACA.jpg\" \/>\n\t<meta property=\"og:image:width\" content=\"1280\" \/>\n\t<meta property=\"og:image:height\" content=\"853\" \/>\n\t<meta property=\"og:image:type\" content=\"image\/jpeg\" \/>\n<meta name=\"author\" content=\"Sa\u00fal Hern\u00e1ndez\" \/>\n<meta name=\"twitter:card\" content=\"summary_large_image\" \/>\n<meta name=\"twitter:label1\" content=\"Escrito por\" \/>\n\t<meta name=\"twitter:data1\" content=\"Sa\u00fal Hern\u00e1ndez\" \/>\n\t<meta name=\"twitter:label2\" content=\"Tiempo de lectura\" \/>\n\t<meta name=\"twitter:data2\" content=\"2 minutos\" \/>\n<script type=\"application\/ld+json\" class=\"yoast-schema-graph\">{\"@context\":\"https:\/\/schema.org\",\"@graph\":[{\"@type\":\"WebPage\",\"@id\":\"https:\/\/thepueblatimes.mx\/index.php\/2025\/09\/22\/claudia-rivera-vivanco-anuncia-campana-de-proselitismo-en-2026\/\",\"url\":\"https:\/\/thepueblatimes.mx\/index.php\/2025\/09\/22\/claudia-rivera-vivanco-anuncia-campana-de-proselitismo-en-2026\/\",\"name\":\"Claudia Rivera Vivanco anuncia campa\u00f1a de proselitismo en 2026 - The Puebla Times\",\"isPartOf\":{\"@id\":\"https:\/\/thepueblatimes.mx\/#website\"},\"datePublished\":\"2025-09-22T22:02:00+00:00\",\"dateModified\":\"2025-09-22T22:02:23+00:00\",\"author\":{\"@id\":\"https:\/\/thepueblatimes.mx\/#\/schema\/person\/1664894c2f65ce2c7a08d8f5f905c13c\"},\"breadcrumb\":{\"@id\":\"https:\/\/thepueblatimes.mx\/index.php\/2025\/09\/22\/claudia-rivera-vivanco-anuncia-campana-de-proselitismo-en-2026\/#breadcrumb\"},\"inLanguage\":\"es\",\"potentialAction\":[{\"@type\":\"ReadAction\",\"target\":[\"https:\/\/thepueblatimes.mx\/index.php\/2025\/09\/22\/claudia-rivera-vivanco-anuncia-campana-de-proselitismo-en-2026\/\"]}]},{\"@type\":\"BreadcrumbList\",\"@id\":\"https:\/\/thepueblatimes.mx\/index.php\/2025\/09\/22\/claudia-rivera-vivanco-anuncia-campana-de-proselitismo-en-2026\/#breadcrumb\",\"itemListElement\":[{\"@type\":\"ListItem\",\"position\":1,\"name\":\"Portada\",\"item\":\"https:\/\/thepueblatimes.mx\/\"},{\"@type\":\"ListItem\",\"position\":2,\"name\":\"Claudia Rivera Vivanco anuncia campa\u00f1a de proselitismo en 2026\"}]},{\"@type\":\"WebSite\",\"@id\":\"https:\/\/thepueblatimes.mx\/#website\",\"url\":\"https:\/\/thepueblatimes.mx\/\",\"name\":\"The Puebla Times\",\"description\":\"Noticias del Estado de Puebla\",\"potentialAction\":[{\"@type\":\"SearchAction\",\"target\":{\"@type\":\"EntryPoint\",\"urlTemplate\":\"https:\/\/thepueblatimes.mx\/?s={search_term_string}\"},\"query-input\":\"required name=search_term_string\"}],\"inLanguage\":\"es\"},{\"@type\":\"Person\",\"@id\":\"https:\/\/thepueblatimes.mx\/#\/schema\/person\/1664894c2f65ce2c7a08d8f5f905c13c\",\"name\":\"Sa\u00fal Hern\u00e1ndez\",\"image\":{\"@type\":\"ImageObject\",\"inLanguage\":\"es\",\"@id\":\"https:\/\/thepueblatimes.mx\/#\/schema\/person\/image\/\",\"url\":\"https:\/\/secure.gravatar.com\/avatar\/11be338693f243309532caad8f10c930?s=96&d=mm&r=g\",\"contentUrl\":\"https:\/\/secure.gravatar.com\/avatar\/11be338693f243309532caad8f10c930?s=96&d=mm&r=g\",\"caption\":\"Sa\u00fal Hern\u00e1ndez\"},\"url\":\"https:\/\/thepueblatimes.mx\/index.php\/author\/saulhernandez\/\"}]}<\/script>\n<!-- \/ Yoast SEO plugin. -->","yoast_head_json":{"title":"Claudia Rivera Vivanco anuncia campa\u00f1a de proselitismo en 2026 - The Puebla Times","robots":{"index":"index","follow":"follow","max-snippet":"max-snippet:-1","max-image-preview":"max-image-preview:large","max-video-preview":"max-video-preview:-1"},"canonical":"https:\/\/thepueblatimes.mx\/index.php\/2025\/09\/22\/claudia-rivera-vivanco-anuncia-campana-de-proselitismo-en-2026\/","og_locale":"es_ES","og_type":"article","og_title":"Claudia Rivera Vivanco anuncia campa\u00f1a de proselitismo en 2026 - The Puebla Times","og_description":"Sin respetar calendario electoral o tiempos de la agenda pol\u00edtica, en el marco de la presentaci\u00f3n de su primer informe de actividades legislativas, Claudia Rivera Vivanco exhibi\u00f3 su pretensi\u00f3n de contender de nueva cuenta con la gubernatura de Puebla. Para ello, anunci\u00f3 que, en 2026, comenzar\u00e1 a recorrer el estado en lo que debe considerarse...","og_url":"https:\/\/thepueblatimes.mx\/index.php\/2025\/09\/22\/claudia-rivera-vivanco-anuncia-campana-de-proselitismo-en-2026\/","og_site_name":"The Puebla Times","article_published_time":"2025-09-22T22:02:00+00:00","article_modified_time":"2025-09-22T22:02:23+00:00","og_image":[{"width":1280,"height":853,"url":"https:\/\/thepueblatimes.mx\/wp-content\/uploads\/2025\/09\/CLAUDIA_RIVERA_VIVANCO_LXVI_LEGISLATURA_CAMARA_DE_DIPUTADOS_PUEBLA_DTTO._7_TEPEACA.jpg","type":"image\/jpeg"}],"author":"Sa\u00fal Hern\u00e1ndez","twitter_card":"summary_large_image","twitter_misc":{"Escrito por":"Sa\u00fal Hern\u00e1ndez","Tiempo de lectura":"2 minutos"},"schema":{"@context":"https:\/\/schema.org","@graph":[{"@type":"WebPage","@id":"https:\/\/thepueblatimes.mx\/index.php\/2025\/09\/22\/claudia-rivera-vivanco-anuncia-campana-de-proselitismo-en-2026\/","url":"https:\/\/thepueblatimes.mx\/index.php\/2025\/09\/22\/claudia-rivera-vivanco-anuncia-campana-de-proselitismo-en-2026\/","name":"Claudia Rivera Vivanco anuncia campa\u00f1a de proselitismo en 2026 - The Puebla Times","isPartOf":{"@id":"https:\/\/thepueblatimes.mx\/#website"},"datePublished":"2025-09-22T22:02:00+00:00","dateModified":"2025-09-22T22:02:23+00:00","author":{"@id":"https:\/\/thepueblatimes.mx\/#\/schema\/person\/1664894c2f65ce2c7a08d8f5f905c13c"},"breadcrumb":{"@id":"https:\/\/thepueblatimes.mx\/index.php\/2025\/09\/22\/claudia-rivera-vivanco-anuncia-campana-de-proselitismo-en-2026\/#breadcrumb"},"inLanguage":"es","potentialAction":[{"@type":"ReadAction","target":["https:\/\/thepueblatimes.mx\/index.php\/2025\/09\/22\/claudia-rivera-vivanco-anuncia-campana-de-proselitismo-en-2026\/"]}]},{"@type":"BreadcrumbList","@id":"https:\/\/thepueblatimes.mx\/index.php\/2025\/09\/22\/claudia-rivera-vivanco-anuncia-campana-de-proselitismo-en-2026\/#breadcrumb","itemListElement":[{"@type":"ListItem","position":1,"name":"Portada","item":"https:\/\/thepueblatimes.mx\/"},{"@type":"ListItem","position":2,"name":"Claudia Rivera Vivanco anuncia campa\u00f1a de proselitismo en 2026"}]},{"@type":"WebSite","@id":"https:\/\/thepueblatimes.mx\/#website","url":"https:\/\/thepueblatimes.mx\/","name":"The Puebla Times","description":"Noticias del Estado de Puebla","potentialAction":[{"@type":"SearchAction","target":{"@type":"EntryPoint","urlTemplate":"https:\/\/thepueblatimes.mx\/?s={search_term_string}"},"query-input":"required name=search_term_string"}],"inLanguage":"es"},{"@type":"Person","@id":"https:\/\/thepueblatimes.mx\/#\/schema\/person\/1664894c2f65ce2c7a08d8f5f905c13c","name":"Sa\u00fal Hern\u00e1ndez","image":{"@type":"ImageObject","inLanguage":"es","@id":"https:\/\/thepueblatimes.mx\/#\/schema\/person\/image\/","url":"https:\/\/secure.gravatar.com\/avatar\/11be338693f243309532caad8f10c930?s=96&d=mm&r=g","contentUrl":"https:\/\/secure.gravatar.com\/avatar\/11be338693f243309532caad8f10c930?s=96&d=mm&r=g","caption":"Sa\u00fal Hern\u00e1ndez"},"url":"https:\/\/thepueblatimes.mx\/index.php\/author\/saulhernandez\/"}]}},"jetpack_featured_media_url":"https:\/\/thepueblatimes.mx\/wp-content\/uploads\/2025\/09\/CLAUDIA_RIVERA_VIVANCO_LXVI_LEGISLATURA_CAMARA_DE_DIPUTADOS_PUEBLA_DTTO._7_TEPEACA.jpg","_links":{"self":[{"href":"https:\/\/thepueblatimes.mx\/index.php\/wp-json\/wp\/v2\/posts\/33219"}],"collection":[{"href":"https:\/\/thepueblatimes.mx\/index.php\/wp-json\/wp\/v2\/posts"}],"about":[{"href":"https:\/\/thepueblatimes.mx\/index.php\/wp-json\/wp\/v2\/types\/post"}],"author":[{"embeddable":true,"href":"https:\/\/thepueblatimes.mx\/index.php\/wp-json\/wp\/v2\/users\/16"}],"replies":[{"embeddable":true,"href":"https:\/\/thepueblatimes.mx\/index.php\/wp-json\/wp\/v2\/comments?post=33219"}],"version-history":[{"count":1,"href":"https:\/\/thepueblatimes.mx\/index.php\/wp-json\/wp\/v2\/posts\/33219\/revisions"}],"predecessor-version":[{"id":33221,"href":"https:\/\/thepueblatimes.mx\/index.php\/wp-json\/wp\/v2\/posts\/33219\/revisions\/33221"}],"wp:featuredmedia":[{"embeddable":true,"href":"https:\/\/thepueblatimes.mx\/index.php\/wp-json\/wp\/v2\/media\/33220"}],"wp:attachment":[{"href":"https:\/\/thepueblatimes.mx\/index.php\/wp-json\/wp\/v2\/media?parent=33219"}],"wp:term":[{"taxonomy":"category","embeddable":true,"href":"https:\/\/thepueblatimes.mx\/index.php\/wp-json\/wp\/v2\/categories?post=33219"},{"taxonomy":"post_tag","embeddable":true,"href":"https:\/\/thepueblatimes.mx\/index.php\/wp-json\/wp\/v2\/tags?post=33219"}],"curies":[{"name":"wp","href":"https:\/\/api.w.org\/{rel}","templated":true}]}}