{"id":33212,"date":"2025-09-20T21:46:44","date_gmt":"2025-09-21T03:46:44","guid":{"rendered":"https:\/\/thepueblatimes.mx\/?p=33212"},"modified":"2025-09-20T21:46:44","modified_gmt":"2025-09-21T03:46:44","slug":"diputacion-migrante-pavel-gaspar-logra-un-hecho-historico","status":"publish","type":"post","link":"https:\/\/thepueblatimes.mx\/index.php\/2025\/09\/20\/diputacion-migrante-pavel-gaspar-logra-un-hecho-historico\/","title":{"rendered":"Diputaci\u00f3n Migrante: Pavel Gaspar logra un hecho hist\u00f3rico"},"content":{"rendered":"<p><strong>POR FERNANDO HOYOS<\/strong><\/p>\n<p>En un hecho sin precedentes para la representaci\u00f3n de los poblanos en el extranjero,\u00a0 el legislador mixteco Pavel Gaspar logr\u00f3 el consenso con sus compa\u00f1eros para migrantes que vivan en Estados Unidos, puedan representar al estado de Puebla, a trav\u00e9s del Congreso del estado .<\/p>\n<p><strong>Migrantes con voz en el Congreso<\/strong><\/p>\n<p>El Congreso del Estado de Puebla aprob\u00f3 por unanimidad la creaci\u00f3n de la primera\u00a0<strong>Diputaci\u00f3n Migrante<\/strong>, una figura que permitir\u00e1 a los poblanos que residen en el extranjero tener representaci\u00f3n directa en la vida pol\u00edtica del estado.<\/p>\n<p>La iniciativa fue presentada por el diputado local\u00a0<strong>Pavel Gaspar Ram\u00edrez<\/strong>, quien en su primer informe legislativo destac\u00f3 este logro como un parteaguas en la historia parlamentaria de Puebla. La nueva curul ser\u00e1 asignada a partir de la pr\u00f3xima legislatura.<\/p>\n<p><strong>Reforma incluyente y trascendental<\/strong><\/p>\n<p>Desde su cargo como secretario de la\u00a0<strong>Comisi\u00f3n de Migraci\u00f3n y Asuntos Internacionales<\/strong>, Gaspar Ram\u00edrez impuls\u00f3 la reforma para reconocer a los migrantes no s\u00f3lo como generadores de remesas, sino como actores pol\u00edticos activos.<\/p>\n<p>\u201cLas y los migrantes ya no estar\u00e1n fuera de las decisiones que afectan a sus comunidades de origen\u201d, sostuvo el legislador al rendir cuentas de su primer a\u00f1o de trabajo en el\u00a0<strong>Distrito 23<\/strong>.<\/p>\n<p><strong>Trayectoria y visi\u00f3n pol\u00edtica<\/strong><\/p>\n<p>Adem\u00e1s de su labor legislativa, Pavel Gaspar funge como\u00a0<strong>coordinador de la Cuarta Circunscripci\u00f3n de Mexicanas y Mexicanos en el Exterior<\/strong>\u00a0dentro del Comit\u00e9 Ejecutivo Nacional de Morena, donde ha reforzado el v\u00ednculo entre el partido y la di\u00e1spora mexicana.<\/p>\n<p>Es tambi\u00e9n fundador del\u00a0<strong>Movimiento Social de Unidad de las Izquierdas Puebla<\/strong>, plataforma que busca fortalecer la organizaci\u00f3n popular y consolidar el proyecto de la\u00a0<strong>Cuarta Transformaci\u00f3n<\/strong>.<\/p>\n<p>Con esta reforma, Puebla se coloca como pionera en el pa\u00eds en materia de representaci\u00f3n pol\u00edtica migrante, dando un paso hacia una inclusi\u00f3n real que trasciende el discurso y se convierte en pol\u00edtica p\u00fablica efectiva.<\/p>\n<ol>\n<li><em>Puebla reconoce a sus migrantes: crean diputaci\u00f3n hist\u00f3rica<\/em><\/li>\n<li><em>Migrantes poblanos tendr\u00e1n voz y voto en el Congreso<\/em><\/li>\n<li><em>Diputaci\u00f3n Migrante: Pavel Gaspar logra un hecho hist\u00f3rico<\/em><\/li>\n<\/ol>\n","protected":false},"excerpt":{"rendered":"<p>POR FERNANDO HOYOS En un hecho sin precedentes para la representaci\u00f3n de los poblanos en el extranjero,\u00a0 el legislador mixteco Pavel Gaspar logr\u00f3 el consenso con sus compa\u00f1eros para migrantes que vivan en Estados Unidos, puedan representar al estado de Puebla, a trav\u00e9s del Congreso del estado . Migrantes con voz en el Congreso El&#8230;<\/p>\n","protected":false},"author":16,"featured_media":33213,"comment_status":"closed","ping_status":"closed","sticky":false,"template":"","format":"standard","meta":[],"categories":[3],"tags":[496,1480,1271,4126,49],"yoast_head":"<!-- This site is optimized with the Yoast SEO plugin v20.8 - https:\/\/yoast.com\/wordpress\/plugins\/seo\/ -->\n<title>Diputaci\u00f3n Migrante: Pavel Gaspar logra un hecho hist\u00f3rico - The Puebla Times<\/title>\n<meta name=\"robots\" content=\"index, follow, max-snippet:-1, max-image-preview:large, max-video-preview:-1\" \/>\n<link rel=\"canonical\" href=\"https:\/\/thepueblatimes.mx\/index.php\/2025\/09\/20\/diputacion-migrante-pavel-gaspar-logra-un-hecho-historico\/\" \/>\n<meta property=\"og:locale\" content=\"es_ES\" \/>\n<meta property=\"og:type\" content=\"article\" \/>\n<meta property=\"og:title\" content=\"Diputaci\u00f3n Migrante: Pavel Gaspar logra un hecho hist\u00f3rico - The Puebla Times\" \/>\n<meta property=\"og:description\" content=\"POR FERNANDO HOYOS En un hecho sin precedentes para la representaci\u00f3n de los poblanos en el extranjero,\u00a0 el legislador mixteco Pavel Gaspar logr\u00f3 el consenso con sus compa\u00f1eros para migrantes que vivan en Estados Unidos, puedan representar al estado de Puebla, a trav\u00e9s del Congreso del estado . Migrantes con voz en el Congreso El...\" \/>\n<meta property=\"og:url\" content=\"https:\/\/thepueblatimes.mx\/index.php\/2025\/09\/20\/diputacion-migrante-pavel-gaspar-logra-un-hecho-historico\/\" \/>\n<meta property=\"og:site_name\" content=\"The Puebla Times\" \/>\n<meta property=\"article:published_time\" content=\"2025-09-21T03:46:44+00:00\" \/>\n<meta property=\"og:image\" content=\"https:\/\/thepueblatimes.mx\/wp-content\/uploads\/2025\/09\/447778282_953821373420698_5687763770091098389_n.jpg\" \/>\n\t<meta property=\"og:image:width\" content=\"960\" \/>\n\t<meta property=\"og:image:height\" content=\"960\" \/>\n\t<meta property=\"og:image:type\" content=\"image\/jpeg\" \/>\n<meta name=\"author\" content=\"Sa\u00fal Hern\u00e1ndez\" \/>\n<meta name=\"twitter:card\" content=\"summary_large_image\" \/>\n<meta name=\"twitter:label1\" content=\"Escrito por\" \/>\n\t<meta name=\"twitter:data1\" content=\"Sa\u00fal Hern\u00e1ndez\" \/>\n\t<meta name=\"twitter:label2\" content=\"Tiempo de lectura\" \/>\n\t<meta name=\"twitter:data2\" content=\"2 minutos\" \/>\n<script type=\"application\/ld+json\" class=\"yoast-schema-graph\">{\"@context\":\"https:\/\/schema.org\",\"@graph\":[{\"@type\":\"WebPage\",\"@id\":\"https:\/\/thepueblatimes.mx\/index.php\/2025\/09\/20\/diputacion-migrante-pavel-gaspar-logra-un-hecho-historico\/\",\"url\":\"https:\/\/thepueblatimes.mx\/index.php\/2025\/09\/20\/diputacion-migrante-pavel-gaspar-logra-un-hecho-historico\/\",\"name\":\"Diputaci\u00f3n Migrante: Pavel Gaspar logra un hecho hist\u00f3rico - The Puebla Times\",\"isPartOf\":{\"@id\":\"https:\/\/thepueblatimes.mx\/#website\"},\"datePublished\":\"2025-09-21T03:46:44+00:00\",\"dateModified\":\"2025-09-21T03:46:44+00:00\",\"author\":{\"@id\":\"https:\/\/thepueblatimes.mx\/#\/schema\/person\/1664894c2f65ce2c7a08d8f5f905c13c\"},\"breadcrumb\":{\"@id\":\"https:\/\/thepueblatimes.mx\/index.php\/2025\/09\/20\/diputacion-migrante-pavel-gaspar-logra-un-hecho-historico\/#breadcrumb\"},\"inLanguage\":\"es\",\"potentialAction\":[{\"@type\":\"ReadAction\",\"target\":[\"https:\/\/thepueblatimes.mx\/index.php\/2025\/09\/20\/diputacion-migrante-pavel-gaspar-logra-un-hecho-historico\/\"]}]},{\"@type\":\"BreadcrumbList\",\"@id\":\"https:\/\/thepueblatimes.mx\/index.php\/2025\/09\/20\/diputacion-migrante-pavel-gaspar-logra-un-hecho-historico\/#breadcrumb\",\"itemListElement\":[{\"@type\":\"ListItem\",\"position\":1,\"name\":\"Portada\",\"item\":\"https:\/\/thepueblatimes.mx\/\"},{\"@type\":\"ListItem\",\"position\":2,\"name\":\"Diputaci\u00f3n Migrante: Pavel Gaspar logra un hecho hist\u00f3rico\"}]},{\"@type\":\"WebSite\",\"@id\":\"https:\/\/thepueblatimes.mx\/#website\",\"url\":\"https:\/\/thepueblatimes.mx\/\",\"name\":\"The Puebla Times\",\"description\":\"Noticias del Estado de Puebla\",\"potentialAction\":[{\"@type\":\"SearchAction\",\"target\":{\"@type\":\"EntryPoint\",\"urlTemplate\":\"https:\/\/thepueblatimes.mx\/?s={search_term_string}\"},\"query-input\":\"required name=search_term_string\"}],\"inLanguage\":\"es\"},{\"@type\":\"Person\",\"@id\":\"https:\/\/thepueblatimes.mx\/#\/schema\/person\/1664894c2f65ce2c7a08d8f5f905c13c\",\"name\":\"Sa\u00fal Hern\u00e1ndez\",\"image\":{\"@type\":\"ImageObject\",\"inLanguage\":\"es\",\"@id\":\"https:\/\/thepueblatimes.mx\/#\/schema\/person\/image\/\",\"url\":\"https:\/\/secure.gravatar.com\/avatar\/11be338693f243309532caad8f10c930?s=96&d=mm&r=g\",\"contentUrl\":\"https:\/\/secure.gravatar.com\/avatar\/11be338693f243309532caad8f10c930?s=96&d=mm&r=g\",\"caption\":\"Sa\u00fal Hern\u00e1ndez\"},\"url\":\"https:\/\/thepueblatimes.mx\/index.php\/author\/saulhernandez\/\"}]}<\/script>\n<!-- \/ Yoast SEO plugin. -->","yoast_head_json":{"title":"Diputaci\u00f3n Migrante: Pavel Gaspar logra un hecho hist\u00f3rico - The Puebla Times","robots":{"index":"index","follow":"follow","max-snippet":"max-snippet:-1","max-image-preview":"max-image-preview:large","max-video-preview":"max-video-preview:-1"},"canonical":"https:\/\/thepueblatimes.mx\/index.php\/2025\/09\/20\/diputacion-migrante-pavel-gaspar-logra-un-hecho-historico\/","og_locale":"es_ES","og_type":"article","og_title":"Diputaci\u00f3n Migrante: Pavel Gaspar logra un hecho hist\u00f3rico - The Puebla Times","og_description":"POR FERNANDO HOYOS En un hecho sin precedentes para la representaci\u00f3n de los poblanos en el extranjero,\u00a0 el legislador mixteco Pavel Gaspar logr\u00f3 el consenso con sus compa\u00f1eros para migrantes que vivan en Estados Unidos, puedan representar al estado de Puebla, a trav\u00e9s del Congreso del estado . Migrantes con voz en el Congreso El...","og_url":"https:\/\/thepueblatimes.mx\/index.php\/2025\/09\/20\/diputacion-migrante-pavel-gaspar-logra-un-hecho-historico\/","og_site_name":"The Puebla Times","article_published_time":"2025-09-21T03:46:44+00:00","og_image":[{"width":960,"height":960,"url":"https:\/\/thepueblatimes.mx\/wp-content\/uploads\/2025\/09\/447778282_953821373420698_5687763770091098389_n.jpg","type":"image\/jpeg"}],"author":"Sa\u00fal Hern\u00e1ndez","twitter_card":"summary_large_image","twitter_misc":{"Escrito por":"Sa\u00fal Hern\u00e1ndez","Tiempo de lectura":"2 minutos"},"schema":{"@context":"https:\/\/schema.org","@graph":[{"@type":"WebPage","@id":"https:\/\/thepueblatimes.mx\/index.php\/2025\/09\/20\/diputacion-migrante-pavel-gaspar-logra-un-hecho-historico\/","url":"https:\/\/thepueblatimes.mx\/index.php\/2025\/09\/20\/diputacion-migrante-pavel-gaspar-logra-un-hecho-historico\/","name":"Diputaci\u00f3n Migrante: Pavel Gaspar logra un hecho hist\u00f3rico - The Puebla Times","isPartOf":{"@id":"https:\/\/thepueblatimes.mx\/#website"},"datePublished":"2025-09-21T03:46:44+00:00","dateModified":"2025-09-21T03:46:44+00:00","author":{"@id":"https:\/\/thepueblatimes.mx\/#\/schema\/person\/1664894c2f65ce2c7a08d8f5f905c13c"},"breadcrumb":{"@id":"https:\/\/thepueblatimes.mx\/index.php\/2025\/09\/20\/diputacion-migrante-pavel-gaspar-logra-un-hecho-historico\/#breadcrumb"},"inLanguage":"es","potentialAction":[{"@type":"ReadAction","target":["https:\/\/thepueblatimes.mx\/index.php\/2025\/09\/20\/diputacion-migrante-pavel-gaspar-logra-un-hecho-historico\/"]}]},{"@type":"BreadcrumbList","@id":"https:\/\/thepueblatimes.mx\/index.php\/2025\/09\/20\/diputacion-migrante-pavel-gaspar-logra-un-hecho-historico\/#breadcrumb","itemListElement":[{"@type":"ListItem","position":1,"name":"Portada","item":"https:\/\/thepueblatimes.mx\/"},{"@type":"ListItem","position":2,"name":"Diputaci\u00f3n Migrante: Pavel Gaspar logra un hecho hist\u00f3rico"}]},{"@type":"WebSite","@id":"https:\/\/thepueblatimes.mx\/#website","url":"https:\/\/thepueblatimes.mx\/","name":"The Puebla Times","description":"Noticias del Estado de Puebla","potentialAction":[{"@type":"SearchAction","target":{"@type":"EntryPoint","urlTemplate":"https:\/\/thepueblatimes.mx\/?s={search_term_string}"},"query-input":"required name=search_term_string"}],"inLanguage":"es"},{"@type":"Person","@id":"https:\/\/thepueblatimes.mx\/#\/schema\/person\/1664894c2f65ce2c7a08d8f5f905c13c","name":"Sa\u00fal Hern\u00e1ndez","image":{"@type":"ImageObject","inLanguage":"es","@id":"https:\/\/thepueblatimes.mx\/#\/schema\/person\/image\/","url":"https:\/\/secure.gravatar.com\/avatar\/11be338693f243309532caad8f10c930?s=96&d=mm&r=g","contentUrl":"https:\/\/secure.gravatar.com\/avatar\/11be338693f243309532caad8f10c930?s=96&d=mm&r=g","caption":"Sa\u00fal Hern\u00e1ndez"},"url":"https:\/\/thepueblatimes.mx\/index.php\/author\/saulhernandez\/"}]}},"jetpack_featured_media_url":"https:\/\/thepueblatimes.mx\/wp-content\/uploads\/2025\/09\/447778282_953821373420698_5687763770091098389_n.jpg","_links":{"self":[{"href":"https:\/\/thepueblatimes.mx\/index.php\/wp-json\/wp\/v2\/posts\/33212"}],"collection":[{"href":"https:\/\/thepueblatimes.mx\/index.php\/wp-json\/wp\/v2\/posts"}],"about":[{"href":"https:\/\/thepueblatimes.mx\/index.php\/wp-json\/wp\/v2\/types\/post"}],"author":[{"embeddable":true,"href":"https:\/\/thepueblatimes.mx\/index.php\/wp-json\/wp\/v2\/users\/16"}],"replies":[{"embeddable":true,"href":"https:\/\/thepueblatimes.mx\/index.php\/wp-json\/wp\/v2\/comments?post=33212"}],"version-history":[{"count":1,"href":"https:\/\/thepueblatimes.mx\/index.php\/wp-json\/wp\/v2\/posts\/33212\/revisions"}],"predecessor-version":[{"id":33214,"href":"https:\/\/thepueblatimes.mx\/index.php\/wp-json\/wp\/v2\/posts\/33212\/revisions\/33214"}],"wp:featuredmedia":[{"embeddable":true,"href":"https:\/\/thepueblatimes.mx\/index.php\/wp-json\/wp\/v2\/media\/33213"}],"wp:attachment":[{"href":"https:\/\/thepueblatimes.mx\/index.php\/wp-json\/wp\/v2\/media?parent=33212"}],"wp:term":[{"taxonomy":"category","embeddable":true,"href":"https:\/\/thepueblatimes.mx\/index.php\/wp-json\/wp\/v2\/categories?post=33212"},{"taxonomy":"post_tag","embeddable":true,"href":"https:\/\/thepueblatimes.mx\/index.php\/wp-json\/wp\/v2\/tags?post=33212"}],"curies":[{"name":"wp","href":"https:\/\/api.w.org\/{rel}","templated":true}]}}