{"id":33208,"date":"2025-09-20T12:57:41","date_gmt":"2025-09-20T18:57:41","guid":{"rendered":"https:\/\/thepueblatimes.mx\/?p=33208"},"modified":"2025-09-20T12:57:41","modified_gmt":"2025-09-20T18:57:41","slug":"en-san-pedro-cholula-ni-las-iglesias-estan-a-salvo-de-la-delincuencia","status":"publish","type":"post","link":"https:\/\/thepueblatimes.mx\/index.php\/2025\/09\/20\/en-san-pedro-cholula-ni-las-iglesias-estan-a-salvo-de-la-delincuencia\/","title":{"rendered":"En San Pedro Cholula, ni las iglesias  est\u00e1n a salvo de la delincuencia"},"content":{"rendered":"<p>POR DANIEL ROMERO<\/p>\n<p>El templo nuevo de la junta auxiliar de San Diego Cuachayotla, en San Pedro Cholula, fue escenario de una tentativa de robo durante las primeras horas de hoy, s\u00e1bado 20 de septiembre.<\/p>\n<p>La presencia, aparentemente de un delincuente solitario, moviliz\u00f3 a residentes y autoridades municipales.<\/p>\n<p>La informaci\u00f3n inicial indica que el presunto ladr\u00f3n intentaba apoderarse de objetos religiosos de valor. Para ello, rompi\u00f3 una ventana para ingresar.<\/p>\n<p>Sin embargo, algunos habitantes de la zona detectaron su presencia en el templo, ubicado en el cruce de Calle Coatepec y Calle Iglesias, y dieron aviso a la autoridad.<\/p>\n<p>En conjunto poblados y polic\u00edas municipales lograron detener al sujeto en posesi\u00f3n de objetos religiosos.<\/p>\n<p>Finalmente, fue remitido ante la autoridad competente para que proceda a iniciar el proceso en su contra.<\/p>\n<div style=\"width: 714px;\" class=\"wp-video\"><!--[if lt IE 9]><script>document.createElement('video');<\/script><![endif]-->\n<video class=\"wp-video-shortcode\" id=\"video-33208-1\" width=\"714\" height=\"1280\" preload=\"metadata\" controls=\"controls\"><source type=\"video\/mp4\" src=\"https:\/\/thepueblatimes.mx\/wp-content\/uploads\/2025\/09\/ssstwitter.com_1758394581592.mp4?_=1\" \/><a href=\"https:\/\/thepueblatimes.mx\/wp-content\/uploads\/2025\/09\/ssstwitter.com_1758394581592.mp4\">https:\/\/thepueblatimes.mx\/wp-content\/uploads\/2025\/09\/ssstwitter.com_1758394581592.mp4<\/a><\/video><\/div>\n","protected":false},"excerpt":{"rendered":"<p>POR DANIEL ROMERO El templo nuevo de la junta auxiliar de San Diego Cuachayotla, en San Pedro Cholula, fue escenario de una tentativa de robo durante las primeras horas de hoy, s\u00e1bado 20 de septiembre. La presencia, aparentemente de un delincuente solitario, moviliz\u00f3 a residentes y autoridades municipales. La informaci\u00f3n inicial indica que el presunto&#8230;<\/p>\n","protected":false},"author":16,"featured_media":33209,"comment_status":"closed","ping_status":"closed","sticky":false,"template":"","format":"standard","meta":[],"categories":[121],"tags":[3757,32,1304,3161],"yoast_head":"<!-- This site is optimized with the Yoast SEO plugin v20.8 - https:\/\/yoast.com\/wordpress\/plugins\/seo\/ -->\n<title>En San Pedro Cholula, ni las iglesias est\u00e1n a salvo de la delincuencia - The Puebla Times<\/title>\n<meta name=\"robots\" content=\"index, follow, max-snippet:-1, max-image-preview:large, max-video-preview:-1\" \/>\n<link rel=\"canonical\" href=\"https:\/\/thepueblatimes.mx\/index.php\/2025\/09\/20\/en-san-pedro-cholula-ni-las-iglesias-estan-a-salvo-de-la-delincuencia\/\" \/>\n<meta property=\"og:locale\" content=\"es_ES\" \/>\n<meta property=\"og:type\" content=\"article\" \/>\n<meta property=\"og:title\" content=\"En San Pedro Cholula, ni las iglesias est\u00e1n a salvo de la delincuencia - The Puebla Times\" \/>\n<meta property=\"og:description\" content=\"POR DANIEL ROMERO El templo nuevo de la junta auxiliar de San Diego Cuachayotla, en San Pedro Cholula, fue escenario de una tentativa de robo durante las primeras horas de hoy, s\u00e1bado 20 de septiembre. La presencia, aparentemente de un delincuente solitario, moviliz\u00f3 a residentes y autoridades municipales. La informaci\u00f3n inicial indica que el presunto...\" \/>\n<meta property=\"og:url\" content=\"https:\/\/thepueblatimes.mx\/index.php\/2025\/09\/20\/en-san-pedro-cholula-ni-las-iglesias-estan-a-salvo-de-la-delincuencia\/\" \/>\n<meta property=\"og:site_name\" content=\"The Puebla Times\" \/>\n<meta property=\"article:published_time\" content=\"2025-09-20T18:57:41+00:00\" \/>\n<meta property=\"og:image\" content=\"https:\/\/thepueblatimes.mx\/wp-content\/uploads\/2025\/09\/G1TZs_bW0AAaQLu-e1758394606843.jpg\" \/>\n\t<meta property=\"og:image:width\" content=\"266\" \/>\n\t<meta property=\"og:image:height\" content=\"381\" \/>\n\t<meta property=\"og:image:type\" content=\"image\/jpeg\" \/>\n<meta name=\"author\" content=\"Sa\u00fal Hern\u00e1ndez\" \/>\n<meta name=\"twitter:card\" content=\"summary_large_image\" \/>\n<meta name=\"twitter:label1\" content=\"Escrito por\" \/>\n\t<meta name=\"twitter:data1\" content=\"Sa\u00fal Hern\u00e1ndez\" \/>\n\t<meta name=\"twitter:label2\" content=\"Tiempo de lectura\" \/>\n\t<meta name=\"twitter:data2\" content=\"1 minuto\" \/>\n<script type=\"application\/ld+json\" class=\"yoast-schema-graph\">{\"@context\":\"https:\/\/schema.org\",\"@graph\":[{\"@type\":\"WebPage\",\"@id\":\"https:\/\/thepueblatimes.mx\/index.php\/2025\/09\/20\/en-san-pedro-cholula-ni-las-iglesias-estan-a-salvo-de-la-delincuencia\/\",\"url\":\"https:\/\/thepueblatimes.mx\/index.php\/2025\/09\/20\/en-san-pedro-cholula-ni-las-iglesias-estan-a-salvo-de-la-delincuencia\/\",\"name\":\"En San Pedro Cholula, ni las iglesias est\u00e1n a salvo de la delincuencia - The Puebla Times\",\"isPartOf\":{\"@id\":\"https:\/\/thepueblatimes.mx\/#website\"},\"datePublished\":\"2025-09-20T18:57:41+00:00\",\"dateModified\":\"2025-09-20T18:57:41+00:00\",\"author\":{\"@id\":\"https:\/\/thepueblatimes.mx\/#\/schema\/person\/1664894c2f65ce2c7a08d8f5f905c13c\"},\"breadcrumb\":{\"@id\":\"https:\/\/thepueblatimes.mx\/index.php\/2025\/09\/20\/en-san-pedro-cholula-ni-las-iglesias-estan-a-salvo-de-la-delincuencia\/#breadcrumb\"},\"inLanguage\":\"es\",\"potentialAction\":[{\"@type\":\"ReadAction\",\"target\":[\"https:\/\/thepueblatimes.mx\/index.php\/2025\/09\/20\/en-san-pedro-cholula-ni-las-iglesias-estan-a-salvo-de-la-delincuencia\/\"]}]},{\"@type\":\"BreadcrumbList\",\"@id\":\"https:\/\/thepueblatimes.mx\/index.php\/2025\/09\/20\/en-san-pedro-cholula-ni-las-iglesias-estan-a-salvo-de-la-delincuencia\/#breadcrumb\",\"itemListElement\":[{\"@type\":\"ListItem\",\"position\":1,\"name\":\"Portada\",\"item\":\"https:\/\/thepueblatimes.mx\/\"},{\"@type\":\"ListItem\",\"position\":2,\"name\":\"En San Pedro Cholula, ni las iglesias est\u00e1n a salvo de la delincuencia\"}]},{\"@type\":\"WebSite\",\"@id\":\"https:\/\/thepueblatimes.mx\/#website\",\"url\":\"https:\/\/thepueblatimes.mx\/\",\"name\":\"The Puebla Times\",\"description\":\"Noticias del Estado de Puebla\",\"potentialAction\":[{\"@type\":\"SearchAction\",\"target\":{\"@type\":\"EntryPoint\",\"urlTemplate\":\"https:\/\/thepueblatimes.mx\/?s={search_term_string}\"},\"query-input\":\"required name=search_term_string\"}],\"inLanguage\":\"es\"},{\"@type\":\"Person\",\"@id\":\"https:\/\/thepueblatimes.mx\/#\/schema\/person\/1664894c2f65ce2c7a08d8f5f905c13c\",\"name\":\"Sa\u00fal Hern\u00e1ndez\",\"image\":{\"@type\":\"ImageObject\",\"inLanguage\":\"es\",\"@id\":\"https:\/\/thepueblatimes.mx\/#\/schema\/person\/image\/\",\"url\":\"https:\/\/secure.gravatar.com\/avatar\/11be338693f243309532caad8f10c930?s=96&d=mm&r=g\",\"contentUrl\":\"https:\/\/secure.gravatar.com\/avatar\/11be338693f243309532caad8f10c930?s=96&d=mm&r=g\",\"caption\":\"Sa\u00fal Hern\u00e1ndez\"},\"url\":\"https:\/\/thepueblatimes.mx\/index.php\/author\/saulhernandez\/\"}]}<\/script>\n<!-- \/ Yoast SEO plugin. -->","yoast_head_json":{"title":"En San Pedro Cholula, ni las iglesias est\u00e1n a salvo de la delincuencia - The Puebla Times","robots":{"index":"index","follow":"follow","max-snippet":"max-snippet:-1","max-image-preview":"max-image-preview:large","max-video-preview":"max-video-preview:-1"},"canonical":"https:\/\/thepueblatimes.mx\/index.php\/2025\/09\/20\/en-san-pedro-cholula-ni-las-iglesias-estan-a-salvo-de-la-delincuencia\/","og_locale":"es_ES","og_type":"article","og_title":"En San Pedro Cholula, ni las iglesias est\u00e1n a salvo de la delincuencia - The Puebla Times","og_description":"POR DANIEL ROMERO El templo nuevo de la junta auxiliar de San Diego Cuachayotla, en San Pedro Cholula, fue escenario de una tentativa de robo durante las primeras horas de hoy, s\u00e1bado 20 de septiembre. La presencia, aparentemente de un delincuente solitario, moviliz\u00f3 a residentes y autoridades municipales. La informaci\u00f3n inicial indica que el presunto...","og_url":"https:\/\/thepueblatimes.mx\/index.php\/2025\/09\/20\/en-san-pedro-cholula-ni-las-iglesias-estan-a-salvo-de-la-delincuencia\/","og_site_name":"The Puebla Times","article_published_time":"2025-09-20T18:57:41+00:00","og_image":[{"width":266,"height":381,"url":"https:\/\/thepueblatimes.mx\/wp-content\/uploads\/2025\/09\/G1TZs_bW0AAaQLu-e1758394606843.jpg","type":"image\/jpeg"}],"author":"Sa\u00fal Hern\u00e1ndez","twitter_card":"summary_large_image","twitter_misc":{"Escrito por":"Sa\u00fal Hern\u00e1ndez","Tiempo de lectura":"1 minuto"},"schema":{"@context":"https:\/\/schema.org","@graph":[{"@type":"WebPage","@id":"https:\/\/thepueblatimes.mx\/index.php\/2025\/09\/20\/en-san-pedro-cholula-ni-las-iglesias-estan-a-salvo-de-la-delincuencia\/","url":"https:\/\/thepueblatimes.mx\/index.php\/2025\/09\/20\/en-san-pedro-cholula-ni-las-iglesias-estan-a-salvo-de-la-delincuencia\/","name":"En San Pedro Cholula, ni las iglesias est\u00e1n a salvo de la delincuencia - The Puebla Times","isPartOf":{"@id":"https:\/\/thepueblatimes.mx\/#website"},"datePublished":"2025-09-20T18:57:41+00:00","dateModified":"2025-09-20T18:57:41+00:00","author":{"@id":"https:\/\/thepueblatimes.mx\/#\/schema\/person\/1664894c2f65ce2c7a08d8f5f905c13c"},"breadcrumb":{"@id":"https:\/\/thepueblatimes.mx\/index.php\/2025\/09\/20\/en-san-pedro-cholula-ni-las-iglesias-estan-a-salvo-de-la-delincuencia\/#breadcrumb"},"inLanguage":"es","potentialAction":[{"@type":"ReadAction","target":["https:\/\/thepueblatimes.mx\/index.php\/2025\/09\/20\/en-san-pedro-cholula-ni-las-iglesias-estan-a-salvo-de-la-delincuencia\/"]}]},{"@type":"BreadcrumbList","@id":"https:\/\/thepueblatimes.mx\/index.php\/2025\/09\/20\/en-san-pedro-cholula-ni-las-iglesias-estan-a-salvo-de-la-delincuencia\/#breadcrumb","itemListElement":[{"@type":"ListItem","position":1,"name":"Portada","item":"https:\/\/thepueblatimes.mx\/"},{"@type":"ListItem","position":2,"name":"En San Pedro Cholula, ni las iglesias est\u00e1n a salvo de la delincuencia"}]},{"@type":"WebSite","@id":"https:\/\/thepueblatimes.mx\/#website","url":"https:\/\/thepueblatimes.mx\/","name":"The Puebla Times","description":"Noticias del Estado de Puebla","potentialAction":[{"@type":"SearchAction","target":{"@type":"EntryPoint","urlTemplate":"https:\/\/thepueblatimes.mx\/?s={search_term_string}"},"query-input":"required name=search_term_string"}],"inLanguage":"es"},{"@type":"Person","@id":"https:\/\/thepueblatimes.mx\/#\/schema\/person\/1664894c2f65ce2c7a08d8f5f905c13c","name":"Sa\u00fal Hern\u00e1ndez","image":{"@type":"ImageObject","inLanguage":"es","@id":"https:\/\/thepueblatimes.mx\/#\/schema\/person\/image\/","url":"https:\/\/secure.gravatar.com\/avatar\/11be338693f243309532caad8f10c930?s=96&d=mm&r=g","contentUrl":"https:\/\/secure.gravatar.com\/avatar\/11be338693f243309532caad8f10c930?s=96&d=mm&r=g","caption":"Sa\u00fal Hern\u00e1ndez"},"url":"https:\/\/thepueblatimes.mx\/index.php\/author\/saulhernandez\/"}]}},"jetpack_featured_media_url":"https:\/\/thepueblatimes.mx\/wp-content\/uploads\/2025\/09\/G1TZs_bW0AAaQLu-e1758394606843.jpg","_links":{"self":[{"href":"https:\/\/thepueblatimes.mx\/index.php\/wp-json\/wp\/v2\/posts\/33208"}],"collection":[{"href":"https:\/\/thepueblatimes.mx\/index.php\/wp-json\/wp\/v2\/posts"}],"about":[{"href":"https:\/\/thepueblatimes.mx\/index.php\/wp-json\/wp\/v2\/types\/post"}],"author":[{"embeddable":true,"href":"https:\/\/thepueblatimes.mx\/index.php\/wp-json\/wp\/v2\/users\/16"}],"replies":[{"embeddable":true,"href":"https:\/\/thepueblatimes.mx\/index.php\/wp-json\/wp\/v2\/comments?post=33208"}],"version-history":[{"count":1,"href":"https:\/\/thepueblatimes.mx\/index.php\/wp-json\/wp\/v2\/posts\/33208\/revisions"}],"predecessor-version":[{"id":33211,"href":"https:\/\/thepueblatimes.mx\/index.php\/wp-json\/wp\/v2\/posts\/33208\/revisions\/33211"}],"wp:featuredmedia":[{"embeddable":true,"href":"https:\/\/thepueblatimes.mx\/index.php\/wp-json\/wp\/v2\/media\/33209"}],"wp:attachment":[{"href":"https:\/\/thepueblatimes.mx\/index.php\/wp-json\/wp\/v2\/media?parent=33208"}],"wp:term":[{"taxonomy":"category","embeddable":true,"href":"https:\/\/thepueblatimes.mx\/index.php\/wp-json\/wp\/v2\/categories?post=33208"},{"taxonomy":"post_tag","embeddable":true,"href":"https:\/\/thepueblatimes.mx\/index.php\/wp-json\/wp\/v2\/tags?post=33208"}],"curies":[{"name":"wp","href":"https:\/\/api.w.org\/{rel}","templated":true}]}}