{"id":33185,"date":"2025-09-18T17:41:08","date_gmt":"2025-09-18T23:41:08","guid":{"rendered":"https:\/\/thepueblatimes.mx\/?p=33185"},"modified":"2025-09-18T17:41:08","modified_gmt":"2025-09-18T23:41:08","slug":"con-ceposami-puebla-sera-punta-de-lanza-en-la-atencion-a-la-salud-mental-de-la-ninez-y-los-adolescentes","status":"publish","type":"post","link":"https:\/\/thepueblatimes.mx\/index.php\/2025\/09\/18\/con-ceposami-puebla-sera-punta-de-lanza-en-la-atencion-a-la-salud-mental-de-la-ninez-y-los-adolescentes\/","title":{"rendered":"Con CEPOSAMI, Puebla ser\u00e1 punta de lanza en la atenci\u00f3n a la salud mental de la ni\u00f1ez y los adolescentes"},"content":{"rendered":"<h3><em>-Con una inversi\u00f3n de 44 mdp, a 279 d\u00edas de Gobierno, este centro es un modelo de vanguardia en tecnolog\u00eda, atenci\u00f3n integral y pol\u00edtica asistencial. <\/em><\/p>\n<p><em>-\u201cCon este centro se reconoce a la salud mental como un tema urgente y prioritario para atender\u201d, expres\u00f3 la presidenta del Sistema Nacional DIF, Mar\u00eda del Roc\u00edo Garc\u00eda P\u00e9rez.<\/em><\/h3>\n<p>CIUDAD DE PUEBLA, Pue.- La presidenta del Sistema Nacional DIF, Mar\u00eda del Roc\u00edo Garc\u00eda P\u00e9rez, reconoci\u00f3 el trabajo de la presidenta del patronato del Sistema DIF Estatal (SEDIF), Ceci Arellano al inaugurar el Centro Estatal Poblano de Salud Mental Integral Para Ni\u00f1as, Ni\u00f1os y Adolescentes (CEPOSAMI) en Casa Puebla, antigua residencia de Gobernadores.<\/p>\n<p>Ante m\u00e1s de mil 200 invitados de todos los sectores sociales, la presidenta del Sistema Nacional DIF manifest\u00f3 su benepl\u00e1cito del trabajo coordinado entre el SEDIF y el Gobierno de la Rep\u00fablica, que preside Claudia Sheinbaum: \u201cEl DIF Nacional va a tomar este modelo para otros estados\u201d. Expres\u00f3 su reconocimiento al gobernador Alejandro Armenta y a la presidenta del Patronato, Ceci Arellano, por \u201cesta gran iniciativa en Puebla que se convierte en un gran ejemplo a nivel nacional, porque reconocen a la salud mental como un tema urgente y prioritario para atender\u201d.<\/p>\n<p>\u201cCon este centro se transformar\u00e1, y t\u00fa lo ver\u00e1s, sentir\u00e1s esa paz en tu coraz\u00f3n, porque transformar\u00e1s la vida de muchas familias poblanas, para que sus ni\u00f1as, sus ni\u00f1os, sus adolescentes, tengan acceso a la salud mental y la garant\u00eda de que, de la mano de alguien que los escuche, pueden desarrollar todo su potencial\u201d, afirm\u00f3 la presidenta nacional del DIF.<\/p>\n<p>En su intervenci\u00f3n, la presidenta del Patronato del Sistema DIF Estatal (SEDIF), Ceci Arellano, expres\u00f3 que este espacio \u201ces el coraz\u00f3n del gobierno del estado de Puebla\u201d. Agradeci\u00f3 al gobernador Alejandro Armenta, su apoyo decidido, a esta obra de pol\u00edtica asistencial que juntos visualizaron desde el primer d\u00eda de la administraci\u00f3n estatal. \u201cQuiero invitar a las y los padres de familia a que cuando vean a un peque\u00f1o, a sus hijos, aislados, tristes, acudan a CEPOSAMI, porque aqu\u00ed se les dar\u00e1 una atenci\u00f3n especializada, lo importante de este centro no es solo atender los s\u00edntomas sino ir a las causas\u201d.<\/p>\n<p>Adem\u00e1s, agradeci\u00f3 la donaci\u00f3n econ\u00f3mica que realiz\u00f3 la secretaria de Deporte y Juventud, Gaby \u201cLa Bonita\u201d S\u00e1nchez, durante su \u00faltima pelea como campeona mundial de boxeo, que asciende a 1 mill\u00f3n 800 mil pesos y que fue destinada al equipamiento de las instalaciones.<\/p>\n<p>El gobernador de Puebla, Alejandro Armenta, expres\u00f3 su reconocimiento por el trabajo que realiza el SEDIF y se\u00f1al\u00f3: \u201cComo dice Ceci, a lo largo de nuestra vida se han acercado muchos padres de familia, madres angustiadas, por no saber. Despu\u00e9s de la pandemia, acud\u00edan con un especialista, con otro, laboratorios y no pod\u00edan diagnosticar el aislamiento de sus ni\u00f1os y la crisis de sus adolescentes\u201d.<\/p>\n<p>El mandatario estatal se\u00f1al\u00f3 que la paz, que la presidenta Claudia Sheinbaum, ha puesto en el centro del humanismo mexicano, y que todos los d\u00edas trabaja por ello, ser\u00e1 la caracter\u00edstica y el objetivo de todas las acciones de esta administraci\u00f3n.<\/p>\n<p>El director del SEDIF, Juan Carlos Valdez Zayas, dio la bienvenida al evento: \u201cSe trata de un modelo pionero en M\u00e9xico que coloca a Puebla a la vanguardia en el pa\u00eds. Un sue\u00f1o tan importante con el impacto social que alcanzar\u00e1 solamente puede lograrse en equipo. El CEPOSAMI no solo es un edificio, es un hogar de esperanza, un lugar de acompa\u00f1amiento y desarrollo\u201d.<\/p>\n<p>El gobernador Alejandro Armenta, la presidenta del Patronato, Ceci Arellano y la presidenta nacional del DIF, Mar\u00eda del Roc\u00edo Garc\u00eda P\u00e9rez, encabezaron el recorrido por las instalaciones que fue guiado por la directora Umi Choda Morales, posteriormente el corte de list\u00f3n y la develaci\u00f3n de placa del CEPOSAMI, que recupera un espacio que fue residencia de gobernadores, para transformarse en un centro integral especializado de atenci\u00f3n a la salud de la poblaci\u00f3n infantil y adolescente. Se estima que beneficie a 1 mill\u00f3n 542 mil 232 personas. La Obra se realiz\u00f3 entre el 25 de febrero de 2025 al 06 de septiembre y se intervinieron 2 mil 671.09 metros cuadrados.<\/p>\n<p>Estuvieron presentes las presidentas, directores y representantes de los sistemas estatales DIF de Yucat\u00e1n, Wendy Yamile M\u00e9ndez; de Hidalgo, Edda Vite Ramos; de Coahuila, Alejandro Rafael Zepeda Vald\u00e9z; de Tlaxcala, Miguel \u00c1ngel Ram\u00edrez Palacios y de Tamaulipas, Patricia Eugenia Lara; as\u00ed como la directora general de Alimentaci\u00f3n y Desarrollo Comunitario del Sistema Nacional DIF, Uritzimar Jazm\u00edn San Mart\u00edn L\u00f3pez; la directora de Vinculaci\u00f3n Nacional y Cooperaci\u00f3n Internacional de la Comisi\u00f3n Nacional de Salud Mental y Adicciones (CONASAMA), Josefina Alejandra Rubio Pati\u00f1o; el director de Prevenci\u00f3n y Atenci\u00f3n a la Violencia de SIPINNA, Alfonso Galindo Cano, en representaci\u00f3n de su titular, Lorena Villavicencio.<\/p>\n","protected":false},"excerpt":{"rendered":"<p>-Con una inversi\u00f3n de 44 mdp, a 279 d\u00edas de Gobierno, este centro es un modelo de vanguardia en tecnolog\u00eda, atenci\u00f3n integral y pol\u00edtica asistencial. -\u201cCon este centro se reconoce a la salud mental como un tema urgente y prioritario para atender\u201d, expres\u00f3 la presidenta del Sistema Nacional DIF, Mar\u00eda del Roc\u00edo Garc\u00eda P\u00e9rez. CIUDAD&#8230;<\/p>\n","protected":false},"author":16,"featured_media":33186,"comment_status":"closed","ping_status":"closed","sticky":false,"template":"","format":"standard","meta":[],"categories":[3],"tags":[187,1523,1273,1290,1341],"yoast_head":"<!-- This site is optimized with the Yoast SEO plugin v20.8 - https:\/\/yoast.com\/wordpress\/plugins\/seo\/ -->\n<title>Con CEPOSAMI, Puebla ser\u00e1 punta de lanza en la atenci\u00f3n a la salud mental de la ni\u00f1ez y los adolescentes - The Puebla Times<\/title>\n<meta name=\"robots\" content=\"index, follow, max-snippet:-1, max-image-preview:large, max-video-preview:-1\" \/>\n<link rel=\"canonical\" href=\"https:\/\/thepueblatimes.mx\/index.php\/2025\/09\/18\/con-ceposami-puebla-sera-punta-de-lanza-en-la-atencion-a-la-salud-mental-de-la-ninez-y-los-adolescentes\/\" \/>\n<meta property=\"og:locale\" content=\"es_ES\" \/>\n<meta property=\"og:type\" content=\"article\" \/>\n<meta property=\"og:title\" content=\"Con CEPOSAMI, Puebla ser\u00e1 punta de lanza en la atenci\u00f3n a la salud mental de la ni\u00f1ez y los adolescentes - The Puebla Times\" \/>\n<meta property=\"og:description\" content=\"-Con una inversi\u00f3n de 44 mdp, a 279 d\u00edas de Gobierno, este centro es un modelo de vanguardia en tecnolog\u00eda, atenci\u00f3n integral y pol\u00edtica asistencial. -\u201cCon este centro se reconoce a la salud mental como un tema urgente y prioritario para atender\u201d, expres\u00f3 la presidenta del Sistema Nacional DIF, Mar\u00eda del Roc\u00edo Garc\u00eda P\u00e9rez. CIUDAD...\" \/>\n<meta property=\"og:url\" content=\"https:\/\/thepueblatimes.mx\/index.php\/2025\/09\/18\/con-ceposami-puebla-sera-punta-de-lanza-en-la-atencion-a-la-salud-mental-de-la-ninez-y-los-adolescentes\/\" \/>\n<meta property=\"og:site_name\" content=\"The Puebla Times\" \/>\n<meta property=\"article:published_time\" content=\"2025-09-18T23:41:08+00:00\" \/>\n<meta property=\"og:image\" content=\"https:\/\/thepueblatimes.mx\/wp-content\/uploads\/2025\/09\/WhatsApp-Image-2025-09-18-at-15.52.15.jpeg\" \/>\n\t<meta property=\"og:image:width\" content=\"1280\" \/>\n\t<meta property=\"og:image:height\" content=\"961\" \/>\n\t<meta property=\"og:image:type\" content=\"image\/jpeg\" \/>\n<meta name=\"author\" content=\"Sa\u00fal Hern\u00e1ndez\" \/>\n<meta name=\"twitter:card\" content=\"summary_large_image\" \/>\n<meta name=\"twitter:label1\" content=\"Escrito por\" \/>\n\t<meta name=\"twitter:data1\" content=\"Sa\u00fal Hern\u00e1ndez\" \/>\n\t<meta name=\"twitter:label2\" content=\"Tiempo de lectura\" \/>\n\t<meta name=\"twitter:data2\" content=\"4 minutos\" \/>\n<script type=\"application\/ld+json\" class=\"yoast-schema-graph\">{\"@context\":\"https:\/\/schema.org\",\"@graph\":[{\"@type\":\"WebPage\",\"@id\":\"https:\/\/thepueblatimes.mx\/index.php\/2025\/09\/18\/con-ceposami-puebla-sera-punta-de-lanza-en-la-atencion-a-la-salud-mental-de-la-ninez-y-los-adolescentes\/\",\"url\":\"https:\/\/thepueblatimes.mx\/index.php\/2025\/09\/18\/con-ceposami-puebla-sera-punta-de-lanza-en-la-atencion-a-la-salud-mental-de-la-ninez-y-los-adolescentes\/\",\"name\":\"Con CEPOSAMI, Puebla ser\u00e1 punta de lanza en la atenci\u00f3n a la salud mental de la ni\u00f1ez y los adolescentes - The Puebla Times\",\"isPartOf\":{\"@id\":\"https:\/\/thepueblatimes.mx\/#website\"},\"datePublished\":\"2025-09-18T23:41:08+00:00\",\"dateModified\":\"2025-09-18T23:41:08+00:00\",\"author\":{\"@id\":\"https:\/\/thepueblatimes.mx\/#\/schema\/person\/1664894c2f65ce2c7a08d8f5f905c13c\"},\"breadcrumb\":{\"@id\":\"https:\/\/thepueblatimes.mx\/index.php\/2025\/09\/18\/con-ceposami-puebla-sera-punta-de-lanza-en-la-atencion-a-la-salud-mental-de-la-ninez-y-los-adolescentes\/#breadcrumb\"},\"inLanguage\":\"es\",\"potentialAction\":[{\"@type\":\"ReadAction\",\"target\":[\"https:\/\/thepueblatimes.mx\/index.php\/2025\/09\/18\/con-ceposami-puebla-sera-punta-de-lanza-en-la-atencion-a-la-salud-mental-de-la-ninez-y-los-adolescentes\/\"]}]},{\"@type\":\"BreadcrumbList\",\"@id\":\"https:\/\/thepueblatimes.mx\/index.php\/2025\/09\/18\/con-ceposami-puebla-sera-punta-de-lanza-en-la-atencion-a-la-salud-mental-de-la-ninez-y-los-adolescentes\/#breadcrumb\",\"itemListElement\":[{\"@type\":\"ListItem\",\"position\":1,\"name\":\"Portada\",\"item\":\"https:\/\/thepueblatimes.mx\/\"},{\"@type\":\"ListItem\",\"position\":2,\"name\":\"Con CEPOSAMI, Puebla ser\u00e1 punta de lanza en la atenci\u00f3n a la salud mental de la ni\u00f1ez y los adolescentes\"}]},{\"@type\":\"WebSite\",\"@id\":\"https:\/\/thepueblatimes.mx\/#website\",\"url\":\"https:\/\/thepueblatimes.mx\/\",\"name\":\"The Puebla Times\",\"description\":\"Noticias del Estado de Puebla\",\"potentialAction\":[{\"@type\":\"SearchAction\",\"target\":{\"@type\":\"EntryPoint\",\"urlTemplate\":\"https:\/\/thepueblatimes.mx\/?s={search_term_string}\"},\"query-input\":\"required name=search_term_string\"}],\"inLanguage\":\"es\"},{\"@type\":\"Person\",\"@id\":\"https:\/\/thepueblatimes.mx\/#\/schema\/person\/1664894c2f65ce2c7a08d8f5f905c13c\",\"name\":\"Sa\u00fal Hern\u00e1ndez\",\"image\":{\"@type\":\"ImageObject\",\"inLanguage\":\"es\",\"@id\":\"https:\/\/thepueblatimes.mx\/#\/schema\/person\/image\/\",\"url\":\"https:\/\/secure.gravatar.com\/avatar\/11be338693f243309532caad8f10c930?s=96&d=mm&r=g\",\"contentUrl\":\"https:\/\/secure.gravatar.com\/avatar\/11be338693f243309532caad8f10c930?s=96&d=mm&r=g\",\"caption\":\"Sa\u00fal Hern\u00e1ndez\"},\"url\":\"https:\/\/thepueblatimes.mx\/index.php\/author\/saulhernandez\/\"}]}<\/script>\n<!-- \/ Yoast SEO plugin. -->","yoast_head_json":{"title":"Con CEPOSAMI, Puebla ser\u00e1 punta de lanza en la atenci\u00f3n a la salud mental de la ni\u00f1ez y los adolescentes - The Puebla Times","robots":{"index":"index","follow":"follow","max-snippet":"max-snippet:-1","max-image-preview":"max-image-preview:large","max-video-preview":"max-video-preview:-1"},"canonical":"https:\/\/thepueblatimes.mx\/index.php\/2025\/09\/18\/con-ceposami-puebla-sera-punta-de-lanza-en-la-atencion-a-la-salud-mental-de-la-ninez-y-los-adolescentes\/","og_locale":"es_ES","og_type":"article","og_title":"Con CEPOSAMI, Puebla ser\u00e1 punta de lanza en la atenci\u00f3n a la salud mental de la ni\u00f1ez y los adolescentes - The Puebla Times","og_description":"-Con una inversi\u00f3n de 44 mdp, a 279 d\u00edas de Gobierno, este centro es un modelo de vanguardia en tecnolog\u00eda, atenci\u00f3n integral y pol\u00edtica asistencial. -\u201cCon este centro se reconoce a la salud mental como un tema urgente y prioritario para atender\u201d, expres\u00f3 la presidenta del Sistema Nacional DIF, Mar\u00eda del Roc\u00edo Garc\u00eda P\u00e9rez. CIUDAD...","og_url":"https:\/\/thepueblatimes.mx\/index.php\/2025\/09\/18\/con-ceposami-puebla-sera-punta-de-lanza-en-la-atencion-a-la-salud-mental-de-la-ninez-y-los-adolescentes\/","og_site_name":"The Puebla Times","article_published_time":"2025-09-18T23:41:08+00:00","og_image":[{"width":1280,"height":961,"url":"https:\/\/thepueblatimes.mx\/wp-content\/uploads\/2025\/09\/WhatsApp-Image-2025-09-18-at-15.52.15.jpeg","type":"image\/jpeg"}],"author":"Sa\u00fal Hern\u00e1ndez","twitter_card":"summary_large_image","twitter_misc":{"Escrito por":"Sa\u00fal Hern\u00e1ndez","Tiempo de lectura":"4 minutos"},"schema":{"@context":"https:\/\/schema.org","@graph":[{"@type":"WebPage","@id":"https:\/\/thepueblatimes.mx\/index.php\/2025\/09\/18\/con-ceposami-puebla-sera-punta-de-lanza-en-la-atencion-a-la-salud-mental-de-la-ninez-y-los-adolescentes\/","url":"https:\/\/thepueblatimes.mx\/index.php\/2025\/09\/18\/con-ceposami-puebla-sera-punta-de-lanza-en-la-atencion-a-la-salud-mental-de-la-ninez-y-los-adolescentes\/","name":"Con CEPOSAMI, Puebla ser\u00e1 punta de lanza en la atenci\u00f3n a la salud mental de la ni\u00f1ez y los adolescentes - The Puebla Times","isPartOf":{"@id":"https:\/\/thepueblatimes.mx\/#website"},"datePublished":"2025-09-18T23:41:08+00:00","dateModified":"2025-09-18T23:41:08+00:00","author":{"@id":"https:\/\/thepueblatimes.mx\/#\/schema\/person\/1664894c2f65ce2c7a08d8f5f905c13c"},"breadcrumb":{"@id":"https:\/\/thepueblatimes.mx\/index.php\/2025\/09\/18\/con-ceposami-puebla-sera-punta-de-lanza-en-la-atencion-a-la-salud-mental-de-la-ninez-y-los-adolescentes\/#breadcrumb"},"inLanguage":"es","potentialAction":[{"@type":"ReadAction","target":["https:\/\/thepueblatimes.mx\/index.php\/2025\/09\/18\/con-ceposami-puebla-sera-punta-de-lanza-en-la-atencion-a-la-salud-mental-de-la-ninez-y-los-adolescentes\/"]}]},{"@type":"BreadcrumbList","@id":"https:\/\/thepueblatimes.mx\/index.php\/2025\/09\/18\/con-ceposami-puebla-sera-punta-de-lanza-en-la-atencion-a-la-salud-mental-de-la-ninez-y-los-adolescentes\/#breadcrumb","itemListElement":[{"@type":"ListItem","position":1,"name":"Portada","item":"https:\/\/thepueblatimes.mx\/"},{"@type":"ListItem","position":2,"name":"Con CEPOSAMI, Puebla ser\u00e1 punta de lanza en la atenci\u00f3n a la salud mental de la ni\u00f1ez y los adolescentes"}]},{"@type":"WebSite","@id":"https:\/\/thepueblatimes.mx\/#website","url":"https:\/\/thepueblatimes.mx\/","name":"The Puebla Times","description":"Noticias del Estado de Puebla","potentialAction":[{"@type":"SearchAction","target":{"@type":"EntryPoint","urlTemplate":"https:\/\/thepueblatimes.mx\/?s={search_term_string}"},"query-input":"required name=search_term_string"}],"inLanguage":"es"},{"@type":"Person","@id":"https:\/\/thepueblatimes.mx\/#\/schema\/person\/1664894c2f65ce2c7a08d8f5f905c13c","name":"Sa\u00fal Hern\u00e1ndez","image":{"@type":"ImageObject","inLanguage":"es","@id":"https:\/\/thepueblatimes.mx\/#\/schema\/person\/image\/","url":"https:\/\/secure.gravatar.com\/avatar\/11be338693f243309532caad8f10c930?s=96&d=mm&r=g","contentUrl":"https:\/\/secure.gravatar.com\/avatar\/11be338693f243309532caad8f10c930?s=96&d=mm&r=g","caption":"Sa\u00fal Hern\u00e1ndez"},"url":"https:\/\/thepueblatimes.mx\/index.php\/author\/saulhernandez\/"}]}},"jetpack_featured_media_url":"https:\/\/thepueblatimes.mx\/wp-content\/uploads\/2025\/09\/WhatsApp-Image-2025-09-18-at-15.52.15.jpeg","_links":{"self":[{"href":"https:\/\/thepueblatimes.mx\/index.php\/wp-json\/wp\/v2\/posts\/33185"}],"collection":[{"href":"https:\/\/thepueblatimes.mx\/index.php\/wp-json\/wp\/v2\/posts"}],"about":[{"href":"https:\/\/thepueblatimes.mx\/index.php\/wp-json\/wp\/v2\/types\/post"}],"author":[{"embeddable":true,"href":"https:\/\/thepueblatimes.mx\/index.php\/wp-json\/wp\/v2\/users\/16"}],"replies":[{"embeddable":true,"href":"https:\/\/thepueblatimes.mx\/index.php\/wp-json\/wp\/v2\/comments?post=33185"}],"version-history":[{"count":1,"href":"https:\/\/thepueblatimes.mx\/index.php\/wp-json\/wp\/v2\/posts\/33185\/revisions"}],"predecessor-version":[{"id":33187,"href":"https:\/\/thepueblatimes.mx\/index.php\/wp-json\/wp\/v2\/posts\/33185\/revisions\/33187"}],"wp:featuredmedia":[{"embeddable":true,"href":"https:\/\/thepueblatimes.mx\/index.php\/wp-json\/wp\/v2\/media\/33186"}],"wp:attachment":[{"href":"https:\/\/thepueblatimes.mx\/index.php\/wp-json\/wp\/v2\/media?parent=33185"}],"wp:term":[{"taxonomy":"category","embeddable":true,"href":"https:\/\/thepueblatimes.mx\/index.php\/wp-json\/wp\/v2\/categories?post=33185"},{"taxonomy":"post_tag","embeddable":true,"href":"https:\/\/thepueblatimes.mx\/index.php\/wp-json\/wp\/v2\/tags?post=33185"}],"curies":[{"name":"wp","href":"https:\/\/api.w.org\/{rel}","templated":true}]}}