{"id":33181,"date":"2025-09-18T17:33:58","date_gmt":"2025-09-18T23:33:58","guid":{"rendered":"https:\/\/thepueblatimes.mx\/?p=33181"},"modified":"2025-09-18T17:36:19","modified_gmt":"2025-09-18T23:36:19","slug":"el-hombre-que-fue-abandonado-en-analco-fue-levantado-en-el-mercado-morelos","status":"publish","type":"post","link":"https:\/\/thepueblatimes.mx\/index.php\/2025\/09\/18\/el-hombre-que-fue-abandonado-en-analco-fue-levantado-en-el-mercado-morelos\/","title":{"rendered":"El hombre que fue abandonado en Analco fue levantado en el Mercado Morelos"},"content":{"rendered":"<p>Como v\u00edctima de un levant\u00f3n, derivado del cobro de piso, fue identificado el hombre cuyo cad\u00e1ver fue abandonado recientemente en el puente de Analco junto con un mensaje amenazante.<\/p>\n<p>Los datos que han trascendido indica que el hombre identificado como Willivaldo, dedicado a la venta de quesos y productos l\u00e1cteos, fue levantado dos d\u00edas antes en inmediaciones del Mercado Morelos.<\/p>\n<p>Adem\u00e1s, al momento se desconoce el paradero de su esposa y yerno, quienes presumiblemente lo acompa\u00f1aban cuando fue levantado.<\/p>\n<p>Willivaldo, no era originario de Puebla, pero con frecuencia viajaba en una camioneta Toyota Tacoma a la capital estatal para vender sus productos en el Mercado Morelos y la colonia 10 de Mayo.<\/p>\n<p>De manera extra oficial, se sabe que Willivaldo era v\u00edctima de cobro de piso, mismo que se neg\u00f3 a pagar y ello deriv\u00f3 en que fue levantado por el crimen organizado.<\/p>\n<p>La ficha de b\u00fasqueda emitida por la Fiscal\u00eda General del Estado, refiere que Willivaldo, su esposa Clara y su yerno \u00c1ngel Yair fueron vistos por \u00faltima vez el 13 de septiembre en la colonia 10 de Mayo a bordo de su camioneta Toyota Tacoma de color rojo, con placas de circulaci\u00f3n WY-5829-D.<\/p>\n<p>En el contexto, el titular de la Secretar\u00eda de Seguridad P\u00fablica, vicealmirante Francisco S\u00e1nchez, confirm\u00f3 que la v\u00edctima era tlaxcalteca.<\/p>\n","protected":false},"excerpt":{"rendered":"<p>Como v\u00edctima de un levant\u00f3n, derivado del cobro de piso, fue identificado el hombre cuyo cad\u00e1ver fue abandonado recientemente en el puente de Analco junto con un mensaje amenazante. Los datos que han trascendido indica que el hombre identificado como Willivaldo, dedicado a la venta de quesos y productos l\u00e1cteos, fue levantado dos d\u00edas antes&#8230;<\/p>\n","protected":false},"author":16,"featured_media":33182,"comment_status":"closed","ping_status":"closed","sticky":false,"template":"","format":"standard","meta":[],"categories":[542],"tags":[431,229,4119,3369],"yoast_head":"<!-- This site is optimized with the Yoast SEO plugin v20.8 - https:\/\/yoast.com\/wordpress\/plugins\/seo\/ -->\n<title>El hombre que fue abandonado en Analco fue levantado en el Mercado Morelos - The Puebla Times<\/title>\n<meta name=\"robots\" content=\"index, follow, max-snippet:-1, max-image-preview:large, max-video-preview:-1\" \/>\n<link rel=\"canonical\" href=\"https:\/\/thepueblatimes.mx\/index.php\/2025\/09\/18\/el-hombre-que-fue-abandonado-en-analco-fue-levantado-en-el-mercado-morelos\/\" \/>\n<meta property=\"og:locale\" content=\"es_ES\" \/>\n<meta property=\"og:type\" content=\"article\" \/>\n<meta property=\"og:title\" content=\"El hombre que fue abandonado en Analco fue levantado en el Mercado Morelos - The Puebla Times\" \/>\n<meta property=\"og:description\" content=\"Como v\u00edctima de un levant\u00f3n, derivado del cobro de piso, fue identificado el hombre cuyo cad\u00e1ver fue abandonado recientemente en el puente de Analco junto con un mensaje amenazante. Los datos que han trascendido indica que el hombre identificado como Willivaldo, dedicado a la venta de quesos y productos l\u00e1cteos, fue levantado dos d\u00edas antes...\" \/>\n<meta property=\"og:url\" content=\"https:\/\/thepueblatimes.mx\/index.php\/2025\/09\/18\/el-hombre-que-fue-abandonado-en-analco-fue-levantado-en-el-mercado-morelos\/\" \/>\n<meta property=\"og:site_name\" content=\"The Puebla Times\" \/>\n<meta property=\"article:published_time\" content=\"2025-09-18T23:33:58+00:00\" \/>\n<meta property=\"article:modified_time\" content=\"2025-09-18T23:36:19+00:00\" \/>\n<meta property=\"og:image\" content=\"https:\/\/thepueblatimes.mx\/wp-content\/uploads\/2025\/09\/G05tSFxWQAAZ7Om-1.jpg\" \/>\n\t<meta property=\"og:image:width\" content=\"685\" \/>\n\t<meta property=\"og:image:height\" content=\"820\" \/>\n\t<meta property=\"og:image:type\" content=\"image\/jpeg\" \/>\n<meta name=\"author\" content=\"Sa\u00fal Hern\u00e1ndez\" \/>\n<meta name=\"twitter:card\" content=\"summary_large_image\" \/>\n<meta name=\"twitter:label1\" content=\"Escrito por\" \/>\n\t<meta name=\"twitter:data1\" content=\"Sa\u00fal Hern\u00e1ndez\" \/>\n\t<meta name=\"twitter:label2\" content=\"Tiempo de lectura\" \/>\n\t<meta name=\"twitter:data2\" content=\"1 minuto\" \/>\n<script type=\"application\/ld+json\" class=\"yoast-schema-graph\">{\"@context\":\"https:\/\/schema.org\",\"@graph\":[{\"@type\":\"WebPage\",\"@id\":\"https:\/\/thepueblatimes.mx\/index.php\/2025\/09\/18\/el-hombre-que-fue-abandonado-en-analco-fue-levantado-en-el-mercado-morelos\/\",\"url\":\"https:\/\/thepueblatimes.mx\/index.php\/2025\/09\/18\/el-hombre-que-fue-abandonado-en-analco-fue-levantado-en-el-mercado-morelos\/\",\"name\":\"El hombre que fue abandonado en Analco fue levantado en el Mercado Morelos - The Puebla Times\",\"isPartOf\":{\"@id\":\"https:\/\/thepueblatimes.mx\/#website\"},\"datePublished\":\"2025-09-18T23:33:58+00:00\",\"dateModified\":\"2025-09-18T23:36:19+00:00\",\"author\":{\"@id\":\"https:\/\/thepueblatimes.mx\/#\/schema\/person\/1664894c2f65ce2c7a08d8f5f905c13c\"},\"breadcrumb\":{\"@id\":\"https:\/\/thepueblatimes.mx\/index.php\/2025\/09\/18\/el-hombre-que-fue-abandonado-en-analco-fue-levantado-en-el-mercado-morelos\/#breadcrumb\"},\"inLanguage\":\"es\",\"potentialAction\":[{\"@type\":\"ReadAction\",\"target\":[\"https:\/\/thepueblatimes.mx\/index.php\/2025\/09\/18\/el-hombre-que-fue-abandonado-en-analco-fue-levantado-en-el-mercado-morelos\/\"]}]},{\"@type\":\"BreadcrumbList\",\"@id\":\"https:\/\/thepueblatimes.mx\/index.php\/2025\/09\/18\/el-hombre-que-fue-abandonado-en-analco-fue-levantado-en-el-mercado-morelos\/#breadcrumb\",\"itemListElement\":[{\"@type\":\"ListItem\",\"position\":1,\"name\":\"Portada\",\"item\":\"https:\/\/thepueblatimes.mx\/\"},{\"@type\":\"ListItem\",\"position\":2,\"name\":\"El hombre que fue abandonado en Analco fue levantado en el Mercado Morelos\"}]},{\"@type\":\"WebSite\",\"@id\":\"https:\/\/thepueblatimes.mx\/#website\",\"url\":\"https:\/\/thepueblatimes.mx\/\",\"name\":\"The Puebla Times\",\"description\":\"Noticias del Estado de Puebla\",\"potentialAction\":[{\"@type\":\"SearchAction\",\"target\":{\"@type\":\"EntryPoint\",\"urlTemplate\":\"https:\/\/thepueblatimes.mx\/?s={search_term_string}\"},\"query-input\":\"required name=search_term_string\"}],\"inLanguage\":\"es\"},{\"@type\":\"Person\",\"@id\":\"https:\/\/thepueblatimes.mx\/#\/schema\/person\/1664894c2f65ce2c7a08d8f5f905c13c\",\"name\":\"Sa\u00fal Hern\u00e1ndez\",\"image\":{\"@type\":\"ImageObject\",\"inLanguage\":\"es\",\"@id\":\"https:\/\/thepueblatimes.mx\/#\/schema\/person\/image\/\",\"url\":\"https:\/\/secure.gravatar.com\/avatar\/11be338693f243309532caad8f10c930?s=96&d=mm&r=g\",\"contentUrl\":\"https:\/\/secure.gravatar.com\/avatar\/11be338693f243309532caad8f10c930?s=96&d=mm&r=g\",\"caption\":\"Sa\u00fal Hern\u00e1ndez\"},\"url\":\"https:\/\/thepueblatimes.mx\/index.php\/author\/saulhernandez\/\"}]}<\/script>\n<!-- \/ Yoast SEO plugin. -->","yoast_head_json":{"title":"El hombre que fue abandonado en Analco fue levantado en el Mercado Morelos - The Puebla Times","robots":{"index":"index","follow":"follow","max-snippet":"max-snippet:-1","max-image-preview":"max-image-preview:large","max-video-preview":"max-video-preview:-1"},"canonical":"https:\/\/thepueblatimes.mx\/index.php\/2025\/09\/18\/el-hombre-que-fue-abandonado-en-analco-fue-levantado-en-el-mercado-morelos\/","og_locale":"es_ES","og_type":"article","og_title":"El hombre que fue abandonado en Analco fue levantado en el Mercado Morelos - The Puebla Times","og_description":"Como v\u00edctima de un levant\u00f3n, derivado del cobro de piso, fue identificado el hombre cuyo cad\u00e1ver fue abandonado recientemente en el puente de Analco junto con un mensaje amenazante. Los datos que han trascendido indica que el hombre identificado como Willivaldo, dedicado a la venta de quesos y productos l\u00e1cteos, fue levantado dos d\u00edas antes...","og_url":"https:\/\/thepueblatimes.mx\/index.php\/2025\/09\/18\/el-hombre-que-fue-abandonado-en-analco-fue-levantado-en-el-mercado-morelos\/","og_site_name":"The Puebla Times","article_published_time":"2025-09-18T23:33:58+00:00","article_modified_time":"2025-09-18T23:36:19+00:00","og_image":[{"width":685,"height":820,"url":"https:\/\/thepueblatimes.mx\/wp-content\/uploads\/2025\/09\/G05tSFxWQAAZ7Om-1.jpg","type":"image\/jpeg"}],"author":"Sa\u00fal Hern\u00e1ndez","twitter_card":"summary_large_image","twitter_misc":{"Escrito por":"Sa\u00fal Hern\u00e1ndez","Tiempo de lectura":"1 minuto"},"schema":{"@context":"https:\/\/schema.org","@graph":[{"@type":"WebPage","@id":"https:\/\/thepueblatimes.mx\/index.php\/2025\/09\/18\/el-hombre-que-fue-abandonado-en-analco-fue-levantado-en-el-mercado-morelos\/","url":"https:\/\/thepueblatimes.mx\/index.php\/2025\/09\/18\/el-hombre-que-fue-abandonado-en-analco-fue-levantado-en-el-mercado-morelos\/","name":"El hombre que fue abandonado en Analco fue levantado en el Mercado Morelos - The Puebla Times","isPartOf":{"@id":"https:\/\/thepueblatimes.mx\/#website"},"datePublished":"2025-09-18T23:33:58+00:00","dateModified":"2025-09-18T23:36:19+00:00","author":{"@id":"https:\/\/thepueblatimes.mx\/#\/schema\/person\/1664894c2f65ce2c7a08d8f5f905c13c"},"breadcrumb":{"@id":"https:\/\/thepueblatimes.mx\/index.php\/2025\/09\/18\/el-hombre-que-fue-abandonado-en-analco-fue-levantado-en-el-mercado-morelos\/#breadcrumb"},"inLanguage":"es","potentialAction":[{"@type":"ReadAction","target":["https:\/\/thepueblatimes.mx\/index.php\/2025\/09\/18\/el-hombre-que-fue-abandonado-en-analco-fue-levantado-en-el-mercado-morelos\/"]}]},{"@type":"BreadcrumbList","@id":"https:\/\/thepueblatimes.mx\/index.php\/2025\/09\/18\/el-hombre-que-fue-abandonado-en-analco-fue-levantado-en-el-mercado-morelos\/#breadcrumb","itemListElement":[{"@type":"ListItem","position":1,"name":"Portada","item":"https:\/\/thepueblatimes.mx\/"},{"@type":"ListItem","position":2,"name":"El hombre que fue abandonado en Analco fue levantado en el Mercado Morelos"}]},{"@type":"WebSite","@id":"https:\/\/thepueblatimes.mx\/#website","url":"https:\/\/thepueblatimes.mx\/","name":"The Puebla Times","description":"Noticias del Estado de Puebla","potentialAction":[{"@type":"SearchAction","target":{"@type":"EntryPoint","urlTemplate":"https:\/\/thepueblatimes.mx\/?s={search_term_string}"},"query-input":"required name=search_term_string"}],"inLanguage":"es"},{"@type":"Person","@id":"https:\/\/thepueblatimes.mx\/#\/schema\/person\/1664894c2f65ce2c7a08d8f5f905c13c","name":"Sa\u00fal Hern\u00e1ndez","image":{"@type":"ImageObject","inLanguage":"es","@id":"https:\/\/thepueblatimes.mx\/#\/schema\/person\/image\/","url":"https:\/\/secure.gravatar.com\/avatar\/11be338693f243309532caad8f10c930?s=96&d=mm&r=g","contentUrl":"https:\/\/secure.gravatar.com\/avatar\/11be338693f243309532caad8f10c930?s=96&d=mm&r=g","caption":"Sa\u00fal Hern\u00e1ndez"},"url":"https:\/\/thepueblatimes.mx\/index.php\/author\/saulhernandez\/"}]}},"jetpack_featured_media_url":"https:\/\/thepueblatimes.mx\/wp-content\/uploads\/2025\/09\/G05tSFxWQAAZ7Om-1.jpg","_links":{"self":[{"href":"https:\/\/thepueblatimes.mx\/index.php\/wp-json\/wp\/v2\/posts\/33181"}],"collection":[{"href":"https:\/\/thepueblatimes.mx\/index.php\/wp-json\/wp\/v2\/posts"}],"about":[{"href":"https:\/\/thepueblatimes.mx\/index.php\/wp-json\/wp\/v2\/types\/post"}],"author":[{"embeddable":true,"href":"https:\/\/thepueblatimes.mx\/index.php\/wp-json\/wp\/v2\/users\/16"}],"replies":[{"embeddable":true,"href":"https:\/\/thepueblatimes.mx\/index.php\/wp-json\/wp\/v2\/comments?post=33181"}],"version-history":[{"count":1,"href":"https:\/\/thepueblatimes.mx\/index.php\/wp-json\/wp\/v2\/posts\/33181\/revisions"}],"predecessor-version":[{"id":33183,"href":"https:\/\/thepueblatimes.mx\/index.php\/wp-json\/wp\/v2\/posts\/33181\/revisions\/33183"}],"wp:featuredmedia":[{"embeddable":true,"href":"https:\/\/thepueblatimes.mx\/index.php\/wp-json\/wp\/v2\/media\/33182"}],"wp:attachment":[{"href":"https:\/\/thepueblatimes.mx\/index.php\/wp-json\/wp\/v2\/media?parent=33181"}],"wp:term":[{"taxonomy":"category","embeddable":true,"href":"https:\/\/thepueblatimes.mx\/index.php\/wp-json\/wp\/v2\/categories?post=33181"},{"taxonomy":"post_tag","embeddable":true,"href":"https:\/\/thepueblatimes.mx\/index.php\/wp-json\/wp\/v2\/tags?post=33181"}],"curies":[{"name":"wp","href":"https:\/\/api.w.org\/{rel}","templated":true}]}}