{"id":33142,"date":"2025-09-15T16:32:10","date_gmt":"2025-09-15T22:32:10","guid":{"rendered":"https:\/\/thepueblatimes.mx\/?p=33142"},"modified":"2025-09-15T16:32:10","modified_gmt":"2025-09-15T22:32:10","slug":"de-times-square-a-sunset-park-un-grito-en-tiempos-dificiles","status":"publish","type":"post","link":"https:\/\/thepueblatimes.mx\/index.php\/2025\/09\/15\/de-times-square-a-sunset-park-un-grito-en-tiempos-dificiles\/","title":{"rendered":"De Times Square a Sunset Park: un Grito en tiempos dif\u00edciles"},"content":{"rendered":"<p>LA PASARELA<\/p>\n<p>POR JORGE CASTILLO<\/p>\n<p>&nbsp;<\/p>\n<p>El a\u00f1o pasado, acudimos invitados a la celebraci\u00f3n del Grito de Independencia en Times Square, Nueva York.<\/p>\n<p>Fue un momento hist\u00f3rico.<\/p>\n<p>La imagen fue poderosa y hasta simb\u00f3lica.<\/p>\n<p>El Grito de Independencia se escuch\u00f3 por primera vez desde Times Square, centro neur\u00e1lgico no solo de la Gran Manzana, sino del mismo Estados Unidos.<\/p>\n<p>El ahora gobernador y entonces solo electo, Alejandro Armenta Mier junto al c\u00f3nsul Jorge Islas y miles de mexicanos convirtieron en la famosa avenida por unas horas, la que se convirti\u00f3 en una plaza m\u00e1s de M\u00e9xico.<\/p>\n<p>Fue un gesto de visibilidad que mezcl\u00f3 folclor, nostalgia y pol\u00edtica exterior de proximidad.<\/p>\n<p>Pero tambi\u00e9n, sin saberlo, como un \u00faltimo rayo de luz antes de la tormenta.<\/p>\n<p>Este 2025, la historia no se repite en la misma tarima.<\/p>\n<p>El Consulado General de M\u00e9xico en Nueva York ha dispuesto que el Grito se celebre en espacios como Sunset Park y otras sedes comunitarias.<\/p>\n<p>Ese traslado no es una mera log\u00edstica, sino hay una lectura pol\u00edtica y social sobre d\u00f3nde y c\u00f3mo se sienten las comunidades hoy.<\/p>\n<p><strong>\u00bfPor qu\u00e9 importa el lugar del Grito?<\/strong><\/p>\n<p>Porque el mapa de la migraci\u00f3n cambi\u00f3 en un a\u00f1o.<\/p>\n<p>No hablamos solo de celebraciones, sino de familias que env\u00edan menos dinero a M\u00e9xico, de hogares que viven con la sombra de las pol\u00edticas migratorias y de una sensaci\u00f3n de vulnerabilidad que corre de costa a costa.<\/p>\n<p>En 2025 se registr\u00f3 una ca\u00edda notable en las remesas hacia M\u00e9xico, y organismos y bancos ya reportaron descensos importantes respecto a 2024, un term\u00f3metro econ\u00f3mico que traduce el temor, la p\u00e9rdida de ingresos o la salida de migrantes.<\/p>\n<p>En paralelo, encuestas y reportes recientes muestran una ciudadan\u00eda latina m\u00e1s inquieta.<\/p>\n<p>Un porcentaje relevante de hispanos dice preocuparse por posibles deportaciones y la poblaci\u00f3n migrante en Estados Unidos mostr\u00f3 disminuci\u00f3n en 2025 tras un cambio de pol\u00edtica y mayores medidas de control.<\/p>\n<p>Esa nueva realidad condiciona actos p\u00fablicos: eventos masivos, sobre todo aquellos visibles y con alto perfil medi\u00e1tico, pueden tornarse en riesgos reputacionales o de seguridad para asistentes y organizadores.<\/p>\n<p>As\u00ed, la mudanza del Grito desde la vitrina global de Times Square a parques y plazas comunitarias puede interpretarse de dos formas complementarias.<\/p>\n<p>La primera, optimista, con un retorno al origen comunitario.<\/p>\n<p>Sunset Park y otros escenarios se llenan de familias, tianguis, m\u00fasica y cocina mexicana.<\/p>\n<p>La segunda lectura es m\u00e1s dura; es la expresi\u00f3n de un pa\u00eds receptor que ha endurecido su trato hacia migrantes y de una di\u00e1spora que vive m\u00e1s insegura.<\/p>\n<p>Cuando los organizadores y consulados optan por concentrar actos en recintos locales y abiertos, en vez de plataformas internacionales, est\u00e1n reconociendo un contexto de riesgo \u2014no solo legal, sino social\u2014 para la participaci\u00f3n masiva.<\/p>\n<p>La creciente atenci\u00f3n sobre redadas, la ret\u00f3rica y medidas de control y la ca\u00edda en la poblaci\u00f3n migrante, son factores que empujan a este repliegue.<\/p>\n<p><strong>\u00bfLa visibilidad se pierde?<\/strong><\/p>\n<p>No necesariamente.<\/p>\n<p>Celebrar en barrios donde los migrantes viven y trabajan fortalece tejido: permite di\u00e1logo con organizaciones locales, facilita servicios consulares m\u00f3viles y reduce el costo \u2014emocional y pr\u00e1ctico\u2014 de salir a espacios que puedan atraer fiscalizaci\u00f3n.<\/p>\n<p>Adem\u00e1s, un Grito en Sunset Park no es menos M\u00e9xico que uno en Times Square.<\/p>\n<p>Lo que cambia es la vocaci\u00f3n, de escaparate internacional a reuni\u00f3n de comunidad.<\/p>\n<p>Si 2024 fue una muestra de orgullo y proyecci\u00f3n exterior, 2025 demanda acciones concretas.<\/p>\n<p>Una de ellas es la protecci\u00f3n consular continua, as\u00ed como facilidades administrativas para tr\u00e1mites, acompa\u00f1amiento ante el miedo a las redadas y pol\u00edticas que incentiven la transferencia segura de recursos porque la ca\u00edda de las remesas golpea econom\u00edas locales enteras.<\/p>\n<p>No basta con el escenario, sino se requiere pol\u00edtica p\u00fablica real para cuidar a las comunidades que sostienen lazos transnacionales.<\/p>\n<p>El traslado del Grito en NY recuerda una verdad sencilla, que la patria no es s\u00f3lo una plaza montada con pantallas; es la se\u00f1ora que vende tacos en la verbena, el joven que trabaja una doble jornada y la comunidad que sue\u00f1a volver a casa con algo m\u00e1s que recuerdos.<\/p>\n<p>Viva M\u00e9xico \u2014 desde Times Square o desde Sunset Park \u2014 pero que viva tambi\u00e9n la pol\u00edtica que cuide a quienes lo gritan.<\/p>\n","protected":false},"excerpt":{"rendered":"<p>LA PASARELA POR JORGE CASTILLO &nbsp; El a\u00f1o pasado, acudimos invitados a la celebraci\u00f3n del Grito de Independencia en Times Square, Nueva York. Fue un momento hist\u00f3rico. La imagen fue poderosa y hasta simb\u00f3lica. El Grito de Independencia se escuch\u00f3 por primera vez desde Times Square, centro neur\u00e1lgico no solo de la Gran Manzana, sino&#8230;<\/p>\n","protected":false},"author":16,"featured_media":33143,"comment_status":"closed","ping_status":"closed","sticky":false,"template":"","format":"standard","meta":[],"categories":[10],"tags":[1498,4112,191,352,1970,4111],"yoast_head":"<!-- This site is optimized with the Yoast SEO plugin v20.8 - https:\/\/yoast.com\/wordpress\/plugins\/seo\/ -->\n<title>De Times Square a Sunset Park: un Grito en tiempos dif\u00edciles - The Puebla Times<\/title>\n<meta name=\"robots\" content=\"index, follow, max-snippet:-1, max-image-preview:large, max-video-preview:-1\" \/>\n<link rel=\"canonical\" href=\"https:\/\/thepueblatimes.mx\/index.php\/2025\/09\/15\/de-times-square-a-sunset-park-un-grito-en-tiempos-dificiles\/\" \/>\n<meta property=\"og:locale\" content=\"es_ES\" \/>\n<meta property=\"og:type\" content=\"article\" \/>\n<meta property=\"og:title\" content=\"De Times Square a Sunset Park: un Grito en tiempos dif\u00edciles - The Puebla Times\" \/>\n<meta property=\"og:description\" content=\"LA PASARELA POR JORGE CASTILLO &nbsp; El a\u00f1o pasado, acudimos invitados a la celebraci\u00f3n del Grito de Independencia en Times Square, Nueva York. Fue un momento hist\u00f3rico. La imagen fue poderosa y hasta simb\u00f3lica. El Grito de Independencia se escuch\u00f3 por primera vez desde Times Square, centro neur\u00e1lgico no solo de la Gran Manzana, sino...\" \/>\n<meta property=\"og:url\" content=\"https:\/\/thepueblatimes.mx\/index.php\/2025\/09\/15\/de-times-square-a-sunset-park-un-grito-en-tiempos-dificiles\/\" \/>\n<meta property=\"og:site_name\" content=\"The Puebla Times\" \/>\n<meta property=\"article:published_time\" content=\"2025-09-15T22:32:10+00:00\" \/>\n<meta property=\"og:image\" content=\"https:\/\/thepueblatimes.mx\/wp-content\/uploads\/2025\/09\/486511956_1087737586722840_4646643633488309591_n.jpg\" \/>\n\t<meta property=\"og:image:width\" content=\"2048\" \/>\n\t<meta property=\"og:image:height\" content=\"1152\" \/>\n\t<meta property=\"og:image:type\" content=\"image\/jpeg\" \/>\n<meta name=\"author\" content=\"Sa\u00fal Hern\u00e1ndez\" \/>\n<meta name=\"twitter:card\" content=\"summary_large_image\" \/>\n<meta name=\"twitter:label1\" content=\"Escrito por\" \/>\n\t<meta name=\"twitter:data1\" content=\"Sa\u00fal Hern\u00e1ndez\" \/>\n\t<meta name=\"twitter:label2\" content=\"Tiempo de lectura\" \/>\n\t<meta name=\"twitter:data2\" content=\"4 minutos\" \/>\n<script type=\"application\/ld+json\" class=\"yoast-schema-graph\">{\"@context\":\"https:\/\/schema.org\",\"@graph\":[{\"@type\":\"WebPage\",\"@id\":\"https:\/\/thepueblatimes.mx\/index.php\/2025\/09\/15\/de-times-square-a-sunset-park-un-grito-en-tiempos-dificiles\/\",\"url\":\"https:\/\/thepueblatimes.mx\/index.php\/2025\/09\/15\/de-times-square-a-sunset-park-un-grito-en-tiempos-dificiles\/\",\"name\":\"De Times Square a Sunset Park: un Grito en tiempos dif\u00edciles - The Puebla Times\",\"isPartOf\":{\"@id\":\"https:\/\/thepueblatimes.mx\/#website\"},\"datePublished\":\"2025-09-15T22:32:10+00:00\",\"dateModified\":\"2025-09-15T22:32:10+00:00\",\"author\":{\"@id\":\"https:\/\/thepueblatimes.mx\/#\/schema\/person\/1664894c2f65ce2c7a08d8f5f905c13c\"},\"breadcrumb\":{\"@id\":\"https:\/\/thepueblatimes.mx\/index.php\/2025\/09\/15\/de-times-square-a-sunset-park-un-grito-en-tiempos-dificiles\/#breadcrumb\"},\"inLanguage\":\"es\",\"potentialAction\":[{\"@type\":\"ReadAction\",\"target\":[\"https:\/\/thepueblatimes.mx\/index.php\/2025\/09\/15\/de-times-square-a-sunset-park-un-grito-en-tiempos-dificiles\/\"]}]},{\"@type\":\"BreadcrumbList\",\"@id\":\"https:\/\/thepueblatimes.mx\/index.php\/2025\/09\/15\/de-times-square-a-sunset-park-un-grito-en-tiempos-dificiles\/#breadcrumb\",\"itemListElement\":[{\"@type\":\"ListItem\",\"position\":1,\"name\":\"Portada\",\"item\":\"https:\/\/thepueblatimes.mx\/\"},{\"@type\":\"ListItem\",\"position\":2,\"name\":\"De Times Square a Sunset Park: un Grito en tiempos dif\u00edciles\"}]},{\"@type\":\"WebSite\",\"@id\":\"https:\/\/thepueblatimes.mx\/#website\",\"url\":\"https:\/\/thepueblatimes.mx\/\",\"name\":\"The Puebla Times\",\"description\":\"Noticias del Estado de Puebla\",\"potentialAction\":[{\"@type\":\"SearchAction\",\"target\":{\"@type\":\"EntryPoint\",\"urlTemplate\":\"https:\/\/thepueblatimes.mx\/?s={search_term_string}\"},\"query-input\":\"required name=search_term_string\"}],\"inLanguage\":\"es\"},{\"@type\":\"Person\",\"@id\":\"https:\/\/thepueblatimes.mx\/#\/schema\/person\/1664894c2f65ce2c7a08d8f5f905c13c\",\"name\":\"Sa\u00fal Hern\u00e1ndez\",\"image\":{\"@type\":\"ImageObject\",\"inLanguage\":\"es\",\"@id\":\"https:\/\/thepueblatimes.mx\/#\/schema\/person\/image\/\",\"url\":\"https:\/\/secure.gravatar.com\/avatar\/11be338693f243309532caad8f10c930?s=96&d=mm&r=g\",\"contentUrl\":\"https:\/\/secure.gravatar.com\/avatar\/11be338693f243309532caad8f10c930?s=96&d=mm&r=g\",\"caption\":\"Sa\u00fal Hern\u00e1ndez\"},\"url\":\"https:\/\/thepueblatimes.mx\/index.php\/author\/saulhernandez\/\"}]}<\/script>\n<!-- \/ Yoast SEO plugin. -->","yoast_head_json":{"title":"De Times Square a Sunset Park: un Grito en tiempos dif\u00edciles - The Puebla Times","robots":{"index":"index","follow":"follow","max-snippet":"max-snippet:-1","max-image-preview":"max-image-preview:large","max-video-preview":"max-video-preview:-1"},"canonical":"https:\/\/thepueblatimes.mx\/index.php\/2025\/09\/15\/de-times-square-a-sunset-park-un-grito-en-tiempos-dificiles\/","og_locale":"es_ES","og_type":"article","og_title":"De Times Square a Sunset Park: un Grito en tiempos dif\u00edciles - The Puebla Times","og_description":"LA PASARELA POR JORGE CASTILLO &nbsp; El a\u00f1o pasado, acudimos invitados a la celebraci\u00f3n del Grito de Independencia en Times Square, Nueva York. Fue un momento hist\u00f3rico. La imagen fue poderosa y hasta simb\u00f3lica. El Grito de Independencia se escuch\u00f3 por primera vez desde Times Square, centro neur\u00e1lgico no solo de la Gran Manzana, sino...","og_url":"https:\/\/thepueblatimes.mx\/index.php\/2025\/09\/15\/de-times-square-a-sunset-park-un-grito-en-tiempos-dificiles\/","og_site_name":"The Puebla Times","article_published_time":"2025-09-15T22:32:10+00:00","og_image":[{"width":2048,"height":1152,"url":"https:\/\/thepueblatimes.mx\/wp-content\/uploads\/2025\/09\/486511956_1087737586722840_4646643633488309591_n.jpg","type":"image\/jpeg"}],"author":"Sa\u00fal Hern\u00e1ndez","twitter_card":"summary_large_image","twitter_misc":{"Escrito por":"Sa\u00fal Hern\u00e1ndez","Tiempo de lectura":"4 minutos"},"schema":{"@context":"https:\/\/schema.org","@graph":[{"@type":"WebPage","@id":"https:\/\/thepueblatimes.mx\/index.php\/2025\/09\/15\/de-times-square-a-sunset-park-un-grito-en-tiempos-dificiles\/","url":"https:\/\/thepueblatimes.mx\/index.php\/2025\/09\/15\/de-times-square-a-sunset-park-un-grito-en-tiempos-dificiles\/","name":"De Times Square a Sunset Park: un Grito en tiempos dif\u00edciles - The Puebla Times","isPartOf":{"@id":"https:\/\/thepueblatimes.mx\/#website"},"datePublished":"2025-09-15T22:32:10+00:00","dateModified":"2025-09-15T22:32:10+00:00","author":{"@id":"https:\/\/thepueblatimes.mx\/#\/schema\/person\/1664894c2f65ce2c7a08d8f5f905c13c"},"breadcrumb":{"@id":"https:\/\/thepueblatimes.mx\/index.php\/2025\/09\/15\/de-times-square-a-sunset-park-un-grito-en-tiempos-dificiles\/#breadcrumb"},"inLanguage":"es","potentialAction":[{"@type":"ReadAction","target":["https:\/\/thepueblatimes.mx\/index.php\/2025\/09\/15\/de-times-square-a-sunset-park-un-grito-en-tiempos-dificiles\/"]}]},{"@type":"BreadcrumbList","@id":"https:\/\/thepueblatimes.mx\/index.php\/2025\/09\/15\/de-times-square-a-sunset-park-un-grito-en-tiempos-dificiles\/#breadcrumb","itemListElement":[{"@type":"ListItem","position":1,"name":"Portada","item":"https:\/\/thepueblatimes.mx\/"},{"@type":"ListItem","position":2,"name":"De Times Square a Sunset Park: un Grito en tiempos dif\u00edciles"}]},{"@type":"WebSite","@id":"https:\/\/thepueblatimes.mx\/#website","url":"https:\/\/thepueblatimes.mx\/","name":"The Puebla Times","description":"Noticias del Estado de Puebla","potentialAction":[{"@type":"SearchAction","target":{"@type":"EntryPoint","urlTemplate":"https:\/\/thepueblatimes.mx\/?s={search_term_string}"},"query-input":"required name=search_term_string"}],"inLanguage":"es"},{"@type":"Person","@id":"https:\/\/thepueblatimes.mx\/#\/schema\/person\/1664894c2f65ce2c7a08d8f5f905c13c","name":"Sa\u00fal Hern\u00e1ndez","image":{"@type":"ImageObject","inLanguage":"es","@id":"https:\/\/thepueblatimes.mx\/#\/schema\/person\/image\/","url":"https:\/\/secure.gravatar.com\/avatar\/11be338693f243309532caad8f10c930?s=96&d=mm&r=g","contentUrl":"https:\/\/secure.gravatar.com\/avatar\/11be338693f243309532caad8f10c930?s=96&d=mm&r=g","caption":"Sa\u00fal Hern\u00e1ndez"},"url":"https:\/\/thepueblatimes.mx\/index.php\/author\/saulhernandez\/"}]}},"jetpack_featured_media_url":"https:\/\/thepueblatimes.mx\/wp-content\/uploads\/2025\/09\/486511956_1087737586722840_4646643633488309591_n.jpg","_links":{"self":[{"href":"https:\/\/thepueblatimes.mx\/index.php\/wp-json\/wp\/v2\/posts\/33142"}],"collection":[{"href":"https:\/\/thepueblatimes.mx\/index.php\/wp-json\/wp\/v2\/posts"}],"about":[{"href":"https:\/\/thepueblatimes.mx\/index.php\/wp-json\/wp\/v2\/types\/post"}],"author":[{"embeddable":true,"href":"https:\/\/thepueblatimes.mx\/index.php\/wp-json\/wp\/v2\/users\/16"}],"replies":[{"embeddable":true,"href":"https:\/\/thepueblatimes.mx\/index.php\/wp-json\/wp\/v2\/comments?post=33142"}],"version-history":[{"count":1,"href":"https:\/\/thepueblatimes.mx\/index.php\/wp-json\/wp\/v2\/posts\/33142\/revisions"}],"predecessor-version":[{"id":33144,"href":"https:\/\/thepueblatimes.mx\/index.php\/wp-json\/wp\/v2\/posts\/33142\/revisions\/33144"}],"wp:featuredmedia":[{"embeddable":true,"href":"https:\/\/thepueblatimes.mx\/index.php\/wp-json\/wp\/v2\/media\/33143"}],"wp:attachment":[{"href":"https:\/\/thepueblatimes.mx\/index.php\/wp-json\/wp\/v2\/media?parent=33142"}],"wp:term":[{"taxonomy":"category","embeddable":true,"href":"https:\/\/thepueblatimes.mx\/index.php\/wp-json\/wp\/v2\/categories?post=33142"},{"taxonomy":"post_tag","embeddable":true,"href":"https:\/\/thepueblatimes.mx\/index.php\/wp-json\/wp\/v2\/tags?post=33142"}],"curies":[{"name":"wp","href":"https:\/\/api.w.org\/{rel}","templated":true}]}}