{"id":33012,"date":"2025-09-09T09:19:55","date_gmt":"2025-09-09T15:19:55","guid":{"rendered":"https:\/\/thepueblatimes.mx\/?p=33012"},"modified":"2025-09-09T09:19:55","modified_gmt":"2025-09-09T15:19:55","slug":"sedif-previene-desercion-escolar-y-rezago-estudiantil-mediante-cursos-y-talleres","status":"publish","type":"post","link":"https:\/\/thepueblatimes.mx\/index.php\/2025\/09\/09\/sedif-previene-desercion-escolar-y-rezago-estudiantil-mediante-cursos-y-talleres\/","title":{"rendered":"SEDIF previene deserci\u00f3n escolar y rezago estudiantil mediante cursos y talleres"},"content":{"rendered":"<h3><em>-A trav\u00e9s del programa \u201cCasa J\u00f3venes en Progreso\u201d se han otorgado 300 atenciones a la fecha.<\/em><\/h3>\n<p>CIUDAD DE PUEBLA, Pue.- El Sistema Estatal para el Desarrollo Integral de la Familia (SEDIF) mantiene el programa \u00abCasa J\u00f3venes en Progreso\u00bb, el cual, a trav\u00e9s de capacitaciones, cursos, pl\u00e1ticas y talleres gratuitos busca erradicar factores de riesgo en este grupo etario como es el embarazo temprano, adicciones, deserci\u00f3n escolar, rezago estudiantil, violencia y delincuencia.<\/p>\n<p>Al respecto, la presidenta del Patronato, Ceci Arellano, mantiene su pol\u00edtica p\u00fablica de priorizar que las ni\u00f1as, ni\u00f1os, adolescentes y j\u00f3venes vivan en un entorno de respeto, amor y que logren una mejor calidad de vida. Para ello, se les proporcionan herramientas para ser mujeres y hombres de bien y as\u00ed puedan lograr una inserci\u00f3n laboral en el entorno donde se desarrollan.<\/p>\n<p>En lo que va del 2025, la Coordinaci\u00f3n Casa J\u00f3venes en Progreso reporta un total de 300 acciones, que incluyen cursos, pl\u00e1ticas, talleres y servicios en beneficio de un total de 4 mil 133 personas. De ellas, 2 mil 260 son mujeres y mil 873 hombres, entre ni\u00f1as, ni\u00f1os, adolescentes y j\u00f3venes.<\/p>\n<p>El trabajo coordinado entre \u201cCasa J\u00f3venes en Progreso\u201d y los ayuntamientos de Amozoc, San Andr\u00e9s Cholula, Tlatlauquitepec, Vicente Guerrero y Zacatl\u00e1n -municipios donde se ubican las casas- permiti\u00f3 ofrecer servicios como: asesor\u00eda psicol\u00f3gica, fisioterapia; cursos de ajedrez, karate, guitarra; talleres de carpinter\u00eda, mec\u00e1nica, barber\u00eda, entre otros.<\/p>\n<p>De igual forma, el SEDIF imparte a escuelas de nivel medio superior pl\u00e1ticas de primeros auxilios, el uso correcto de m\u00e9todos anticonceptivos, enfermedades de transmisi\u00f3n sexual, embarazos no deseados, con la intenci\u00f3n de que vivan su ni\u00f1ez y juventud de una manera m\u00e1s plena y responsable.<\/p>\n","protected":false},"excerpt":{"rendered":"<p>-A trav\u00e9s del programa \u201cCasa J\u00f3venes en Progreso\u201d se han otorgado 300 atenciones a la fecha. CIUDAD DE PUEBLA, Pue.- El Sistema Estatal para el Desarrollo Integral de la Familia (SEDIF) mantiene el programa \u00abCasa J\u00f3venes en Progreso\u00bb, el cual, a trav\u00e9s de capacitaciones, cursos, pl\u00e1ticas y talleres gratuitos busca erradicar factores de riesgo en&#8230;<\/p>\n","protected":false},"author":16,"featured_media":33013,"comment_status":"closed","ping_status":"closed","sticky":false,"template":"","format":"standard","meta":[],"categories":[3],"tags":[1523,1273,1341],"yoast_head":"<!-- This site is optimized with the Yoast SEO plugin v20.8 - https:\/\/yoast.com\/wordpress\/plugins\/seo\/ -->\n<title>SEDIF previene deserci\u00f3n escolar y rezago estudiantil mediante cursos y talleres - The Puebla Times<\/title>\n<meta name=\"robots\" content=\"index, follow, max-snippet:-1, max-image-preview:large, max-video-preview:-1\" \/>\n<link rel=\"canonical\" href=\"https:\/\/thepueblatimes.mx\/index.php\/2025\/09\/09\/sedif-previene-desercion-escolar-y-rezago-estudiantil-mediante-cursos-y-talleres\/\" \/>\n<meta property=\"og:locale\" content=\"es_ES\" \/>\n<meta property=\"og:type\" content=\"article\" \/>\n<meta property=\"og:title\" content=\"SEDIF previene deserci\u00f3n escolar y rezago estudiantil mediante cursos y talleres - The Puebla Times\" \/>\n<meta property=\"og:description\" content=\"-A trav\u00e9s del programa \u201cCasa J\u00f3venes en Progreso\u201d se han otorgado 300 atenciones a la fecha. CIUDAD DE PUEBLA, Pue.- El Sistema Estatal para el Desarrollo Integral de la Familia (SEDIF) mantiene el programa \u00abCasa J\u00f3venes en Progreso\u00bb, el cual, a trav\u00e9s de capacitaciones, cursos, pl\u00e1ticas y talleres gratuitos busca erradicar factores de riesgo en...\" \/>\n<meta property=\"og:url\" content=\"https:\/\/thepueblatimes.mx\/index.php\/2025\/09\/09\/sedif-previene-desercion-escolar-y-rezago-estudiantil-mediante-cursos-y-talleres\/\" \/>\n<meta property=\"og:site_name\" content=\"The Puebla Times\" \/>\n<meta property=\"article:published_time\" content=\"2025-09-09T15:19:55+00:00\" \/>\n<meta property=\"og:image\" content=\"https:\/\/thepueblatimes.mx\/wp-content\/uploads\/2025\/09\/WhatsApp-Image-2025-09-08-at-17.07.56.jpeg\" \/>\n\t<meta property=\"og:image:width\" content=\"1280\" \/>\n\t<meta property=\"og:image:height\" content=\"720\" \/>\n\t<meta property=\"og:image:type\" content=\"image\/jpeg\" \/>\n<meta name=\"author\" content=\"Sa\u00fal Hern\u00e1ndez\" \/>\n<meta name=\"twitter:card\" content=\"summary_large_image\" \/>\n<meta name=\"twitter:label1\" content=\"Escrito por\" \/>\n\t<meta name=\"twitter:data1\" content=\"Sa\u00fal Hern\u00e1ndez\" \/>\n\t<meta name=\"twitter:label2\" content=\"Tiempo de lectura\" \/>\n\t<meta name=\"twitter:data2\" content=\"2 minutos\" \/>\n<script type=\"application\/ld+json\" class=\"yoast-schema-graph\">{\"@context\":\"https:\/\/schema.org\",\"@graph\":[{\"@type\":\"WebPage\",\"@id\":\"https:\/\/thepueblatimes.mx\/index.php\/2025\/09\/09\/sedif-previene-desercion-escolar-y-rezago-estudiantil-mediante-cursos-y-talleres\/\",\"url\":\"https:\/\/thepueblatimes.mx\/index.php\/2025\/09\/09\/sedif-previene-desercion-escolar-y-rezago-estudiantil-mediante-cursos-y-talleres\/\",\"name\":\"SEDIF previene deserci\u00f3n escolar y rezago estudiantil mediante cursos y talleres - The Puebla Times\",\"isPartOf\":{\"@id\":\"https:\/\/thepueblatimes.mx\/#website\"},\"datePublished\":\"2025-09-09T15:19:55+00:00\",\"dateModified\":\"2025-09-09T15:19:55+00:00\",\"author\":{\"@id\":\"https:\/\/thepueblatimes.mx\/#\/schema\/person\/1664894c2f65ce2c7a08d8f5f905c13c\"},\"breadcrumb\":{\"@id\":\"https:\/\/thepueblatimes.mx\/index.php\/2025\/09\/09\/sedif-previene-desercion-escolar-y-rezago-estudiantil-mediante-cursos-y-talleres\/#breadcrumb\"},\"inLanguage\":\"es\",\"potentialAction\":[{\"@type\":\"ReadAction\",\"target\":[\"https:\/\/thepueblatimes.mx\/index.php\/2025\/09\/09\/sedif-previene-desercion-escolar-y-rezago-estudiantil-mediante-cursos-y-talleres\/\"]}]},{\"@type\":\"BreadcrumbList\",\"@id\":\"https:\/\/thepueblatimes.mx\/index.php\/2025\/09\/09\/sedif-previene-desercion-escolar-y-rezago-estudiantil-mediante-cursos-y-talleres\/#breadcrumb\",\"itemListElement\":[{\"@type\":\"ListItem\",\"position\":1,\"name\":\"Portada\",\"item\":\"https:\/\/thepueblatimes.mx\/\"},{\"@type\":\"ListItem\",\"position\":2,\"name\":\"SEDIF previene deserci\u00f3n escolar y rezago estudiantil mediante cursos y talleres\"}]},{\"@type\":\"WebSite\",\"@id\":\"https:\/\/thepueblatimes.mx\/#website\",\"url\":\"https:\/\/thepueblatimes.mx\/\",\"name\":\"The Puebla Times\",\"description\":\"Noticias del Estado de Puebla\",\"potentialAction\":[{\"@type\":\"SearchAction\",\"target\":{\"@type\":\"EntryPoint\",\"urlTemplate\":\"https:\/\/thepueblatimes.mx\/?s={search_term_string}\"},\"query-input\":\"required name=search_term_string\"}],\"inLanguage\":\"es\"},{\"@type\":\"Person\",\"@id\":\"https:\/\/thepueblatimes.mx\/#\/schema\/person\/1664894c2f65ce2c7a08d8f5f905c13c\",\"name\":\"Sa\u00fal Hern\u00e1ndez\",\"image\":{\"@type\":\"ImageObject\",\"inLanguage\":\"es\",\"@id\":\"https:\/\/thepueblatimes.mx\/#\/schema\/person\/image\/\",\"url\":\"https:\/\/secure.gravatar.com\/avatar\/11be338693f243309532caad8f10c930?s=96&d=mm&r=g\",\"contentUrl\":\"https:\/\/secure.gravatar.com\/avatar\/11be338693f243309532caad8f10c930?s=96&d=mm&r=g\",\"caption\":\"Sa\u00fal Hern\u00e1ndez\"},\"url\":\"https:\/\/thepueblatimes.mx\/index.php\/author\/saulhernandez\/\"}]}<\/script>\n<!-- \/ Yoast SEO plugin. -->","yoast_head_json":{"title":"SEDIF previene deserci\u00f3n escolar y rezago estudiantil mediante cursos y talleres - The Puebla Times","robots":{"index":"index","follow":"follow","max-snippet":"max-snippet:-1","max-image-preview":"max-image-preview:large","max-video-preview":"max-video-preview:-1"},"canonical":"https:\/\/thepueblatimes.mx\/index.php\/2025\/09\/09\/sedif-previene-desercion-escolar-y-rezago-estudiantil-mediante-cursos-y-talleres\/","og_locale":"es_ES","og_type":"article","og_title":"SEDIF previene deserci\u00f3n escolar y rezago estudiantil mediante cursos y talleres - The Puebla Times","og_description":"-A trav\u00e9s del programa \u201cCasa J\u00f3venes en Progreso\u201d se han otorgado 300 atenciones a la fecha. CIUDAD DE PUEBLA, Pue.- El Sistema Estatal para el Desarrollo Integral de la Familia (SEDIF) mantiene el programa \u00abCasa J\u00f3venes en Progreso\u00bb, el cual, a trav\u00e9s de capacitaciones, cursos, pl\u00e1ticas y talleres gratuitos busca erradicar factores de riesgo en...","og_url":"https:\/\/thepueblatimes.mx\/index.php\/2025\/09\/09\/sedif-previene-desercion-escolar-y-rezago-estudiantil-mediante-cursos-y-talleres\/","og_site_name":"The Puebla Times","article_published_time":"2025-09-09T15:19:55+00:00","og_image":[{"width":1280,"height":720,"url":"https:\/\/thepueblatimes.mx\/wp-content\/uploads\/2025\/09\/WhatsApp-Image-2025-09-08-at-17.07.56.jpeg","type":"image\/jpeg"}],"author":"Sa\u00fal Hern\u00e1ndez","twitter_card":"summary_large_image","twitter_misc":{"Escrito por":"Sa\u00fal Hern\u00e1ndez","Tiempo de lectura":"2 minutos"},"schema":{"@context":"https:\/\/schema.org","@graph":[{"@type":"WebPage","@id":"https:\/\/thepueblatimes.mx\/index.php\/2025\/09\/09\/sedif-previene-desercion-escolar-y-rezago-estudiantil-mediante-cursos-y-talleres\/","url":"https:\/\/thepueblatimes.mx\/index.php\/2025\/09\/09\/sedif-previene-desercion-escolar-y-rezago-estudiantil-mediante-cursos-y-talleres\/","name":"SEDIF previene deserci\u00f3n escolar y rezago estudiantil mediante cursos y talleres - The Puebla Times","isPartOf":{"@id":"https:\/\/thepueblatimes.mx\/#website"},"datePublished":"2025-09-09T15:19:55+00:00","dateModified":"2025-09-09T15:19:55+00:00","author":{"@id":"https:\/\/thepueblatimes.mx\/#\/schema\/person\/1664894c2f65ce2c7a08d8f5f905c13c"},"breadcrumb":{"@id":"https:\/\/thepueblatimes.mx\/index.php\/2025\/09\/09\/sedif-previene-desercion-escolar-y-rezago-estudiantil-mediante-cursos-y-talleres\/#breadcrumb"},"inLanguage":"es","potentialAction":[{"@type":"ReadAction","target":["https:\/\/thepueblatimes.mx\/index.php\/2025\/09\/09\/sedif-previene-desercion-escolar-y-rezago-estudiantil-mediante-cursos-y-talleres\/"]}]},{"@type":"BreadcrumbList","@id":"https:\/\/thepueblatimes.mx\/index.php\/2025\/09\/09\/sedif-previene-desercion-escolar-y-rezago-estudiantil-mediante-cursos-y-talleres\/#breadcrumb","itemListElement":[{"@type":"ListItem","position":1,"name":"Portada","item":"https:\/\/thepueblatimes.mx\/"},{"@type":"ListItem","position":2,"name":"SEDIF previene deserci\u00f3n escolar y rezago estudiantil mediante cursos y talleres"}]},{"@type":"WebSite","@id":"https:\/\/thepueblatimes.mx\/#website","url":"https:\/\/thepueblatimes.mx\/","name":"The Puebla Times","description":"Noticias del Estado de Puebla","potentialAction":[{"@type":"SearchAction","target":{"@type":"EntryPoint","urlTemplate":"https:\/\/thepueblatimes.mx\/?s={search_term_string}"},"query-input":"required name=search_term_string"}],"inLanguage":"es"},{"@type":"Person","@id":"https:\/\/thepueblatimes.mx\/#\/schema\/person\/1664894c2f65ce2c7a08d8f5f905c13c","name":"Sa\u00fal Hern\u00e1ndez","image":{"@type":"ImageObject","inLanguage":"es","@id":"https:\/\/thepueblatimes.mx\/#\/schema\/person\/image\/","url":"https:\/\/secure.gravatar.com\/avatar\/11be338693f243309532caad8f10c930?s=96&d=mm&r=g","contentUrl":"https:\/\/secure.gravatar.com\/avatar\/11be338693f243309532caad8f10c930?s=96&d=mm&r=g","caption":"Sa\u00fal Hern\u00e1ndez"},"url":"https:\/\/thepueblatimes.mx\/index.php\/author\/saulhernandez\/"}]}},"jetpack_featured_media_url":"https:\/\/thepueblatimes.mx\/wp-content\/uploads\/2025\/09\/WhatsApp-Image-2025-09-08-at-17.07.56.jpeg","_links":{"self":[{"href":"https:\/\/thepueblatimes.mx\/index.php\/wp-json\/wp\/v2\/posts\/33012"}],"collection":[{"href":"https:\/\/thepueblatimes.mx\/index.php\/wp-json\/wp\/v2\/posts"}],"about":[{"href":"https:\/\/thepueblatimes.mx\/index.php\/wp-json\/wp\/v2\/types\/post"}],"author":[{"embeddable":true,"href":"https:\/\/thepueblatimes.mx\/index.php\/wp-json\/wp\/v2\/users\/16"}],"replies":[{"embeddable":true,"href":"https:\/\/thepueblatimes.mx\/index.php\/wp-json\/wp\/v2\/comments?post=33012"}],"version-history":[{"count":1,"href":"https:\/\/thepueblatimes.mx\/index.php\/wp-json\/wp\/v2\/posts\/33012\/revisions"}],"predecessor-version":[{"id":33014,"href":"https:\/\/thepueblatimes.mx\/index.php\/wp-json\/wp\/v2\/posts\/33012\/revisions\/33014"}],"wp:featuredmedia":[{"embeddable":true,"href":"https:\/\/thepueblatimes.mx\/index.php\/wp-json\/wp\/v2\/media\/33013"}],"wp:attachment":[{"href":"https:\/\/thepueblatimes.mx\/index.php\/wp-json\/wp\/v2\/media?parent=33012"}],"wp:term":[{"taxonomy":"category","embeddable":true,"href":"https:\/\/thepueblatimes.mx\/index.php\/wp-json\/wp\/v2\/categories?post=33012"},{"taxonomy":"post_tag","embeddable":true,"href":"https:\/\/thepueblatimes.mx\/index.php\/wp-json\/wp\/v2\/tags?post=33012"}],"curies":[{"name":"wp","href":"https:\/\/api.w.org\/{rel}","templated":true}]}}