{"id":32933,"date":"2025-09-04T17:29:05","date_gmt":"2025-09-04T23:29:05","guid":{"rendered":"https:\/\/thepueblatimes.mx\/?p=32933"},"modified":"2025-09-04T17:29:05","modified_gmt":"2025-09-04T23:29:05","slug":"diputada-llama-a-las-normalistas-de-teteles-a-retomar-las-mesas-dialogo","status":"publish","type":"post","link":"https:\/\/thepueblatimes.mx\/index.php\/2025\/09\/04\/diputada-llama-a-las-normalistas-de-teteles-a-retomar-las-mesas-dialogo\/","title":{"rendered":"Diputada llama a las normalistas de Teteles a retomar las mesas di\u00e1logo"},"content":{"rendered":"<h3><em><strong>-Comenta que reciente present\u00f3 una propuesta de exhorto a la SEP para fortalecer los canales formales de di\u00e1logo con la comunidad estudiantil<\/strong><\/em><\/h3>\n<p>La diputada Esther Mart\u00ednez Romano llam\u00f3 a las integrantes del Consejo Estudiantil de la Escuela Normal Rural Carmen Serd\u00e1n a retomar las mesas de di\u00e1logo con el Gobierno del Estado, priorizando el camino de la paz y la construcci\u00f3n colectiva de soluciones que beneficien directamente a la comunidad educativa.<\/p>\n<p>Ello, ante los hechos ocurridos en d\u00edas recientes en el municipio de Teteles de \u00c1vila Castillo, y que se agravaron con la quema de una unidad de transporte p\u00fablico perpetrada por la organizaci\u00f3n 28 de Octubre, as\u00ed como la toma de casetas y de la presidencia municipal en d\u00edas pasados.<\/p>\n<p>Subray\u00f3 que la violencia no puede ser el camino, pues pone en riesgo la integridad de las personas y desv\u00eda el enfoque de las leg\u00edtimas exigencias de las estudiantes.<\/p>\n<p>Agreg\u00f3 que recientemente present\u00f3 en el Congreso del Estado, un exhorto a la Secretar\u00eda de Educaci\u00f3n del Estado, para solicitar, entre otros puntos, que se fortalezcan los canales formales de di\u00e1logo con la comunidad estudiantil, en pleno respeto a sus derechos humanos.<\/p>\n<p>Adem\u00e1s, extern\u00f3 su confianza en que el di\u00e1logo, el respeto mutuo y la voluntad de avanzar por el bien com\u00fan prevalecer\u00e1n.<\/p>\n","protected":false},"excerpt":{"rendered":"<p>-Comenta que reciente present\u00f3 una propuesta de exhorto a la SEP para fortalecer los canales formales de di\u00e1logo con la comunidad estudiantil La diputada Esther Mart\u00ednez Romano llam\u00f3 a las integrantes del Consejo Estudiantil de la Escuela Normal Rural Carmen Serd\u00e1n a retomar las mesas de di\u00e1logo con el Gobierno del Estado, priorizando el camino&#8230;<\/p>\n","protected":false},"author":16,"featured_media":32934,"comment_status":"closed","ping_status":"closed","sticky":false,"template":"","format":"standard","meta":[],"categories":[542],"tags":[3152,3421,4077,4081],"yoast_head":"<!-- This site is optimized with the Yoast SEO plugin v20.8 - https:\/\/yoast.com\/wordpress\/plugins\/seo\/ -->\n<title>Diputada llama a las normalistas de Teteles a retomar las mesas di\u00e1logo - The Puebla Times<\/title>\n<meta name=\"robots\" content=\"index, follow, max-snippet:-1, max-image-preview:large, max-video-preview:-1\" \/>\n<link rel=\"canonical\" href=\"https:\/\/thepueblatimes.mx\/index.php\/2025\/09\/04\/diputada-llama-a-las-normalistas-de-teteles-a-retomar-las-mesas-dialogo\/\" \/>\n<meta property=\"og:locale\" content=\"es_ES\" \/>\n<meta property=\"og:type\" content=\"article\" \/>\n<meta property=\"og:title\" content=\"Diputada llama a las normalistas de Teteles a retomar las mesas di\u00e1logo - The Puebla Times\" \/>\n<meta property=\"og:description\" content=\"-Comenta que reciente present\u00f3 una propuesta de exhorto a la SEP para fortalecer los canales formales de di\u00e1logo con la comunidad estudiantil La diputada Esther Mart\u00ednez Romano llam\u00f3 a las integrantes del Consejo Estudiantil de la Escuela Normal Rural Carmen Serd\u00e1n a retomar las mesas de di\u00e1logo con el Gobierno del Estado, priorizando el camino...\" \/>\n<meta property=\"og:url\" content=\"https:\/\/thepueblatimes.mx\/index.php\/2025\/09\/04\/diputada-llama-a-las-normalistas-de-teteles-a-retomar-las-mesas-dialogo\/\" \/>\n<meta property=\"og:site_name\" content=\"The Puebla Times\" \/>\n<meta property=\"article:published_time\" content=\"2025-09-04T23:29:05+00:00\" \/>\n<meta property=\"og:image\" content=\"https:\/\/thepueblatimes.mx\/wp-content\/uploads\/2025\/09\/Gob-Puebla-Teteles.webp\" \/>\n\t<meta property=\"og:image:width\" content=\"1200\" \/>\n\t<meta property=\"og:image:height\" content=\"675\" \/>\n\t<meta property=\"og:image:type\" content=\"image\/webp\" \/>\n<meta name=\"author\" content=\"Sa\u00fal Hern\u00e1ndez\" \/>\n<meta name=\"twitter:card\" content=\"summary_large_image\" \/>\n<meta name=\"twitter:label1\" content=\"Escrito por\" \/>\n\t<meta name=\"twitter:data1\" content=\"Sa\u00fal Hern\u00e1ndez\" \/>\n\t<meta name=\"twitter:label2\" content=\"Tiempo de lectura\" \/>\n\t<meta name=\"twitter:data2\" content=\"1 minuto\" \/>\n<script type=\"application\/ld+json\" class=\"yoast-schema-graph\">{\"@context\":\"https:\/\/schema.org\",\"@graph\":[{\"@type\":\"WebPage\",\"@id\":\"https:\/\/thepueblatimes.mx\/index.php\/2025\/09\/04\/diputada-llama-a-las-normalistas-de-teteles-a-retomar-las-mesas-dialogo\/\",\"url\":\"https:\/\/thepueblatimes.mx\/index.php\/2025\/09\/04\/diputada-llama-a-las-normalistas-de-teteles-a-retomar-las-mesas-dialogo\/\",\"name\":\"Diputada llama a las normalistas de Teteles a retomar las mesas di\u00e1logo - The Puebla Times\",\"isPartOf\":{\"@id\":\"https:\/\/thepueblatimes.mx\/#website\"},\"datePublished\":\"2025-09-04T23:29:05+00:00\",\"dateModified\":\"2025-09-04T23:29:05+00:00\",\"author\":{\"@id\":\"https:\/\/thepueblatimes.mx\/#\/schema\/person\/1664894c2f65ce2c7a08d8f5f905c13c\"},\"breadcrumb\":{\"@id\":\"https:\/\/thepueblatimes.mx\/index.php\/2025\/09\/04\/diputada-llama-a-las-normalistas-de-teteles-a-retomar-las-mesas-dialogo\/#breadcrumb\"},\"inLanguage\":\"es\",\"potentialAction\":[{\"@type\":\"ReadAction\",\"target\":[\"https:\/\/thepueblatimes.mx\/index.php\/2025\/09\/04\/diputada-llama-a-las-normalistas-de-teteles-a-retomar-las-mesas-dialogo\/\"]}]},{\"@type\":\"BreadcrumbList\",\"@id\":\"https:\/\/thepueblatimes.mx\/index.php\/2025\/09\/04\/diputada-llama-a-las-normalistas-de-teteles-a-retomar-las-mesas-dialogo\/#breadcrumb\",\"itemListElement\":[{\"@type\":\"ListItem\",\"position\":1,\"name\":\"Portada\",\"item\":\"https:\/\/thepueblatimes.mx\/\"},{\"@type\":\"ListItem\",\"position\":2,\"name\":\"Diputada llama a las normalistas de Teteles a retomar las mesas di\u00e1logo\"}]},{\"@type\":\"WebSite\",\"@id\":\"https:\/\/thepueblatimes.mx\/#website\",\"url\":\"https:\/\/thepueblatimes.mx\/\",\"name\":\"The Puebla Times\",\"description\":\"Noticias del Estado de Puebla\",\"potentialAction\":[{\"@type\":\"SearchAction\",\"target\":{\"@type\":\"EntryPoint\",\"urlTemplate\":\"https:\/\/thepueblatimes.mx\/?s={search_term_string}\"},\"query-input\":\"required name=search_term_string\"}],\"inLanguage\":\"es\"},{\"@type\":\"Person\",\"@id\":\"https:\/\/thepueblatimes.mx\/#\/schema\/person\/1664894c2f65ce2c7a08d8f5f905c13c\",\"name\":\"Sa\u00fal Hern\u00e1ndez\",\"image\":{\"@type\":\"ImageObject\",\"inLanguage\":\"es\",\"@id\":\"https:\/\/thepueblatimes.mx\/#\/schema\/person\/image\/\",\"url\":\"https:\/\/secure.gravatar.com\/avatar\/11be338693f243309532caad8f10c930?s=96&d=mm&r=g\",\"contentUrl\":\"https:\/\/secure.gravatar.com\/avatar\/11be338693f243309532caad8f10c930?s=96&d=mm&r=g\",\"caption\":\"Sa\u00fal Hern\u00e1ndez\"},\"url\":\"https:\/\/thepueblatimes.mx\/index.php\/author\/saulhernandez\/\"}]}<\/script>\n<!-- \/ Yoast SEO plugin. -->","yoast_head_json":{"title":"Diputada llama a las normalistas de Teteles a retomar las mesas di\u00e1logo - The Puebla Times","robots":{"index":"index","follow":"follow","max-snippet":"max-snippet:-1","max-image-preview":"max-image-preview:large","max-video-preview":"max-video-preview:-1"},"canonical":"https:\/\/thepueblatimes.mx\/index.php\/2025\/09\/04\/diputada-llama-a-las-normalistas-de-teteles-a-retomar-las-mesas-dialogo\/","og_locale":"es_ES","og_type":"article","og_title":"Diputada llama a las normalistas de Teteles a retomar las mesas di\u00e1logo - The Puebla Times","og_description":"-Comenta que reciente present\u00f3 una propuesta de exhorto a la SEP para fortalecer los canales formales de di\u00e1logo con la comunidad estudiantil La diputada Esther Mart\u00ednez Romano llam\u00f3 a las integrantes del Consejo Estudiantil de la Escuela Normal Rural Carmen Serd\u00e1n a retomar las mesas de di\u00e1logo con el Gobierno del Estado, priorizando el camino...","og_url":"https:\/\/thepueblatimes.mx\/index.php\/2025\/09\/04\/diputada-llama-a-las-normalistas-de-teteles-a-retomar-las-mesas-dialogo\/","og_site_name":"The Puebla Times","article_published_time":"2025-09-04T23:29:05+00:00","og_image":[{"width":1200,"height":675,"url":"https:\/\/thepueblatimes.mx\/wp-content\/uploads\/2025\/09\/Gob-Puebla-Teteles.webp","type":"image\/webp"}],"author":"Sa\u00fal Hern\u00e1ndez","twitter_card":"summary_large_image","twitter_misc":{"Escrito por":"Sa\u00fal Hern\u00e1ndez","Tiempo de lectura":"1 minuto"},"schema":{"@context":"https:\/\/schema.org","@graph":[{"@type":"WebPage","@id":"https:\/\/thepueblatimes.mx\/index.php\/2025\/09\/04\/diputada-llama-a-las-normalistas-de-teteles-a-retomar-las-mesas-dialogo\/","url":"https:\/\/thepueblatimes.mx\/index.php\/2025\/09\/04\/diputada-llama-a-las-normalistas-de-teteles-a-retomar-las-mesas-dialogo\/","name":"Diputada llama a las normalistas de Teteles a retomar las mesas di\u00e1logo - The Puebla Times","isPartOf":{"@id":"https:\/\/thepueblatimes.mx\/#website"},"datePublished":"2025-09-04T23:29:05+00:00","dateModified":"2025-09-04T23:29:05+00:00","author":{"@id":"https:\/\/thepueblatimes.mx\/#\/schema\/person\/1664894c2f65ce2c7a08d8f5f905c13c"},"breadcrumb":{"@id":"https:\/\/thepueblatimes.mx\/index.php\/2025\/09\/04\/diputada-llama-a-las-normalistas-de-teteles-a-retomar-las-mesas-dialogo\/#breadcrumb"},"inLanguage":"es","potentialAction":[{"@type":"ReadAction","target":["https:\/\/thepueblatimes.mx\/index.php\/2025\/09\/04\/diputada-llama-a-las-normalistas-de-teteles-a-retomar-las-mesas-dialogo\/"]}]},{"@type":"BreadcrumbList","@id":"https:\/\/thepueblatimes.mx\/index.php\/2025\/09\/04\/diputada-llama-a-las-normalistas-de-teteles-a-retomar-las-mesas-dialogo\/#breadcrumb","itemListElement":[{"@type":"ListItem","position":1,"name":"Portada","item":"https:\/\/thepueblatimes.mx\/"},{"@type":"ListItem","position":2,"name":"Diputada llama a las normalistas de Teteles a retomar las mesas di\u00e1logo"}]},{"@type":"WebSite","@id":"https:\/\/thepueblatimes.mx\/#website","url":"https:\/\/thepueblatimes.mx\/","name":"The Puebla Times","description":"Noticias del Estado de Puebla","potentialAction":[{"@type":"SearchAction","target":{"@type":"EntryPoint","urlTemplate":"https:\/\/thepueblatimes.mx\/?s={search_term_string}"},"query-input":"required name=search_term_string"}],"inLanguage":"es"},{"@type":"Person","@id":"https:\/\/thepueblatimes.mx\/#\/schema\/person\/1664894c2f65ce2c7a08d8f5f905c13c","name":"Sa\u00fal Hern\u00e1ndez","image":{"@type":"ImageObject","inLanguage":"es","@id":"https:\/\/thepueblatimes.mx\/#\/schema\/person\/image\/","url":"https:\/\/secure.gravatar.com\/avatar\/11be338693f243309532caad8f10c930?s=96&d=mm&r=g","contentUrl":"https:\/\/secure.gravatar.com\/avatar\/11be338693f243309532caad8f10c930?s=96&d=mm&r=g","caption":"Sa\u00fal Hern\u00e1ndez"},"url":"https:\/\/thepueblatimes.mx\/index.php\/author\/saulhernandez\/"}]}},"jetpack_featured_media_url":"https:\/\/thepueblatimes.mx\/wp-content\/uploads\/2025\/09\/Gob-Puebla-Teteles.webp","_links":{"self":[{"href":"https:\/\/thepueblatimes.mx\/index.php\/wp-json\/wp\/v2\/posts\/32933"}],"collection":[{"href":"https:\/\/thepueblatimes.mx\/index.php\/wp-json\/wp\/v2\/posts"}],"about":[{"href":"https:\/\/thepueblatimes.mx\/index.php\/wp-json\/wp\/v2\/types\/post"}],"author":[{"embeddable":true,"href":"https:\/\/thepueblatimes.mx\/index.php\/wp-json\/wp\/v2\/users\/16"}],"replies":[{"embeddable":true,"href":"https:\/\/thepueblatimes.mx\/index.php\/wp-json\/wp\/v2\/comments?post=32933"}],"version-history":[{"count":1,"href":"https:\/\/thepueblatimes.mx\/index.php\/wp-json\/wp\/v2\/posts\/32933\/revisions"}],"predecessor-version":[{"id":32935,"href":"https:\/\/thepueblatimes.mx\/index.php\/wp-json\/wp\/v2\/posts\/32933\/revisions\/32935"}],"wp:featuredmedia":[{"embeddable":true,"href":"https:\/\/thepueblatimes.mx\/index.php\/wp-json\/wp\/v2\/media\/32934"}],"wp:attachment":[{"href":"https:\/\/thepueblatimes.mx\/index.php\/wp-json\/wp\/v2\/media?parent=32933"}],"wp:term":[{"taxonomy":"category","embeddable":true,"href":"https:\/\/thepueblatimes.mx\/index.php\/wp-json\/wp\/v2\/categories?post=32933"},{"taxonomy":"post_tag","embeddable":true,"href":"https:\/\/thepueblatimes.mx\/index.php\/wp-json\/wp\/v2\/tags?post=32933"}],"curies":[{"name":"wp","href":"https:\/\/api.w.org\/{rel}","templated":true}]}}