{"id":32898,"date":"2025-09-03T12:39:07","date_gmt":"2025-09-03T18:39:07","guid":{"rendered":"https:\/\/thepueblatimes.mx\/?p=32898"},"modified":"2025-09-03T12:39:07","modified_gmt":"2025-09-03T18:39:07","slug":"realizan-en-el-congreso-conversatorio-sobre-la-historia-del-chile-en-nogada","status":"publish","type":"post","link":"https:\/\/thepueblatimes.mx\/index.php\/2025\/09\/03\/realizan-en-el-congreso-conversatorio-sobre-la-historia-del-chile-en-nogada\/","title":{"rendered":"Realizan en el Congreso conversatorio sobre la \u201cHistoria del chile en nogada\u201d"},"content":{"rendered":"<p>Con la finalidad de analizar la historia de uno de los platillos emblem\u00e1ticos de la gastronom\u00eda poblana, en la sede del Congreso del Estado se llev\u00f3 a cabo el conversatorio \u201cHistoria del chile en nogada\u201d, el cual fue organizado por la presidenta de la Comisi\u00f3n de Turismo de la LXII Legislatura, Ang\u00e9lica Alvarado Hern\u00e1ndez.<\/p>\n<p>&nbsp;<\/p>\n<p>Durante esta actividad, la legisladora destac\u00f3 la fusi\u00f3n de historia, sabores y tradiciones que hacen del chile en nogada el platillo barroco por excelencia de la cocina poblana.<\/p>\n<p>&nbsp;<\/p>\n<p>\u201cPor eso nos da mucho orgullo saber que Puebla es la cuna del chile en nogada y de otros platillos como el mole poblano, que no solo representan nuestra gran riqueza culinaria, sino un factor relevante para impulsar el turismo y el desarrollo econ\u00f3mico de las regiones\u201d, destac\u00f3 la diputada.<\/p>\n<p>&nbsp;<\/p>\n<p>Ang\u00e9lica Alvarado se\u00f1al\u00f3 que a trav\u00e9s de estos conversatorios no solo se conoce la historia de nuestra cultura culinaria, sino tambi\u00e9n nos ayuda a preservarla y mantenerla viva para esta y futuras generaciones.<\/p>\n<p>&nbsp;<\/p>\n<p>Por su parte, el diputado Jos\u00e9 Luis Figueroa Cort\u00e9s reconoci\u00f3 la labor de la legisladora para difundir y promover la cultura y la gastronom\u00eda de nuestra tierra.<\/p>\n<p>&nbsp;<\/p>\n<p>En este evento, se cont\u00f3 con la participaci\u00f3n del director de Cronistas del Estado de Puebla, Pedro Mauro Ramos.<\/p>\n","protected":false},"excerpt":{"rendered":"<p>Con la finalidad de analizar la historia de uno de los platillos emblem\u00e1ticos de la gastronom\u00eda poblana, en la sede del Congreso del Estado se llev\u00f3 a cabo el conversatorio \u201cHistoria del chile en nogada\u201d, el cual fue organizado por la presidenta de la Comisi\u00f3n de Turismo de la LXII Legislatura, Ang\u00e9lica Alvarado Hern\u00e1ndez. &nbsp;&#8230;<\/p>\n","protected":false},"author":16,"featured_media":32900,"comment_status":"closed","ping_status":"closed","sticky":false,"template":"","format":"standard","meta":[],"categories":[3],"tags":[1480,1271],"yoast_head":"<!-- This site is optimized with the Yoast SEO plugin v20.8 - https:\/\/yoast.com\/wordpress\/plugins\/seo\/ -->\n<title>Realizan en el Congreso conversatorio sobre la \u201cHistoria del chile en nogada\u201d - The Puebla Times<\/title>\n<meta name=\"robots\" content=\"index, follow, max-snippet:-1, max-image-preview:large, max-video-preview:-1\" \/>\n<link rel=\"canonical\" href=\"https:\/\/thepueblatimes.mx\/index.php\/2025\/09\/03\/realizan-en-el-congreso-conversatorio-sobre-la-historia-del-chile-en-nogada\/\" \/>\n<meta property=\"og:locale\" content=\"es_ES\" \/>\n<meta property=\"og:type\" content=\"article\" \/>\n<meta property=\"og:title\" content=\"Realizan en el Congreso conversatorio sobre la \u201cHistoria del chile en nogada\u201d - The Puebla Times\" \/>\n<meta property=\"og:description\" content=\"Con la finalidad de analizar la historia de uno de los platillos emblem\u00e1ticos de la gastronom\u00eda poblana, en la sede del Congreso del Estado se llev\u00f3 a cabo el conversatorio \u201cHistoria del chile en nogada\u201d, el cual fue organizado por la presidenta de la Comisi\u00f3n de Turismo de la LXII Legislatura, Ang\u00e9lica Alvarado Hern\u00e1ndez. &nbsp;...\" \/>\n<meta property=\"og:url\" content=\"https:\/\/thepueblatimes.mx\/index.php\/2025\/09\/03\/realizan-en-el-congreso-conversatorio-sobre-la-historia-del-chile-en-nogada\/\" \/>\n<meta property=\"og:site_name\" content=\"The Puebla Times\" \/>\n<meta property=\"article:published_time\" content=\"2025-09-03T18:39:07+00:00\" \/>\n<meta property=\"og:image\" content=\"https:\/\/thepueblatimes.mx\/wp-content\/uploads\/2025\/09\/WhatsApp-Image-2025-09-03-at-09.43.15.jpeg\" \/>\n\t<meta property=\"og:image:width\" content=\"1600\" \/>\n\t<meta property=\"og:image:height\" content=\"1066\" \/>\n\t<meta property=\"og:image:type\" content=\"image\/jpeg\" \/>\n<meta name=\"author\" content=\"Sa\u00fal Hern\u00e1ndez\" \/>\n<meta name=\"twitter:card\" content=\"summary_large_image\" \/>\n<meta name=\"twitter:label1\" content=\"Escrito por\" \/>\n\t<meta name=\"twitter:data1\" content=\"Sa\u00fal Hern\u00e1ndez\" \/>\n\t<meta name=\"twitter:label2\" content=\"Tiempo de lectura\" \/>\n\t<meta name=\"twitter:data2\" content=\"1 minuto\" \/>\n<script type=\"application\/ld+json\" class=\"yoast-schema-graph\">{\"@context\":\"https:\/\/schema.org\",\"@graph\":[{\"@type\":\"WebPage\",\"@id\":\"https:\/\/thepueblatimes.mx\/index.php\/2025\/09\/03\/realizan-en-el-congreso-conversatorio-sobre-la-historia-del-chile-en-nogada\/\",\"url\":\"https:\/\/thepueblatimes.mx\/index.php\/2025\/09\/03\/realizan-en-el-congreso-conversatorio-sobre-la-historia-del-chile-en-nogada\/\",\"name\":\"Realizan en el Congreso conversatorio sobre la \u201cHistoria del chile en nogada\u201d - The Puebla Times\",\"isPartOf\":{\"@id\":\"https:\/\/thepueblatimes.mx\/#website\"},\"datePublished\":\"2025-09-03T18:39:07+00:00\",\"dateModified\":\"2025-09-03T18:39:07+00:00\",\"author\":{\"@id\":\"https:\/\/thepueblatimes.mx\/#\/schema\/person\/1664894c2f65ce2c7a08d8f5f905c13c\"},\"breadcrumb\":{\"@id\":\"https:\/\/thepueblatimes.mx\/index.php\/2025\/09\/03\/realizan-en-el-congreso-conversatorio-sobre-la-historia-del-chile-en-nogada\/#breadcrumb\"},\"inLanguage\":\"es\",\"potentialAction\":[{\"@type\":\"ReadAction\",\"target\":[\"https:\/\/thepueblatimes.mx\/index.php\/2025\/09\/03\/realizan-en-el-congreso-conversatorio-sobre-la-historia-del-chile-en-nogada\/\"]}]},{\"@type\":\"BreadcrumbList\",\"@id\":\"https:\/\/thepueblatimes.mx\/index.php\/2025\/09\/03\/realizan-en-el-congreso-conversatorio-sobre-la-historia-del-chile-en-nogada\/#breadcrumb\",\"itemListElement\":[{\"@type\":\"ListItem\",\"position\":1,\"name\":\"Portada\",\"item\":\"https:\/\/thepueblatimes.mx\/\"},{\"@type\":\"ListItem\",\"position\":2,\"name\":\"Realizan en el Congreso conversatorio sobre la \u201cHistoria del chile en nogada\u201d\"}]},{\"@type\":\"WebSite\",\"@id\":\"https:\/\/thepueblatimes.mx\/#website\",\"url\":\"https:\/\/thepueblatimes.mx\/\",\"name\":\"The Puebla Times\",\"description\":\"Noticias del Estado de Puebla\",\"potentialAction\":[{\"@type\":\"SearchAction\",\"target\":{\"@type\":\"EntryPoint\",\"urlTemplate\":\"https:\/\/thepueblatimes.mx\/?s={search_term_string}\"},\"query-input\":\"required name=search_term_string\"}],\"inLanguage\":\"es\"},{\"@type\":\"Person\",\"@id\":\"https:\/\/thepueblatimes.mx\/#\/schema\/person\/1664894c2f65ce2c7a08d8f5f905c13c\",\"name\":\"Sa\u00fal Hern\u00e1ndez\",\"image\":{\"@type\":\"ImageObject\",\"inLanguage\":\"es\",\"@id\":\"https:\/\/thepueblatimes.mx\/#\/schema\/person\/image\/\",\"url\":\"https:\/\/secure.gravatar.com\/avatar\/11be338693f243309532caad8f10c930?s=96&d=mm&r=g\",\"contentUrl\":\"https:\/\/secure.gravatar.com\/avatar\/11be338693f243309532caad8f10c930?s=96&d=mm&r=g\",\"caption\":\"Sa\u00fal Hern\u00e1ndez\"},\"url\":\"https:\/\/thepueblatimes.mx\/index.php\/author\/saulhernandez\/\"}]}<\/script>\n<!-- \/ Yoast SEO plugin. -->","yoast_head_json":{"title":"Realizan en el Congreso conversatorio sobre la \u201cHistoria del chile en nogada\u201d - The Puebla Times","robots":{"index":"index","follow":"follow","max-snippet":"max-snippet:-1","max-image-preview":"max-image-preview:large","max-video-preview":"max-video-preview:-1"},"canonical":"https:\/\/thepueblatimes.mx\/index.php\/2025\/09\/03\/realizan-en-el-congreso-conversatorio-sobre-la-historia-del-chile-en-nogada\/","og_locale":"es_ES","og_type":"article","og_title":"Realizan en el Congreso conversatorio sobre la \u201cHistoria del chile en nogada\u201d - The Puebla Times","og_description":"Con la finalidad de analizar la historia de uno de los platillos emblem\u00e1ticos de la gastronom\u00eda poblana, en la sede del Congreso del Estado se llev\u00f3 a cabo el conversatorio \u201cHistoria del chile en nogada\u201d, el cual fue organizado por la presidenta de la Comisi\u00f3n de Turismo de la LXII Legislatura, Ang\u00e9lica Alvarado Hern\u00e1ndez. &nbsp;...","og_url":"https:\/\/thepueblatimes.mx\/index.php\/2025\/09\/03\/realizan-en-el-congreso-conversatorio-sobre-la-historia-del-chile-en-nogada\/","og_site_name":"The Puebla Times","article_published_time":"2025-09-03T18:39:07+00:00","og_image":[{"width":1600,"height":1066,"url":"https:\/\/thepueblatimes.mx\/wp-content\/uploads\/2025\/09\/WhatsApp-Image-2025-09-03-at-09.43.15.jpeg","type":"image\/jpeg"}],"author":"Sa\u00fal Hern\u00e1ndez","twitter_card":"summary_large_image","twitter_misc":{"Escrito por":"Sa\u00fal Hern\u00e1ndez","Tiempo de lectura":"1 minuto"},"schema":{"@context":"https:\/\/schema.org","@graph":[{"@type":"WebPage","@id":"https:\/\/thepueblatimes.mx\/index.php\/2025\/09\/03\/realizan-en-el-congreso-conversatorio-sobre-la-historia-del-chile-en-nogada\/","url":"https:\/\/thepueblatimes.mx\/index.php\/2025\/09\/03\/realizan-en-el-congreso-conversatorio-sobre-la-historia-del-chile-en-nogada\/","name":"Realizan en el Congreso conversatorio sobre la \u201cHistoria del chile en nogada\u201d - The Puebla Times","isPartOf":{"@id":"https:\/\/thepueblatimes.mx\/#website"},"datePublished":"2025-09-03T18:39:07+00:00","dateModified":"2025-09-03T18:39:07+00:00","author":{"@id":"https:\/\/thepueblatimes.mx\/#\/schema\/person\/1664894c2f65ce2c7a08d8f5f905c13c"},"breadcrumb":{"@id":"https:\/\/thepueblatimes.mx\/index.php\/2025\/09\/03\/realizan-en-el-congreso-conversatorio-sobre-la-historia-del-chile-en-nogada\/#breadcrumb"},"inLanguage":"es","potentialAction":[{"@type":"ReadAction","target":["https:\/\/thepueblatimes.mx\/index.php\/2025\/09\/03\/realizan-en-el-congreso-conversatorio-sobre-la-historia-del-chile-en-nogada\/"]}]},{"@type":"BreadcrumbList","@id":"https:\/\/thepueblatimes.mx\/index.php\/2025\/09\/03\/realizan-en-el-congreso-conversatorio-sobre-la-historia-del-chile-en-nogada\/#breadcrumb","itemListElement":[{"@type":"ListItem","position":1,"name":"Portada","item":"https:\/\/thepueblatimes.mx\/"},{"@type":"ListItem","position":2,"name":"Realizan en el Congreso conversatorio sobre la \u201cHistoria del chile en nogada\u201d"}]},{"@type":"WebSite","@id":"https:\/\/thepueblatimes.mx\/#website","url":"https:\/\/thepueblatimes.mx\/","name":"The Puebla Times","description":"Noticias del Estado de Puebla","potentialAction":[{"@type":"SearchAction","target":{"@type":"EntryPoint","urlTemplate":"https:\/\/thepueblatimes.mx\/?s={search_term_string}"},"query-input":"required name=search_term_string"}],"inLanguage":"es"},{"@type":"Person","@id":"https:\/\/thepueblatimes.mx\/#\/schema\/person\/1664894c2f65ce2c7a08d8f5f905c13c","name":"Sa\u00fal Hern\u00e1ndez","image":{"@type":"ImageObject","inLanguage":"es","@id":"https:\/\/thepueblatimes.mx\/#\/schema\/person\/image\/","url":"https:\/\/secure.gravatar.com\/avatar\/11be338693f243309532caad8f10c930?s=96&d=mm&r=g","contentUrl":"https:\/\/secure.gravatar.com\/avatar\/11be338693f243309532caad8f10c930?s=96&d=mm&r=g","caption":"Sa\u00fal Hern\u00e1ndez"},"url":"https:\/\/thepueblatimes.mx\/index.php\/author\/saulhernandez\/"}]}},"jetpack_featured_media_url":"https:\/\/thepueblatimes.mx\/wp-content\/uploads\/2025\/09\/WhatsApp-Image-2025-09-03-at-09.43.15.jpeg","_links":{"self":[{"href":"https:\/\/thepueblatimes.mx\/index.php\/wp-json\/wp\/v2\/posts\/32898"}],"collection":[{"href":"https:\/\/thepueblatimes.mx\/index.php\/wp-json\/wp\/v2\/posts"}],"about":[{"href":"https:\/\/thepueblatimes.mx\/index.php\/wp-json\/wp\/v2\/types\/post"}],"author":[{"embeddable":true,"href":"https:\/\/thepueblatimes.mx\/index.php\/wp-json\/wp\/v2\/users\/16"}],"replies":[{"embeddable":true,"href":"https:\/\/thepueblatimes.mx\/index.php\/wp-json\/wp\/v2\/comments?post=32898"}],"version-history":[{"count":1,"href":"https:\/\/thepueblatimes.mx\/index.php\/wp-json\/wp\/v2\/posts\/32898\/revisions"}],"predecessor-version":[{"id":32901,"href":"https:\/\/thepueblatimes.mx\/index.php\/wp-json\/wp\/v2\/posts\/32898\/revisions\/32901"}],"wp:featuredmedia":[{"embeddable":true,"href":"https:\/\/thepueblatimes.mx\/index.php\/wp-json\/wp\/v2\/media\/32900"}],"wp:attachment":[{"href":"https:\/\/thepueblatimes.mx\/index.php\/wp-json\/wp\/v2\/media?parent=32898"}],"wp:term":[{"taxonomy":"category","embeddable":true,"href":"https:\/\/thepueblatimes.mx\/index.php\/wp-json\/wp\/v2\/categories?post=32898"},{"taxonomy":"post_tag","embeddable":true,"href":"https:\/\/thepueblatimes.mx\/index.php\/wp-json\/wp\/v2\/tags?post=32898"}],"curies":[{"name":"wp","href":"https:\/\/api.w.org\/{rel}","templated":true}]}}