{"id":32895,"date":"2025-09-02T17:39:57","date_gmt":"2025-09-02T23:39:57","guid":{"rendered":"https:\/\/thepueblatimes.mx\/?p=32895"},"modified":"2025-09-02T17:39:57","modified_gmt":"2025-09-02T23:39:57","slug":"asalto-a-unidad-de-la-ruta-azteca-en-puebla","status":"publish","type":"post","link":"https:\/\/thepueblatimes.mx\/index.php\/2025\/09\/02\/asalto-a-unidad-de-la-ruta-azteca-en-puebla\/","title":{"rendered":"Asalto a unidad de la Ruta Azteca en Puebla"},"content":{"rendered":"<p>Durante la ma\u00f1ana del martes, 2 de septiembre, los pasajeros de la unidad 30 de la Ruta Azteca fueron despojados de sus pertenencias por un grupo de delincuentes en inmediaciones del Paseo Bravo, ciudad de Puebla.<\/p>\n<p>Un hecho que impact\u00f3 a los pasajeros fue que los asaltantes golpearon al ch\u00f3fer antes de darse a la fuga.<\/p>\n<p>El asalto se produjo mientras la unidad circulaba en inmediaciones del Paseo Bravo y la 13 Sur.<\/p>\n<p>Alrededor de diez pasajeros que viajaban en la unidad fueron despojados de sus pertenencias por tres hombres armados con pistola y navajas.<\/p>\n<p>Cuando los asaltantes descendieron y se dieron a la fuga, se dio aviso a la autoridad, por lo que elementos policiales arribaron al lugar, igual que param\u00e9dicos.<\/p>\n","protected":false},"excerpt":{"rendered":"<p>Durante la ma\u00f1ana del martes, 2 de septiembre, los pasajeros de la unidad 30 de la Ruta Azteca fueron despojados de sus pertenencias por un grupo de delincuentes en inmediaciones del Paseo Bravo, ciudad de Puebla. Un hecho que impact\u00f3 a los pasajeros fue que los asaltantes golpearon al ch\u00f3fer antes de darse a la&#8230;<\/p>\n","protected":false},"author":16,"featured_media":32896,"comment_status":"closed","ping_status":"closed","sticky":false,"template":"","format":"standard","meta":[],"categories":[121],"tags":[179,2377,4046,3909],"yoast_head":"<!-- This site is optimized with the Yoast SEO plugin v20.8 - https:\/\/yoast.com\/wordpress\/plugins\/seo\/ -->\n<title>Asalto a unidad de la Ruta Azteca en Puebla - The Puebla Times<\/title>\n<meta name=\"robots\" content=\"index, follow, max-snippet:-1, max-image-preview:large, max-video-preview:-1\" \/>\n<link rel=\"canonical\" href=\"https:\/\/thepueblatimes.mx\/index.php\/2025\/09\/02\/asalto-a-unidad-de-la-ruta-azteca-en-puebla\/\" \/>\n<meta property=\"og:locale\" content=\"es_ES\" \/>\n<meta property=\"og:type\" content=\"article\" \/>\n<meta property=\"og:title\" content=\"Asalto a unidad de la Ruta Azteca en Puebla - The Puebla Times\" \/>\n<meta property=\"og:description\" content=\"Durante la ma\u00f1ana del martes, 2 de septiembre, los pasajeros de la unidad 30 de la Ruta Azteca fueron despojados de sus pertenencias por un grupo de delincuentes en inmediaciones del Paseo Bravo, ciudad de Puebla. Un hecho que impact\u00f3 a los pasajeros fue que los asaltantes golpearon al ch\u00f3fer antes de darse a la...\" \/>\n<meta property=\"og:url\" content=\"https:\/\/thepueblatimes.mx\/index.php\/2025\/09\/02\/asalto-a-unidad-de-la-ruta-azteca-en-puebla\/\" \/>\n<meta property=\"og:site_name\" content=\"The Puebla Times\" \/>\n<meta property=\"article:published_time\" content=\"2025-09-02T23:39:57+00:00\" \/>\n<meta property=\"og:image\" content=\"https:\/\/thepueblatimes.mx\/wp-content\/uploads\/2025\/09\/RutaAztecaRevision-1536x1024-1.webp\" \/>\n\t<meta property=\"og:image:width\" content=\"1536\" \/>\n\t<meta property=\"og:image:height\" content=\"1024\" \/>\n\t<meta property=\"og:image:type\" content=\"image\/webp\" \/>\n<meta name=\"author\" content=\"Sa\u00fal Hern\u00e1ndez\" \/>\n<meta name=\"twitter:card\" content=\"summary_large_image\" \/>\n<meta name=\"twitter:label1\" content=\"Escrito por\" \/>\n\t<meta name=\"twitter:data1\" content=\"Sa\u00fal Hern\u00e1ndez\" \/>\n\t<meta name=\"twitter:label2\" content=\"Tiempo de lectura\" \/>\n\t<meta name=\"twitter:data2\" content=\"1 minuto\" \/>\n<script type=\"application\/ld+json\" class=\"yoast-schema-graph\">{\"@context\":\"https:\/\/schema.org\",\"@graph\":[{\"@type\":\"WebPage\",\"@id\":\"https:\/\/thepueblatimes.mx\/index.php\/2025\/09\/02\/asalto-a-unidad-de-la-ruta-azteca-en-puebla\/\",\"url\":\"https:\/\/thepueblatimes.mx\/index.php\/2025\/09\/02\/asalto-a-unidad-de-la-ruta-azteca-en-puebla\/\",\"name\":\"Asalto a unidad de la Ruta Azteca en Puebla - The Puebla Times\",\"isPartOf\":{\"@id\":\"https:\/\/thepueblatimes.mx\/#website\"},\"datePublished\":\"2025-09-02T23:39:57+00:00\",\"dateModified\":\"2025-09-02T23:39:57+00:00\",\"author\":{\"@id\":\"https:\/\/thepueblatimes.mx\/#\/schema\/person\/1664894c2f65ce2c7a08d8f5f905c13c\"},\"breadcrumb\":{\"@id\":\"https:\/\/thepueblatimes.mx\/index.php\/2025\/09\/02\/asalto-a-unidad-de-la-ruta-azteca-en-puebla\/#breadcrumb\"},\"inLanguage\":\"es\",\"potentialAction\":[{\"@type\":\"ReadAction\",\"target\":[\"https:\/\/thepueblatimes.mx\/index.php\/2025\/09\/02\/asalto-a-unidad-de-la-ruta-azteca-en-puebla\/\"]}]},{\"@type\":\"BreadcrumbList\",\"@id\":\"https:\/\/thepueblatimes.mx\/index.php\/2025\/09\/02\/asalto-a-unidad-de-la-ruta-azteca-en-puebla\/#breadcrumb\",\"itemListElement\":[{\"@type\":\"ListItem\",\"position\":1,\"name\":\"Portada\",\"item\":\"https:\/\/thepueblatimes.mx\/\"},{\"@type\":\"ListItem\",\"position\":2,\"name\":\"Asalto a unidad de la Ruta Azteca en Puebla\"}]},{\"@type\":\"WebSite\",\"@id\":\"https:\/\/thepueblatimes.mx\/#website\",\"url\":\"https:\/\/thepueblatimes.mx\/\",\"name\":\"The Puebla Times\",\"description\":\"Noticias del Estado de Puebla\",\"potentialAction\":[{\"@type\":\"SearchAction\",\"target\":{\"@type\":\"EntryPoint\",\"urlTemplate\":\"https:\/\/thepueblatimes.mx\/?s={search_term_string}\"},\"query-input\":\"required name=search_term_string\"}],\"inLanguage\":\"es\"},{\"@type\":\"Person\",\"@id\":\"https:\/\/thepueblatimes.mx\/#\/schema\/person\/1664894c2f65ce2c7a08d8f5f905c13c\",\"name\":\"Sa\u00fal Hern\u00e1ndez\",\"image\":{\"@type\":\"ImageObject\",\"inLanguage\":\"es\",\"@id\":\"https:\/\/thepueblatimes.mx\/#\/schema\/person\/image\/\",\"url\":\"https:\/\/secure.gravatar.com\/avatar\/11be338693f243309532caad8f10c930?s=96&d=mm&r=g\",\"contentUrl\":\"https:\/\/secure.gravatar.com\/avatar\/11be338693f243309532caad8f10c930?s=96&d=mm&r=g\",\"caption\":\"Sa\u00fal Hern\u00e1ndez\"},\"url\":\"https:\/\/thepueblatimes.mx\/index.php\/author\/saulhernandez\/\"}]}<\/script>\n<!-- \/ Yoast SEO plugin. -->","yoast_head_json":{"title":"Asalto a unidad de la Ruta Azteca en Puebla - The Puebla Times","robots":{"index":"index","follow":"follow","max-snippet":"max-snippet:-1","max-image-preview":"max-image-preview:large","max-video-preview":"max-video-preview:-1"},"canonical":"https:\/\/thepueblatimes.mx\/index.php\/2025\/09\/02\/asalto-a-unidad-de-la-ruta-azteca-en-puebla\/","og_locale":"es_ES","og_type":"article","og_title":"Asalto a unidad de la Ruta Azteca en Puebla - The Puebla Times","og_description":"Durante la ma\u00f1ana del martes, 2 de septiembre, los pasajeros de la unidad 30 de la Ruta Azteca fueron despojados de sus pertenencias por un grupo de delincuentes en inmediaciones del Paseo Bravo, ciudad de Puebla. Un hecho que impact\u00f3 a los pasajeros fue que los asaltantes golpearon al ch\u00f3fer antes de darse a la...","og_url":"https:\/\/thepueblatimes.mx\/index.php\/2025\/09\/02\/asalto-a-unidad-de-la-ruta-azteca-en-puebla\/","og_site_name":"The Puebla Times","article_published_time":"2025-09-02T23:39:57+00:00","og_image":[{"width":1536,"height":1024,"url":"https:\/\/thepueblatimes.mx\/wp-content\/uploads\/2025\/09\/RutaAztecaRevision-1536x1024-1.webp","type":"image\/webp"}],"author":"Sa\u00fal Hern\u00e1ndez","twitter_card":"summary_large_image","twitter_misc":{"Escrito por":"Sa\u00fal Hern\u00e1ndez","Tiempo de lectura":"1 minuto"},"schema":{"@context":"https:\/\/schema.org","@graph":[{"@type":"WebPage","@id":"https:\/\/thepueblatimes.mx\/index.php\/2025\/09\/02\/asalto-a-unidad-de-la-ruta-azteca-en-puebla\/","url":"https:\/\/thepueblatimes.mx\/index.php\/2025\/09\/02\/asalto-a-unidad-de-la-ruta-azteca-en-puebla\/","name":"Asalto a unidad de la Ruta Azteca en Puebla - The Puebla Times","isPartOf":{"@id":"https:\/\/thepueblatimes.mx\/#website"},"datePublished":"2025-09-02T23:39:57+00:00","dateModified":"2025-09-02T23:39:57+00:00","author":{"@id":"https:\/\/thepueblatimes.mx\/#\/schema\/person\/1664894c2f65ce2c7a08d8f5f905c13c"},"breadcrumb":{"@id":"https:\/\/thepueblatimes.mx\/index.php\/2025\/09\/02\/asalto-a-unidad-de-la-ruta-azteca-en-puebla\/#breadcrumb"},"inLanguage":"es","potentialAction":[{"@type":"ReadAction","target":["https:\/\/thepueblatimes.mx\/index.php\/2025\/09\/02\/asalto-a-unidad-de-la-ruta-azteca-en-puebla\/"]}]},{"@type":"BreadcrumbList","@id":"https:\/\/thepueblatimes.mx\/index.php\/2025\/09\/02\/asalto-a-unidad-de-la-ruta-azteca-en-puebla\/#breadcrumb","itemListElement":[{"@type":"ListItem","position":1,"name":"Portada","item":"https:\/\/thepueblatimes.mx\/"},{"@type":"ListItem","position":2,"name":"Asalto a unidad de la Ruta Azteca en Puebla"}]},{"@type":"WebSite","@id":"https:\/\/thepueblatimes.mx\/#website","url":"https:\/\/thepueblatimes.mx\/","name":"The Puebla Times","description":"Noticias del Estado de Puebla","potentialAction":[{"@type":"SearchAction","target":{"@type":"EntryPoint","urlTemplate":"https:\/\/thepueblatimes.mx\/?s={search_term_string}"},"query-input":"required name=search_term_string"}],"inLanguage":"es"},{"@type":"Person","@id":"https:\/\/thepueblatimes.mx\/#\/schema\/person\/1664894c2f65ce2c7a08d8f5f905c13c","name":"Sa\u00fal Hern\u00e1ndez","image":{"@type":"ImageObject","inLanguage":"es","@id":"https:\/\/thepueblatimes.mx\/#\/schema\/person\/image\/","url":"https:\/\/secure.gravatar.com\/avatar\/11be338693f243309532caad8f10c930?s=96&d=mm&r=g","contentUrl":"https:\/\/secure.gravatar.com\/avatar\/11be338693f243309532caad8f10c930?s=96&d=mm&r=g","caption":"Sa\u00fal Hern\u00e1ndez"},"url":"https:\/\/thepueblatimes.mx\/index.php\/author\/saulhernandez\/"}]}},"jetpack_featured_media_url":"https:\/\/thepueblatimes.mx\/wp-content\/uploads\/2025\/09\/RutaAztecaRevision-1536x1024-1.webp","_links":{"self":[{"href":"https:\/\/thepueblatimes.mx\/index.php\/wp-json\/wp\/v2\/posts\/32895"}],"collection":[{"href":"https:\/\/thepueblatimes.mx\/index.php\/wp-json\/wp\/v2\/posts"}],"about":[{"href":"https:\/\/thepueblatimes.mx\/index.php\/wp-json\/wp\/v2\/types\/post"}],"author":[{"embeddable":true,"href":"https:\/\/thepueblatimes.mx\/index.php\/wp-json\/wp\/v2\/users\/16"}],"replies":[{"embeddable":true,"href":"https:\/\/thepueblatimes.mx\/index.php\/wp-json\/wp\/v2\/comments?post=32895"}],"version-history":[{"count":1,"href":"https:\/\/thepueblatimes.mx\/index.php\/wp-json\/wp\/v2\/posts\/32895\/revisions"}],"predecessor-version":[{"id":32897,"href":"https:\/\/thepueblatimes.mx\/index.php\/wp-json\/wp\/v2\/posts\/32895\/revisions\/32897"}],"wp:featuredmedia":[{"embeddable":true,"href":"https:\/\/thepueblatimes.mx\/index.php\/wp-json\/wp\/v2\/media\/32896"}],"wp:attachment":[{"href":"https:\/\/thepueblatimes.mx\/index.php\/wp-json\/wp\/v2\/media?parent=32895"}],"wp:term":[{"taxonomy":"category","embeddable":true,"href":"https:\/\/thepueblatimes.mx\/index.php\/wp-json\/wp\/v2\/categories?post=32895"},{"taxonomy":"post_tag","embeddable":true,"href":"https:\/\/thepueblatimes.mx\/index.php\/wp-json\/wp\/v2\/tags?post=32895"}],"curies":[{"name":"wp","href":"https:\/\/api.w.org\/{rel}","templated":true}]}}