{"id":32892,"date":"2025-09-02T17:34:30","date_gmt":"2025-09-02T23:34:30","guid":{"rendered":"https:\/\/thepueblatimes.mx\/?p=32892"},"modified":"2025-09-02T17:36:19","modified_gmt":"2025-09-02T23:36:19","slug":"la-feria-patronal-de-tehuitzingo-un-evento-regional-y-especial-para-migrantes","status":"publish","type":"post","link":"https:\/\/thepueblatimes.mx\/index.php\/2025\/09\/02\/la-feria-patronal-de-tehuitzingo-un-evento-regional-y-especial-para-migrantes\/","title":{"rendered":"La Feria Patronal de Tehuitzingo un evento regional y especial para migrantes"},"content":{"rendered":"<h3><strong><em>-Se espera una asistencia superior a 20 mil personas de la regi\u00f3n<\/em><\/strong><\/h3>\n<p>En la Feria de Tehuitzingo no habr\u00e1 reservados, el acceso a todos los eventos ser\u00e1 gratuito; los asistentes solo deber\u00e1n arribar temprano para acceder a un lugar.<\/p>\n<p>Adem\u00e1s, se contar\u00e1 con un d\u00eda dedicado a los migrantes de Tehuitzingo y de la regi\u00f3n.<\/p>\n<p>As\u00ed lo resalt\u00f3 el presidente municipal de Tehuitzingo Jorge Estrada Gervacio al dar a conocer el programa de actividades de la Feria Patronal que se celebra anualmente en honor de San Miguel Arc\u00e1ngel y que en esta ocasi\u00f3n tendr\u00e1 lugar del 25 al 30 de septiembre, y en la que se espera contar con el arribo de m\u00e1s de 20 mil habitantes de la regi\u00f3n.<\/p>\n<p>En compa\u00f1\u00eda de la presidenta del Sistema Municipal, Gema Cruz Guzm\u00e1n, y el cuerpo edilicio, Estrada Gervacio resalt\u00f3 que la Feria iniciar\u00e1 el d\u00eda 25 de septiembre con un magno carnaval que contar\u00e1 con la participaci\u00f3n art\u00edstica y cultural de diversos municipios de la regi\u00f3n.<\/p>\n<p>Indic\u00f3 que se contar\u00e1 con cuatro jaripeos a realizarse los d\u00edas 26, 28, 29 y 30 de septiembre, con la participaci\u00f3n, de las ganader\u00edas Mil Amores, Los indestructibles Rancho H3H, Rancho la Revoluci\u00f3n del G\u00fcero Flores y Rancho El Rosario del Chino Morales.<\/p>\n<p>Adem\u00e1s, se organizaron actividades deportivas como un torneo de b\u00e1squetbol y otro de futbol.<\/p>\n<p>El 27 de septiembre tendr\u00e1 lugar el gran baile de Feria amenizado por el Tigrillo Palma, los Sucesores del Norte y Sonido Parthenon.<\/p>\n<p>El baile de cierre de Feria estar\u00e1 amenizado por Juan Barrera y su Norte\u00f1o. Los d\u00edas 26,28 y 29 de septiembre habr\u00e1 baile amenizado por diversos grupos.<\/p>\n<p>El 26 de septiembre estar\u00e1 dedicado a los migrantes, y se tiene contemplada la asistencia de un importante n\u00famero de connacionales que regresar\u00e1n a Tehuitzingo para reencontrarse con su tierra, su gente y disfrutar de su Feria.<\/p>\n<p>Finalmente, el edil de Tehuitzingo destac\u00f3 que la seguridad estar\u00e1 garantizada con la presencia de elementos de la Guardia Nacional, que se sumar\u00e1n a la corporaci\u00f3n municipal.<\/p>\n","protected":false},"excerpt":{"rendered":"<p>-Se espera una asistencia superior a 20 mil personas de la regi\u00f3n En la Feria de Tehuitzingo no habr\u00e1 reservados, el acceso a todos los eventos ser\u00e1 gratuito; los asistentes solo deber\u00e1n arribar temprano para acceder a un lugar. Adem\u00e1s, se contar\u00e1 con un d\u00eda dedicado a los migrantes de Tehuitzingo y de la regi\u00f3n&#8230;.<\/p>\n","protected":false},"author":16,"featured_media":32893,"comment_status":"closed","ping_status":"closed","sticky":false,"template":"","format":"standard","meta":[],"categories":[542],"tags":[4074,3142,352],"yoast_head":"<!-- This site is optimized with the Yoast SEO plugin v20.8 - https:\/\/yoast.com\/wordpress\/plugins\/seo\/ -->\n<title>La Feria Patronal de Tehuitzingo un evento regional y especial para migrantes - The Puebla Times<\/title>\n<meta name=\"robots\" content=\"index, follow, max-snippet:-1, max-image-preview:large, max-video-preview:-1\" \/>\n<link rel=\"canonical\" href=\"https:\/\/thepueblatimes.mx\/index.php\/2025\/09\/02\/la-feria-patronal-de-tehuitzingo-un-evento-regional-y-especial-para-migrantes\/\" \/>\n<meta property=\"og:locale\" content=\"es_ES\" \/>\n<meta property=\"og:type\" content=\"article\" \/>\n<meta property=\"og:title\" content=\"La Feria Patronal de Tehuitzingo un evento regional y especial para migrantes - The Puebla Times\" \/>\n<meta property=\"og:description\" content=\"-Se espera una asistencia superior a 20 mil personas de la regi\u00f3n En la Feria de Tehuitzingo no habr\u00e1 reservados, el acceso a todos los eventos ser\u00e1 gratuito; los asistentes solo deber\u00e1n arribar temprano para acceder a un lugar. Adem\u00e1s, se contar\u00e1 con un d\u00eda dedicado a los migrantes de Tehuitzingo y de la regi\u00f3n....\" \/>\n<meta property=\"og:url\" content=\"https:\/\/thepueblatimes.mx\/index.php\/2025\/09\/02\/la-feria-patronal-de-tehuitzingo-un-evento-regional-y-especial-para-migrantes\/\" \/>\n<meta property=\"og:site_name\" content=\"The Puebla Times\" \/>\n<meta property=\"article:published_time\" content=\"2025-09-02T23:34:30+00:00\" \/>\n<meta property=\"article:modified_time\" content=\"2025-09-02T23:36:19+00:00\" \/>\n<meta property=\"og:image\" content=\"https:\/\/thepueblatimes.mx\/wp-content\/uploads\/2025\/09\/WhatsApp-Image-2025-09-02-at-17.33.57.jpeg\" \/>\n\t<meta property=\"og:image:width\" content=\"400\" \/>\n\t<meta property=\"og:image:height\" content=\"550\" \/>\n\t<meta property=\"og:image:type\" content=\"image\/jpeg\" \/>\n<meta name=\"author\" content=\"Sa\u00fal Hern\u00e1ndez\" \/>\n<meta name=\"twitter:card\" content=\"summary_large_image\" \/>\n<meta name=\"twitter:label1\" content=\"Escrito por\" \/>\n\t<meta name=\"twitter:data1\" content=\"Sa\u00fal Hern\u00e1ndez\" \/>\n\t<meta name=\"twitter:label2\" content=\"Tiempo de lectura\" \/>\n\t<meta name=\"twitter:data2\" content=\"2 minutos\" \/>\n<script type=\"application\/ld+json\" class=\"yoast-schema-graph\">{\"@context\":\"https:\/\/schema.org\",\"@graph\":[{\"@type\":\"WebPage\",\"@id\":\"https:\/\/thepueblatimes.mx\/index.php\/2025\/09\/02\/la-feria-patronal-de-tehuitzingo-un-evento-regional-y-especial-para-migrantes\/\",\"url\":\"https:\/\/thepueblatimes.mx\/index.php\/2025\/09\/02\/la-feria-patronal-de-tehuitzingo-un-evento-regional-y-especial-para-migrantes\/\",\"name\":\"La Feria Patronal de Tehuitzingo un evento regional y especial para migrantes - The Puebla Times\",\"isPartOf\":{\"@id\":\"https:\/\/thepueblatimes.mx\/#website\"},\"datePublished\":\"2025-09-02T23:34:30+00:00\",\"dateModified\":\"2025-09-02T23:36:19+00:00\",\"author\":{\"@id\":\"https:\/\/thepueblatimes.mx\/#\/schema\/person\/1664894c2f65ce2c7a08d8f5f905c13c\"},\"breadcrumb\":{\"@id\":\"https:\/\/thepueblatimes.mx\/index.php\/2025\/09\/02\/la-feria-patronal-de-tehuitzingo-un-evento-regional-y-especial-para-migrantes\/#breadcrumb\"},\"inLanguage\":\"es\",\"potentialAction\":[{\"@type\":\"ReadAction\",\"target\":[\"https:\/\/thepueblatimes.mx\/index.php\/2025\/09\/02\/la-feria-patronal-de-tehuitzingo-un-evento-regional-y-especial-para-migrantes\/\"]}]},{\"@type\":\"BreadcrumbList\",\"@id\":\"https:\/\/thepueblatimes.mx\/index.php\/2025\/09\/02\/la-feria-patronal-de-tehuitzingo-un-evento-regional-y-especial-para-migrantes\/#breadcrumb\",\"itemListElement\":[{\"@type\":\"ListItem\",\"position\":1,\"name\":\"Portada\",\"item\":\"https:\/\/thepueblatimes.mx\/\"},{\"@type\":\"ListItem\",\"position\":2,\"name\":\"La Feria Patronal de Tehuitzingo un evento regional y especial para migrantes\"}]},{\"@type\":\"WebSite\",\"@id\":\"https:\/\/thepueblatimes.mx\/#website\",\"url\":\"https:\/\/thepueblatimes.mx\/\",\"name\":\"The Puebla Times\",\"description\":\"Noticias del Estado de Puebla\",\"potentialAction\":[{\"@type\":\"SearchAction\",\"target\":{\"@type\":\"EntryPoint\",\"urlTemplate\":\"https:\/\/thepueblatimes.mx\/?s={search_term_string}\"},\"query-input\":\"required name=search_term_string\"}],\"inLanguage\":\"es\"},{\"@type\":\"Person\",\"@id\":\"https:\/\/thepueblatimes.mx\/#\/schema\/person\/1664894c2f65ce2c7a08d8f5f905c13c\",\"name\":\"Sa\u00fal Hern\u00e1ndez\",\"image\":{\"@type\":\"ImageObject\",\"inLanguage\":\"es\",\"@id\":\"https:\/\/thepueblatimes.mx\/#\/schema\/person\/image\/\",\"url\":\"https:\/\/secure.gravatar.com\/avatar\/11be338693f243309532caad8f10c930?s=96&d=mm&r=g\",\"contentUrl\":\"https:\/\/secure.gravatar.com\/avatar\/11be338693f243309532caad8f10c930?s=96&d=mm&r=g\",\"caption\":\"Sa\u00fal Hern\u00e1ndez\"},\"url\":\"https:\/\/thepueblatimes.mx\/index.php\/author\/saulhernandez\/\"}]}<\/script>\n<!-- \/ Yoast SEO plugin. -->","yoast_head_json":{"title":"La Feria Patronal de Tehuitzingo un evento regional y especial para migrantes - The Puebla Times","robots":{"index":"index","follow":"follow","max-snippet":"max-snippet:-1","max-image-preview":"max-image-preview:large","max-video-preview":"max-video-preview:-1"},"canonical":"https:\/\/thepueblatimes.mx\/index.php\/2025\/09\/02\/la-feria-patronal-de-tehuitzingo-un-evento-regional-y-especial-para-migrantes\/","og_locale":"es_ES","og_type":"article","og_title":"La Feria Patronal de Tehuitzingo un evento regional y especial para migrantes - The Puebla Times","og_description":"-Se espera una asistencia superior a 20 mil personas de la regi\u00f3n En la Feria de Tehuitzingo no habr\u00e1 reservados, el acceso a todos los eventos ser\u00e1 gratuito; los asistentes solo deber\u00e1n arribar temprano para acceder a un lugar. Adem\u00e1s, se contar\u00e1 con un d\u00eda dedicado a los migrantes de Tehuitzingo y de la regi\u00f3n....","og_url":"https:\/\/thepueblatimes.mx\/index.php\/2025\/09\/02\/la-feria-patronal-de-tehuitzingo-un-evento-regional-y-especial-para-migrantes\/","og_site_name":"The Puebla Times","article_published_time":"2025-09-02T23:34:30+00:00","article_modified_time":"2025-09-02T23:36:19+00:00","og_image":[{"width":400,"height":550,"url":"https:\/\/thepueblatimes.mx\/wp-content\/uploads\/2025\/09\/WhatsApp-Image-2025-09-02-at-17.33.57.jpeg","type":"image\/jpeg"}],"author":"Sa\u00fal Hern\u00e1ndez","twitter_card":"summary_large_image","twitter_misc":{"Escrito por":"Sa\u00fal Hern\u00e1ndez","Tiempo de lectura":"2 minutos"},"schema":{"@context":"https:\/\/schema.org","@graph":[{"@type":"WebPage","@id":"https:\/\/thepueblatimes.mx\/index.php\/2025\/09\/02\/la-feria-patronal-de-tehuitzingo-un-evento-regional-y-especial-para-migrantes\/","url":"https:\/\/thepueblatimes.mx\/index.php\/2025\/09\/02\/la-feria-patronal-de-tehuitzingo-un-evento-regional-y-especial-para-migrantes\/","name":"La Feria Patronal de Tehuitzingo un evento regional y especial para migrantes - The Puebla Times","isPartOf":{"@id":"https:\/\/thepueblatimes.mx\/#website"},"datePublished":"2025-09-02T23:34:30+00:00","dateModified":"2025-09-02T23:36:19+00:00","author":{"@id":"https:\/\/thepueblatimes.mx\/#\/schema\/person\/1664894c2f65ce2c7a08d8f5f905c13c"},"breadcrumb":{"@id":"https:\/\/thepueblatimes.mx\/index.php\/2025\/09\/02\/la-feria-patronal-de-tehuitzingo-un-evento-regional-y-especial-para-migrantes\/#breadcrumb"},"inLanguage":"es","potentialAction":[{"@type":"ReadAction","target":["https:\/\/thepueblatimes.mx\/index.php\/2025\/09\/02\/la-feria-patronal-de-tehuitzingo-un-evento-regional-y-especial-para-migrantes\/"]}]},{"@type":"BreadcrumbList","@id":"https:\/\/thepueblatimes.mx\/index.php\/2025\/09\/02\/la-feria-patronal-de-tehuitzingo-un-evento-regional-y-especial-para-migrantes\/#breadcrumb","itemListElement":[{"@type":"ListItem","position":1,"name":"Portada","item":"https:\/\/thepueblatimes.mx\/"},{"@type":"ListItem","position":2,"name":"La Feria Patronal de Tehuitzingo un evento regional y especial para migrantes"}]},{"@type":"WebSite","@id":"https:\/\/thepueblatimes.mx\/#website","url":"https:\/\/thepueblatimes.mx\/","name":"The Puebla Times","description":"Noticias del Estado de Puebla","potentialAction":[{"@type":"SearchAction","target":{"@type":"EntryPoint","urlTemplate":"https:\/\/thepueblatimes.mx\/?s={search_term_string}"},"query-input":"required name=search_term_string"}],"inLanguage":"es"},{"@type":"Person","@id":"https:\/\/thepueblatimes.mx\/#\/schema\/person\/1664894c2f65ce2c7a08d8f5f905c13c","name":"Sa\u00fal Hern\u00e1ndez","image":{"@type":"ImageObject","inLanguage":"es","@id":"https:\/\/thepueblatimes.mx\/#\/schema\/person\/image\/","url":"https:\/\/secure.gravatar.com\/avatar\/11be338693f243309532caad8f10c930?s=96&d=mm&r=g","contentUrl":"https:\/\/secure.gravatar.com\/avatar\/11be338693f243309532caad8f10c930?s=96&d=mm&r=g","caption":"Sa\u00fal Hern\u00e1ndez"},"url":"https:\/\/thepueblatimes.mx\/index.php\/author\/saulhernandez\/"}]}},"jetpack_featured_media_url":"https:\/\/thepueblatimes.mx\/wp-content\/uploads\/2025\/09\/WhatsApp-Image-2025-09-02-at-17.33.57.jpeg","_links":{"self":[{"href":"https:\/\/thepueblatimes.mx\/index.php\/wp-json\/wp\/v2\/posts\/32892"}],"collection":[{"href":"https:\/\/thepueblatimes.mx\/index.php\/wp-json\/wp\/v2\/posts"}],"about":[{"href":"https:\/\/thepueblatimes.mx\/index.php\/wp-json\/wp\/v2\/types\/post"}],"author":[{"embeddable":true,"href":"https:\/\/thepueblatimes.mx\/index.php\/wp-json\/wp\/v2\/users\/16"}],"replies":[{"embeddable":true,"href":"https:\/\/thepueblatimes.mx\/index.php\/wp-json\/wp\/v2\/comments?post=32892"}],"version-history":[{"count":1,"href":"https:\/\/thepueblatimes.mx\/index.php\/wp-json\/wp\/v2\/posts\/32892\/revisions"}],"predecessor-version":[{"id":32894,"href":"https:\/\/thepueblatimes.mx\/index.php\/wp-json\/wp\/v2\/posts\/32892\/revisions\/32894"}],"wp:featuredmedia":[{"embeddable":true,"href":"https:\/\/thepueblatimes.mx\/index.php\/wp-json\/wp\/v2\/media\/32893"}],"wp:attachment":[{"href":"https:\/\/thepueblatimes.mx\/index.php\/wp-json\/wp\/v2\/media?parent=32892"}],"wp:term":[{"taxonomy":"category","embeddable":true,"href":"https:\/\/thepueblatimes.mx\/index.php\/wp-json\/wp\/v2\/categories?post=32892"},{"taxonomy":"post_tag","embeddable":true,"href":"https:\/\/thepueblatimes.mx\/index.php\/wp-json\/wp\/v2\/tags?post=32892"}],"curies":[{"name":"wp","href":"https:\/\/api.w.org\/{rel}","templated":true}]}}