{"id":32844,"date":"2025-09-02T13:58:13","date_gmt":"2025-09-02T19:58:13","guid":{"rendered":"https:\/\/thepueblatimes.mx\/?p=32844"},"modified":"2025-09-02T13:58:13","modified_gmt":"2025-09-02T19:58:13","slug":"supervisa-pepe-chedraui-construccion-del-bachillerato-tecnologico-buap","status":"publish","type":"post","link":"https:\/\/thepueblatimes.mx\/index.php\/2025\/09\/02\/supervisa-pepe-chedraui-construccion-del-bachillerato-tecnologico-buap\/","title":{"rendered":"Supervisa Pepe Chedraui construcci\u00f3n del Bachillerato Tecnol\u00f3gico BUAP"},"content":{"rendered":"<p><em tabindex=\"0\">&#8211; \u201cNuestra m\u00e1xima casa de estudios es referente a nivel nacional por su excelencia acad\u00e9mica, con esta obra educativa contribuimos a la formaci\u00f3n integral de las y los estudiantes\u201d: Pepe Chedraui<\/em><\/p>\n<p tabindex=\"0\">Puebla, Pue., 25 de julio de 2025.- Como parte de las acciones para el fortalecimiento de la infraestructura educativa de la capital, el presidente municipal, Pepe Chedraui Budib supervis\u00f3 los trabajos de construcci\u00f3n del Bachillerato Tecnol\u00f3gico de la Benem\u00e9rita Universidad Aut\u00f3noma de Puebla (BUAP) en la Junta Auxiliar de San Pedro Zacachimalpa.<\/p>\n","protected":false},"excerpt":{"rendered":"<p>&#8211; \u201cNuestra m\u00e1xima casa de estudios es referente a nivel nacional por su excelencia acad\u00e9mica, con esta obra educativa contribuimos a la formaci\u00f3n integral de las y los estudiantes\u201d: Pepe Chedraui Puebla, Pue., 25 de julio de 2025.- Como parte de las acciones para el fortalecimiento de la infraestructura educativa de la capital, el presidente&#8230;<\/p>\n","protected":false},"author":16,"featured_media":32845,"comment_status":"closed","ping_status":"closed","sticky":false,"template":"","format":"standard","meta":[],"categories":[20],"tags":[],"yoast_head":"<!-- This site is optimized with the Yoast SEO plugin v20.8 - https:\/\/yoast.com\/wordpress\/plugins\/seo\/ -->\n<title>Supervisa Pepe Chedraui construcci\u00f3n del Bachillerato Tecnol\u00f3gico BUAP - The Puebla Times<\/title>\n<meta name=\"robots\" content=\"index, follow, max-snippet:-1, max-image-preview:large, max-video-preview:-1\" \/>\n<link rel=\"canonical\" href=\"https:\/\/thepueblatimes.mx\/index.php\/2025\/09\/02\/supervisa-pepe-chedraui-construccion-del-bachillerato-tecnologico-buap\/\" \/>\n<meta property=\"og:locale\" content=\"es_ES\" \/>\n<meta property=\"og:type\" content=\"article\" \/>\n<meta property=\"og:title\" content=\"Supervisa Pepe Chedraui construcci\u00f3n del Bachillerato Tecnol\u00f3gico BUAP - The Puebla Times\" \/>\n<meta property=\"og:description\" content=\"&#8211; \u201cNuestra m\u00e1xima casa de estudios es referente a nivel nacional por su excelencia acad\u00e9mica, con esta obra educativa contribuimos a la formaci\u00f3n integral de las y los estudiantes\u201d: Pepe Chedraui Puebla, Pue., 25 de julio de 2025.- Como parte de las acciones para el fortalecimiento de la infraestructura educativa de la capital, el presidente...\" \/>\n<meta property=\"og:url\" content=\"https:\/\/thepueblatimes.mx\/index.php\/2025\/09\/02\/supervisa-pepe-chedraui-construccion-del-bachillerato-tecnologico-buap\/\" \/>\n<meta property=\"og:site_name\" content=\"The Puebla Times\" \/>\n<meta property=\"article:published_time\" content=\"2025-09-02T19:58:13+00:00\" \/>\n<meta property=\"og:image\" content=\"https:\/\/thepueblatimes.mx\/wp-content\/uploads\/2025\/09\/WhatsApp-Image-2025-07-25-at-10.02.01-AM-scaled.jpeg\" \/>\n\t<meta property=\"og:image:width\" content=\"2560\" \/>\n\t<meta property=\"og:image:height\" content=\"1920\" \/>\n\t<meta property=\"og:image:type\" content=\"image\/jpeg\" \/>\n<meta name=\"author\" content=\"Sa\u00fal Hern\u00e1ndez\" \/>\n<meta name=\"twitter:card\" content=\"summary_large_image\" \/>\n<meta name=\"twitter:label1\" content=\"Escrito por\" \/>\n\t<meta name=\"twitter:data1\" content=\"Sa\u00fal Hern\u00e1ndez\" \/>\n\t<meta name=\"twitter:label2\" content=\"Tiempo de lectura\" \/>\n\t<meta name=\"twitter:data2\" content=\"1 minuto\" \/>\n<script type=\"application\/ld+json\" class=\"yoast-schema-graph\">{\"@context\":\"https:\/\/schema.org\",\"@graph\":[{\"@type\":\"WebPage\",\"@id\":\"https:\/\/thepueblatimes.mx\/index.php\/2025\/09\/02\/supervisa-pepe-chedraui-construccion-del-bachillerato-tecnologico-buap\/\",\"url\":\"https:\/\/thepueblatimes.mx\/index.php\/2025\/09\/02\/supervisa-pepe-chedraui-construccion-del-bachillerato-tecnologico-buap\/\",\"name\":\"Supervisa Pepe Chedraui construcci\u00f3n del Bachillerato Tecnol\u00f3gico BUAP - The Puebla Times\",\"isPartOf\":{\"@id\":\"https:\/\/thepueblatimes.mx\/#website\"},\"datePublished\":\"2025-09-02T19:58:13+00:00\",\"dateModified\":\"2025-09-02T19:58:13+00:00\",\"author\":{\"@id\":\"https:\/\/thepueblatimes.mx\/#\/schema\/person\/1664894c2f65ce2c7a08d8f5f905c13c\"},\"breadcrumb\":{\"@id\":\"https:\/\/thepueblatimes.mx\/index.php\/2025\/09\/02\/supervisa-pepe-chedraui-construccion-del-bachillerato-tecnologico-buap\/#breadcrumb\"},\"inLanguage\":\"es\",\"potentialAction\":[{\"@type\":\"ReadAction\",\"target\":[\"https:\/\/thepueblatimes.mx\/index.php\/2025\/09\/02\/supervisa-pepe-chedraui-construccion-del-bachillerato-tecnologico-buap\/\"]}]},{\"@type\":\"BreadcrumbList\",\"@id\":\"https:\/\/thepueblatimes.mx\/index.php\/2025\/09\/02\/supervisa-pepe-chedraui-construccion-del-bachillerato-tecnologico-buap\/#breadcrumb\",\"itemListElement\":[{\"@type\":\"ListItem\",\"position\":1,\"name\":\"Portada\",\"item\":\"https:\/\/thepueblatimes.mx\/\"},{\"@type\":\"ListItem\",\"position\":2,\"name\":\"Supervisa Pepe Chedraui construcci\u00f3n del Bachillerato Tecnol\u00f3gico BUAP\"}]},{\"@type\":\"WebSite\",\"@id\":\"https:\/\/thepueblatimes.mx\/#website\",\"url\":\"https:\/\/thepueblatimes.mx\/\",\"name\":\"The Puebla Times\",\"description\":\"Noticias del Estado de Puebla\",\"potentialAction\":[{\"@type\":\"SearchAction\",\"target\":{\"@type\":\"EntryPoint\",\"urlTemplate\":\"https:\/\/thepueblatimes.mx\/?s={search_term_string}\"},\"query-input\":\"required name=search_term_string\"}],\"inLanguage\":\"es\"},{\"@type\":\"Person\",\"@id\":\"https:\/\/thepueblatimes.mx\/#\/schema\/person\/1664894c2f65ce2c7a08d8f5f905c13c\",\"name\":\"Sa\u00fal Hern\u00e1ndez\",\"image\":{\"@type\":\"ImageObject\",\"inLanguage\":\"es\",\"@id\":\"https:\/\/thepueblatimes.mx\/#\/schema\/person\/image\/\",\"url\":\"https:\/\/secure.gravatar.com\/avatar\/11be338693f243309532caad8f10c930?s=96&d=mm&r=g\",\"contentUrl\":\"https:\/\/secure.gravatar.com\/avatar\/11be338693f243309532caad8f10c930?s=96&d=mm&r=g\",\"caption\":\"Sa\u00fal Hern\u00e1ndez\"},\"url\":\"https:\/\/thepueblatimes.mx\/index.php\/author\/saulhernandez\/\"}]}<\/script>\n<!-- \/ Yoast SEO plugin. -->","yoast_head_json":{"title":"Supervisa Pepe Chedraui construcci\u00f3n del Bachillerato Tecnol\u00f3gico BUAP - The Puebla Times","robots":{"index":"index","follow":"follow","max-snippet":"max-snippet:-1","max-image-preview":"max-image-preview:large","max-video-preview":"max-video-preview:-1"},"canonical":"https:\/\/thepueblatimes.mx\/index.php\/2025\/09\/02\/supervisa-pepe-chedraui-construccion-del-bachillerato-tecnologico-buap\/","og_locale":"es_ES","og_type":"article","og_title":"Supervisa Pepe Chedraui construcci\u00f3n del Bachillerato Tecnol\u00f3gico BUAP - The Puebla Times","og_description":"&#8211; \u201cNuestra m\u00e1xima casa de estudios es referente a nivel nacional por su excelencia acad\u00e9mica, con esta obra educativa contribuimos a la formaci\u00f3n integral de las y los estudiantes\u201d: Pepe Chedraui Puebla, Pue., 25 de julio de 2025.- Como parte de las acciones para el fortalecimiento de la infraestructura educativa de la capital, el presidente...","og_url":"https:\/\/thepueblatimes.mx\/index.php\/2025\/09\/02\/supervisa-pepe-chedraui-construccion-del-bachillerato-tecnologico-buap\/","og_site_name":"The Puebla Times","article_published_time":"2025-09-02T19:58:13+00:00","og_image":[{"width":2560,"height":1920,"url":"https:\/\/thepueblatimes.mx\/wp-content\/uploads\/2025\/09\/WhatsApp-Image-2025-07-25-at-10.02.01-AM-scaled.jpeg","type":"image\/jpeg"}],"author":"Sa\u00fal Hern\u00e1ndez","twitter_card":"summary_large_image","twitter_misc":{"Escrito por":"Sa\u00fal Hern\u00e1ndez","Tiempo de lectura":"1 minuto"},"schema":{"@context":"https:\/\/schema.org","@graph":[{"@type":"WebPage","@id":"https:\/\/thepueblatimes.mx\/index.php\/2025\/09\/02\/supervisa-pepe-chedraui-construccion-del-bachillerato-tecnologico-buap\/","url":"https:\/\/thepueblatimes.mx\/index.php\/2025\/09\/02\/supervisa-pepe-chedraui-construccion-del-bachillerato-tecnologico-buap\/","name":"Supervisa Pepe Chedraui construcci\u00f3n del Bachillerato Tecnol\u00f3gico BUAP - The Puebla Times","isPartOf":{"@id":"https:\/\/thepueblatimes.mx\/#website"},"datePublished":"2025-09-02T19:58:13+00:00","dateModified":"2025-09-02T19:58:13+00:00","author":{"@id":"https:\/\/thepueblatimes.mx\/#\/schema\/person\/1664894c2f65ce2c7a08d8f5f905c13c"},"breadcrumb":{"@id":"https:\/\/thepueblatimes.mx\/index.php\/2025\/09\/02\/supervisa-pepe-chedraui-construccion-del-bachillerato-tecnologico-buap\/#breadcrumb"},"inLanguage":"es","potentialAction":[{"@type":"ReadAction","target":["https:\/\/thepueblatimes.mx\/index.php\/2025\/09\/02\/supervisa-pepe-chedraui-construccion-del-bachillerato-tecnologico-buap\/"]}]},{"@type":"BreadcrumbList","@id":"https:\/\/thepueblatimes.mx\/index.php\/2025\/09\/02\/supervisa-pepe-chedraui-construccion-del-bachillerato-tecnologico-buap\/#breadcrumb","itemListElement":[{"@type":"ListItem","position":1,"name":"Portada","item":"https:\/\/thepueblatimes.mx\/"},{"@type":"ListItem","position":2,"name":"Supervisa Pepe Chedraui construcci\u00f3n del Bachillerato Tecnol\u00f3gico BUAP"}]},{"@type":"WebSite","@id":"https:\/\/thepueblatimes.mx\/#website","url":"https:\/\/thepueblatimes.mx\/","name":"The Puebla Times","description":"Noticias del Estado de Puebla","potentialAction":[{"@type":"SearchAction","target":{"@type":"EntryPoint","urlTemplate":"https:\/\/thepueblatimes.mx\/?s={search_term_string}"},"query-input":"required name=search_term_string"}],"inLanguage":"es"},{"@type":"Person","@id":"https:\/\/thepueblatimes.mx\/#\/schema\/person\/1664894c2f65ce2c7a08d8f5f905c13c","name":"Sa\u00fal Hern\u00e1ndez","image":{"@type":"ImageObject","inLanguage":"es","@id":"https:\/\/thepueblatimes.mx\/#\/schema\/person\/image\/","url":"https:\/\/secure.gravatar.com\/avatar\/11be338693f243309532caad8f10c930?s=96&d=mm&r=g","contentUrl":"https:\/\/secure.gravatar.com\/avatar\/11be338693f243309532caad8f10c930?s=96&d=mm&r=g","caption":"Sa\u00fal Hern\u00e1ndez"},"url":"https:\/\/thepueblatimes.mx\/index.php\/author\/saulhernandez\/"}]}},"jetpack_featured_media_url":"https:\/\/thepueblatimes.mx\/wp-content\/uploads\/2025\/09\/WhatsApp-Image-2025-07-25-at-10.02.01-AM-scaled.jpeg","_links":{"self":[{"href":"https:\/\/thepueblatimes.mx\/index.php\/wp-json\/wp\/v2\/posts\/32844"}],"collection":[{"href":"https:\/\/thepueblatimes.mx\/index.php\/wp-json\/wp\/v2\/posts"}],"about":[{"href":"https:\/\/thepueblatimes.mx\/index.php\/wp-json\/wp\/v2\/types\/post"}],"author":[{"embeddable":true,"href":"https:\/\/thepueblatimes.mx\/index.php\/wp-json\/wp\/v2\/users\/16"}],"replies":[{"embeddable":true,"href":"https:\/\/thepueblatimes.mx\/index.php\/wp-json\/wp\/v2\/comments?post=32844"}],"version-history":[{"count":1,"href":"https:\/\/thepueblatimes.mx\/index.php\/wp-json\/wp\/v2\/posts\/32844\/revisions"}],"predecessor-version":[{"id":32846,"href":"https:\/\/thepueblatimes.mx\/index.php\/wp-json\/wp\/v2\/posts\/32844\/revisions\/32846"}],"wp:featuredmedia":[{"embeddable":true,"href":"https:\/\/thepueblatimes.mx\/index.php\/wp-json\/wp\/v2\/media\/32845"}],"wp:attachment":[{"href":"https:\/\/thepueblatimes.mx\/index.php\/wp-json\/wp\/v2\/media?parent=32844"}],"wp:term":[{"taxonomy":"category","embeddable":true,"href":"https:\/\/thepueblatimes.mx\/index.php\/wp-json\/wp\/v2\/categories?post=32844"},{"taxonomy":"post_tag","embeddable":true,"href":"https:\/\/thepueblatimes.mx\/index.php\/wp-json\/wp\/v2\/tags?post=32844"}],"curies":[{"name":"wp","href":"https:\/\/api.w.org\/{rel}","templated":true}]}}