{"id":32841,"date":"2025-09-02T13:56:50","date_gmt":"2025-09-02T19:56:50","guid":{"rendered":"https:\/\/thepueblatimes.mx\/?p=32841"},"modified":"2025-09-02T13:56:50","modified_gmt":"2025-09-02T19:56:50","slug":"invita-gobierno-de-la-ciudad-a-disfrutar-de-descuentos-para-la-gala-de-estrellas-elisa-y-amigos-2","status":"publish","type":"post","link":"https:\/\/thepueblatimes.mx\/index.php\/2025\/09\/02\/invita-gobierno-de-la-ciudad-a-disfrutar-de-descuentos-para-la-gala-de-estrellas-elisa-y-amigos-2\/","title":{"rendered":"Invita Gobierno de la Ciudad a disfrutar de descuentos para la \u201cGala de Estrellas Elisa y Amigos\u201d"},"content":{"rendered":"<p><em tabindex=\"0\">&#8211; La venta de boletos para el espect\u00e1culo que se llevar\u00e1 a cabo el 11 de agosto est\u00e1 disponible en www.superboletos.com, con descuentos del 20 al 50 por ciento<\/em><\/p>\n<p tabindex=\"0\">Puebla, Pue., a 24 de julio de 2025.- El Gobierno de la Ciudad, encabezado por el presidente municipal Pepe Chedraui, a trav\u00e9s del Instituto Municipal de Arte y Cultura de Puebla (IMACP), dirigido por Anel Nochebuena, invita a la ciudadan\u00eda \u00a0a aprovechar los descuentos disponibles para el espect\u00e1culo \u00a0\u201cGala de Estrellas Elisa y Amigos\u201d, que se llevar\u00e1 a cabo el pr\u00f3ximo 11 de agosto a las 19:00 horas en el Auditorio Metropolitano.<\/p>\n<p tabindex=\"0\">Los boletos pueden adquirirse en el portal www.supe<\/p>\n","protected":false},"excerpt":{"rendered":"<p>&#8211; La venta de boletos para el espect\u00e1culo que se llevar\u00e1 a cabo el 11 de agosto est\u00e1 disponible en www.superboletos.com, con descuentos del 20 al 50 por ciento Puebla, Pue., a 24 de julio de 2025.- El Gobierno de la Ciudad, encabezado por el presidente municipal Pepe Chedraui, a trav\u00e9s del Instituto Municipal de&#8230;<\/p>\n","protected":false},"author":16,"featured_media":32842,"comment_status":"closed","ping_status":"closed","sticky":false,"template":"","format":"standard","meta":[],"categories":[20],"tags":[],"yoast_head":"<!-- This site is optimized with the Yoast SEO plugin v20.8 - https:\/\/yoast.com\/wordpress\/plugins\/seo\/ -->\n<title>Invita Gobierno de la Ciudad a disfrutar de descuentos para la \u201cGala de Estrellas Elisa y Amigos\u201d - The Puebla Times<\/title>\n<meta name=\"robots\" content=\"index, follow, max-snippet:-1, max-image-preview:large, max-video-preview:-1\" \/>\n<link rel=\"canonical\" href=\"https:\/\/thepueblatimes.mx\/index.php\/2025\/09\/02\/invita-gobierno-de-la-ciudad-a-disfrutar-de-descuentos-para-la-gala-de-estrellas-elisa-y-amigos-2\/\" \/>\n<meta property=\"og:locale\" content=\"es_ES\" \/>\n<meta property=\"og:type\" content=\"article\" \/>\n<meta property=\"og:title\" content=\"Invita Gobierno de la Ciudad a disfrutar de descuentos para la \u201cGala de Estrellas Elisa y Amigos\u201d - The Puebla Times\" \/>\n<meta property=\"og:description\" content=\"&#8211; La venta de boletos para el espect\u00e1culo que se llevar\u00e1 a cabo el 11 de agosto est\u00e1 disponible en www.superboletos.com, con descuentos del 20 al 50 por ciento Puebla, Pue., a 24 de julio de 2025.- El Gobierno de la Ciudad, encabezado por el presidente municipal Pepe Chedraui, a trav\u00e9s del Instituto Municipal de...\" \/>\n<meta property=\"og:url\" content=\"https:\/\/thepueblatimes.mx\/index.php\/2025\/09\/02\/invita-gobierno-de-la-ciudad-a-disfrutar-de-descuentos-para-la-gala-de-estrellas-elisa-y-amigos-2\/\" \/>\n<meta property=\"og:site_name\" content=\"The Puebla Times\" \/>\n<meta property=\"article:published_time\" content=\"2025-09-02T19:56:50+00:00\" \/>\n<meta property=\"og:image\" content=\"https:\/\/thepueblatimes.mx\/wp-content\/uploads\/2025\/09\/WhatsApp-Image-2025-07-24-at-4.37.28-PM-1.jpeg\" \/>\n\t<meta property=\"og:image:width\" content=\"1600\" \/>\n\t<meta property=\"og:image:height\" content=\"1064\" \/>\n\t<meta property=\"og:image:type\" content=\"image\/jpeg\" \/>\n<meta name=\"author\" content=\"Sa\u00fal Hern\u00e1ndez\" \/>\n<meta name=\"twitter:card\" content=\"summary_large_image\" \/>\n<meta name=\"twitter:label1\" content=\"Escrito por\" \/>\n\t<meta name=\"twitter:data1\" content=\"Sa\u00fal Hern\u00e1ndez\" \/>\n\t<meta name=\"twitter:label2\" content=\"Tiempo de lectura\" \/>\n\t<meta name=\"twitter:data2\" content=\"1 minuto\" \/>\n<script type=\"application\/ld+json\" class=\"yoast-schema-graph\">{\"@context\":\"https:\/\/schema.org\",\"@graph\":[{\"@type\":\"WebPage\",\"@id\":\"https:\/\/thepueblatimes.mx\/index.php\/2025\/09\/02\/invita-gobierno-de-la-ciudad-a-disfrutar-de-descuentos-para-la-gala-de-estrellas-elisa-y-amigos-2\/\",\"url\":\"https:\/\/thepueblatimes.mx\/index.php\/2025\/09\/02\/invita-gobierno-de-la-ciudad-a-disfrutar-de-descuentos-para-la-gala-de-estrellas-elisa-y-amigos-2\/\",\"name\":\"Invita Gobierno de la Ciudad a disfrutar de descuentos para la \u201cGala de Estrellas Elisa y Amigos\u201d - The Puebla Times\",\"isPartOf\":{\"@id\":\"https:\/\/thepueblatimes.mx\/#website\"},\"datePublished\":\"2025-09-02T19:56:50+00:00\",\"dateModified\":\"2025-09-02T19:56:50+00:00\",\"author\":{\"@id\":\"https:\/\/thepueblatimes.mx\/#\/schema\/person\/1664894c2f65ce2c7a08d8f5f905c13c\"},\"breadcrumb\":{\"@id\":\"https:\/\/thepueblatimes.mx\/index.php\/2025\/09\/02\/invita-gobierno-de-la-ciudad-a-disfrutar-de-descuentos-para-la-gala-de-estrellas-elisa-y-amigos-2\/#breadcrumb\"},\"inLanguage\":\"es\",\"potentialAction\":[{\"@type\":\"ReadAction\",\"target\":[\"https:\/\/thepueblatimes.mx\/index.php\/2025\/09\/02\/invita-gobierno-de-la-ciudad-a-disfrutar-de-descuentos-para-la-gala-de-estrellas-elisa-y-amigos-2\/\"]}]},{\"@type\":\"BreadcrumbList\",\"@id\":\"https:\/\/thepueblatimes.mx\/index.php\/2025\/09\/02\/invita-gobierno-de-la-ciudad-a-disfrutar-de-descuentos-para-la-gala-de-estrellas-elisa-y-amigos-2\/#breadcrumb\",\"itemListElement\":[{\"@type\":\"ListItem\",\"position\":1,\"name\":\"Portada\",\"item\":\"https:\/\/thepueblatimes.mx\/\"},{\"@type\":\"ListItem\",\"position\":2,\"name\":\"Invita Gobierno de la Ciudad a disfrutar de descuentos para la \u201cGala de Estrellas Elisa y Amigos\u201d\"}]},{\"@type\":\"WebSite\",\"@id\":\"https:\/\/thepueblatimes.mx\/#website\",\"url\":\"https:\/\/thepueblatimes.mx\/\",\"name\":\"The Puebla Times\",\"description\":\"Noticias del Estado de Puebla\",\"potentialAction\":[{\"@type\":\"SearchAction\",\"target\":{\"@type\":\"EntryPoint\",\"urlTemplate\":\"https:\/\/thepueblatimes.mx\/?s={search_term_string}\"},\"query-input\":\"required name=search_term_string\"}],\"inLanguage\":\"es\"},{\"@type\":\"Person\",\"@id\":\"https:\/\/thepueblatimes.mx\/#\/schema\/person\/1664894c2f65ce2c7a08d8f5f905c13c\",\"name\":\"Sa\u00fal Hern\u00e1ndez\",\"image\":{\"@type\":\"ImageObject\",\"inLanguage\":\"es\",\"@id\":\"https:\/\/thepueblatimes.mx\/#\/schema\/person\/image\/\",\"url\":\"https:\/\/secure.gravatar.com\/avatar\/11be338693f243309532caad8f10c930?s=96&d=mm&r=g\",\"contentUrl\":\"https:\/\/secure.gravatar.com\/avatar\/11be338693f243309532caad8f10c930?s=96&d=mm&r=g\",\"caption\":\"Sa\u00fal Hern\u00e1ndez\"},\"url\":\"https:\/\/thepueblatimes.mx\/index.php\/author\/saulhernandez\/\"}]}<\/script>\n<!-- \/ Yoast SEO plugin. -->","yoast_head_json":{"title":"Invita Gobierno de la Ciudad a disfrutar de descuentos para la \u201cGala de Estrellas Elisa y Amigos\u201d - The Puebla Times","robots":{"index":"index","follow":"follow","max-snippet":"max-snippet:-1","max-image-preview":"max-image-preview:large","max-video-preview":"max-video-preview:-1"},"canonical":"https:\/\/thepueblatimes.mx\/index.php\/2025\/09\/02\/invita-gobierno-de-la-ciudad-a-disfrutar-de-descuentos-para-la-gala-de-estrellas-elisa-y-amigos-2\/","og_locale":"es_ES","og_type":"article","og_title":"Invita Gobierno de la Ciudad a disfrutar de descuentos para la \u201cGala de Estrellas Elisa y Amigos\u201d - The Puebla Times","og_description":"&#8211; La venta de boletos para el espect\u00e1culo que se llevar\u00e1 a cabo el 11 de agosto est\u00e1 disponible en www.superboletos.com, con descuentos del 20 al 50 por ciento Puebla, Pue., a 24 de julio de 2025.- El Gobierno de la Ciudad, encabezado por el presidente municipal Pepe Chedraui, a trav\u00e9s del Instituto Municipal de...","og_url":"https:\/\/thepueblatimes.mx\/index.php\/2025\/09\/02\/invita-gobierno-de-la-ciudad-a-disfrutar-de-descuentos-para-la-gala-de-estrellas-elisa-y-amigos-2\/","og_site_name":"The Puebla Times","article_published_time":"2025-09-02T19:56:50+00:00","og_image":[{"width":1600,"height":1064,"url":"https:\/\/thepueblatimes.mx\/wp-content\/uploads\/2025\/09\/WhatsApp-Image-2025-07-24-at-4.37.28-PM-1.jpeg","type":"image\/jpeg"}],"author":"Sa\u00fal Hern\u00e1ndez","twitter_card":"summary_large_image","twitter_misc":{"Escrito por":"Sa\u00fal Hern\u00e1ndez","Tiempo de lectura":"1 minuto"},"schema":{"@context":"https:\/\/schema.org","@graph":[{"@type":"WebPage","@id":"https:\/\/thepueblatimes.mx\/index.php\/2025\/09\/02\/invita-gobierno-de-la-ciudad-a-disfrutar-de-descuentos-para-la-gala-de-estrellas-elisa-y-amigos-2\/","url":"https:\/\/thepueblatimes.mx\/index.php\/2025\/09\/02\/invita-gobierno-de-la-ciudad-a-disfrutar-de-descuentos-para-la-gala-de-estrellas-elisa-y-amigos-2\/","name":"Invita Gobierno de la Ciudad a disfrutar de descuentos para la \u201cGala de Estrellas Elisa y Amigos\u201d - The Puebla Times","isPartOf":{"@id":"https:\/\/thepueblatimes.mx\/#website"},"datePublished":"2025-09-02T19:56:50+00:00","dateModified":"2025-09-02T19:56:50+00:00","author":{"@id":"https:\/\/thepueblatimes.mx\/#\/schema\/person\/1664894c2f65ce2c7a08d8f5f905c13c"},"breadcrumb":{"@id":"https:\/\/thepueblatimes.mx\/index.php\/2025\/09\/02\/invita-gobierno-de-la-ciudad-a-disfrutar-de-descuentos-para-la-gala-de-estrellas-elisa-y-amigos-2\/#breadcrumb"},"inLanguage":"es","potentialAction":[{"@type":"ReadAction","target":["https:\/\/thepueblatimes.mx\/index.php\/2025\/09\/02\/invita-gobierno-de-la-ciudad-a-disfrutar-de-descuentos-para-la-gala-de-estrellas-elisa-y-amigos-2\/"]}]},{"@type":"BreadcrumbList","@id":"https:\/\/thepueblatimes.mx\/index.php\/2025\/09\/02\/invita-gobierno-de-la-ciudad-a-disfrutar-de-descuentos-para-la-gala-de-estrellas-elisa-y-amigos-2\/#breadcrumb","itemListElement":[{"@type":"ListItem","position":1,"name":"Portada","item":"https:\/\/thepueblatimes.mx\/"},{"@type":"ListItem","position":2,"name":"Invita Gobierno de la Ciudad a disfrutar de descuentos para la \u201cGala de Estrellas Elisa y Amigos\u201d"}]},{"@type":"WebSite","@id":"https:\/\/thepueblatimes.mx\/#website","url":"https:\/\/thepueblatimes.mx\/","name":"The Puebla Times","description":"Noticias del Estado de Puebla","potentialAction":[{"@type":"SearchAction","target":{"@type":"EntryPoint","urlTemplate":"https:\/\/thepueblatimes.mx\/?s={search_term_string}"},"query-input":"required name=search_term_string"}],"inLanguage":"es"},{"@type":"Person","@id":"https:\/\/thepueblatimes.mx\/#\/schema\/person\/1664894c2f65ce2c7a08d8f5f905c13c","name":"Sa\u00fal Hern\u00e1ndez","image":{"@type":"ImageObject","inLanguage":"es","@id":"https:\/\/thepueblatimes.mx\/#\/schema\/person\/image\/","url":"https:\/\/secure.gravatar.com\/avatar\/11be338693f243309532caad8f10c930?s=96&d=mm&r=g","contentUrl":"https:\/\/secure.gravatar.com\/avatar\/11be338693f243309532caad8f10c930?s=96&d=mm&r=g","caption":"Sa\u00fal Hern\u00e1ndez"},"url":"https:\/\/thepueblatimes.mx\/index.php\/author\/saulhernandez\/"}]}},"jetpack_featured_media_url":"https:\/\/thepueblatimes.mx\/wp-content\/uploads\/2025\/09\/WhatsApp-Image-2025-07-24-at-4.37.28-PM-1.jpeg","_links":{"self":[{"href":"https:\/\/thepueblatimes.mx\/index.php\/wp-json\/wp\/v2\/posts\/32841"}],"collection":[{"href":"https:\/\/thepueblatimes.mx\/index.php\/wp-json\/wp\/v2\/posts"}],"about":[{"href":"https:\/\/thepueblatimes.mx\/index.php\/wp-json\/wp\/v2\/types\/post"}],"author":[{"embeddable":true,"href":"https:\/\/thepueblatimes.mx\/index.php\/wp-json\/wp\/v2\/users\/16"}],"replies":[{"embeddable":true,"href":"https:\/\/thepueblatimes.mx\/index.php\/wp-json\/wp\/v2\/comments?post=32841"}],"version-history":[{"count":1,"href":"https:\/\/thepueblatimes.mx\/index.php\/wp-json\/wp\/v2\/posts\/32841\/revisions"}],"predecessor-version":[{"id":32843,"href":"https:\/\/thepueblatimes.mx\/index.php\/wp-json\/wp\/v2\/posts\/32841\/revisions\/32843"}],"wp:featuredmedia":[{"embeddable":true,"href":"https:\/\/thepueblatimes.mx\/index.php\/wp-json\/wp\/v2\/media\/32842"}],"wp:attachment":[{"href":"https:\/\/thepueblatimes.mx\/index.php\/wp-json\/wp\/v2\/media?parent=32841"}],"wp:term":[{"taxonomy":"category","embeddable":true,"href":"https:\/\/thepueblatimes.mx\/index.php\/wp-json\/wp\/v2\/categories?post=32841"},{"taxonomy":"post_tag","embeddable":true,"href":"https:\/\/thepueblatimes.mx\/index.php\/wp-json\/wp\/v2\/tags?post=32841"}],"curies":[{"name":"wp","href":"https:\/\/api.w.org\/{rel}","templated":true}]}}