{"id":32628,"date":"2025-09-01T15:06:30","date_gmt":"2025-09-01T21:06:30","guid":{"rendered":"https:\/\/thepueblatimes.mx\/?p=32628"},"modified":"2025-09-01T15:08:07","modified_gmt":"2025-09-01T21:08:07","slug":"32628","status":"publish","type":"post","link":"https:\/\/thepueblatimes.mx\/index.php\/2025\/09\/01\/32628\/","title":{"rendered":"M\u00e1s del 70 % aprueba a Sheinbaum en su primer a\u00f1o; sin desgaste pol\u00edtico"},"content":{"rendered":"<h3><em>Mitofsky y Buend\u00eda &amp; M\u00e1rquez (El Universal) la ubican en 70.5 % de aprobaci\u00f3n; 57 % percibe que el pa\u00eds va por buen camino y entre simpatizantes de Morena el respaldo roza 90 %.<\/em><\/h3>\n<p><strong>PUEBLA HOY<\/strong><\/p>\n<p><strong>POR FERNANDO HOYOS BRAVO<\/strong><\/p>\n<p>Pese a los esc\u00e1ndalos onerosos de algunos personajes de Morena, la presidenta Claudia Sheinbaum Pardo llega a su primer a\u00f1o de gobierno con m\u00e1s de 70 % de aprobaci\u00f3n y sin desgaste pol\u00edtico.<\/p>\n<p>Casas encuestadoras como Mitofsky y Buend\u00eda &amp; M\u00e1rquez \u2014esta \u00faltima contratada por <em>El Universal<\/em>\u2014 coinciden en una aprobaci\u00f3n de 70.5 %.<\/p>\n<p>Los estudios demosc\u00f3picos se\u00f1alan que entre simpatizantes morenistas la aprobaci\u00f3n alcanza 90 %, mientras que entre opositores baja a 51 % en agosto. Adem\u00e1s, 57 % de las y los mexicanos percibe que el pa\u00eds va por buen camino.<\/p>\n<p>En su Primer Informe presidencial, siete de cada diez ciudadanos aprobaron la labor de Sheinbaum Pardo.<\/p>\n<p>La mandataria mantiene un amplio respaldo: 70 % aprueba su gesti\u00f3n, 18 % la reprueba y 7 % se mantiene neutral.<\/p>\n<p>El apoyo es similar \u2014dentro del margen de error\u2014 al registrado en el primer mes de su gobierno (74 %).<\/p>\n<p>En conjunto, la encuesta arroja indicadores favorables, sostenidos por una mayor\u00eda que ve al pa\u00eds en buena direcci\u00f3n y por una base partidista nutrida. A diferencia de varios de sus predecesores, el nivel de apoyo muestra pocos signos de desgaste en este primer a\u00f1o.<\/p>\n<p>En contraste, la \u201cinformaci\u00f3n dura\u201d marca retos: percepci\u00f3n de inseguridad de 63.7 %, combate al narcotr\u00e1fico, abasto de medicamentos, atenci\u00f3n a la salud y la situaci\u00f3n econ\u00f3mica general.<\/p>\n<p>Entre los resultados de once meses al frente del llamado \u201csegundo piso\u201d de la 4T se se\u00f1alan: reducci\u00f3n de la pobreza en 13 % y de la inseguridad en 25 %; continuidad y ampliaci\u00f3n de programas sociales, y la creaci\u00f3n de 1.2 millones de empleos formales entre enero y julio de 2025.<\/p>\n<p>Hasta ahora, a la mandataria no se le han comprobado excesos en viajes, vestimenta o joyas.<\/p>\n<p>Sheinbaum ha sido cuidadosa: la tentaci\u00f3n onerosa \u201cle hace lo que el viento a Ju\u00e1rez\u201d.<\/p>\n<p>Ha sido un a\u00f1o dif\u00edcil, con problemas internos heredados \u2014econom\u00eda, inseguridad, corrupci\u00f3n\u2014 y fuertes presiones externas derivadas de las pol\u00edticas de Donald Trump desde Estados Unidos.<\/p>\n<p>Numerosas voces la celebran como quien mejor ha gestionado la relaci\u00f3n bilateral, mientras otras consideran que la defensa se queda en la ret\u00f3rica y, en los hechos, es una alianza subordinada.<\/p>\n<p><strong>Durante su Informe, Sheinbaum destac\u00f3 estos datos y frases:<\/strong><\/p>\n<ul>\n<li>\u201cPor M\u00e9xico caminar\u00e9 sin descanso; vamos bien y vamos a ir mejor\u201d.<\/li>\n<li><strong>Programas del Bienestar:<\/strong> m\u00e1s de 32 millones de familias beneficiadas.<\/li>\n<li>En 11 meses, reducci\u00f3n del homicidio doloso en 25 %.<\/li>\n<li>\u201cComienza una nueva era de legalidad y justicia en la Corte\u201d tras la reforma judicial.<\/li>\n<li>\u201cEl gobierno de M\u00e9xico inici\u00f3 con golpes in\u00e9ditos al narcotr\u00e1<strong>fico\u201d.<\/strong><\/li>\n<\/ul>\n<p><strong>Gracias, y \u2014si Dios nos deja\u2014 nos leemos en la siguiente entrega\u2026<\/strong><\/p>\n<p>&nbsp;<\/p>\n","protected":false},"excerpt":{"rendered":"<p>Mitofsky y Buend\u00eda &amp; M\u00e1rquez (El Universal) la ubican en 70.5 % de aprobaci\u00f3n; 57 % percibe que el pa\u00eds va por buen camino y entre simpatizantes de Morena el respaldo roza 90 %. PUEBLA HOY POR FERNANDO HOYOS BRAVO Pese a los esc\u00e1ndalos onerosos de algunos personajes de Morena, la presidenta Claudia Sheinbaum Pardo&#8230;<\/p>\n","protected":false},"author":16,"featured_media":32631,"comment_status":"closed","ping_status":"closed","sticky":false,"template":"","format":"standard","meta":[],"categories":[10],"tags":[1334,1681,1549,4067],"yoast_head":"<!-- This site is optimized with the Yoast SEO plugin v20.8 - https:\/\/yoast.com\/wordpress\/plugins\/seo\/ -->\n<title>M\u00e1s del 70 % aprueba a Sheinbaum en su primer a\u00f1o; sin desgaste pol\u00edtico - The Puebla Times<\/title>\n<meta name=\"robots\" content=\"index, follow, max-snippet:-1, max-image-preview:large, max-video-preview:-1\" \/>\n<link rel=\"canonical\" href=\"https:\/\/thepueblatimes.mx\/index.php\/2025\/09\/01\/32628\/\" \/>\n<meta property=\"og:locale\" content=\"es_ES\" \/>\n<meta property=\"og:type\" content=\"article\" \/>\n<meta property=\"og:title\" content=\"M\u00e1s del 70 % aprueba a Sheinbaum en su primer a\u00f1o; sin desgaste pol\u00edtico - The Puebla Times\" \/>\n<meta property=\"og:description\" content=\"Mitofsky y Buend\u00eda &amp; M\u00e1rquez (El Universal) la ubican en 70.5 % de aprobaci\u00f3n; 57 % percibe que el pa\u00eds va por buen camino y entre simpatizantes de Morena el respaldo roza 90 %. PUEBLA HOY POR FERNANDO HOYOS BRAVO Pese a los esc\u00e1ndalos onerosos de algunos personajes de Morena, la presidenta Claudia Sheinbaum Pardo...\" \/>\n<meta property=\"og:url\" content=\"https:\/\/thepueblatimes.mx\/index.php\/2025\/09\/01\/32628\/\" \/>\n<meta property=\"og:site_name\" content=\"The Puebla Times\" \/>\n<meta property=\"article:published_time\" content=\"2025-09-01T21:06:30+00:00\" \/>\n<meta property=\"article:modified_time\" content=\"2025-09-01T21:08:07+00:00\" \/>\n<meta property=\"og:image\" content=\"https:\/\/thepueblatimes.mx\/wp-content\/uploads\/2025\/09\/WhatsApp-Image-2025-09-01-at-12.31.09.jpeg\" \/>\n\t<meta property=\"og:image:width\" content=\"2560\" \/>\n\t<meta property=\"og:image:height\" content=\"1706\" \/>\n\t<meta property=\"og:image:type\" content=\"image\/jpeg\" \/>\n<meta name=\"author\" content=\"Sa\u00fal Hern\u00e1ndez\" \/>\n<meta name=\"twitter:card\" content=\"summary_large_image\" \/>\n<meta name=\"twitter:label1\" content=\"Escrito por\" \/>\n\t<meta name=\"twitter:data1\" content=\"Sa\u00fal Hern\u00e1ndez\" \/>\n\t<meta name=\"twitter:label2\" content=\"Tiempo de lectura\" \/>\n\t<meta name=\"twitter:data2\" content=\"3 minutos\" \/>\n<script type=\"application\/ld+json\" class=\"yoast-schema-graph\">{\"@context\":\"https:\/\/schema.org\",\"@graph\":[{\"@type\":\"WebPage\",\"@id\":\"https:\/\/thepueblatimes.mx\/index.php\/2025\/09\/01\/32628\/\",\"url\":\"https:\/\/thepueblatimes.mx\/index.php\/2025\/09\/01\/32628\/\",\"name\":\"M\u00e1s del 70 % aprueba a Sheinbaum en su primer a\u00f1o; sin desgaste pol\u00edtico - The Puebla Times\",\"isPartOf\":{\"@id\":\"https:\/\/thepueblatimes.mx\/#website\"},\"datePublished\":\"2025-09-01T21:06:30+00:00\",\"dateModified\":\"2025-09-01T21:08:07+00:00\",\"author\":{\"@id\":\"https:\/\/thepueblatimes.mx\/#\/schema\/person\/1664894c2f65ce2c7a08d8f5f905c13c\"},\"breadcrumb\":{\"@id\":\"https:\/\/thepueblatimes.mx\/index.php\/2025\/09\/01\/32628\/#breadcrumb\"},\"inLanguage\":\"es\",\"potentialAction\":[{\"@type\":\"ReadAction\",\"target\":[\"https:\/\/thepueblatimes.mx\/index.php\/2025\/09\/01\/32628\/\"]}]},{\"@type\":\"BreadcrumbList\",\"@id\":\"https:\/\/thepueblatimes.mx\/index.php\/2025\/09\/01\/32628\/#breadcrumb\",\"itemListElement\":[{\"@type\":\"ListItem\",\"position\":1,\"name\":\"Portada\",\"item\":\"https:\/\/thepueblatimes.mx\/\"},{\"@type\":\"ListItem\",\"position\":2,\"name\":\"M\u00e1s del 70 % aprueba a Sheinbaum en su primer a\u00f1o; sin desgaste pol\u00edtico\"}]},{\"@type\":\"WebSite\",\"@id\":\"https:\/\/thepueblatimes.mx\/#website\",\"url\":\"https:\/\/thepueblatimes.mx\/\",\"name\":\"The Puebla Times\",\"description\":\"Noticias del Estado de Puebla\",\"potentialAction\":[{\"@type\":\"SearchAction\",\"target\":{\"@type\":\"EntryPoint\",\"urlTemplate\":\"https:\/\/thepueblatimes.mx\/?s={search_term_string}\"},\"query-input\":\"required name=search_term_string\"}],\"inLanguage\":\"es\"},{\"@type\":\"Person\",\"@id\":\"https:\/\/thepueblatimes.mx\/#\/schema\/person\/1664894c2f65ce2c7a08d8f5f905c13c\",\"name\":\"Sa\u00fal Hern\u00e1ndez\",\"image\":{\"@type\":\"ImageObject\",\"inLanguage\":\"es\",\"@id\":\"https:\/\/thepueblatimes.mx\/#\/schema\/person\/image\/\",\"url\":\"https:\/\/secure.gravatar.com\/avatar\/11be338693f243309532caad8f10c930?s=96&d=mm&r=g\",\"contentUrl\":\"https:\/\/secure.gravatar.com\/avatar\/11be338693f243309532caad8f10c930?s=96&d=mm&r=g\",\"caption\":\"Sa\u00fal Hern\u00e1ndez\"},\"url\":\"https:\/\/thepueblatimes.mx\/index.php\/author\/saulhernandez\/\"}]}<\/script>\n<!-- \/ Yoast SEO plugin. -->","yoast_head_json":{"title":"M\u00e1s del 70 % aprueba a Sheinbaum en su primer a\u00f1o; sin desgaste pol\u00edtico - The Puebla Times","robots":{"index":"index","follow":"follow","max-snippet":"max-snippet:-1","max-image-preview":"max-image-preview:large","max-video-preview":"max-video-preview:-1"},"canonical":"https:\/\/thepueblatimes.mx\/index.php\/2025\/09\/01\/32628\/","og_locale":"es_ES","og_type":"article","og_title":"M\u00e1s del 70 % aprueba a Sheinbaum en su primer a\u00f1o; sin desgaste pol\u00edtico - The Puebla Times","og_description":"Mitofsky y Buend\u00eda &amp; M\u00e1rquez (El Universal) la ubican en 70.5 % de aprobaci\u00f3n; 57 % percibe que el pa\u00eds va por buen camino y entre simpatizantes de Morena el respaldo roza 90 %. PUEBLA HOY POR FERNANDO HOYOS BRAVO Pese a los esc\u00e1ndalos onerosos de algunos personajes de Morena, la presidenta Claudia Sheinbaum Pardo...","og_url":"https:\/\/thepueblatimes.mx\/index.php\/2025\/09\/01\/32628\/","og_site_name":"The Puebla Times","article_published_time":"2025-09-01T21:06:30+00:00","article_modified_time":"2025-09-01T21:08:07+00:00","og_image":[{"width":2560,"height":1706,"url":"https:\/\/thepueblatimes.mx\/wp-content\/uploads\/2025\/09\/WhatsApp-Image-2025-09-01-at-12.31.09.jpeg","type":"image\/jpeg"}],"author":"Sa\u00fal Hern\u00e1ndez","twitter_card":"summary_large_image","twitter_misc":{"Escrito por":"Sa\u00fal Hern\u00e1ndez","Tiempo de lectura":"3 minutos"},"schema":{"@context":"https:\/\/schema.org","@graph":[{"@type":"WebPage","@id":"https:\/\/thepueblatimes.mx\/index.php\/2025\/09\/01\/32628\/","url":"https:\/\/thepueblatimes.mx\/index.php\/2025\/09\/01\/32628\/","name":"M\u00e1s del 70 % aprueba a Sheinbaum en su primer a\u00f1o; sin desgaste pol\u00edtico - The Puebla Times","isPartOf":{"@id":"https:\/\/thepueblatimes.mx\/#website"},"datePublished":"2025-09-01T21:06:30+00:00","dateModified":"2025-09-01T21:08:07+00:00","author":{"@id":"https:\/\/thepueblatimes.mx\/#\/schema\/person\/1664894c2f65ce2c7a08d8f5f905c13c"},"breadcrumb":{"@id":"https:\/\/thepueblatimes.mx\/index.php\/2025\/09\/01\/32628\/#breadcrumb"},"inLanguage":"es","potentialAction":[{"@type":"ReadAction","target":["https:\/\/thepueblatimes.mx\/index.php\/2025\/09\/01\/32628\/"]}]},{"@type":"BreadcrumbList","@id":"https:\/\/thepueblatimes.mx\/index.php\/2025\/09\/01\/32628\/#breadcrumb","itemListElement":[{"@type":"ListItem","position":1,"name":"Portada","item":"https:\/\/thepueblatimes.mx\/"},{"@type":"ListItem","position":2,"name":"M\u00e1s del 70 % aprueba a Sheinbaum en su primer a\u00f1o; sin desgaste pol\u00edtico"}]},{"@type":"WebSite","@id":"https:\/\/thepueblatimes.mx\/#website","url":"https:\/\/thepueblatimes.mx\/","name":"The Puebla Times","description":"Noticias del Estado de Puebla","potentialAction":[{"@type":"SearchAction","target":{"@type":"EntryPoint","urlTemplate":"https:\/\/thepueblatimes.mx\/?s={search_term_string}"},"query-input":"required name=search_term_string"}],"inLanguage":"es"},{"@type":"Person","@id":"https:\/\/thepueblatimes.mx\/#\/schema\/person\/1664894c2f65ce2c7a08d8f5f905c13c","name":"Sa\u00fal Hern\u00e1ndez","image":{"@type":"ImageObject","inLanguage":"es","@id":"https:\/\/thepueblatimes.mx\/#\/schema\/person\/image\/","url":"https:\/\/secure.gravatar.com\/avatar\/11be338693f243309532caad8f10c930?s=96&d=mm&r=g","contentUrl":"https:\/\/secure.gravatar.com\/avatar\/11be338693f243309532caad8f10c930?s=96&d=mm&r=g","caption":"Sa\u00fal Hern\u00e1ndez"},"url":"https:\/\/thepueblatimes.mx\/index.php\/author\/saulhernandez\/"}]}},"jetpack_featured_media_url":"https:\/\/thepueblatimes.mx\/wp-content\/uploads\/2025\/09\/WhatsApp-Image-2025-09-01-at-12.31.09.jpeg","_links":{"self":[{"href":"https:\/\/thepueblatimes.mx\/index.php\/wp-json\/wp\/v2\/posts\/32628"}],"collection":[{"href":"https:\/\/thepueblatimes.mx\/index.php\/wp-json\/wp\/v2\/posts"}],"about":[{"href":"https:\/\/thepueblatimes.mx\/index.php\/wp-json\/wp\/v2\/types\/post"}],"author":[{"embeddable":true,"href":"https:\/\/thepueblatimes.mx\/index.php\/wp-json\/wp\/v2\/users\/16"}],"replies":[{"embeddable":true,"href":"https:\/\/thepueblatimes.mx\/index.php\/wp-json\/wp\/v2\/comments?post=32628"}],"version-history":[{"count":2,"href":"https:\/\/thepueblatimes.mx\/index.php\/wp-json\/wp\/v2\/posts\/32628\/revisions"}],"predecessor-version":[{"id":32635,"href":"https:\/\/thepueblatimes.mx\/index.php\/wp-json\/wp\/v2\/posts\/32628\/revisions\/32635"}],"wp:featuredmedia":[{"embeddable":true,"href":"https:\/\/thepueblatimes.mx\/index.php\/wp-json\/wp\/v2\/media\/32631"}],"wp:attachment":[{"href":"https:\/\/thepueblatimes.mx\/index.php\/wp-json\/wp\/v2\/media?parent=32628"}],"wp:term":[{"taxonomy":"category","embeddable":true,"href":"https:\/\/thepueblatimes.mx\/index.php\/wp-json\/wp\/v2\/categories?post=32628"},{"taxonomy":"post_tag","embeddable":true,"href":"https:\/\/thepueblatimes.mx\/index.php\/wp-json\/wp\/v2\/tags?post=32628"}],"curies":[{"name":"wp","href":"https:\/\/api.w.org\/{rel}","templated":true}]}}