{"id":32561,"date":"2025-08-29T14:33:18","date_gmt":"2025-08-29T20:33:18","guid":{"rendered":"https:\/\/thepueblatimes.mx\/?p=32561"},"modified":"2025-08-29T14:33:18","modified_gmt":"2025-08-29T20:33:18","slug":"mario-riestra-revela-quienes-podrian-ser-postulados-a-la-alcaldia-de-puebla-en-2027","status":"publish","type":"post","link":"https:\/\/thepueblatimes.mx\/index.php\/2025\/08\/29\/mario-riestra-revela-quienes-podrian-ser-postulados-a-la-alcaldia-de-puebla-en-2027\/","title":{"rendered":"Mario Riestra revela quienes podr\u00edan ser postulados a la alcald\u00eda de Puebla en 2027"},"content":{"rendered":"<p>El dirigente estatal del PAN, Mario Riestra, revel\u00f3 los nombres de los posibles participantes en la elecci\u00f3n, en 2027, por la alcald\u00eda de Puebla.<\/p>\n<p>Entre ellos, la exdiputada local M\u00f3nica Rodr\u00edguez Della Vecchia, as\u00ed como la exdiputada federal Carolina Beauregard Mart\u00ednez.<\/p>\n<p>Adem\u00e1s, la secretaria general del Comit\u00e9 Directivo Estatal (CDE), Genoveva Huerta Villegas, as\u00ed como Jorge Aguilar Chedraui, exsecretario de Salud.<\/p>\n<p>Incluyo, a la exdiputada federal Ana Tere Aranda.<\/p>\n<p>Sin embargo, asever\u00f3 que la postulaci\u00f3n a la alcald\u00eda de Puebla no es un asunto que les ocupe por ahora, pero subrayo que \u00e9l no se apunta para ser el candidato a la alcald\u00eda de Puebla en 2027<\/p>\n","protected":false},"excerpt":{"rendered":"<p>El dirigente estatal del PAN, Mario Riestra, revel\u00f3 los nombres de los posibles participantes en la elecci\u00f3n, en 2027, por la alcald\u00eda de Puebla. Entre ellos, la exdiputada local M\u00f3nica Rodr\u00edguez Della Vecchia, as\u00ed como la exdiputada federal Carolina Beauregard Mart\u00ednez. Adem\u00e1s, la secretaria general del Comit\u00e9 Directivo Estatal (CDE), Genoveva Huerta Villegas, as\u00ed como&#8230;<\/p>\n","protected":false},"author":16,"featured_media":32562,"comment_status":"closed","ping_status":"closed","sticky":false,"template":"","format":"standard","meta":[],"categories":[542],"tags":[4020,1593,1594,1721,161],"yoast_head":"<!-- This site is optimized with the Yoast SEO plugin v20.8 - https:\/\/yoast.com\/wordpress\/plugins\/seo\/ -->\n<title>Mario Riestra revela quienes podr\u00edan ser postulados a la alcald\u00eda de Puebla en 2027 - The Puebla Times<\/title>\n<meta name=\"robots\" content=\"index, follow, max-snippet:-1, max-image-preview:large, max-video-preview:-1\" \/>\n<link rel=\"canonical\" href=\"https:\/\/thepueblatimes.mx\/index.php\/2025\/08\/29\/mario-riestra-revela-quienes-podrian-ser-postulados-a-la-alcaldia-de-puebla-en-2027\/\" \/>\n<meta property=\"og:locale\" content=\"es_ES\" \/>\n<meta property=\"og:type\" content=\"article\" \/>\n<meta property=\"og:title\" content=\"Mario Riestra revela quienes podr\u00edan ser postulados a la alcald\u00eda de Puebla en 2027 - The Puebla Times\" \/>\n<meta property=\"og:description\" content=\"El dirigente estatal del PAN, Mario Riestra, revel\u00f3 los nombres de los posibles participantes en la elecci\u00f3n, en 2027, por la alcald\u00eda de Puebla. Entre ellos, la exdiputada local M\u00f3nica Rodr\u00edguez Della Vecchia, as\u00ed como la exdiputada federal Carolina Beauregard Mart\u00ednez. Adem\u00e1s, la secretaria general del Comit\u00e9 Directivo Estatal (CDE), Genoveva Huerta Villegas, as\u00ed como...\" \/>\n<meta property=\"og:url\" content=\"https:\/\/thepueblatimes.mx\/index.php\/2025\/08\/29\/mario-riestra-revela-quienes-podrian-ser-postulados-a-la-alcaldia-de-puebla-en-2027\/\" \/>\n<meta property=\"og:site_name\" content=\"The Puebla Times\" \/>\n<meta property=\"article:published_time\" content=\"2025-08-29T20:33:18+00:00\" \/>\n<meta property=\"og:image\" content=\"https:\/\/thepueblatimes.mx\/wp-content\/uploads\/2025\/08\/CTZH5WIQQZD37JFDATJI36TJB4-1.jpg\" \/>\n\t<meta property=\"og:image:width\" content=\"1920\" \/>\n\t<meta property=\"og:image:height\" content=\"1080\" \/>\n\t<meta property=\"og:image:type\" content=\"image\/jpeg\" \/>\n<meta name=\"author\" content=\"Sa\u00fal Hern\u00e1ndez\" \/>\n<meta name=\"twitter:card\" content=\"summary_large_image\" \/>\n<meta name=\"twitter:label1\" content=\"Escrito por\" \/>\n\t<meta name=\"twitter:data1\" content=\"Sa\u00fal Hern\u00e1ndez\" \/>\n\t<meta name=\"twitter:label2\" content=\"Tiempo de lectura\" \/>\n\t<meta name=\"twitter:data2\" content=\"1 minuto\" \/>\n<script type=\"application\/ld+json\" class=\"yoast-schema-graph\">{\"@context\":\"https:\/\/schema.org\",\"@graph\":[{\"@type\":\"WebPage\",\"@id\":\"https:\/\/thepueblatimes.mx\/index.php\/2025\/08\/29\/mario-riestra-revela-quienes-podrian-ser-postulados-a-la-alcaldia-de-puebla-en-2027\/\",\"url\":\"https:\/\/thepueblatimes.mx\/index.php\/2025\/08\/29\/mario-riestra-revela-quienes-podrian-ser-postulados-a-la-alcaldia-de-puebla-en-2027\/\",\"name\":\"Mario Riestra revela quienes podr\u00edan ser postulados a la alcald\u00eda de Puebla en 2027 - The Puebla Times\",\"isPartOf\":{\"@id\":\"https:\/\/thepueblatimes.mx\/#website\"},\"datePublished\":\"2025-08-29T20:33:18+00:00\",\"dateModified\":\"2025-08-29T20:33:18+00:00\",\"author\":{\"@id\":\"https:\/\/thepueblatimes.mx\/#\/schema\/person\/1664894c2f65ce2c7a08d8f5f905c13c\"},\"breadcrumb\":{\"@id\":\"https:\/\/thepueblatimes.mx\/index.php\/2025\/08\/29\/mario-riestra-revela-quienes-podrian-ser-postulados-a-la-alcaldia-de-puebla-en-2027\/#breadcrumb\"},\"inLanguage\":\"es\",\"potentialAction\":[{\"@type\":\"ReadAction\",\"target\":[\"https:\/\/thepueblatimes.mx\/index.php\/2025\/08\/29\/mario-riestra-revela-quienes-podrian-ser-postulados-a-la-alcaldia-de-puebla-en-2027\/\"]}]},{\"@type\":\"BreadcrumbList\",\"@id\":\"https:\/\/thepueblatimes.mx\/index.php\/2025\/08\/29\/mario-riestra-revela-quienes-podrian-ser-postulados-a-la-alcaldia-de-puebla-en-2027\/#breadcrumb\",\"itemListElement\":[{\"@type\":\"ListItem\",\"position\":1,\"name\":\"Portada\",\"item\":\"https:\/\/thepueblatimes.mx\/\"},{\"@type\":\"ListItem\",\"position\":2,\"name\":\"Mario Riestra revela quienes podr\u00edan ser postulados a la alcald\u00eda de Puebla en 2027\"}]},{\"@type\":\"WebSite\",\"@id\":\"https:\/\/thepueblatimes.mx\/#website\",\"url\":\"https:\/\/thepueblatimes.mx\/\",\"name\":\"The Puebla Times\",\"description\":\"Noticias del Estado de Puebla\",\"potentialAction\":[{\"@type\":\"SearchAction\",\"target\":{\"@type\":\"EntryPoint\",\"urlTemplate\":\"https:\/\/thepueblatimes.mx\/?s={search_term_string}\"},\"query-input\":\"required name=search_term_string\"}],\"inLanguage\":\"es\"},{\"@type\":\"Person\",\"@id\":\"https:\/\/thepueblatimes.mx\/#\/schema\/person\/1664894c2f65ce2c7a08d8f5f905c13c\",\"name\":\"Sa\u00fal Hern\u00e1ndez\",\"image\":{\"@type\":\"ImageObject\",\"inLanguage\":\"es\",\"@id\":\"https:\/\/thepueblatimes.mx\/#\/schema\/person\/image\/\",\"url\":\"https:\/\/secure.gravatar.com\/avatar\/11be338693f243309532caad8f10c930?s=96&d=mm&r=g\",\"contentUrl\":\"https:\/\/secure.gravatar.com\/avatar\/11be338693f243309532caad8f10c930?s=96&d=mm&r=g\",\"caption\":\"Sa\u00fal Hern\u00e1ndez\"},\"url\":\"https:\/\/thepueblatimes.mx\/index.php\/author\/saulhernandez\/\"}]}<\/script>\n<!-- \/ Yoast SEO plugin. -->","yoast_head_json":{"title":"Mario Riestra revela quienes podr\u00edan ser postulados a la alcald\u00eda de Puebla en 2027 - The Puebla Times","robots":{"index":"index","follow":"follow","max-snippet":"max-snippet:-1","max-image-preview":"max-image-preview:large","max-video-preview":"max-video-preview:-1"},"canonical":"https:\/\/thepueblatimes.mx\/index.php\/2025\/08\/29\/mario-riestra-revela-quienes-podrian-ser-postulados-a-la-alcaldia-de-puebla-en-2027\/","og_locale":"es_ES","og_type":"article","og_title":"Mario Riestra revela quienes podr\u00edan ser postulados a la alcald\u00eda de Puebla en 2027 - The Puebla Times","og_description":"El dirigente estatal del PAN, Mario Riestra, revel\u00f3 los nombres de los posibles participantes en la elecci\u00f3n, en 2027, por la alcald\u00eda de Puebla. Entre ellos, la exdiputada local M\u00f3nica Rodr\u00edguez Della Vecchia, as\u00ed como la exdiputada federal Carolina Beauregard Mart\u00ednez. Adem\u00e1s, la secretaria general del Comit\u00e9 Directivo Estatal (CDE), Genoveva Huerta Villegas, as\u00ed como...","og_url":"https:\/\/thepueblatimes.mx\/index.php\/2025\/08\/29\/mario-riestra-revela-quienes-podrian-ser-postulados-a-la-alcaldia-de-puebla-en-2027\/","og_site_name":"The Puebla Times","article_published_time":"2025-08-29T20:33:18+00:00","og_image":[{"width":1920,"height":1080,"url":"https:\/\/thepueblatimes.mx\/wp-content\/uploads\/2025\/08\/CTZH5WIQQZD37JFDATJI36TJB4-1.jpg","type":"image\/jpeg"}],"author":"Sa\u00fal Hern\u00e1ndez","twitter_card":"summary_large_image","twitter_misc":{"Escrito por":"Sa\u00fal Hern\u00e1ndez","Tiempo de lectura":"1 minuto"},"schema":{"@context":"https:\/\/schema.org","@graph":[{"@type":"WebPage","@id":"https:\/\/thepueblatimes.mx\/index.php\/2025\/08\/29\/mario-riestra-revela-quienes-podrian-ser-postulados-a-la-alcaldia-de-puebla-en-2027\/","url":"https:\/\/thepueblatimes.mx\/index.php\/2025\/08\/29\/mario-riestra-revela-quienes-podrian-ser-postulados-a-la-alcaldia-de-puebla-en-2027\/","name":"Mario Riestra revela quienes podr\u00edan ser postulados a la alcald\u00eda de Puebla en 2027 - The Puebla Times","isPartOf":{"@id":"https:\/\/thepueblatimes.mx\/#website"},"datePublished":"2025-08-29T20:33:18+00:00","dateModified":"2025-08-29T20:33:18+00:00","author":{"@id":"https:\/\/thepueblatimes.mx\/#\/schema\/person\/1664894c2f65ce2c7a08d8f5f905c13c"},"breadcrumb":{"@id":"https:\/\/thepueblatimes.mx\/index.php\/2025\/08\/29\/mario-riestra-revela-quienes-podrian-ser-postulados-a-la-alcaldia-de-puebla-en-2027\/#breadcrumb"},"inLanguage":"es","potentialAction":[{"@type":"ReadAction","target":["https:\/\/thepueblatimes.mx\/index.php\/2025\/08\/29\/mario-riestra-revela-quienes-podrian-ser-postulados-a-la-alcaldia-de-puebla-en-2027\/"]}]},{"@type":"BreadcrumbList","@id":"https:\/\/thepueblatimes.mx\/index.php\/2025\/08\/29\/mario-riestra-revela-quienes-podrian-ser-postulados-a-la-alcaldia-de-puebla-en-2027\/#breadcrumb","itemListElement":[{"@type":"ListItem","position":1,"name":"Portada","item":"https:\/\/thepueblatimes.mx\/"},{"@type":"ListItem","position":2,"name":"Mario Riestra revela quienes podr\u00edan ser postulados a la alcald\u00eda de Puebla en 2027"}]},{"@type":"WebSite","@id":"https:\/\/thepueblatimes.mx\/#website","url":"https:\/\/thepueblatimes.mx\/","name":"The Puebla Times","description":"Noticias del Estado de Puebla","potentialAction":[{"@type":"SearchAction","target":{"@type":"EntryPoint","urlTemplate":"https:\/\/thepueblatimes.mx\/?s={search_term_string}"},"query-input":"required name=search_term_string"}],"inLanguage":"es"},{"@type":"Person","@id":"https:\/\/thepueblatimes.mx\/#\/schema\/person\/1664894c2f65ce2c7a08d8f5f905c13c","name":"Sa\u00fal Hern\u00e1ndez","image":{"@type":"ImageObject","inLanguage":"es","@id":"https:\/\/thepueblatimes.mx\/#\/schema\/person\/image\/","url":"https:\/\/secure.gravatar.com\/avatar\/11be338693f243309532caad8f10c930?s=96&d=mm&r=g","contentUrl":"https:\/\/secure.gravatar.com\/avatar\/11be338693f243309532caad8f10c930?s=96&d=mm&r=g","caption":"Sa\u00fal Hern\u00e1ndez"},"url":"https:\/\/thepueblatimes.mx\/index.php\/author\/saulhernandez\/"}]}},"jetpack_featured_media_url":"https:\/\/thepueblatimes.mx\/wp-content\/uploads\/2025\/08\/CTZH5WIQQZD37JFDATJI36TJB4.jpg","_links":{"self":[{"href":"https:\/\/thepueblatimes.mx\/index.php\/wp-json\/wp\/v2\/posts\/32561"}],"collection":[{"href":"https:\/\/thepueblatimes.mx\/index.php\/wp-json\/wp\/v2\/posts"}],"about":[{"href":"https:\/\/thepueblatimes.mx\/index.php\/wp-json\/wp\/v2\/types\/post"}],"author":[{"embeddable":true,"href":"https:\/\/thepueblatimes.mx\/index.php\/wp-json\/wp\/v2\/users\/16"}],"replies":[{"embeddable":true,"href":"https:\/\/thepueblatimes.mx\/index.php\/wp-json\/wp\/v2\/comments?post=32561"}],"version-history":[{"count":1,"href":"https:\/\/thepueblatimes.mx\/index.php\/wp-json\/wp\/v2\/posts\/32561\/revisions"}],"predecessor-version":[{"id":32564,"href":"https:\/\/thepueblatimes.mx\/index.php\/wp-json\/wp\/v2\/posts\/32561\/revisions\/32564"}],"wp:featuredmedia":[{"embeddable":true,"href":"https:\/\/thepueblatimes.mx\/index.php\/wp-json\/wp\/v2\/media\/32562"}],"wp:attachment":[{"href":"https:\/\/thepueblatimes.mx\/index.php\/wp-json\/wp\/v2\/media?parent=32561"}],"wp:term":[{"taxonomy":"category","embeddable":true,"href":"https:\/\/thepueblatimes.mx\/index.php\/wp-json\/wp\/v2\/categories?post=32561"},{"taxonomy":"post_tag","embeddable":true,"href":"https:\/\/thepueblatimes.mx\/index.php\/wp-json\/wp\/v2\/tags?post=32561"}],"curies":[{"name":"wp","href":"https:\/\/api.w.org\/{rel}","templated":true}]}}