{"id":32552,"date":"2025-08-29T12:37:49","date_gmt":"2025-08-29T18:37:49","guid":{"rendered":"https:\/\/thepueblatimes.mx\/?p=32552"},"modified":"2025-08-29T12:37:49","modified_gmt":"2025-08-29T18:37:49","slug":"invitan-a-participar-en-premio-impi-a-la-innovacion-mexicana-hay-13-categorias-con-premios-de-250-000-cada-uno","status":"publish","type":"post","link":"https:\/\/thepueblatimes.mx\/index.php\/2025\/08\/29\/invitan-a-participar-en-premio-impi-a-la-innovacion-mexicana-hay-13-categorias-con-premios-de-250-000-cada-uno\/","title":{"rendered":"Invitan a participar en Premio IMPI a la innovaci\u00f3n mexicana, hay 13 categor\u00edas con premios de $250.000.- cada uno"},"content":{"rendered":"<h3><em>Presentan a equipo campe\u00f3n en STEM Formula 1 que representar\u00e1 a M\u00e9xico en Singapur<\/em><\/h3>\n<h3><em>Vamos a impulsar los 17 proyectos prioritarios del gobernador Alejandro Armenta: Juan Carlos Natale<\/em><\/h3>\n<h3><\/h3>\n<p>En Rueda de Prensa, \u00a0la Secretar\u00eda de Econom\u00eda Federal representada por el Coordinador del Corredor Econ\u00f3mico del Bienestar\u00a0 Juan Carlos Natale, \u00a0de manera conjunta con el IMPI representado por Daphne Arredondo D\u00edaz y el representante de la Secretar\u00eda de Econom\u00eda y Trabajo del gobierno del Estado Marco Antonio Molina Director General de Inteligencia Empresarial y Negocios Marco Antonio Molina, anunciaron el Premio IMPI a la Innovaci\u00f3n Mexicana, que\u00a0 en esta ocasi\u00f3n contar\u00e1 13 categor\u00edas cada una con un premio de $250,000.00, los funcionarios lanzaron la invitaci\u00f3n a los inventores que tengan en desarrollo un invento o \u00a0proyecto de innovaci\u00f3n y que est\u00e9 patentado, en tr\u00e1mite o solo en desarrollo, a inscribirse para participar. Edici\u00f3n 2025: La convocatoria est\u00e1 abierta del 26 de abril al 30 de octubre de 2025, 11:59 PM.<\/p>\n<p>&nbsp;<\/p>\n<p>Se presentaron emprendedores e inventores como Lizzet Cruz, la Reina del Litio, Zoe Andrade joven talento desarrolladora de Nano Sat\u00e9lites, Martha Ira\u00eds Melgarejo, Presidenta de Asociaci\u00f3n de Mujeres Emprendedoras e Innovadoras, Lenin P\u00e9rez de Gogotrack entre otros.<\/p>\n<p>&nbsp;<\/p>\n<p>Asimismo, se present\u00f3 y al equipo STEM Formula 1 poblano que representar\u00e1 a M\u00e9xico en el mundial de Singapur, 3 j\u00f3venes universitarias que desarrollaron un modelo a escala de autom\u00f3vil de F\u00f3rmula 1, que ganaron su boleto al mundial en Singapur |y buscan apoyo econ\u00f3mico para completar los gastos de su viaje, como parte de la presentaci\u00f3n dirigieron unas palabras las talentosas j\u00f3venes Ana Celia, Valeria, Mar\u00eda Jos\u00e9 y Mercy y explicaron su modelo de auto a escala.<\/p>\n<p>En el Acto conmovidos y emocionados por las poblanas talentosas, Juan Carlos Natale y Lenin P\u00e9rez, donaron una aportaci\u00f3n en efectivo para apoyar a las j\u00f3venes e incentivar a la sociedad a apoyarlas.<\/p>\n<p>Para cerrar se abord\u00f3 de la mesa de trabajo con la BUAP en seguimiento a los objetivos establecidos en el Plan M\u00e9xico impulsado por la Presidenta Claudia Sheinbaum, se sostuvo el d\u00eda de ayer la primera mesa de trabajo con la Secretar\u00eda de Econom\u00eda Federal.<\/p>\n<p>Durante la sesi\u00f3n se abordaron los siguientes ejes estrat\u00e9gicos:<\/p>\n<ul>\n<li>Capacidades del talento universitario de la BUAP como motor para fortalecer los polos de desarrollo del bienestar contemplados en el Plan M\u00e9xico.<\/li>\n<li>Aprovechamiento del talento universitario, integrado por m\u00e1s de 110,000 estudiantes de licenciatura y bachillerato, lo que convierte a la BUAP en un semillero de capital humano estrat\u00e9gico para el desarrollo regional y nacional.<\/li>\n<\/ul>\n<p>El Coordinador Juan Carlos Natale coment\u00f3 \u201cLa BUAP sola tiene 110,000 estudiantes \u2026 vamos a impulsar los 17 proyectos prioritarios del gobernador Alejandro Armenta con la intermediaci\u00f3n de Secretario el Dr. V\u00edctor Gabriel Chedraui \u2026 con estos proyectos vamos a impulsar que los estudiantes en su servicio social est\u00e9n participando en estos proyectos y en todas las dependencias federales del gobierno\u201d<\/p>\n<p>Este primer acercamiento sienta las bases para una agenda de colaboraci\u00f3n sostenida entre la Secretar\u00eda de Econom\u00eda y la BUAP, enfocada en articular el potencial acad\u00e9mico y cient\u00edfico con las prioridades de crecimiento econ\u00f3mico, innovaci\u00f3n y bienestar social que contempla el Plan M\u00e9xico.<\/p>\n","protected":false},"excerpt":{"rendered":"<p>Presentan a equipo campe\u00f3n en STEM Formula 1 que representar\u00e1 a M\u00e9xico en Singapur Vamos a impulsar los 17 proyectos prioritarios del gobernador Alejandro Armenta: Juan Carlos Natale En Rueda de Prensa, \u00a0la Secretar\u00eda de Econom\u00eda Federal representada por el Coordinador del Corredor Econ\u00f3mico del Bienestar\u00a0 Juan Carlos Natale, \u00a0de manera conjunta con el IMPI&#8230;<\/p>\n","protected":false},"author":16,"featured_media":32553,"comment_status":"closed","ping_status":"closed","sticky":false,"template":"","format":"standard","meta":[],"categories":[3],"tags":[1352,49,1328],"yoast_head":"<!-- This site is optimized with the Yoast SEO plugin v20.8 - https:\/\/yoast.com\/wordpress\/plugins\/seo\/ -->\n<title>Invitan a participar en Premio IMPI a la innovaci\u00f3n mexicana, hay 13 categor\u00edas con premios de $250.000.- cada uno - The Puebla Times<\/title>\n<meta name=\"robots\" content=\"index, follow, max-snippet:-1, max-image-preview:large, max-video-preview:-1\" \/>\n<link rel=\"canonical\" href=\"https:\/\/thepueblatimes.mx\/index.php\/2025\/08\/29\/invitan-a-participar-en-premio-impi-a-la-innovacion-mexicana-hay-13-categorias-con-premios-de-250-000-cada-uno\/\" \/>\n<meta property=\"og:locale\" content=\"es_ES\" \/>\n<meta property=\"og:type\" content=\"article\" \/>\n<meta property=\"og:title\" content=\"Invitan a participar en Premio IMPI a la innovaci\u00f3n mexicana, hay 13 categor\u00edas con premios de $250.000.- cada uno - The Puebla Times\" \/>\n<meta property=\"og:description\" content=\"Presentan a equipo campe\u00f3n en STEM Formula 1 que representar\u00e1 a M\u00e9xico en Singapur Vamos a impulsar los 17 proyectos prioritarios del gobernador Alejandro Armenta: Juan Carlos Natale En Rueda de Prensa, \u00a0la Secretar\u00eda de Econom\u00eda Federal representada por el Coordinador del Corredor Econ\u00f3mico del Bienestar\u00a0 Juan Carlos Natale, \u00a0de manera conjunta con el IMPI...\" \/>\n<meta property=\"og:url\" content=\"https:\/\/thepueblatimes.mx\/index.php\/2025\/08\/29\/invitan-a-participar-en-premio-impi-a-la-innovacion-mexicana-hay-13-categorias-con-premios-de-250-000-cada-uno\/\" \/>\n<meta property=\"og:site_name\" content=\"The Puebla Times\" \/>\n<meta property=\"article:published_time\" content=\"2025-08-29T18:37:49+00:00\" \/>\n<meta property=\"og:image\" content=\"https:\/\/thepueblatimes.mx\/wp-content\/uploads\/2025\/08\/WhatsApp-Image-2025-08-29-at-09.24.08.jpeg\" \/>\n\t<meta property=\"og:image:width\" content=\"960\" \/>\n\t<meta property=\"og:image:height\" content=\"1280\" \/>\n\t<meta property=\"og:image:type\" content=\"image\/jpeg\" \/>\n<meta name=\"author\" content=\"Sa\u00fal Hern\u00e1ndez\" \/>\n<meta name=\"twitter:card\" content=\"summary_large_image\" \/>\n<meta name=\"twitter:label1\" content=\"Escrito por\" \/>\n\t<meta name=\"twitter:data1\" content=\"Sa\u00fal Hern\u00e1ndez\" \/>\n\t<meta name=\"twitter:label2\" content=\"Tiempo de lectura\" \/>\n\t<meta name=\"twitter:data2\" content=\"3 minutos\" \/>\n<script type=\"application\/ld+json\" class=\"yoast-schema-graph\">{\"@context\":\"https:\/\/schema.org\",\"@graph\":[{\"@type\":\"WebPage\",\"@id\":\"https:\/\/thepueblatimes.mx\/index.php\/2025\/08\/29\/invitan-a-participar-en-premio-impi-a-la-innovacion-mexicana-hay-13-categorias-con-premios-de-250-000-cada-uno\/\",\"url\":\"https:\/\/thepueblatimes.mx\/index.php\/2025\/08\/29\/invitan-a-participar-en-premio-impi-a-la-innovacion-mexicana-hay-13-categorias-con-premios-de-250-000-cada-uno\/\",\"name\":\"Invitan a participar en Premio IMPI a la innovaci\u00f3n mexicana, hay 13 categor\u00edas con premios de $250.000.- cada uno - The Puebla Times\",\"isPartOf\":{\"@id\":\"https:\/\/thepueblatimes.mx\/#website\"},\"datePublished\":\"2025-08-29T18:37:49+00:00\",\"dateModified\":\"2025-08-29T18:37:49+00:00\",\"author\":{\"@id\":\"https:\/\/thepueblatimes.mx\/#\/schema\/person\/1664894c2f65ce2c7a08d8f5f905c13c\"},\"breadcrumb\":{\"@id\":\"https:\/\/thepueblatimes.mx\/index.php\/2025\/08\/29\/invitan-a-participar-en-premio-impi-a-la-innovacion-mexicana-hay-13-categorias-con-premios-de-250-000-cada-uno\/#breadcrumb\"},\"inLanguage\":\"es\",\"potentialAction\":[{\"@type\":\"ReadAction\",\"target\":[\"https:\/\/thepueblatimes.mx\/index.php\/2025\/08\/29\/invitan-a-participar-en-premio-impi-a-la-innovacion-mexicana-hay-13-categorias-con-premios-de-250-000-cada-uno\/\"]}]},{\"@type\":\"BreadcrumbList\",\"@id\":\"https:\/\/thepueblatimes.mx\/index.php\/2025\/08\/29\/invitan-a-participar-en-premio-impi-a-la-innovacion-mexicana-hay-13-categorias-con-premios-de-250-000-cada-uno\/#breadcrumb\",\"itemListElement\":[{\"@type\":\"ListItem\",\"position\":1,\"name\":\"Portada\",\"item\":\"https:\/\/thepueblatimes.mx\/\"},{\"@type\":\"ListItem\",\"position\":2,\"name\":\"Invitan a participar en Premio IMPI a la innovaci\u00f3n mexicana, hay 13 categor\u00edas con premios de $250.000.- cada uno\"}]},{\"@type\":\"WebSite\",\"@id\":\"https:\/\/thepueblatimes.mx\/#website\",\"url\":\"https:\/\/thepueblatimes.mx\/\",\"name\":\"The Puebla Times\",\"description\":\"Noticias del Estado de Puebla\",\"potentialAction\":[{\"@type\":\"SearchAction\",\"target\":{\"@type\":\"EntryPoint\",\"urlTemplate\":\"https:\/\/thepueblatimes.mx\/?s={search_term_string}\"},\"query-input\":\"required name=search_term_string\"}],\"inLanguage\":\"es\"},{\"@type\":\"Person\",\"@id\":\"https:\/\/thepueblatimes.mx\/#\/schema\/person\/1664894c2f65ce2c7a08d8f5f905c13c\",\"name\":\"Sa\u00fal Hern\u00e1ndez\",\"image\":{\"@type\":\"ImageObject\",\"inLanguage\":\"es\",\"@id\":\"https:\/\/thepueblatimes.mx\/#\/schema\/person\/image\/\",\"url\":\"https:\/\/secure.gravatar.com\/avatar\/11be338693f243309532caad8f10c930?s=96&d=mm&r=g\",\"contentUrl\":\"https:\/\/secure.gravatar.com\/avatar\/11be338693f243309532caad8f10c930?s=96&d=mm&r=g\",\"caption\":\"Sa\u00fal Hern\u00e1ndez\"},\"url\":\"https:\/\/thepueblatimes.mx\/index.php\/author\/saulhernandez\/\"}]}<\/script>\n<!-- \/ Yoast SEO plugin. -->","yoast_head_json":{"title":"Invitan a participar en Premio IMPI a la innovaci\u00f3n mexicana, hay 13 categor\u00edas con premios de $250.000.- cada uno - The Puebla Times","robots":{"index":"index","follow":"follow","max-snippet":"max-snippet:-1","max-image-preview":"max-image-preview:large","max-video-preview":"max-video-preview:-1"},"canonical":"https:\/\/thepueblatimes.mx\/index.php\/2025\/08\/29\/invitan-a-participar-en-premio-impi-a-la-innovacion-mexicana-hay-13-categorias-con-premios-de-250-000-cada-uno\/","og_locale":"es_ES","og_type":"article","og_title":"Invitan a participar en Premio IMPI a la innovaci\u00f3n mexicana, hay 13 categor\u00edas con premios de $250.000.- cada uno - The Puebla Times","og_description":"Presentan a equipo campe\u00f3n en STEM Formula 1 que representar\u00e1 a M\u00e9xico en Singapur Vamos a impulsar los 17 proyectos prioritarios del gobernador Alejandro Armenta: Juan Carlos Natale En Rueda de Prensa, \u00a0la Secretar\u00eda de Econom\u00eda Federal representada por el Coordinador del Corredor Econ\u00f3mico del Bienestar\u00a0 Juan Carlos Natale, \u00a0de manera conjunta con el IMPI...","og_url":"https:\/\/thepueblatimes.mx\/index.php\/2025\/08\/29\/invitan-a-participar-en-premio-impi-a-la-innovacion-mexicana-hay-13-categorias-con-premios-de-250-000-cada-uno\/","og_site_name":"The Puebla Times","article_published_time":"2025-08-29T18:37:49+00:00","og_image":[{"width":960,"height":1280,"url":"https:\/\/thepueblatimes.mx\/wp-content\/uploads\/2025\/08\/WhatsApp-Image-2025-08-29-at-09.24.08.jpeg","type":"image\/jpeg"}],"author":"Sa\u00fal Hern\u00e1ndez","twitter_card":"summary_large_image","twitter_misc":{"Escrito por":"Sa\u00fal Hern\u00e1ndez","Tiempo de lectura":"3 minutos"},"schema":{"@context":"https:\/\/schema.org","@graph":[{"@type":"WebPage","@id":"https:\/\/thepueblatimes.mx\/index.php\/2025\/08\/29\/invitan-a-participar-en-premio-impi-a-la-innovacion-mexicana-hay-13-categorias-con-premios-de-250-000-cada-uno\/","url":"https:\/\/thepueblatimes.mx\/index.php\/2025\/08\/29\/invitan-a-participar-en-premio-impi-a-la-innovacion-mexicana-hay-13-categorias-con-premios-de-250-000-cada-uno\/","name":"Invitan a participar en Premio IMPI a la innovaci\u00f3n mexicana, hay 13 categor\u00edas con premios de $250.000.- cada uno - The Puebla Times","isPartOf":{"@id":"https:\/\/thepueblatimes.mx\/#website"},"datePublished":"2025-08-29T18:37:49+00:00","dateModified":"2025-08-29T18:37:49+00:00","author":{"@id":"https:\/\/thepueblatimes.mx\/#\/schema\/person\/1664894c2f65ce2c7a08d8f5f905c13c"},"breadcrumb":{"@id":"https:\/\/thepueblatimes.mx\/index.php\/2025\/08\/29\/invitan-a-participar-en-premio-impi-a-la-innovacion-mexicana-hay-13-categorias-con-premios-de-250-000-cada-uno\/#breadcrumb"},"inLanguage":"es","potentialAction":[{"@type":"ReadAction","target":["https:\/\/thepueblatimes.mx\/index.php\/2025\/08\/29\/invitan-a-participar-en-premio-impi-a-la-innovacion-mexicana-hay-13-categorias-con-premios-de-250-000-cada-uno\/"]}]},{"@type":"BreadcrumbList","@id":"https:\/\/thepueblatimes.mx\/index.php\/2025\/08\/29\/invitan-a-participar-en-premio-impi-a-la-innovacion-mexicana-hay-13-categorias-con-premios-de-250-000-cada-uno\/#breadcrumb","itemListElement":[{"@type":"ListItem","position":1,"name":"Portada","item":"https:\/\/thepueblatimes.mx\/"},{"@type":"ListItem","position":2,"name":"Invitan a participar en Premio IMPI a la innovaci\u00f3n mexicana, hay 13 categor\u00edas con premios de $250.000.- cada uno"}]},{"@type":"WebSite","@id":"https:\/\/thepueblatimes.mx\/#website","url":"https:\/\/thepueblatimes.mx\/","name":"The Puebla Times","description":"Noticias del Estado de Puebla","potentialAction":[{"@type":"SearchAction","target":{"@type":"EntryPoint","urlTemplate":"https:\/\/thepueblatimes.mx\/?s={search_term_string}"},"query-input":"required name=search_term_string"}],"inLanguage":"es"},{"@type":"Person","@id":"https:\/\/thepueblatimes.mx\/#\/schema\/person\/1664894c2f65ce2c7a08d8f5f905c13c","name":"Sa\u00fal Hern\u00e1ndez","image":{"@type":"ImageObject","inLanguage":"es","@id":"https:\/\/thepueblatimes.mx\/#\/schema\/person\/image\/","url":"https:\/\/secure.gravatar.com\/avatar\/11be338693f243309532caad8f10c930?s=96&d=mm&r=g","contentUrl":"https:\/\/secure.gravatar.com\/avatar\/11be338693f243309532caad8f10c930?s=96&d=mm&r=g","caption":"Sa\u00fal Hern\u00e1ndez"},"url":"https:\/\/thepueblatimes.mx\/index.php\/author\/saulhernandez\/"}]}},"jetpack_featured_media_url":"https:\/\/thepueblatimes.mx\/wp-content\/uploads\/2025\/08\/WhatsApp-Image-2025-08-29-at-09.24.08.jpeg","_links":{"self":[{"href":"https:\/\/thepueblatimes.mx\/index.php\/wp-json\/wp\/v2\/posts\/32552"}],"collection":[{"href":"https:\/\/thepueblatimes.mx\/index.php\/wp-json\/wp\/v2\/posts"}],"about":[{"href":"https:\/\/thepueblatimes.mx\/index.php\/wp-json\/wp\/v2\/types\/post"}],"author":[{"embeddable":true,"href":"https:\/\/thepueblatimes.mx\/index.php\/wp-json\/wp\/v2\/users\/16"}],"replies":[{"embeddable":true,"href":"https:\/\/thepueblatimes.mx\/index.php\/wp-json\/wp\/v2\/comments?post=32552"}],"version-history":[{"count":1,"href":"https:\/\/thepueblatimes.mx\/index.php\/wp-json\/wp\/v2\/posts\/32552\/revisions"}],"predecessor-version":[{"id":32554,"href":"https:\/\/thepueblatimes.mx\/index.php\/wp-json\/wp\/v2\/posts\/32552\/revisions\/32554"}],"wp:featuredmedia":[{"embeddable":true,"href":"https:\/\/thepueblatimes.mx\/index.php\/wp-json\/wp\/v2\/media\/32553"}],"wp:attachment":[{"href":"https:\/\/thepueblatimes.mx\/index.php\/wp-json\/wp\/v2\/media?parent=32552"}],"wp:term":[{"taxonomy":"category","embeddable":true,"href":"https:\/\/thepueblatimes.mx\/index.php\/wp-json\/wp\/v2\/categories?post=32552"},{"taxonomy":"post_tag","embeddable":true,"href":"https:\/\/thepueblatimes.mx\/index.php\/wp-json\/wp\/v2\/tags?post=32552"}],"curies":[{"name":"wp","href":"https:\/\/api.w.org\/{rel}","templated":true}]}}