{"id":32546,"date":"2025-08-29T12:13:47","date_gmt":"2025-08-29T18:13:47","guid":{"rendered":"https:\/\/thepueblatimes.mx\/?p=32546"},"modified":"2025-08-29T12:13:47","modified_gmt":"2025-08-29T18:13:47","slug":"presidenta-claudia-sheinbaum-recibe-a-delegacion-de-brasil-encabezada-por-el-vicepresidente-geraldo-alckmin","status":"publish","type":"post","link":"https:\/\/thepueblatimes.mx\/index.php\/2025\/08\/29\/presidenta-claudia-sheinbaum-recibe-a-delegacion-de-brasil-encabezada-por-el-vicepresidente-geraldo-alckmin\/","title":{"rendered":"Presidenta Claudia Sheinbaum recibe a delegaci\u00f3n de Brasil, encabezada por el vicepresidente Geraldo Alckmin"},"content":{"rendered":"<h3><em>* En estos dos d\u00edas, se celebraron reuniones muy productivas entre autoridades y empresarios mexicanos y brasile\u00f1os para fortalecer la cooperaci\u00f3n en desarrollo cient\u00edfico, econ\u00f3mico y ambiental<\/em><\/h3>\n<h3>\n<em>* La Presidenta de M\u00e9xico felicit\u00f3 al presidente de Brasil, LuizIn\u00e1cio Lula da Silva por haber logrado, una vez m\u00e1s, cero hambre en Brasil<\/em><\/h3>\n<p>Ciudad de M\u00e9xico, 28 agosto de 2025.- La Presidenta de M\u00e9xico, Claudia Sheinbaum Pardo, recibi\u00f3 este jueves en Palacio Nacional a una delegaci\u00f3n de Brasil encabezada por el vicepresidente Geraldo Alckmin.<\/p>\n<p>La Jefa del Ejecutivo Federal destac\u00f3 que en estos dos d\u00edas se celebraron reuniones muy productivas entre autoridades y empresarios mexicanos y brasile\u00f1os para fortalecer la cooperaci\u00f3n en desarrollo cient\u00edfico, econ\u00f3mico y ambiental, adem\u00e1s de que se compartieron experiencias de impulso a la industrializaci\u00f3n.<\/p>\n<p>La mandataria tambi\u00e9n felicit\u00f3 al presidente de Brasil, Luiz In\u00e1cioLula da Silva, por haber logrado, una vez m\u00e1s, cero hambre en Brasil.<\/p>\n<p>\u201cRecibimos en Palacio Nacional a la delegaci\u00f3n de Brasil encabezada por el vicepresidente @geraldoalckmin. En estos dos d\u00edas, se celebraron reuniones muy productivas entre autoridades y empresarios mexicanos y brasile\u00f1os para fortalecer la cooperaci\u00f3n en desarrollo cient\u00edfico, econ\u00f3mico y ambiental; tambi\u00e9n compartieron experiencias de impulso a la industrializaci\u00f3n. Felicitamos al presidente @LulaOficial por haber logrado, una vez m\u00e1s, cero hambre en Brasil\u201d, inform\u00f3 a trav\u00e9s de sus redes sociales.<\/p>\n<p>En la reuni\u00f3n estuvieron presentes, de parte del Gobierno de M\u00e9xico el secretario de Relaciones Exteriores, Juan Ram\u00f3n de la Fuente; el secretario de Econom\u00eda, Marcelo Ebrard Casaubon; el secretario de Salud, David Kershenobich Stalnikowitz; el secretario de Hacienda y Cr\u00e9dito P\u00fablico, Edgar Amador Zamora; la secretaria de Medio Ambiente y Recursos Naturales, Alicia B\u00e1rcena Ibarra; la secretaria de Energ\u00eda, Luz Elena Gonz\u00e1lez Escobar.<\/p>\n<p>As\u00ed como el secretario de Agricultura y Desarrollo Rural, Julio Berdegu\u00e9 Sacrist\u00e1n; la secretaria de Ciencia, Humanidades, Tecnolog\u00eda e Innovaci\u00f3n, Rosaura Ruiz Guti\u00e9rrez; el jefe de la Oficina de la Presidencia de la Rep\u00fablica, L\u00e1zaro C\u00e1rdenas Batel; el titular de la Agencia de Transformaci\u00f3n Digital y Telecomunicaciones, Jos\u00e9 Antonio Pe\u00f1a Merino; y la subsecretaria para Am\u00e9rica Latina y el Caribe, Raquel SerurSmeke.<\/p>\n<p>De parte del Gobierno de Brasil, el ministro de Agricultura y Ganader\u00eda, Carlos F\u00e1varo; la ministra de Planificaci\u00f3n y Presupuesto, Simone Tebet; el diputado federal, Jonas Donizette; el presidente de la Agencia Brasile\u00f1a de Promoci\u00f3n de Exportaciones y Atracci\u00f3n de Inversiones (APEX), Jorge Viana; la secretaria General del Ministerio de Relaciones Exteriores, MariaLaura da Rocha; el embajador de Brasil en M\u00e9xico, NedilsonJorge; el embajador Francisco Pessanha Cannabrava, director del Departamento de Mercosur del Ministerio de Relaciones Exteriores; el embajador Pedro Saldanha, jefe de Gabinete de la Secretaria General del Ministerio de Relaciones Exteriores; el embajador Celso de Tarso Pereira, jefe de la Asesor\u00eda Especial Diplom\u00e1tica del Vicepresidente; y la secretaria de Ciencia, Tecnolog\u00eda e Innovaci\u00f3n y del Complejo Econ\u00f3mico-Industrial de la Salud, Fernanda de Negri.<\/p>\n","protected":false},"excerpt":{"rendered":"<p>* En estos dos d\u00edas, se celebraron reuniones muy productivas entre autoridades y empresarios mexicanos y brasile\u00f1os para fortalecer la cooperaci\u00f3n en desarrollo cient\u00edfico, econ\u00f3mico y ambiental * La Presidenta de M\u00e9xico felicit\u00f3 al presidente de Brasil, LuizIn\u00e1cio Lula da Silva por haber logrado, una vez m\u00e1s, cero hambre en Brasil Ciudad de M\u00e9xico, 28&#8230;<\/p>\n","protected":false},"author":16,"featured_media":32547,"comment_status":"closed","ping_status":"closed","sticky":false,"template":"","format":"standard","meta":[],"categories":[20],"tags":[1334,1681],"yoast_head":"<!-- This site is optimized with the Yoast SEO plugin v20.8 - https:\/\/yoast.com\/wordpress\/plugins\/seo\/ -->\n<title>Presidenta Claudia Sheinbaum recibe a delegaci\u00f3n de Brasil, encabezada por el vicepresidente Geraldo Alckmin - The Puebla Times<\/title>\n<meta name=\"robots\" content=\"index, follow, max-snippet:-1, max-image-preview:large, max-video-preview:-1\" \/>\n<link rel=\"canonical\" href=\"https:\/\/thepueblatimes.mx\/index.php\/2025\/08\/29\/presidenta-claudia-sheinbaum-recibe-a-delegacion-de-brasil-encabezada-por-el-vicepresidente-geraldo-alckmin\/\" \/>\n<meta property=\"og:locale\" content=\"es_ES\" \/>\n<meta property=\"og:type\" content=\"article\" \/>\n<meta property=\"og:title\" content=\"Presidenta Claudia Sheinbaum recibe a delegaci\u00f3n de Brasil, encabezada por el vicepresidente Geraldo Alckmin - The Puebla Times\" \/>\n<meta property=\"og:description\" content=\"* En estos dos d\u00edas, se celebraron reuniones muy productivas entre autoridades y empresarios mexicanos y brasile\u00f1os para fortalecer la cooperaci\u00f3n en desarrollo cient\u00edfico, econ\u00f3mico y ambiental * La Presidenta de M\u00e9xico felicit\u00f3 al presidente de Brasil, LuizIn\u00e1cio Lula da Silva por haber logrado, una vez m\u00e1s, cero hambre en Brasil Ciudad de M\u00e9xico, 28...\" \/>\n<meta property=\"og:url\" content=\"https:\/\/thepueblatimes.mx\/index.php\/2025\/08\/29\/presidenta-claudia-sheinbaum-recibe-a-delegacion-de-brasil-encabezada-por-el-vicepresidente-geraldo-alckmin\/\" \/>\n<meta property=\"og:site_name\" content=\"The Puebla Times\" \/>\n<meta property=\"article:published_time\" content=\"2025-08-29T18:13:47+00:00\" \/>\n<meta property=\"og:image\" content=\"https:\/\/thepueblatimes.mx\/wp-content\/uploads\/2025\/08\/WhatsApp-Image-2025-08-28-at-19.09.27.jpeg\" \/>\n\t<meta property=\"og:image:width\" content=\"1071\" \/>\n\t<meta property=\"og:image:height\" content=\"714\" \/>\n\t<meta property=\"og:image:type\" content=\"image\/jpeg\" \/>\n<meta name=\"author\" content=\"Sa\u00fal Hern\u00e1ndez\" \/>\n<meta name=\"twitter:card\" content=\"summary_large_image\" \/>\n<meta name=\"twitter:label1\" content=\"Escrito por\" \/>\n\t<meta name=\"twitter:data1\" content=\"Sa\u00fal Hern\u00e1ndez\" \/>\n\t<meta name=\"twitter:label2\" content=\"Tiempo de lectura\" \/>\n\t<meta name=\"twitter:data2\" content=\"3 minutos\" \/>\n<script type=\"application\/ld+json\" class=\"yoast-schema-graph\">{\"@context\":\"https:\/\/schema.org\",\"@graph\":[{\"@type\":\"WebPage\",\"@id\":\"https:\/\/thepueblatimes.mx\/index.php\/2025\/08\/29\/presidenta-claudia-sheinbaum-recibe-a-delegacion-de-brasil-encabezada-por-el-vicepresidente-geraldo-alckmin\/\",\"url\":\"https:\/\/thepueblatimes.mx\/index.php\/2025\/08\/29\/presidenta-claudia-sheinbaum-recibe-a-delegacion-de-brasil-encabezada-por-el-vicepresidente-geraldo-alckmin\/\",\"name\":\"Presidenta Claudia Sheinbaum recibe a delegaci\u00f3n de Brasil, encabezada por el vicepresidente Geraldo Alckmin - The Puebla Times\",\"isPartOf\":{\"@id\":\"https:\/\/thepueblatimes.mx\/#website\"},\"datePublished\":\"2025-08-29T18:13:47+00:00\",\"dateModified\":\"2025-08-29T18:13:47+00:00\",\"author\":{\"@id\":\"https:\/\/thepueblatimes.mx\/#\/schema\/person\/1664894c2f65ce2c7a08d8f5f905c13c\"},\"breadcrumb\":{\"@id\":\"https:\/\/thepueblatimes.mx\/index.php\/2025\/08\/29\/presidenta-claudia-sheinbaum-recibe-a-delegacion-de-brasil-encabezada-por-el-vicepresidente-geraldo-alckmin\/#breadcrumb\"},\"inLanguage\":\"es\",\"potentialAction\":[{\"@type\":\"ReadAction\",\"target\":[\"https:\/\/thepueblatimes.mx\/index.php\/2025\/08\/29\/presidenta-claudia-sheinbaum-recibe-a-delegacion-de-brasil-encabezada-por-el-vicepresidente-geraldo-alckmin\/\"]}]},{\"@type\":\"BreadcrumbList\",\"@id\":\"https:\/\/thepueblatimes.mx\/index.php\/2025\/08\/29\/presidenta-claudia-sheinbaum-recibe-a-delegacion-de-brasil-encabezada-por-el-vicepresidente-geraldo-alckmin\/#breadcrumb\",\"itemListElement\":[{\"@type\":\"ListItem\",\"position\":1,\"name\":\"Portada\",\"item\":\"https:\/\/thepueblatimes.mx\/\"},{\"@type\":\"ListItem\",\"position\":2,\"name\":\"Presidenta Claudia Sheinbaum recibe a delegaci\u00f3n de Brasil, encabezada por el vicepresidente Geraldo Alckmin\"}]},{\"@type\":\"WebSite\",\"@id\":\"https:\/\/thepueblatimes.mx\/#website\",\"url\":\"https:\/\/thepueblatimes.mx\/\",\"name\":\"The Puebla Times\",\"description\":\"Noticias del Estado de Puebla\",\"potentialAction\":[{\"@type\":\"SearchAction\",\"target\":{\"@type\":\"EntryPoint\",\"urlTemplate\":\"https:\/\/thepueblatimes.mx\/?s={search_term_string}\"},\"query-input\":\"required name=search_term_string\"}],\"inLanguage\":\"es\"},{\"@type\":\"Person\",\"@id\":\"https:\/\/thepueblatimes.mx\/#\/schema\/person\/1664894c2f65ce2c7a08d8f5f905c13c\",\"name\":\"Sa\u00fal Hern\u00e1ndez\",\"image\":{\"@type\":\"ImageObject\",\"inLanguage\":\"es\",\"@id\":\"https:\/\/thepueblatimes.mx\/#\/schema\/person\/image\/\",\"url\":\"https:\/\/secure.gravatar.com\/avatar\/11be338693f243309532caad8f10c930?s=96&d=mm&r=g\",\"contentUrl\":\"https:\/\/secure.gravatar.com\/avatar\/11be338693f243309532caad8f10c930?s=96&d=mm&r=g\",\"caption\":\"Sa\u00fal Hern\u00e1ndez\"},\"url\":\"https:\/\/thepueblatimes.mx\/index.php\/author\/saulhernandez\/\"}]}<\/script>\n<!-- \/ Yoast SEO plugin. -->","yoast_head_json":{"title":"Presidenta Claudia Sheinbaum recibe a delegaci\u00f3n de Brasil, encabezada por el vicepresidente Geraldo Alckmin - The Puebla Times","robots":{"index":"index","follow":"follow","max-snippet":"max-snippet:-1","max-image-preview":"max-image-preview:large","max-video-preview":"max-video-preview:-1"},"canonical":"https:\/\/thepueblatimes.mx\/index.php\/2025\/08\/29\/presidenta-claudia-sheinbaum-recibe-a-delegacion-de-brasil-encabezada-por-el-vicepresidente-geraldo-alckmin\/","og_locale":"es_ES","og_type":"article","og_title":"Presidenta Claudia Sheinbaum recibe a delegaci\u00f3n de Brasil, encabezada por el vicepresidente Geraldo Alckmin - The Puebla Times","og_description":"* En estos dos d\u00edas, se celebraron reuniones muy productivas entre autoridades y empresarios mexicanos y brasile\u00f1os para fortalecer la cooperaci\u00f3n en desarrollo cient\u00edfico, econ\u00f3mico y ambiental * La Presidenta de M\u00e9xico felicit\u00f3 al presidente de Brasil, LuizIn\u00e1cio Lula da Silva por haber logrado, una vez m\u00e1s, cero hambre en Brasil Ciudad de M\u00e9xico, 28...","og_url":"https:\/\/thepueblatimes.mx\/index.php\/2025\/08\/29\/presidenta-claudia-sheinbaum-recibe-a-delegacion-de-brasil-encabezada-por-el-vicepresidente-geraldo-alckmin\/","og_site_name":"The Puebla Times","article_published_time":"2025-08-29T18:13:47+00:00","og_image":[{"width":1071,"height":714,"url":"https:\/\/thepueblatimes.mx\/wp-content\/uploads\/2025\/08\/WhatsApp-Image-2025-08-28-at-19.09.27.jpeg","type":"image\/jpeg"}],"author":"Sa\u00fal Hern\u00e1ndez","twitter_card":"summary_large_image","twitter_misc":{"Escrito por":"Sa\u00fal Hern\u00e1ndez","Tiempo de lectura":"3 minutos"},"schema":{"@context":"https:\/\/schema.org","@graph":[{"@type":"WebPage","@id":"https:\/\/thepueblatimes.mx\/index.php\/2025\/08\/29\/presidenta-claudia-sheinbaum-recibe-a-delegacion-de-brasil-encabezada-por-el-vicepresidente-geraldo-alckmin\/","url":"https:\/\/thepueblatimes.mx\/index.php\/2025\/08\/29\/presidenta-claudia-sheinbaum-recibe-a-delegacion-de-brasil-encabezada-por-el-vicepresidente-geraldo-alckmin\/","name":"Presidenta Claudia Sheinbaum recibe a delegaci\u00f3n de Brasil, encabezada por el vicepresidente Geraldo Alckmin - The Puebla Times","isPartOf":{"@id":"https:\/\/thepueblatimes.mx\/#website"},"datePublished":"2025-08-29T18:13:47+00:00","dateModified":"2025-08-29T18:13:47+00:00","author":{"@id":"https:\/\/thepueblatimes.mx\/#\/schema\/person\/1664894c2f65ce2c7a08d8f5f905c13c"},"breadcrumb":{"@id":"https:\/\/thepueblatimes.mx\/index.php\/2025\/08\/29\/presidenta-claudia-sheinbaum-recibe-a-delegacion-de-brasil-encabezada-por-el-vicepresidente-geraldo-alckmin\/#breadcrumb"},"inLanguage":"es","potentialAction":[{"@type":"ReadAction","target":["https:\/\/thepueblatimes.mx\/index.php\/2025\/08\/29\/presidenta-claudia-sheinbaum-recibe-a-delegacion-de-brasil-encabezada-por-el-vicepresidente-geraldo-alckmin\/"]}]},{"@type":"BreadcrumbList","@id":"https:\/\/thepueblatimes.mx\/index.php\/2025\/08\/29\/presidenta-claudia-sheinbaum-recibe-a-delegacion-de-brasil-encabezada-por-el-vicepresidente-geraldo-alckmin\/#breadcrumb","itemListElement":[{"@type":"ListItem","position":1,"name":"Portada","item":"https:\/\/thepueblatimes.mx\/"},{"@type":"ListItem","position":2,"name":"Presidenta Claudia Sheinbaum recibe a delegaci\u00f3n de Brasil, encabezada por el vicepresidente Geraldo Alckmin"}]},{"@type":"WebSite","@id":"https:\/\/thepueblatimes.mx\/#website","url":"https:\/\/thepueblatimes.mx\/","name":"The Puebla Times","description":"Noticias del Estado de Puebla","potentialAction":[{"@type":"SearchAction","target":{"@type":"EntryPoint","urlTemplate":"https:\/\/thepueblatimes.mx\/?s={search_term_string}"},"query-input":"required name=search_term_string"}],"inLanguage":"es"},{"@type":"Person","@id":"https:\/\/thepueblatimes.mx\/#\/schema\/person\/1664894c2f65ce2c7a08d8f5f905c13c","name":"Sa\u00fal Hern\u00e1ndez","image":{"@type":"ImageObject","inLanguage":"es","@id":"https:\/\/thepueblatimes.mx\/#\/schema\/person\/image\/","url":"https:\/\/secure.gravatar.com\/avatar\/11be338693f243309532caad8f10c930?s=96&d=mm&r=g","contentUrl":"https:\/\/secure.gravatar.com\/avatar\/11be338693f243309532caad8f10c930?s=96&d=mm&r=g","caption":"Sa\u00fal Hern\u00e1ndez"},"url":"https:\/\/thepueblatimes.mx\/index.php\/author\/saulhernandez\/"}]}},"jetpack_featured_media_url":"https:\/\/thepueblatimes.mx\/wp-content\/uploads\/2025\/08\/WhatsApp-Image-2025-08-28-at-19.09.27.jpeg","_links":{"self":[{"href":"https:\/\/thepueblatimes.mx\/index.php\/wp-json\/wp\/v2\/posts\/32546"}],"collection":[{"href":"https:\/\/thepueblatimes.mx\/index.php\/wp-json\/wp\/v2\/posts"}],"about":[{"href":"https:\/\/thepueblatimes.mx\/index.php\/wp-json\/wp\/v2\/types\/post"}],"author":[{"embeddable":true,"href":"https:\/\/thepueblatimes.mx\/index.php\/wp-json\/wp\/v2\/users\/16"}],"replies":[{"embeddable":true,"href":"https:\/\/thepueblatimes.mx\/index.php\/wp-json\/wp\/v2\/comments?post=32546"}],"version-history":[{"count":1,"href":"https:\/\/thepueblatimes.mx\/index.php\/wp-json\/wp\/v2\/posts\/32546\/revisions"}],"predecessor-version":[{"id":32548,"href":"https:\/\/thepueblatimes.mx\/index.php\/wp-json\/wp\/v2\/posts\/32546\/revisions\/32548"}],"wp:featuredmedia":[{"embeddable":true,"href":"https:\/\/thepueblatimes.mx\/index.php\/wp-json\/wp\/v2\/media\/32547"}],"wp:attachment":[{"href":"https:\/\/thepueblatimes.mx\/index.php\/wp-json\/wp\/v2\/media?parent=32546"}],"wp:term":[{"taxonomy":"category","embeddable":true,"href":"https:\/\/thepueblatimes.mx\/index.php\/wp-json\/wp\/v2\/categories?post=32546"},{"taxonomy":"post_tag","embeddable":true,"href":"https:\/\/thepueblatimes.mx\/index.php\/wp-json\/wp\/v2\/tags?post=32546"}],"curies":[{"name":"wp","href":"https:\/\/api.w.org\/{rel}","templated":true}]}}