{"id":32377,"date":"2025-08-20T17:21:35","date_gmt":"2025-08-20T23:21:35","guid":{"rendered":"https:\/\/thepueblatimes.mx\/?p=32377"},"modified":"2025-08-20T17:21:35","modified_gmt":"2025-08-20T23:21:35","slug":"invita-smdif-a-personas-adultas-mayores-a-participar-en-el-primer-vive-danzon-2025","status":"publish","type":"post","link":"https:\/\/thepueblatimes.mx\/index.php\/2025\/08\/20\/invita-smdif-a-personas-adultas-mayores-a-participar-en-el-primer-vive-danzon-2025\/","title":{"rendered":"Invita SMDIF a personas adultas mayores a participar en el primer \u201cVive Danz\u00f3n 2025\u201d"},"content":{"rendered":"<h3><em>&#8211; Las parejas interesadas tienen hasta el viernes 29 de agosto para inscribirse en cualquiera de las sedes de lunes a viernes de 9:00 a 16:00 horas<\/em><\/h3>\n<p>Puebla, Pue., 20 de agosto de 2025.- Como parte del compromiso que tiene la presidenta del Patronato del DIF Puebla Capital, MariElise Budib por apoyar y reconocer la labor de las personas adultas mayores, y en coordinaci\u00f3n con el Instituto Municipal de Arte y Cultura (IMACP), la Gerencia del Centro Hist\u00f3rico y Gran Bodega, se llevar\u00e1 a cabo el primer \u201cVive Danz\u00f3n: Desde siempre abrazando a las personas adultas mayores,\u00bb el pr\u00f3ximo domingo 31 de agosto a las 12:00 horas en el Z\u00f3calo.<\/p>\n<p>Se trata del primer encuentro de baile que realiza el DIF Puebla Capital dirigido a las personas mayores de 60 a\u00f1os. La tem\u00e1tica del danz\u00f3n busca fomentar la tradici\u00f3n y la cultura de este g\u00e9nero musical, adem\u00e1s de que muchos de las y los poblanos de este sector de la poblaci\u00f3n practican danz\u00f3n. La convocatoria est\u00e1 abierta para las primeras 50 parejas que se inscriban \u2013habr\u00e1 3 rondas de bailes para ir descartando a los participantes- y se premiar\u00e1 a los tres primeros lugares.<\/p>\n<p>\u00abLos criterios de evaluaci\u00f3n ser\u00e1 vestimenta adecuada, las mujeres con vestido y los hombres con ropa formal de vestir, y la t\u00e9cnica que se calificar\u00e1 ser\u00e1 danz\u00f3n en modalidad cerrada y abierta, los criterios de evaluaci\u00f3n ser\u00e1n la t\u00e9cnica de baile, el estilo y la elegancia\u00bb, afirm\u00f3 el Coordinador de Adultos Mayores, Ra\u00fal Zer\u00f3n.<\/p>\n<p>El jurado estar\u00e1 integrado por reconocidas personalidades del mundo del danz\u00f3n aqu\u00ed en Puebla como: Angelina Mac Gregor Monjaraz conocida como la Emperatriz del Danz\u00f3n, Francisco Javier L\u00f3pez y L\u00f3pez, m\u00e9dico de profesi\u00f3n que ha participado en diversos concursos de baile de Danz\u00f3n; y Ver\u00f3nica Ch\u00e1vez Rodr\u00edguez con m\u00e1s de diez a\u00f1os de experiencia se ha dedicado a preservar y difundir la elegancia, el ritmo y la tradici\u00f3n de este g\u00e9nero danc\u00edstico.<\/p>\n<p>\u201cContaremos con una sinf\u00f3nica en vivo para llevar a cabo este evento. Adem\u00e1s, posterior a la entrega de reconocimiento de los 3 primeros lugares ganadores, se llevar\u00e1 a cabo un baile abierto a toda la poblaci\u00f3n que quiera asistir. Est\u00e1n cordialmente invitados\u00bb, agreg\u00f3 Ra\u00fal Zer\u00f3n.<\/p>\n<p>Las parejas interesadas tienen hasta el viernes 29 de agosto para inscribirse en cualquiera de las sedes: Coordinaci\u00f3n de Adultos Mayores (Av. Eduardo Cue Merlo 201, San Baltazar Campeche) y 3 Sucursales de Gran Bodega Xilotzingo: (Av. Jos\u00e9 Mar\u00eda Lafragua 8301, CAPU Blvd. Norte 4228, y calle 14 sur 201, San Jer\u00f3nimo Caleras), en un horario de lunes a viernes de 9:00 a 16:00 horas. \u00danicamente deber\u00e1n presentar su Credencial de Elector, CURP para corroborar su edad, y llenar su ficha de registro, adem\u00e1s se le entregar\u00e1 al momento la copia de su folio de participante, el cual deber\u00e1n canjearlo por el original el d\u00eda del evento.<\/p>\n<p>De esta forma, el Gobierno de la Ciudad, a trav\u00e9s del DIF Puebla Capital, fomenta la cultura y preservan las tradiciones que viven en las y los adultos mayores, mediante actividades que se basan en la convivencia familiar.<\/p>\n<p><img decoding=\"async\" loading=\"lazy\" class=\"size-medium wp-image-32379 aligncenter\" src=\"https:\/\/thepueblatimes.mx\/wp-content\/uploads\/2025\/08\/WhatsApp-Image-2025-08-20-at-17.03.00-194x300.jpeg\" alt=\"\" width=\"194\" height=\"300\" srcset=\"https:\/\/thepueblatimes.mx\/wp-content\/uploads\/2025\/08\/WhatsApp-Image-2025-08-20-at-17.03.00-194x300.jpeg 194w, https:\/\/thepueblatimes.mx\/wp-content\/uploads\/2025\/08\/WhatsApp-Image-2025-08-20-at-17.03.00-662x1024.jpeg 662w, https:\/\/thepueblatimes.mx\/wp-content\/uploads\/2025\/08\/WhatsApp-Image-2025-08-20-at-17.03.00-768x1187.jpeg 768w, https:\/\/thepueblatimes.mx\/wp-content\/uploads\/2025\/08\/WhatsApp-Image-2025-08-20-at-17.03.00-994x1536.jpeg 994w, https:\/\/thepueblatimes.mx\/wp-content\/uploads\/2025\/08\/WhatsApp-Image-2025-08-20-at-17.03.00-1325x2048.jpeg 1325w, https:\/\/thepueblatimes.mx\/wp-content\/uploads\/2025\/08\/WhatsApp-Image-2025-08-20-at-17.03.00.jpeg 1656w\" sizes=\"(max-width: 194px) 100vw, 194px\" \/><\/p>\n","protected":false},"excerpt":{"rendered":"<p>&#8211; Las parejas interesadas tienen hasta el viernes 29 de agosto para inscribirse en cualquiera de las sedes de lunes a viernes de 9:00 a 16:00 horas Puebla, Pue., 20 de agosto de 2025.- Como parte del compromiso que tiene la presidenta del Patronato del DIF Puebla Capital, MariElise Budib por apoyar y reconocer la&#8230;<\/p>\n","protected":false},"author":16,"featured_media":32378,"comment_status":"closed","ping_status":"closed","sticky":false,"template":"","format":"standard","meta":[],"categories":[20],"tags":[1287,3074],"yoast_head":"<!-- This site is optimized with the Yoast SEO plugin v20.8 - https:\/\/yoast.com\/wordpress\/plugins\/seo\/ -->\n<title>Invita SMDIF a personas adultas mayores a participar en el primer \u201cVive Danz\u00f3n 2025\u201d - The Puebla Times<\/title>\n<meta name=\"robots\" content=\"index, follow, max-snippet:-1, max-image-preview:large, max-video-preview:-1\" \/>\n<link rel=\"canonical\" href=\"https:\/\/thepueblatimes.mx\/index.php\/2025\/08\/20\/invita-smdif-a-personas-adultas-mayores-a-participar-en-el-primer-vive-danzon-2025\/\" \/>\n<meta property=\"og:locale\" content=\"es_ES\" \/>\n<meta property=\"og:type\" content=\"article\" \/>\n<meta property=\"og:title\" content=\"Invita SMDIF a personas adultas mayores a participar en el primer \u201cVive Danz\u00f3n 2025\u201d - The Puebla Times\" \/>\n<meta property=\"og:description\" content=\"&#8211; Las parejas interesadas tienen hasta el viernes 29 de agosto para inscribirse en cualquiera de las sedes de lunes a viernes de 9:00 a 16:00 horas Puebla, Pue., 20 de agosto de 2025.- Como parte del compromiso que tiene la presidenta del Patronato del DIF Puebla Capital, MariElise Budib por apoyar y reconocer la...\" \/>\n<meta property=\"og:url\" content=\"https:\/\/thepueblatimes.mx\/index.php\/2025\/08\/20\/invita-smdif-a-personas-adultas-mayores-a-participar-en-el-primer-vive-danzon-2025\/\" \/>\n<meta property=\"og:site_name\" content=\"The Puebla Times\" \/>\n<meta property=\"article:published_time\" content=\"2025-08-20T23:21:35+00:00\" \/>\n<meta property=\"og:image\" content=\"https:\/\/thepueblatimes.mx\/wp-content\/uploads\/2025\/08\/WhatsApp-Image-2025-08-20-at-17.03.00-1.jpeg\" \/>\n\t<meta property=\"og:image:width\" content=\"1080\" \/>\n\t<meta property=\"og:image:height\" content=\"1350\" \/>\n\t<meta property=\"og:image:type\" content=\"image\/jpeg\" \/>\n<meta name=\"author\" content=\"Sa\u00fal Hern\u00e1ndez\" \/>\n<meta name=\"twitter:card\" content=\"summary_large_image\" \/>\n<meta name=\"twitter:label1\" content=\"Escrito por\" \/>\n\t<meta name=\"twitter:data1\" content=\"Sa\u00fal Hern\u00e1ndez\" \/>\n\t<meta name=\"twitter:label2\" content=\"Tiempo de lectura\" \/>\n\t<meta name=\"twitter:data2\" content=\"3 minutos\" \/>\n<script type=\"application\/ld+json\" class=\"yoast-schema-graph\">{\"@context\":\"https:\/\/schema.org\",\"@graph\":[{\"@type\":\"WebPage\",\"@id\":\"https:\/\/thepueblatimes.mx\/index.php\/2025\/08\/20\/invita-smdif-a-personas-adultas-mayores-a-participar-en-el-primer-vive-danzon-2025\/\",\"url\":\"https:\/\/thepueblatimes.mx\/index.php\/2025\/08\/20\/invita-smdif-a-personas-adultas-mayores-a-participar-en-el-primer-vive-danzon-2025\/\",\"name\":\"Invita SMDIF a personas adultas mayores a participar en el primer \u201cVive Danz\u00f3n 2025\u201d - The Puebla Times\",\"isPartOf\":{\"@id\":\"https:\/\/thepueblatimes.mx\/#website\"},\"datePublished\":\"2025-08-20T23:21:35+00:00\",\"dateModified\":\"2025-08-20T23:21:35+00:00\",\"author\":{\"@id\":\"https:\/\/thepueblatimes.mx\/#\/schema\/person\/1664894c2f65ce2c7a08d8f5f905c13c\"},\"breadcrumb\":{\"@id\":\"https:\/\/thepueblatimes.mx\/index.php\/2025\/08\/20\/invita-smdif-a-personas-adultas-mayores-a-participar-en-el-primer-vive-danzon-2025\/#breadcrumb\"},\"inLanguage\":\"es\",\"potentialAction\":[{\"@type\":\"ReadAction\",\"target\":[\"https:\/\/thepueblatimes.mx\/index.php\/2025\/08\/20\/invita-smdif-a-personas-adultas-mayores-a-participar-en-el-primer-vive-danzon-2025\/\"]}]},{\"@type\":\"BreadcrumbList\",\"@id\":\"https:\/\/thepueblatimes.mx\/index.php\/2025\/08\/20\/invita-smdif-a-personas-adultas-mayores-a-participar-en-el-primer-vive-danzon-2025\/#breadcrumb\",\"itemListElement\":[{\"@type\":\"ListItem\",\"position\":1,\"name\":\"Portada\",\"item\":\"https:\/\/thepueblatimes.mx\/\"},{\"@type\":\"ListItem\",\"position\":2,\"name\":\"Invita SMDIF a personas adultas mayores a participar en el primer \u201cVive Danz\u00f3n 2025\u201d\"}]},{\"@type\":\"WebSite\",\"@id\":\"https:\/\/thepueblatimes.mx\/#website\",\"url\":\"https:\/\/thepueblatimes.mx\/\",\"name\":\"The Puebla Times\",\"description\":\"Noticias del Estado de Puebla\",\"potentialAction\":[{\"@type\":\"SearchAction\",\"target\":{\"@type\":\"EntryPoint\",\"urlTemplate\":\"https:\/\/thepueblatimes.mx\/?s={search_term_string}\"},\"query-input\":\"required name=search_term_string\"}],\"inLanguage\":\"es\"},{\"@type\":\"Person\",\"@id\":\"https:\/\/thepueblatimes.mx\/#\/schema\/person\/1664894c2f65ce2c7a08d8f5f905c13c\",\"name\":\"Sa\u00fal Hern\u00e1ndez\",\"image\":{\"@type\":\"ImageObject\",\"inLanguage\":\"es\",\"@id\":\"https:\/\/thepueblatimes.mx\/#\/schema\/person\/image\/\",\"url\":\"https:\/\/secure.gravatar.com\/avatar\/11be338693f243309532caad8f10c930?s=96&d=mm&r=g\",\"contentUrl\":\"https:\/\/secure.gravatar.com\/avatar\/11be338693f243309532caad8f10c930?s=96&d=mm&r=g\",\"caption\":\"Sa\u00fal Hern\u00e1ndez\"},\"url\":\"https:\/\/thepueblatimes.mx\/index.php\/author\/saulhernandez\/\"}]}<\/script>\n<!-- \/ Yoast SEO plugin. -->","yoast_head_json":{"title":"Invita SMDIF a personas adultas mayores a participar en el primer \u201cVive Danz\u00f3n 2025\u201d - The Puebla Times","robots":{"index":"index","follow":"follow","max-snippet":"max-snippet:-1","max-image-preview":"max-image-preview:large","max-video-preview":"max-video-preview:-1"},"canonical":"https:\/\/thepueblatimes.mx\/index.php\/2025\/08\/20\/invita-smdif-a-personas-adultas-mayores-a-participar-en-el-primer-vive-danzon-2025\/","og_locale":"es_ES","og_type":"article","og_title":"Invita SMDIF a personas adultas mayores a participar en el primer \u201cVive Danz\u00f3n 2025\u201d - The Puebla Times","og_description":"&#8211; Las parejas interesadas tienen hasta el viernes 29 de agosto para inscribirse en cualquiera de las sedes de lunes a viernes de 9:00 a 16:00 horas Puebla, Pue., 20 de agosto de 2025.- Como parte del compromiso que tiene la presidenta del Patronato del DIF Puebla Capital, MariElise Budib por apoyar y reconocer la...","og_url":"https:\/\/thepueblatimes.mx\/index.php\/2025\/08\/20\/invita-smdif-a-personas-adultas-mayores-a-participar-en-el-primer-vive-danzon-2025\/","og_site_name":"The Puebla Times","article_published_time":"2025-08-20T23:21:35+00:00","og_image":[{"width":1080,"height":1350,"url":"https:\/\/thepueblatimes.mx\/wp-content\/uploads\/2025\/08\/WhatsApp-Image-2025-08-20-at-17.03.00-1.jpeg","type":"image\/jpeg"}],"author":"Sa\u00fal Hern\u00e1ndez","twitter_card":"summary_large_image","twitter_misc":{"Escrito por":"Sa\u00fal Hern\u00e1ndez","Tiempo de lectura":"3 minutos"},"schema":{"@context":"https:\/\/schema.org","@graph":[{"@type":"WebPage","@id":"https:\/\/thepueblatimes.mx\/index.php\/2025\/08\/20\/invita-smdif-a-personas-adultas-mayores-a-participar-en-el-primer-vive-danzon-2025\/","url":"https:\/\/thepueblatimes.mx\/index.php\/2025\/08\/20\/invita-smdif-a-personas-adultas-mayores-a-participar-en-el-primer-vive-danzon-2025\/","name":"Invita SMDIF a personas adultas mayores a participar en el primer \u201cVive Danz\u00f3n 2025\u201d - The Puebla Times","isPartOf":{"@id":"https:\/\/thepueblatimes.mx\/#website"},"datePublished":"2025-08-20T23:21:35+00:00","dateModified":"2025-08-20T23:21:35+00:00","author":{"@id":"https:\/\/thepueblatimes.mx\/#\/schema\/person\/1664894c2f65ce2c7a08d8f5f905c13c"},"breadcrumb":{"@id":"https:\/\/thepueblatimes.mx\/index.php\/2025\/08\/20\/invita-smdif-a-personas-adultas-mayores-a-participar-en-el-primer-vive-danzon-2025\/#breadcrumb"},"inLanguage":"es","potentialAction":[{"@type":"ReadAction","target":["https:\/\/thepueblatimes.mx\/index.php\/2025\/08\/20\/invita-smdif-a-personas-adultas-mayores-a-participar-en-el-primer-vive-danzon-2025\/"]}]},{"@type":"BreadcrumbList","@id":"https:\/\/thepueblatimes.mx\/index.php\/2025\/08\/20\/invita-smdif-a-personas-adultas-mayores-a-participar-en-el-primer-vive-danzon-2025\/#breadcrumb","itemListElement":[{"@type":"ListItem","position":1,"name":"Portada","item":"https:\/\/thepueblatimes.mx\/"},{"@type":"ListItem","position":2,"name":"Invita SMDIF a personas adultas mayores a participar en el primer \u201cVive Danz\u00f3n 2025\u201d"}]},{"@type":"WebSite","@id":"https:\/\/thepueblatimes.mx\/#website","url":"https:\/\/thepueblatimes.mx\/","name":"The Puebla Times","description":"Noticias del Estado de Puebla","potentialAction":[{"@type":"SearchAction","target":{"@type":"EntryPoint","urlTemplate":"https:\/\/thepueblatimes.mx\/?s={search_term_string}"},"query-input":"required name=search_term_string"}],"inLanguage":"es"},{"@type":"Person","@id":"https:\/\/thepueblatimes.mx\/#\/schema\/person\/1664894c2f65ce2c7a08d8f5f905c13c","name":"Sa\u00fal Hern\u00e1ndez","image":{"@type":"ImageObject","inLanguage":"es","@id":"https:\/\/thepueblatimes.mx\/#\/schema\/person\/image\/","url":"https:\/\/secure.gravatar.com\/avatar\/11be338693f243309532caad8f10c930?s=96&d=mm&r=g","contentUrl":"https:\/\/secure.gravatar.com\/avatar\/11be338693f243309532caad8f10c930?s=96&d=mm&r=g","caption":"Sa\u00fal Hern\u00e1ndez"},"url":"https:\/\/thepueblatimes.mx\/index.php\/author\/saulhernandez\/"}]}},"jetpack_featured_media_url":"https:\/\/thepueblatimes.mx\/wp-content\/uploads\/2025\/08\/WhatsApp-Image-2025-08-20-at-17.03.00-1.jpeg","_links":{"self":[{"href":"https:\/\/thepueblatimes.mx\/index.php\/wp-json\/wp\/v2\/posts\/32377"}],"collection":[{"href":"https:\/\/thepueblatimes.mx\/index.php\/wp-json\/wp\/v2\/posts"}],"about":[{"href":"https:\/\/thepueblatimes.mx\/index.php\/wp-json\/wp\/v2\/types\/post"}],"author":[{"embeddable":true,"href":"https:\/\/thepueblatimes.mx\/index.php\/wp-json\/wp\/v2\/users\/16"}],"replies":[{"embeddable":true,"href":"https:\/\/thepueblatimes.mx\/index.php\/wp-json\/wp\/v2\/comments?post=32377"}],"version-history":[{"count":1,"href":"https:\/\/thepueblatimes.mx\/index.php\/wp-json\/wp\/v2\/posts\/32377\/revisions"}],"predecessor-version":[{"id":32380,"href":"https:\/\/thepueblatimes.mx\/index.php\/wp-json\/wp\/v2\/posts\/32377\/revisions\/32380"}],"wp:featuredmedia":[{"embeddable":true,"href":"https:\/\/thepueblatimes.mx\/index.php\/wp-json\/wp\/v2\/media\/32378"}],"wp:attachment":[{"href":"https:\/\/thepueblatimes.mx\/index.php\/wp-json\/wp\/v2\/media?parent=32377"}],"wp:term":[{"taxonomy":"category","embeddable":true,"href":"https:\/\/thepueblatimes.mx\/index.php\/wp-json\/wp\/v2\/categories?post=32377"},{"taxonomy":"post_tag","embeddable":true,"href":"https:\/\/thepueblatimes.mx\/index.php\/wp-json\/wp\/v2\/tags?post=32377"}],"curies":[{"name":"wp","href":"https:\/\/api.w.org\/{rel}","templated":true}]}}