{"id":32340,"date":"2025-08-19T17:38:18","date_gmt":"2025-08-19T23:38:18","guid":{"rendered":"https:\/\/thepueblatimes.mx\/?p=32340"},"modified":"2025-08-19T17:38:18","modified_gmt":"2025-08-19T23:38:18","slug":"los-mier-la-terquedad-insaciable","status":"publish","type":"post","link":"https:\/\/thepueblatimes.mx\/index.php\/2025\/08\/19\/los-mier-la-terquedad-insaciable\/","title":{"rendered":"Los Mier, la terquedad insaciable"},"content":{"rendered":"<p>LA PASARELA<\/p>\n<p>POR JORGE CASTILLO<\/p>\n<p>Hay ambiciones que en lugar de ocultarse, se exhiben con exceso.<\/p>\n<p>Ignacio Mier Ba\u00f1uelos no esper\u00f3 ni mediod\u00eda para salir a defender al pap\u00e1, el senador Ignacio Mier Velasco para que pueda aspirar a la gubernatura en 2030.<\/p>\n<p>Y ante la prensa, present\u00f3 argumentarios geneal\u00f3gicos dignos de catedr\u00e1tico: \u201cel abuelo del gobernador y el abuelo de mi padre eran primos hermanos, por eso la ley (antinepotismo) no aplica\u201d.<\/p>\n<p>Un tecnicismo familiar para anticiparse a cualquier obst\u00e1culo legal rumbo a 2030.<\/p>\n<p>Pero cuando uno presume manejar bien las leyes, llega alguien que las sostiene con firmeza.<\/p>\n<p>Pero tardo m\u00e1s en decirlo, que en ser desmentido.<\/p>\n<p>El diputado federal Ricardo Monreal \u00c1vila levant\u00f3 la voz, sin medias tintas, para poner freno al entusiasmo Mier: \u201cel nepotismo est\u00e1 prohibido\u201d.<\/p>\n<p>Por lo tanto, bajo ninguna circunstancia se permitir\u00e1 que familiares hereden cargos.<\/p>\n<p>Y si a\u00fan quedaba duda, Monreal ejemplific\u00f3 con su propia casa.<\/p>\n<p>Su hermano est\u00e1 impedido de buscar la gubernatura de Zacatecas porque otro hermano ya ocupa ese cargo.<\/p>\n<p>La ley: se cumple o se quiebra la narrativa de la 4T.<\/p>\n<p>La insistencia de los Mier suena m\u00e1s a necedad pol\u00edtica que a defensa constitucional.<\/p>\n<p>Y eso que apenas ha iniciado este sexenio y ya se les ve asomando hacia 2030.<\/p>\n<p>La ambici\u00f3n corre por las venas, simple.<\/p>\n<p>Pero t\u00e9ngalo por seguro que los Mier insistir\u00e1n en los primos de octavo grado en los pr\u00f3ximos 5 a\u00f1os y medio.<\/p>\n<p>\u00bfAns\u00edan 2030? Ah\u00ed se ver\u00e1.<\/p>\n<p>Pero el mensaje ya est\u00e1 lanzado desde 2025 y la pasarela pol\u00edtica tarde o temprano los sacar\u00e1.<\/p>\n<p>Tiempo al tiempo.<\/p>\n<p>&nbsp;<\/p>\n<p><strong>Transparencia, el nuevo reto<\/strong><\/p>\n<p>Todo est\u00e1 listo para el arranque del nuevo organismo \u201cTransparencia para Puebla y sus Municipios\u201d, creado tras la desaparici\u00f3n del Instituto de Transparencia y Acceso a la Informaci\u00f3n (ITAIPUE),.<\/p>\n<p>Ahora ser\u00e1 el nuevo garante del acceso a la informaci\u00f3n p\u00fablica en el estado.<\/p>\n<p>Isabel Carre\u00f3n Ponce de Le\u00f3n, ser\u00e1 la titular con la responsabilidad tan grande de transparentar la informaci\u00f3n por si sola, sin cuerpo colegiado como era el Itaipue.<\/p>\n<p>Con su trabajo tendr\u00e1 que disipar dudas Carre\u00f3n, ya que no se le conoce en el \u00e1mbito de la transparencia.<\/p>\n<p>Apenas en 2024, se desempe\u00f1aba como secretaria instructora en el del Tribunal Electoral del Estado de Puebla (TEEP) y despu\u00e9s fue designada como magistrada en funciones del Tribunal Electoral del Estado de Puebla (TEEP) tras la renuncia de Idamis Pastor Betancourt, ahora titular de la Fiscal\u00eda General del Estado (FGE).<\/p>\n<p>Ahora salta al mundo de la transparencia.<\/p>\n<p>Sustituir al ITAIPUE implica recuperar la confianza ciudadana en un terreno desgastado y garantizar que el acceso a la informaci\u00f3n no quede en discurso y demostrar que el nuevo modelo sirve mejor que el anterior.<\/p>\n<p>La nueva etapa ha iniciado.<\/p>\n<p>Estaremos pendientes.<\/p>\n","protected":false},"excerpt":{"rendered":"<p>LA PASARELA POR JORGE CASTILLO Hay ambiciones que en lugar de ocultarse, se exhiben con exceso. Ignacio Mier Ba\u00f1uelos no esper\u00f3 ni mediod\u00eda para salir a defender al pap\u00e1, el senador Ignacio Mier Velasco para que pueda aspirar a la gubernatura en 2030. Y ante la prensa, present\u00f3 argumentarios geneal\u00f3gicos dignos de catedr\u00e1tico: \u201cel abuelo&#8230;<\/p>\n","protected":false},"author":16,"featured_media":32341,"comment_status":"closed","ping_status":"closed","sticky":false,"template":"","format":"standard","meta":[],"categories":[10],"tags":[1226,4035,1356,49],"yoast_head":"<!-- This site is optimized with the Yoast SEO plugin v20.8 - https:\/\/yoast.com\/wordpress\/plugins\/seo\/ -->\n<title>Los Mier, la terquedad insaciable - The Puebla Times<\/title>\n<meta name=\"robots\" content=\"index, follow, max-snippet:-1, max-image-preview:large, max-video-preview:-1\" \/>\n<link rel=\"canonical\" href=\"https:\/\/thepueblatimes.mx\/index.php\/2025\/08\/19\/los-mier-la-terquedad-insaciable\/\" \/>\n<meta property=\"og:locale\" content=\"es_ES\" \/>\n<meta property=\"og:type\" content=\"article\" \/>\n<meta property=\"og:title\" content=\"Los Mier, la terquedad insaciable - The Puebla Times\" \/>\n<meta property=\"og:description\" content=\"LA PASARELA POR JORGE CASTILLO Hay ambiciones que en lugar de ocultarse, se exhiben con exceso. Ignacio Mier Ba\u00f1uelos no esper\u00f3 ni mediod\u00eda para salir a defender al pap\u00e1, el senador Ignacio Mier Velasco para que pueda aspirar a la gubernatura en 2030. Y ante la prensa, present\u00f3 argumentarios geneal\u00f3gicos dignos de catedr\u00e1tico: \u201cel abuelo...\" \/>\n<meta property=\"og:url\" content=\"https:\/\/thepueblatimes.mx\/index.php\/2025\/08\/19\/los-mier-la-terquedad-insaciable\/\" \/>\n<meta property=\"og:site_name\" content=\"The Puebla Times\" \/>\n<meta property=\"article:published_time\" content=\"2025-08-19T23:38:18+00:00\" \/>\n<meta property=\"og:image\" content=\"https:\/\/thepueblatimes.mx\/wp-content\/uploads\/2025\/08\/487313510_688909007002259_7777081053283833207_n.jpg\" \/>\n\t<meta property=\"og:image:width\" content=\"1080\" \/>\n\t<meta property=\"og:image:height\" content=\"1082\" \/>\n\t<meta property=\"og:image:type\" content=\"image\/jpeg\" \/>\n<meta name=\"author\" content=\"Sa\u00fal Hern\u00e1ndez\" \/>\n<meta name=\"twitter:card\" content=\"summary_large_image\" \/>\n<meta name=\"twitter:label1\" content=\"Escrito por\" \/>\n\t<meta name=\"twitter:data1\" content=\"Sa\u00fal Hern\u00e1ndez\" \/>\n\t<meta name=\"twitter:label2\" content=\"Tiempo de lectura\" \/>\n\t<meta name=\"twitter:data2\" content=\"3 minutos\" \/>\n<script type=\"application\/ld+json\" class=\"yoast-schema-graph\">{\"@context\":\"https:\/\/schema.org\",\"@graph\":[{\"@type\":\"WebPage\",\"@id\":\"https:\/\/thepueblatimes.mx\/index.php\/2025\/08\/19\/los-mier-la-terquedad-insaciable\/\",\"url\":\"https:\/\/thepueblatimes.mx\/index.php\/2025\/08\/19\/los-mier-la-terquedad-insaciable\/\",\"name\":\"Los Mier, la terquedad insaciable - The Puebla Times\",\"isPartOf\":{\"@id\":\"https:\/\/thepueblatimes.mx\/#website\"},\"datePublished\":\"2025-08-19T23:38:18+00:00\",\"dateModified\":\"2025-08-19T23:38:18+00:00\",\"author\":{\"@id\":\"https:\/\/thepueblatimes.mx\/#\/schema\/person\/1664894c2f65ce2c7a08d8f5f905c13c\"},\"breadcrumb\":{\"@id\":\"https:\/\/thepueblatimes.mx\/index.php\/2025\/08\/19\/los-mier-la-terquedad-insaciable\/#breadcrumb\"},\"inLanguage\":\"es\",\"potentialAction\":[{\"@type\":\"ReadAction\",\"target\":[\"https:\/\/thepueblatimes.mx\/index.php\/2025\/08\/19\/los-mier-la-terquedad-insaciable\/\"]}]},{\"@type\":\"BreadcrumbList\",\"@id\":\"https:\/\/thepueblatimes.mx\/index.php\/2025\/08\/19\/los-mier-la-terquedad-insaciable\/#breadcrumb\",\"itemListElement\":[{\"@type\":\"ListItem\",\"position\":1,\"name\":\"Portada\",\"item\":\"https:\/\/thepueblatimes.mx\/\"},{\"@type\":\"ListItem\",\"position\":2,\"name\":\"Los Mier, la terquedad insaciable\"}]},{\"@type\":\"WebSite\",\"@id\":\"https:\/\/thepueblatimes.mx\/#website\",\"url\":\"https:\/\/thepueblatimes.mx\/\",\"name\":\"The Puebla Times\",\"description\":\"Noticias del Estado de Puebla\",\"potentialAction\":[{\"@type\":\"SearchAction\",\"target\":{\"@type\":\"EntryPoint\",\"urlTemplate\":\"https:\/\/thepueblatimes.mx\/?s={search_term_string}\"},\"query-input\":\"required name=search_term_string\"}],\"inLanguage\":\"es\"},{\"@type\":\"Person\",\"@id\":\"https:\/\/thepueblatimes.mx\/#\/schema\/person\/1664894c2f65ce2c7a08d8f5f905c13c\",\"name\":\"Sa\u00fal Hern\u00e1ndez\",\"image\":{\"@type\":\"ImageObject\",\"inLanguage\":\"es\",\"@id\":\"https:\/\/thepueblatimes.mx\/#\/schema\/person\/image\/\",\"url\":\"https:\/\/secure.gravatar.com\/avatar\/11be338693f243309532caad8f10c930?s=96&d=mm&r=g\",\"contentUrl\":\"https:\/\/secure.gravatar.com\/avatar\/11be338693f243309532caad8f10c930?s=96&d=mm&r=g\",\"caption\":\"Sa\u00fal Hern\u00e1ndez\"},\"url\":\"https:\/\/thepueblatimes.mx\/index.php\/author\/saulhernandez\/\"}]}<\/script>\n<!-- \/ Yoast SEO plugin. -->","yoast_head_json":{"title":"Los Mier, la terquedad insaciable - The Puebla Times","robots":{"index":"index","follow":"follow","max-snippet":"max-snippet:-1","max-image-preview":"max-image-preview:large","max-video-preview":"max-video-preview:-1"},"canonical":"https:\/\/thepueblatimes.mx\/index.php\/2025\/08\/19\/los-mier-la-terquedad-insaciable\/","og_locale":"es_ES","og_type":"article","og_title":"Los Mier, la terquedad insaciable - The Puebla Times","og_description":"LA PASARELA POR JORGE CASTILLO Hay ambiciones que en lugar de ocultarse, se exhiben con exceso. Ignacio Mier Ba\u00f1uelos no esper\u00f3 ni mediod\u00eda para salir a defender al pap\u00e1, el senador Ignacio Mier Velasco para que pueda aspirar a la gubernatura en 2030. Y ante la prensa, present\u00f3 argumentarios geneal\u00f3gicos dignos de catedr\u00e1tico: \u201cel abuelo...","og_url":"https:\/\/thepueblatimes.mx\/index.php\/2025\/08\/19\/los-mier-la-terquedad-insaciable\/","og_site_name":"The Puebla Times","article_published_time":"2025-08-19T23:38:18+00:00","og_image":[{"width":1080,"height":1082,"url":"https:\/\/thepueblatimes.mx\/wp-content\/uploads\/2025\/08\/487313510_688909007002259_7777081053283833207_n.jpg","type":"image\/jpeg"}],"author":"Sa\u00fal Hern\u00e1ndez","twitter_card":"summary_large_image","twitter_misc":{"Escrito por":"Sa\u00fal Hern\u00e1ndez","Tiempo de lectura":"3 minutos"},"schema":{"@context":"https:\/\/schema.org","@graph":[{"@type":"WebPage","@id":"https:\/\/thepueblatimes.mx\/index.php\/2025\/08\/19\/los-mier-la-terquedad-insaciable\/","url":"https:\/\/thepueblatimes.mx\/index.php\/2025\/08\/19\/los-mier-la-terquedad-insaciable\/","name":"Los Mier, la terquedad insaciable - The Puebla Times","isPartOf":{"@id":"https:\/\/thepueblatimes.mx\/#website"},"datePublished":"2025-08-19T23:38:18+00:00","dateModified":"2025-08-19T23:38:18+00:00","author":{"@id":"https:\/\/thepueblatimes.mx\/#\/schema\/person\/1664894c2f65ce2c7a08d8f5f905c13c"},"breadcrumb":{"@id":"https:\/\/thepueblatimes.mx\/index.php\/2025\/08\/19\/los-mier-la-terquedad-insaciable\/#breadcrumb"},"inLanguage":"es","potentialAction":[{"@type":"ReadAction","target":["https:\/\/thepueblatimes.mx\/index.php\/2025\/08\/19\/los-mier-la-terquedad-insaciable\/"]}]},{"@type":"BreadcrumbList","@id":"https:\/\/thepueblatimes.mx\/index.php\/2025\/08\/19\/los-mier-la-terquedad-insaciable\/#breadcrumb","itemListElement":[{"@type":"ListItem","position":1,"name":"Portada","item":"https:\/\/thepueblatimes.mx\/"},{"@type":"ListItem","position":2,"name":"Los Mier, la terquedad insaciable"}]},{"@type":"WebSite","@id":"https:\/\/thepueblatimes.mx\/#website","url":"https:\/\/thepueblatimes.mx\/","name":"The Puebla Times","description":"Noticias del Estado de Puebla","potentialAction":[{"@type":"SearchAction","target":{"@type":"EntryPoint","urlTemplate":"https:\/\/thepueblatimes.mx\/?s={search_term_string}"},"query-input":"required name=search_term_string"}],"inLanguage":"es"},{"@type":"Person","@id":"https:\/\/thepueblatimes.mx\/#\/schema\/person\/1664894c2f65ce2c7a08d8f5f905c13c","name":"Sa\u00fal Hern\u00e1ndez","image":{"@type":"ImageObject","inLanguage":"es","@id":"https:\/\/thepueblatimes.mx\/#\/schema\/person\/image\/","url":"https:\/\/secure.gravatar.com\/avatar\/11be338693f243309532caad8f10c930?s=96&d=mm&r=g","contentUrl":"https:\/\/secure.gravatar.com\/avatar\/11be338693f243309532caad8f10c930?s=96&d=mm&r=g","caption":"Sa\u00fal Hern\u00e1ndez"},"url":"https:\/\/thepueblatimes.mx\/index.php\/author\/saulhernandez\/"}]}},"jetpack_featured_media_url":"https:\/\/thepueblatimes.mx\/wp-content\/uploads\/2025\/08\/487313510_688909007002259_7777081053283833207_n.jpg","_links":{"self":[{"href":"https:\/\/thepueblatimes.mx\/index.php\/wp-json\/wp\/v2\/posts\/32340"}],"collection":[{"href":"https:\/\/thepueblatimes.mx\/index.php\/wp-json\/wp\/v2\/posts"}],"about":[{"href":"https:\/\/thepueblatimes.mx\/index.php\/wp-json\/wp\/v2\/types\/post"}],"author":[{"embeddable":true,"href":"https:\/\/thepueblatimes.mx\/index.php\/wp-json\/wp\/v2\/users\/16"}],"replies":[{"embeddable":true,"href":"https:\/\/thepueblatimes.mx\/index.php\/wp-json\/wp\/v2\/comments?post=32340"}],"version-history":[{"count":1,"href":"https:\/\/thepueblatimes.mx\/index.php\/wp-json\/wp\/v2\/posts\/32340\/revisions"}],"predecessor-version":[{"id":32342,"href":"https:\/\/thepueblatimes.mx\/index.php\/wp-json\/wp\/v2\/posts\/32340\/revisions\/32342"}],"wp:featuredmedia":[{"embeddable":true,"href":"https:\/\/thepueblatimes.mx\/index.php\/wp-json\/wp\/v2\/media\/32341"}],"wp:attachment":[{"href":"https:\/\/thepueblatimes.mx\/index.php\/wp-json\/wp\/v2\/media?parent=32340"}],"wp:term":[{"taxonomy":"category","embeddable":true,"href":"https:\/\/thepueblatimes.mx\/index.php\/wp-json\/wp\/v2\/categories?post=32340"},{"taxonomy":"post_tag","embeddable":true,"href":"https:\/\/thepueblatimes.mx\/index.php\/wp-json\/wp\/v2\/tags?post=32340"}],"curies":[{"name":"wp","href":"https:\/\/api.w.org\/{rel}","templated":true}]}}