{"id":32337,"date":"2025-08-19T17:32:05","date_gmt":"2025-08-19T23:32:05","guid":{"rendered":"https:\/\/thepueblatimes.mx\/?p=32337"},"modified":"2025-08-19T17:32:05","modified_gmt":"2025-08-19T23:32:05","slug":"sedif-promueve-carreras-tecnicas-en-centros-de-capacitacion-y-desarrollo-cecade","status":"publish","type":"post","link":"https:\/\/thepueblatimes.mx\/index.php\/2025\/08\/19\/sedif-promueve-carreras-tecnicas-en-centros-de-capacitacion-y-desarrollo-cecade\/","title":{"rendered":"SEDIF promueve carreras t\u00e9cnicas en Centros de Capacitaci\u00f3n y Desarrollo (CECADE)"},"content":{"rendered":"<p>\u2022 Las y los interesados, a trav\u00e9s de las carreras y talleres, adquieren conocimientos y habilidades para vincularse al sector productivo en alguna empresa o con negocio propio.<br \/>\n\u2022 En el estado existen 191 CECADE y est\u00e1n en proceso de inscripci\u00f3n.<\/p>\n<p>CIUDAD DE PUEBLA, Pue.- El Sistema Estatal para el Desarrollo Integral de la Familia (SEDIF), a trav\u00e9s de los Centros de Capacitaci\u00f3n y Desarrollo (CECADE), ofrece programas educativos y formativos, dise\u00f1ados para mejorar las habilidades, competencias y conocimientos de las personas en \u00e1reas espec\u00edficas que les permiten en determinado tiempo, prepararse, integrarse y vincular al sector productivo, ya sea en alguna empresa o instalar su propio negocio.<\/p>\n<p>Estos centros representan una oportunidad para impulsar el desarrollo de las familias, gracias a las diversas actividades y aprendizajes que ofrecen. Por ello, la presidenta del Patronato del SEDIF, Ceci Arellano, mantiene las puertas abiertas para mujeres y hombres que desean convertirse en agentes de cambio, capaces de transformar su entorno con trabajo, dignidad y esperanza.<\/p>\n<p>En el estado hay 191 CEDADE ubicados en 134 municipios de la sierra norte, la sierra mixteca, sierra negra y la sierra nororiental. Las y los interesados en formarse en las diferentes carreras y talleres podr\u00e1n inscribirse en el centro m\u00e1s cercano con los siguientes requisitos: acta de nacimiento, CURP, certificado de primaria o secundaria (para el caso de las carreras t\u00e9cnicas), INE, comprobante de domicilio, certificado m\u00e9dico de dependencia p\u00fablica, todo en original y dos copias, as\u00ed como cubrir las cuotas establecidas que var\u00edan seg\u00fan la zona y la capacitaci\u00f3n solicitada.<\/p>\n<p>Las carreras (t\u00e9cnicas) de capacitaci\u00f3n para el trabajo con validez oficial son: dise\u00f1o de modas, gastronom\u00eda y estilismo. Adem\u00e1s de los talleres en aplicaci\u00f3n de u\u00f1as de acr\u00edlico, aplicaci\u00f3n y extensi\u00f3n de pesta\u00f1as, automaquillaje, barber\u00eda, computaci\u00f3n, reposter\u00eda, cocteler\u00eda, masaje terap\u00e9utico, panader\u00eda, entre otros.<\/p>\n<p>Para mayor informaci\u00f3n, en Puebla pueden comunicarse al n\u00famero 22-15-88-46-85, tambi\u00e9n acudir directamente a las oficinas centrales del CECADE, ubicada en la calle 4 oriente 806, colonia centro, en un horario de 9:00 de la ma\u00f1ana a 18:00 horas o consultar la p\u00e1gina web: https:\/\/ventanilla.puebla.gob.mx\/web\/fichaAsunto.do?opcion=0&amp;asas_ide_asu=2104&amp;ruta=\/web\/asuntosMasUsuales.do?opcion .<\/p>\n","protected":false},"excerpt":{"rendered":"<p>\u2022 Las y los interesados, a trav\u00e9s de las carreras y talleres, adquieren conocimientos y habilidades para vincularse al sector productivo en alguna empresa o con negocio propio. \u2022 En el estado existen 191 CECADE y est\u00e1n en proceso de inscripci\u00f3n. CIUDAD DE PUEBLA, Pue.- El Sistema Estatal para el Desarrollo Integral de la Familia&#8230;<\/p>\n","protected":false},"author":16,"featured_media":32338,"comment_status":"closed","ping_status":"closed","sticky":false,"template":"","format":"standard","meta":[],"categories":[3],"tags":[1523,1341],"yoast_head":"<!-- This site is optimized with the Yoast SEO plugin v20.8 - https:\/\/yoast.com\/wordpress\/plugins\/seo\/ -->\n<title>SEDIF promueve carreras t\u00e9cnicas en Centros de Capacitaci\u00f3n y Desarrollo (CECADE) - The Puebla Times<\/title>\n<meta name=\"robots\" content=\"index, follow, max-snippet:-1, max-image-preview:large, max-video-preview:-1\" \/>\n<link rel=\"canonical\" href=\"https:\/\/thepueblatimes.mx\/index.php\/2025\/08\/19\/sedif-promueve-carreras-tecnicas-en-centros-de-capacitacion-y-desarrollo-cecade\/\" \/>\n<meta property=\"og:locale\" content=\"es_ES\" \/>\n<meta property=\"og:type\" content=\"article\" \/>\n<meta property=\"og:title\" content=\"SEDIF promueve carreras t\u00e9cnicas en Centros de Capacitaci\u00f3n y Desarrollo (CECADE) - The Puebla Times\" \/>\n<meta property=\"og:description\" content=\"\u2022 Las y los interesados, a trav\u00e9s de las carreras y talleres, adquieren conocimientos y habilidades para vincularse al sector productivo en alguna empresa o con negocio propio. \u2022 En el estado existen 191 CECADE y est\u00e1n en proceso de inscripci\u00f3n. CIUDAD DE PUEBLA, Pue.- El Sistema Estatal para el Desarrollo Integral de la Familia...\" \/>\n<meta property=\"og:url\" content=\"https:\/\/thepueblatimes.mx\/index.php\/2025\/08\/19\/sedif-promueve-carreras-tecnicas-en-centros-de-capacitacion-y-desarrollo-cecade\/\" \/>\n<meta property=\"og:site_name\" content=\"The Puebla Times\" \/>\n<meta property=\"article:published_time\" content=\"2025-08-19T23:32:05+00:00\" \/>\n<meta property=\"og:image\" content=\"https:\/\/thepueblatimes.mx\/wp-content\/uploads\/2025\/08\/WhatsApp-Image-2025-08-19-at-12.38.13.jpeg\" \/>\n\t<meta property=\"og:image:width\" content=\"2560\" \/>\n\t<meta property=\"og:image:height\" content=\"1706\" \/>\n\t<meta property=\"og:image:type\" content=\"image\/jpeg\" \/>\n<meta name=\"author\" content=\"Sa\u00fal Hern\u00e1ndez\" \/>\n<meta name=\"twitter:card\" content=\"summary_large_image\" \/>\n<meta name=\"twitter:label1\" content=\"Escrito por\" \/>\n\t<meta name=\"twitter:data1\" content=\"Sa\u00fal Hern\u00e1ndez\" \/>\n\t<meta name=\"twitter:label2\" content=\"Tiempo de lectura\" \/>\n\t<meta name=\"twitter:data2\" content=\"2 minutos\" \/>\n<script type=\"application\/ld+json\" class=\"yoast-schema-graph\">{\"@context\":\"https:\/\/schema.org\",\"@graph\":[{\"@type\":\"WebPage\",\"@id\":\"https:\/\/thepueblatimes.mx\/index.php\/2025\/08\/19\/sedif-promueve-carreras-tecnicas-en-centros-de-capacitacion-y-desarrollo-cecade\/\",\"url\":\"https:\/\/thepueblatimes.mx\/index.php\/2025\/08\/19\/sedif-promueve-carreras-tecnicas-en-centros-de-capacitacion-y-desarrollo-cecade\/\",\"name\":\"SEDIF promueve carreras t\u00e9cnicas en Centros de Capacitaci\u00f3n y Desarrollo (CECADE) - The Puebla Times\",\"isPartOf\":{\"@id\":\"https:\/\/thepueblatimes.mx\/#website\"},\"datePublished\":\"2025-08-19T23:32:05+00:00\",\"dateModified\":\"2025-08-19T23:32:05+00:00\",\"author\":{\"@id\":\"https:\/\/thepueblatimes.mx\/#\/schema\/person\/1664894c2f65ce2c7a08d8f5f905c13c\"},\"breadcrumb\":{\"@id\":\"https:\/\/thepueblatimes.mx\/index.php\/2025\/08\/19\/sedif-promueve-carreras-tecnicas-en-centros-de-capacitacion-y-desarrollo-cecade\/#breadcrumb\"},\"inLanguage\":\"es\",\"potentialAction\":[{\"@type\":\"ReadAction\",\"target\":[\"https:\/\/thepueblatimes.mx\/index.php\/2025\/08\/19\/sedif-promueve-carreras-tecnicas-en-centros-de-capacitacion-y-desarrollo-cecade\/\"]}]},{\"@type\":\"BreadcrumbList\",\"@id\":\"https:\/\/thepueblatimes.mx\/index.php\/2025\/08\/19\/sedif-promueve-carreras-tecnicas-en-centros-de-capacitacion-y-desarrollo-cecade\/#breadcrumb\",\"itemListElement\":[{\"@type\":\"ListItem\",\"position\":1,\"name\":\"Portada\",\"item\":\"https:\/\/thepueblatimes.mx\/\"},{\"@type\":\"ListItem\",\"position\":2,\"name\":\"SEDIF promueve carreras t\u00e9cnicas en Centros de Capacitaci\u00f3n y Desarrollo (CECADE)\"}]},{\"@type\":\"WebSite\",\"@id\":\"https:\/\/thepueblatimes.mx\/#website\",\"url\":\"https:\/\/thepueblatimes.mx\/\",\"name\":\"The Puebla Times\",\"description\":\"Noticias del Estado de Puebla\",\"potentialAction\":[{\"@type\":\"SearchAction\",\"target\":{\"@type\":\"EntryPoint\",\"urlTemplate\":\"https:\/\/thepueblatimes.mx\/?s={search_term_string}\"},\"query-input\":\"required name=search_term_string\"}],\"inLanguage\":\"es\"},{\"@type\":\"Person\",\"@id\":\"https:\/\/thepueblatimes.mx\/#\/schema\/person\/1664894c2f65ce2c7a08d8f5f905c13c\",\"name\":\"Sa\u00fal Hern\u00e1ndez\",\"image\":{\"@type\":\"ImageObject\",\"inLanguage\":\"es\",\"@id\":\"https:\/\/thepueblatimes.mx\/#\/schema\/person\/image\/\",\"url\":\"https:\/\/secure.gravatar.com\/avatar\/11be338693f243309532caad8f10c930?s=96&d=mm&r=g\",\"contentUrl\":\"https:\/\/secure.gravatar.com\/avatar\/11be338693f243309532caad8f10c930?s=96&d=mm&r=g\",\"caption\":\"Sa\u00fal Hern\u00e1ndez\"},\"url\":\"https:\/\/thepueblatimes.mx\/index.php\/author\/saulhernandez\/\"}]}<\/script>\n<!-- \/ Yoast SEO plugin. -->","yoast_head_json":{"title":"SEDIF promueve carreras t\u00e9cnicas en Centros de Capacitaci\u00f3n y Desarrollo (CECADE) - The Puebla Times","robots":{"index":"index","follow":"follow","max-snippet":"max-snippet:-1","max-image-preview":"max-image-preview:large","max-video-preview":"max-video-preview:-1"},"canonical":"https:\/\/thepueblatimes.mx\/index.php\/2025\/08\/19\/sedif-promueve-carreras-tecnicas-en-centros-de-capacitacion-y-desarrollo-cecade\/","og_locale":"es_ES","og_type":"article","og_title":"SEDIF promueve carreras t\u00e9cnicas en Centros de Capacitaci\u00f3n y Desarrollo (CECADE) - The Puebla Times","og_description":"\u2022 Las y los interesados, a trav\u00e9s de las carreras y talleres, adquieren conocimientos y habilidades para vincularse al sector productivo en alguna empresa o con negocio propio. \u2022 En el estado existen 191 CECADE y est\u00e1n en proceso de inscripci\u00f3n. CIUDAD DE PUEBLA, Pue.- El Sistema Estatal para el Desarrollo Integral de la Familia...","og_url":"https:\/\/thepueblatimes.mx\/index.php\/2025\/08\/19\/sedif-promueve-carreras-tecnicas-en-centros-de-capacitacion-y-desarrollo-cecade\/","og_site_name":"The Puebla Times","article_published_time":"2025-08-19T23:32:05+00:00","og_image":[{"width":2560,"height":1706,"url":"https:\/\/thepueblatimes.mx\/wp-content\/uploads\/2025\/08\/WhatsApp-Image-2025-08-19-at-12.38.13.jpeg","type":"image\/jpeg"}],"author":"Sa\u00fal Hern\u00e1ndez","twitter_card":"summary_large_image","twitter_misc":{"Escrito por":"Sa\u00fal Hern\u00e1ndez","Tiempo de lectura":"2 minutos"},"schema":{"@context":"https:\/\/schema.org","@graph":[{"@type":"WebPage","@id":"https:\/\/thepueblatimes.mx\/index.php\/2025\/08\/19\/sedif-promueve-carreras-tecnicas-en-centros-de-capacitacion-y-desarrollo-cecade\/","url":"https:\/\/thepueblatimes.mx\/index.php\/2025\/08\/19\/sedif-promueve-carreras-tecnicas-en-centros-de-capacitacion-y-desarrollo-cecade\/","name":"SEDIF promueve carreras t\u00e9cnicas en Centros de Capacitaci\u00f3n y Desarrollo (CECADE) - The Puebla Times","isPartOf":{"@id":"https:\/\/thepueblatimes.mx\/#website"},"datePublished":"2025-08-19T23:32:05+00:00","dateModified":"2025-08-19T23:32:05+00:00","author":{"@id":"https:\/\/thepueblatimes.mx\/#\/schema\/person\/1664894c2f65ce2c7a08d8f5f905c13c"},"breadcrumb":{"@id":"https:\/\/thepueblatimes.mx\/index.php\/2025\/08\/19\/sedif-promueve-carreras-tecnicas-en-centros-de-capacitacion-y-desarrollo-cecade\/#breadcrumb"},"inLanguage":"es","potentialAction":[{"@type":"ReadAction","target":["https:\/\/thepueblatimes.mx\/index.php\/2025\/08\/19\/sedif-promueve-carreras-tecnicas-en-centros-de-capacitacion-y-desarrollo-cecade\/"]}]},{"@type":"BreadcrumbList","@id":"https:\/\/thepueblatimes.mx\/index.php\/2025\/08\/19\/sedif-promueve-carreras-tecnicas-en-centros-de-capacitacion-y-desarrollo-cecade\/#breadcrumb","itemListElement":[{"@type":"ListItem","position":1,"name":"Portada","item":"https:\/\/thepueblatimes.mx\/"},{"@type":"ListItem","position":2,"name":"SEDIF promueve carreras t\u00e9cnicas en Centros de Capacitaci\u00f3n y Desarrollo (CECADE)"}]},{"@type":"WebSite","@id":"https:\/\/thepueblatimes.mx\/#website","url":"https:\/\/thepueblatimes.mx\/","name":"The Puebla Times","description":"Noticias del Estado de Puebla","potentialAction":[{"@type":"SearchAction","target":{"@type":"EntryPoint","urlTemplate":"https:\/\/thepueblatimes.mx\/?s={search_term_string}"},"query-input":"required name=search_term_string"}],"inLanguage":"es"},{"@type":"Person","@id":"https:\/\/thepueblatimes.mx\/#\/schema\/person\/1664894c2f65ce2c7a08d8f5f905c13c","name":"Sa\u00fal Hern\u00e1ndez","image":{"@type":"ImageObject","inLanguage":"es","@id":"https:\/\/thepueblatimes.mx\/#\/schema\/person\/image\/","url":"https:\/\/secure.gravatar.com\/avatar\/11be338693f243309532caad8f10c930?s=96&d=mm&r=g","contentUrl":"https:\/\/secure.gravatar.com\/avatar\/11be338693f243309532caad8f10c930?s=96&d=mm&r=g","caption":"Sa\u00fal Hern\u00e1ndez"},"url":"https:\/\/thepueblatimes.mx\/index.php\/author\/saulhernandez\/"}]}},"jetpack_featured_media_url":"https:\/\/thepueblatimes.mx\/wp-content\/uploads\/2025\/08\/WhatsApp-Image-2025-08-19-at-12.38.13.jpeg","_links":{"self":[{"href":"https:\/\/thepueblatimes.mx\/index.php\/wp-json\/wp\/v2\/posts\/32337"}],"collection":[{"href":"https:\/\/thepueblatimes.mx\/index.php\/wp-json\/wp\/v2\/posts"}],"about":[{"href":"https:\/\/thepueblatimes.mx\/index.php\/wp-json\/wp\/v2\/types\/post"}],"author":[{"embeddable":true,"href":"https:\/\/thepueblatimes.mx\/index.php\/wp-json\/wp\/v2\/users\/16"}],"replies":[{"embeddable":true,"href":"https:\/\/thepueblatimes.mx\/index.php\/wp-json\/wp\/v2\/comments?post=32337"}],"version-history":[{"count":1,"href":"https:\/\/thepueblatimes.mx\/index.php\/wp-json\/wp\/v2\/posts\/32337\/revisions"}],"predecessor-version":[{"id":32339,"href":"https:\/\/thepueblatimes.mx\/index.php\/wp-json\/wp\/v2\/posts\/32337\/revisions\/32339"}],"wp:featuredmedia":[{"embeddable":true,"href":"https:\/\/thepueblatimes.mx\/index.php\/wp-json\/wp\/v2\/media\/32338"}],"wp:attachment":[{"href":"https:\/\/thepueblatimes.mx\/index.php\/wp-json\/wp\/v2\/media?parent=32337"}],"wp:term":[{"taxonomy":"category","embeddable":true,"href":"https:\/\/thepueblatimes.mx\/index.php\/wp-json\/wp\/v2\/categories?post=32337"},{"taxonomy":"post_tag","embeddable":true,"href":"https:\/\/thepueblatimes.mx\/index.php\/wp-json\/wp\/v2\/tags?post=32337"}],"curies":[{"name":"wp","href":"https:\/\/api.w.org\/{rel}","templated":true}]}}