{"id":32334,"date":"2025-08-19T17:21:16","date_gmt":"2025-08-19T23:21:16","guid":{"rendered":"https:\/\/thepueblatimes.mx\/?p=32334"},"modified":"2025-08-19T17:21:16","modified_gmt":"2025-08-19T23:21:16","slug":"puebla-se-suma-a-rutas-de-la-salud-para-que-medicamentos-lleguen-a-hospitales-de-imss-bienestar","status":"publish","type":"post","link":"https:\/\/thepueblatimes.mx\/index.php\/2025\/08\/19\/puebla-se-suma-a-rutas-de-la-salud-para-que-medicamentos-lleguen-a-hospitales-de-imss-bienestar\/","title":{"rendered":"Puebla se suma a Rutas de la Salud, para que medicamentos lleguen a hospitales de IMSS-Bienestar"},"content":{"rendered":"<h3><em>-En una primera etapa, la entidad cuenta con m\u00e1s de 33 unidades vehiculares de 1.5 toneladas que recorrer\u00e1n 150 rutas.<\/em><\/h3>\n<h3><em>-Se atender\u00e1n 579 centros de salud de primer nivel en las 13 Regiones M\u00e9dicas Operativas.<\/em><\/h3>\n<p>CIUDAD DE PUEBLA, Pue.- De manera remota con la ma\u00f1anera del pueblo en Palacio Nacional, el gobernador Alejandro Armenta encabez\u00f3 el Banderazo de Salida de las Rutas de la Salud junto al Gobierno Federal que encabeza la presidenta Claudia Sheinbaum y refrend\u00f3 el compromiso de su administraci\u00f3n para supervisar que todos los medicamentos lleguen a las familias.<\/p>\n<p>\u201cVamos a entregar m\u00e1s de 1 mill\u00f3n 700 mil medicinas en todos los centros de salud y hospitales de todo el territorio poblano. Deben saber que nuestra presidenta, con el humanismo que le caracteriza, ha dado una instrucci\u00f3n contundente, ning\u00fan medicamento tiene que estar guardado en los almacenes y con ello evitar que falten medicamentos en las cl\u00ednicas\u201d, puntualiz\u00f3 el mandatario.<\/p>\n<p>En esta primera etapa, Puebla contar\u00e1 con m\u00e1s de 33 unidades vehiculares de 1.5 toneladas que recorrer\u00e1n 150 rutas, que permitir\u00e1n abarcar 579 centros de salud de primer nivel en las 13 Regiones M\u00e9dicas Operativas del estado.<\/p>\n<p>Hasta el 23 de agosto, se distribuir\u00e1 un paquete de 96 claves validadas para la atenci\u00f3n de pacientes, con un total de 33 mil 350 piezas por cada paquete. En conjunto, se alcanzar\u00e1 un suministro superior a 1.73 millones de piezas, lo que representa un crecimiento del 70 por ciento respecto al volumen entregado la semana anterior.<\/p>\n<p>Durante la transmisi\u00f3n, el mandatario estuvo acompa\u00f1ado por el coordinador estatal de IMSS-Bienestar, Ger\u00f3nimo Lara G\u00e1lvez, as\u00ed como por los secretarios de Gobernaci\u00f3n, Samuel Aguilar Pala; por personal m\u00e9dico y por el secretario de Salud, Carlos Alberto Olivier Pacheco, quien resalt\u00f3 que esta estrategia permitir\u00e1 garantizar insumos m\u00e9dicos y atenci\u00f3n digna en todas las unidades de salud en el estado.<\/p>\n<p>La presidenta Claudia Sheinbaum reconoci\u00f3 el compromiso de los 23 gobernadores que forman parte del sistema IMSS-Bienestar y afirm\u00f3 que esta acci\u00f3n responde directamente al reclamo social de acceso pleno y equitativo a medicamentos. Se\u00f1al\u00f3 que la distribuci\u00f3n ya inici\u00f3 en centros de salud y continuar\u00e1 en hospitales, incluidos los oncol\u00f3gicos, como parte de un nuevo modelo nacional de abasto.<\/p>\n<p>Con estas acciones, el Gobierno de M\u00e9xico, en coordinaci\u00f3n con IMSS-Bienestar, Birmex y las autoridades estatales, da un paso firme hacia la consolidaci\u00f3n de un sistema de salud digno, eficiente y centrado en las personas, como parte del Proyecto de Naci\u00f3n basado en el bienestar y la paz social.<\/p>\n","protected":false},"excerpt":{"rendered":"<p>-En una primera etapa, la entidad cuenta con m\u00e1s de 33 unidades vehiculares de 1.5 toneladas que recorrer\u00e1n 150 rutas. -Se atender\u00e1n 579 centros de salud de primer nivel en las 13 Regiones M\u00e9dicas Operativas. CIUDAD DE PUEBLA, Pue.- De manera remota con la ma\u00f1anera del pueblo en Palacio Nacional, el gobernador Alejandro Armenta encabez\u00f3&#8230;<\/p>\n","protected":false},"author":16,"featured_media":32335,"comment_status":"closed","ping_status":"closed","sticky":false,"template":"","format":"standard","meta":[],"categories":[3],"tags":[187,1273],"yoast_head":"<!-- This site is optimized with the Yoast SEO plugin v20.8 - https:\/\/yoast.com\/wordpress\/plugins\/seo\/ -->\n<title>Puebla se suma a Rutas de la Salud, para que medicamentos lleguen a hospitales de IMSS-Bienestar - The Puebla Times<\/title>\n<meta name=\"robots\" content=\"index, follow, max-snippet:-1, max-image-preview:large, max-video-preview:-1\" \/>\n<link rel=\"canonical\" href=\"https:\/\/thepueblatimes.mx\/index.php\/2025\/08\/19\/puebla-se-suma-a-rutas-de-la-salud-para-que-medicamentos-lleguen-a-hospitales-de-imss-bienestar\/\" \/>\n<meta property=\"og:locale\" content=\"es_ES\" \/>\n<meta property=\"og:type\" content=\"article\" \/>\n<meta property=\"og:title\" content=\"Puebla se suma a Rutas de la Salud, para que medicamentos lleguen a hospitales de IMSS-Bienestar - The Puebla Times\" \/>\n<meta property=\"og:description\" content=\"-En una primera etapa, la entidad cuenta con m\u00e1s de 33 unidades vehiculares de 1.5 toneladas que recorrer\u00e1n 150 rutas. -Se atender\u00e1n 579 centros de salud de primer nivel en las 13 Regiones M\u00e9dicas Operativas. CIUDAD DE PUEBLA, Pue.- De manera remota con la ma\u00f1anera del pueblo en Palacio Nacional, el gobernador Alejandro Armenta encabez\u00f3...\" \/>\n<meta property=\"og:url\" content=\"https:\/\/thepueblatimes.mx\/index.php\/2025\/08\/19\/puebla-se-suma-a-rutas-de-la-salud-para-que-medicamentos-lleguen-a-hospitales-de-imss-bienestar\/\" \/>\n<meta property=\"og:site_name\" content=\"The Puebla Times\" \/>\n<meta property=\"article:published_time\" content=\"2025-08-19T23:21:16+00:00\" \/>\n<meta property=\"og:image\" content=\"https:\/\/thepueblatimes.mx\/wp-content\/uploads\/2025\/08\/WhatsApp-Image-2025-08-19-at-09.45.25-scaled.jpeg\" \/>\n\t<meta property=\"og:image:width\" content=\"2560\" \/>\n\t<meta property=\"og:image:height\" content=\"1621\" \/>\n\t<meta property=\"og:image:type\" content=\"image\/jpeg\" \/>\n<meta name=\"author\" content=\"Sa\u00fal Hern\u00e1ndez\" \/>\n<meta name=\"twitter:card\" content=\"summary_large_image\" \/>\n<meta name=\"twitter:label1\" content=\"Escrito por\" \/>\n\t<meta name=\"twitter:data1\" content=\"Sa\u00fal Hern\u00e1ndez\" \/>\n\t<meta name=\"twitter:label2\" content=\"Tiempo de lectura\" \/>\n\t<meta name=\"twitter:data2\" content=\"2 minutos\" \/>\n<script type=\"application\/ld+json\" class=\"yoast-schema-graph\">{\"@context\":\"https:\/\/schema.org\",\"@graph\":[{\"@type\":\"WebPage\",\"@id\":\"https:\/\/thepueblatimes.mx\/index.php\/2025\/08\/19\/puebla-se-suma-a-rutas-de-la-salud-para-que-medicamentos-lleguen-a-hospitales-de-imss-bienestar\/\",\"url\":\"https:\/\/thepueblatimes.mx\/index.php\/2025\/08\/19\/puebla-se-suma-a-rutas-de-la-salud-para-que-medicamentos-lleguen-a-hospitales-de-imss-bienestar\/\",\"name\":\"Puebla se suma a Rutas de la Salud, para que medicamentos lleguen a hospitales de IMSS-Bienestar - The Puebla Times\",\"isPartOf\":{\"@id\":\"https:\/\/thepueblatimes.mx\/#website\"},\"datePublished\":\"2025-08-19T23:21:16+00:00\",\"dateModified\":\"2025-08-19T23:21:16+00:00\",\"author\":{\"@id\":\"https:\/\/thepueblatimes.mx\/#\/schema\/person\/1664894c2f65ce2c7a08d8f5f905c13c\"},\"breadcrumb\":{\"@id\":\"https:\/\/thepueblatimes.mx\/index.php\/2025\/08\/19\/puebla-se-suma-a-rutas-de-la-salud-para-que-medicamentos-lleguen-a-hospitales-de-imss-bienestar\/#breadcrumb\"},\"inLanguage\":\"es\",\"potentialAction\":[{\"@type\":\"ReadAction\",\"target\":[\"https:\/\/thepueblatimes.mx\/index.php\/2025\/08\/19\/puebla-se-suma-a-rutas-de-la-salud-para-que-medicamentos-lleguen-a-hospitales-de-imss-bienestar\/\"]}]},{\"@type\":\"BreadcrumbList\",\"@id\":\"https:\/\/thepueblatimes.mx\/index.php\/2025\/08\/19\/puebla-se-suma-a-rutas-de-la-salud-para-que-medicamentos-lleguen-a-hospitales-de-imss-bienestar\/#breadcrumb\",\"itemListElement\":[{\"@type\":\"ListItem\",\"position\":1,\"name\":\"Portada\",\"item\":\"https:\/\/thepueblatimes.mx\/\"},{\"@type\":\"ListItem\",\"position\":2,\"name\":\"Puebla se suma a Rutas de la Salud, para que medicamentos lleguen a hospitales de IMSS-Bienestar\"}]},{\"@type\":\"WebSite\",\"@id\":\"https:\/\/thepueblatimes.mx\/#website\",\"url\":\"https:\/\/thepueblatimes.mx\/\",\"name\":\"The Puebla Times\",\"description\":\"Noticias del Estado de Puebla\",\"potentialAction\":[{\"@type\":\"SearchAction\",\"target\":{\"@type\":\"EntryPoint\",\"urlTemplate\":\"https:\/\/thepueblatimes.mx\/?s={search_term_string}\"},\"query-input\":\"required name=search_term_string\"}],\"inLanguage\":\"es\"},{\"@type\":\"Person\",\"@id\":\"https:\/\/thepueblatimes.mx\/#\/schema\/person\/1664894c2f65ce2c7a08d8f5f905c13c\",\"name\":\"Sa\u00fal Hern\u00e1ndez\",\"image\":{\"@type\":\"ImageObject\",\"inLanguage\":\"es\",\"@id\":\"https:\/\/thepueblatimes.mx\/#\/schema\/person\/image\/\",\"url\":\"https:\/\/secure.gravatar.com\/avatar\/11be338693f243309532caad8f10c930?s=96&d=mm&r=g\",\"contentUrl\":\"https:\/\/secure.gravatar.com\/avatar\/11be338693f243309532caad8f10c930?s=96&d=mm&r=g\",\"caption\":\"Sa\u00fal Hern\u00e1ndez\"},\"url\":\"https:\/\/thepueblatimes.mx\/index.php\/author\/saulhernandez\/\"}]}<\/script>\n<!-- \/ Yoast SEO plugin. -->","yoast_head_json":{"title":"Puebla se suma a Rutas de la Salud, para que medicamentos lleguen a hospitales de IMSS-Bienestar - The Puebla Times","robots":{"index":"index","follow":"follow","max-snippet":"max-snippet:-1","max-image-preview":"max-image-preview:large","max-video-preview":"max-video-preview:-1"},"canonical":"https:\/\/thepueblatimes.mx\/index.php\/2025\/08\/19\/puebla-se-suma-a-rutas-de-la-salud-para-que-medicamentos-lleguen-a-hospitales-de-imss-bienestar\/","og_locale":"es_ES","og_type":"article","og_title":"Puebla se suma a Rutas de la Salud, para que medicamentos lleguen a hospitales de IMSS-Bienestar - The Puebla Times","og_description":"-En una primera etapa, la entidad cuenta con m\u00e1s de 33 unidades vehiculares de 1.5 toneladas que recorrer\u00e1n 150 rutas. -Se atender\u00e1n 579 centros de salud de primer nivel en las 13 Regiones M\u00e9dicas Operativas. CIUDAD DE PUEBLA, Pue.- De manera remota con la ma\u00f1anera del pueblo en Palacio Nacional, el gobernador Alejandro Armenta encabez\u00f3...","og_url":"https:\/\/thepueblatimes.mx\/index.php\/2025\/08\/19\/puebla-se-suma-a-rutas-de-la-salud-para-que-medicamentos-lleguen-a-hospitales-de-imss-bienestar\/","og_site_name":"The Puebla Times","article_published_time":"2025-08-19T23:21:16+00:00","og_image":[{"width":2560,"height":1621,"url":"https:\/\/thepueblatimes.mx\/wp-content\/uploads\/2025\/08\/WhatsApp-Image-2025-08-19-at-09.45.25-scaled.jpeg","type":"image\/jpeg"}],"author":"Sa\u00fal Hern\u00e1ndez","twitter_card":"summary_large_image","twitter_misc":{"Escrito por":"Sa\u00fal Hern\u00e1ndez","Tiempo de lectura":"2 minutos"},"schema":{"@context":"https:\/\/schema.org","@graph":[{"@type":"WebPage","@id":"https:\/\/thepueblatimes.mx\/index.php\/2025\/08\/19\/puebla-se-suma-a-rutas-de-la-salud-para-que-medicamentos-lleguen-a-hospitales-de-imss-bienestar\/","url":"https:\/\/thepueblatimes.mx\/index.php\/2025\/08\/19\/puebla-se-suma-a-rutas-de-la-salud-para-que-medicamentos-lleguen-a-hospitales-de-imss-bienestar\/","name":"Puebla se suma a Rutas de la Salud, para que medicamentos lleguen a hospitales de IMSS-Bienestar - The Puebla Times","isPartOf":{"@id":"https:\/\/thepueblatimes.mx\/#website"},"datePublished":"2025-08-19T23:21:16+00:00","dateModified":"2025-08-19T23:21:16+00:00","author":{"@id":"https:\/\/thepueblatimes.mx\/#\/schema\/person\/1664894c2f65ce2c7a08d8f5f905c13c"},"breadcrumb":{"@id":"https:\/\/thepueblatimes.mx\/index.php\/2025\/08\/19\/puebla-se-suma-a-rutas-de-la-salud-para-que-medicamentos-lleguen-a-hospitales-de-imss-bienestar\/#breadcrumb"},"inLanguage":"es","potentialAction":[{"@type":"ReadAction","target":["https:\/\/thepueblatimes.mx\/index.php\/2025\/08\/19\/puebla-se-suma-a-rutas-de-la-salud-para-que-medicamentos-lleguen-a-hospitales-de-imss-bienestar\/"]}]},{"@type":"BreadcrumbList","@id":"https:\/\/thepueblatimes.mx\/index.php\/2025\/08\/19\/puebla-se-suma-a-rutas-de-la-salud-para-que-medicamentos-lleguen-a-hospitales-de-imss-bienestar\/#breadcrumb","itemListElement":[{"@type":"ListItem","position":1,"name":"Portada","item":"https:\/\/thepueblatimes.mx\/"},{"@type":"ListItem","position":2,"name":"Puebla se suma a Rutas de la Salud, para que medicamentos lleguen a hospitales de IMSS-Bienestar"}]},{"@type":"WebSite","@id":"https:\/\/thepueblatimes.mx\/#website","url":"https:\/\/thepueblatimes.mx\/","name":"The Puebla Times","description":"Noticias del Estado de Puebla","potentialAction":[{"@type":"SearchAction","target":{"@type":"EntryPoint","urlTemplate":"https:\/\/thepueblatimes.mx\/?s={search_term_string}"},"query-input":"required name=search_term_string"}],"inLanguage":"es"},{"@type":"Person","@id":"https:\/\/thepueblatimes.mx\/#\/schema\/person\/1664894c2f65ce2c7a08d8f5f905c13c","name":"Sa\u00fal Hern\u00e1ndez","image":{"@type":"ImageObject","inLanguage":"es","@id":"https:\/\/thepueblatimes.mx\/#\/schema\/person\/image\/","url":"https:\/\/secure.gravatar.com\/avatar\/11be338693f243309532caad8f10c930?s=96&d=mm&r=g","contentUrl":"https:\/\/secure.gravatar.com\/avatar\/11be338693f243309532caad8f10c930?s=96&d=mm&r=g","caption":"Sa\u00fal Hern\u00e1ndez"},"url":"https:\/\/thepueblatimes.mx\/index.php\/author\/saulhernandez\/"}]}},"jetpack_featured_media_url":"https:\/\/thepueblatimes.mx\/wp-content\/uploads\/2025\/08\/WhatsApp-Image-2025-08-19-at-09.45.25-scaled.jpeg","_links":{"self":[{"href":"https:\/\/thepueblatimes.mx\/index.php\/wp-json\/wp\/v2\/posts\/32334"}],"collection":[{"href":"https:\/\/thepueblatimes.mx\/index.php\/wp-json\/wp\/v2\/posts"}],"about":[{"href":"https:\/\/thepueblatimes.mx\/index.php\/wp-json\/wp\/v2\/types\/post"}],"author":[{"embeddable":true,"href":"https:\/\/thepueblatimes.mx\/index.php\/wp-json\/wp\/v2\/users\/16"}],"replies":[{"embeddable":true,"href":"https:\/\/thepueblatimes.mx\/index.php\/wp-json\/wp\/v2\/comments?post=32334"}],"version-history":[{"count":1,"href":"https:\/\/thepueblatimes.mx\/index.php\/wp-json\/wp\/v2\/posts\/32334\/revisions"}],"predecessor-version":[{"id":32336,"href":"https:\/\/thepueblatimes.mx\/index.php\/wp-json\/wp\/v2\/posts\/32334\/revisions\/32336"}],"wp:featuredmedia":[{"embeddable":true,"href":"https:\/\/thepueblatimes.mx\/index.php\/wp-json\/wp\/v2\/media\/32335"}],"wp:attachment":[{"href":"https:\/\/thepueblatimes.mx\/index.php\/wp-json\/wp\/v2\/media?parent=32334"}],"wp:term":[{"taxonomy":"category","embeddable":true,"href":"https:\/\/thepueblatimes.mx\/index.php\/wp-json\/wp\/v2\/categories?post=32334"},{"taxonomy":"post_tag","embeddable":true,"href":"https:\/\/thepueblatimes.mx\/index.php\/wp-json\/wp\/v2\/tags?post=32334"}],"curies":[{"name":"wp","href":"https:\/\/api.w.org\/{rel}","templated":true}]}}