{"id":32294,"date":"2025-08-18T15:40:14","date_gmt":"2025-08-18T21:40:14","guid":{"rendered":"https:\/\/thepueblatimes.mx\/?p=32294"},"modified":"2025-08-18T15:40:14","modified_gmt":"2025-08-18T21:40:14","slug":"sedif-honra-la-vida-de-abuelitas-y-abuelitos","status":"publish","type":"post","link":"https:\/\/thepueblatimes.mx\/index.php\/2025\/08\/18\/sedif-honra-la-vida-de-abuelitas-y-abuelitos\/","title":{"rendered":"SEDIF honra la vida de Abuelitas y Abuelitos"},"content":{"rendered":"<h3><em>-El festejo fue en la Casa del Abue donde se dieron cita m\u00e1s de mil 500 personas.<\/em><\/h3>\n<h3><em>-\u201dNuestro compromiso es acompa\u00f1arlos, cuidar su salud, darles un espacio digno y garantizarles un mejor bienestar\u201d: Ceci Arellano.<\/em><\/h3>\n<p>CIUDAD DE PUEBLA, Pue.- Entre alegr\u00edas, risas y baile, la presidenta del Patronato del Sistema Estatal para el Desarrollo Integral de la Familia (SEDIF), Ceci Arellano, y directivos del organismo festejaron en grande a las abuelitas y abuelitos que conviven en el Centro de Gerontolog\u00eda: Casa del Abue.<\/p>\n<p>En un ambiente lleno de felicidad donde hubo regalos y rifa, Ceci Arellano destac\u00f3 que para ella y el gobernador Alejandro Armenta, los abuelitos y abuelitas son una parte fundamental durante su administraci\u00f3n porque sus experiencias forjan a las mujeres y hombres del ma\u00f1ana. \u201cEs muy importante que compartan sus vivencias y sabidur\u00eda d\u00eda a d\u00eda, es algo que no tiene precio solo puedo decirles gracias. Tengan la certeza que la Casa del Abue ser\u00e1 un espacio en \u00f3ptimas condiciones para sus necesidades\u201d.<\/p>\n<p>En su oportunidad el director general del SEDIF, Juan Carlos Valdez Zayas felicit\u00f3 a las abuelitas y abuelitos, quienes a lo largo de su vida ense\u00f1aron a caminar, agradecer, a dar amor sin medida, pero sobre todo por compartir c\u00f3mo vivir con fe y esperanza. Una sociedad que cuida a sus adultos mayores es una sociedad que honra su propia historia.<\/p>\n<p>Valdez Zayaz dijo que para Ceci Arellano y para el gobernador Alejandro Armenta es un compromiso ofrecer un espacio digno, con actividades para los adultos mayores, por lo que anunci\u00f3 la construcci\u00f3n de una nueva Casa del Abue que estar\u00e1 ubicada en la colonia Mayorazgo al sur de la ciudad, y que ser\u00e1 inaugurada antes de que finalice el 2025. Adem\u00e1s dijo que, en este a\u00f1o hay una inversi\u00f3n de 22 millones de pesos que se aplicar\u00e1 para equipamiento de 96 Estancias de d\u00eda, ubicadas en todo el estado.<\/p>\n<p>Por \u00faltimo, el funcionario agradeci\u00f3 a todo el personal de la Familia DIF por cuidar de las y los abuelitos con pasi\u00f3n, respeto y amor al pr\u00f3jimo, porque con su convicci\u00f3n de servicio han logrado que sus corazones vuelvan a latir y sentirse vivos. \u201cCuidar y escuchar a los adultos mayores no solo es un acto de cari\u00f1o, es un verdadero privilegio, sentarse a su lado, escuchar sus recuerdos, aprender de sus consejos es un verdadero tesoro que ning\u00fan libro puede contener, no dejemos que las prisas, ni las pantallas, nos hagan olvidar el valor de una buena pl\u00e1tica, de un abrazo o de un te quiero\u201d, a\u00f1adi\u00f3.<\/p>\n","protected":false},"excerpt":{"rendered":"<p>-El festejo fue en la Casa del Abue donde se dieron cita m\u00e1s de mil 500 personas. -\u201dNuestro compromiso es acompa\u00f1arlos, cuidar su salud, darles un espacio digno y garantizarles un mejor bienestar\u201d: Ceci Arellano. CIUDAD DE PUEBLA, Pue.- Entre alegr\u00edas, risas y baile, la presidenta del Patronato del Sistema Estatal para el Desarrollo Integral&#8230;<\/p>\n","protected":false},"author":16,"featured_media":32295,"comment_status":"closed","ping_status":"closed","sticky":false,"template":"","format":"standard","meta":[],"categories":[3],"tags":[1523,1273,1341],"yoast_head":"<!-- This site is optimized with the Yoast SEO plugin v20.8 - https:\/\/yoast.com\/wordpress\/plugins\/seo\/ -->\n<title>SEDIF honra la vida de Abuelitas y Abuelitos - The Puebla Times<\/title>\n<meta name=\"robots\" content=\"index, follow, max-snippet:-1, max-image-preview:large, max-video-preview:-1\" \/>\n<link rel=\"canonical\" href=\"https:\/\/thepueblatimes.mx\/index.php\/2025\/08\/18\/sedif-honra-la-vida-de-abuelitas-y-abuelitos\/\" \/>\n<meta property=\"og:locale\" content=\"es_ES\" \/>\n<meta property=\"og:type\" content=\"article\" \/>\n<meta property=\"og:title\" content=\"SEDIF honra la vida de Abuelitas y Abuelitos - The Puebla Times\" \/>\n<meta property=\"og:description\" content=\"-El festejo fue en la Casa del Abue donde se dieron cita m\u00e1s de mil 500 personas. -\u201dNuestro compromiso es acompa\u00f1arlos, cuidar su salud, darles un espacio digno y garantizarles un mejor bienestar\u201d: Ceci Arellano. CIUDAD DE PUEBLA, Pue.- Entre alegr\u00edas, risas y baile, la presidenta del Patronato del Sistema Estatal para el Desarrollo Integral...\" \/>\n<meta property=\"og:url\" content=\"https:\/\/thepueblatimes.mx\/index.php\/2025\/08\/18\/sedif-honra-la-vida-de-abuelitas-y-abuelitos\/\" \/>\n<meta property=\"og:site_name\" content=\"The Puebla Times\" \/>\n<meta property=\"article:published_time\" content=\"2025-08-18T21:40:14+00:00\" \/>\n<meta property=\"og:image\" content=\"https:\/\/thepueblatimes.mx\/wp-content\/uploads\/2025\/08\/WhatsApp-Image-2025-08-18-at-06.53.00-1.jpeg\" \/>\n\t<meta property=\"og:image:width\" content=\"1280\" \/>\n\t<meta property=\"og:image:height\" content=\"853\" \/>\n\t<meta property=\"og:image:type\" content=\"image\/jpeg\" \/>\n<meta name=\"author\" content=\"Sa\u00fal Hern\u00e1ndez\" \/>\n<meta name=\"twitter:card\" content=\"summary_large_image\" \/>\n<meta name=\"twitter:label1\" content=\"Escrito por\" \/>\n\t<meta name=\"twitter:data1\" content=\"Sa\u00fal Hern\u00e1ndez\" \/>\n\t<meta name=\"twitter:label2\" content=\"Tiempo de lectura\" \/>\n\t<meta name=\"twitter:data2\" content=\"2 minutos\" \/>\n<script type=\"application\/ld+json\" class=\"yoast-schema-graph\">{\"@context\":\"https:\/\/schema.org\",\"@graph\":[{\"@type\":\"WebPage\",\"@id\":\"https:\/\/thepueblatimes.mx\/index.php\/2025\/08\/18\/sedif-honra-la-vida-de-abuelitas-y-abuelitos\/\",\"url\":\"https:\/\/thepueblatimes.mx\/index.php\/2025\/08\/18\/sedif-honra-la-vida-de-abuelitas-y-abuelitos\/\",\"name\":\"SEDIF honra la vida de Abuelitas y Abuelitos - The Puebla Times\",\"isPartOf\":{\"@id\":\"https:\/\/thepueblatimes.mx\/#website\"},\"datePublished\":\"2025-08-18T21:40:14+00:00\",\"dateModified\":\"2025-08-18T21:40:14+00:00\",\"author\":{\"@id\":\"https:\/\/thepueblatimes.mx\/#\/schema\/person\/1664894c2f65ce2c7a08d8f5f905c13c\"},\"breadcrumb\":{\"@id\":\"https:\/\/thepueblatimes.mx\/index.php\/2025\/08\/18\/sedif-honra-la-vida-de-abuelitas-y-abuelitos\/#breadcrumb\"},\"inLanguage\":\"es\",\"potentialAction\":[{\"@type\":\"ReadAction\",\"target\":[\"https:\/\/thepueblatimes.mx\/index.php\/2025\/08\/18\/sedif-honra-la-vida-de-abuelitas-y-abuelitos\/\"]}]},{\"@type\":\"BreadcrumbList\",\"@id\":\"https:\/\/thepueblatimes.mx\/index.php\/2025\/08\/18\/sedif-honra-la-vida-de-abuelitas-y-abuelitos\/#breadcrumb\",\"itemListElement\":[{\"@type\":\"ListItem\",\"position\":1,\"name\":\"Portada\",\"item\":\"https:\/\/thepueblatimes.mx\/\"},{\"@type\":\"ListItem\",\"position\":2,\"name\":\"SEDIF honra la vida de Abuelitas y Abuelitos\"}]},{\"@type\":\"WebSite\",\"@id\":\"https:\/\/thepueblatimes.mx\/#website\",\"url\":\"https:\/\/thepueblatimes.mx\/\",\"name\":\"The Puebla Times\",\"description\":\"Noticias del Estado de Puebla\",\"potentialAction\":[{\"@type\":\"SearchAction\",\"target\":{\"@type\":\"EntryPoint\",\"urlTemplate\":\"https:\/\/thepueblatimes.mx\/?s={search_term_string}\"},\"query-input\":\"required name=search_term_string\"}],\"inLanguage\":\"es\"},{\"@type\":\"Person\",\"@id\":\"https:\/\/thepueblatimes.mx\/#\/schema\/person\/1664894c2f65ce2c7a08d8f5f905c13c\",\"name\":\"Sa\u00fal Hern\u00e1ndez\",\"image\":{\"@type\":\"ImageObject\",\"inLanguage\":\"es\",\"@id\":\"https:\/\/thepueblatimes.mx\/#\/schema\/person\/image\/\",\"url\":\"https:\/\/secure.gravatar.com\/avatar\/11be338693f243309532caad8f10c930?s=96&d=mm&r=g\",\"contentUrl\":\"https:\/\/secure.gravatar.com\/avatar\/11be338693f243309532caad8f10c930?s=96&d=mm&r=g\",\"caption\":\"Sa\u00fal Hern\u00e1ndez\"},\"url\":\"https:\/\/thepueblatimes.mx\/index.php\/author\/saulhernandez\/\"}]}<\/script>\n<!-- \/ Yoast SEO plugin. -->","yoast_head_json":{"title":"SEDIF honra la vida de Abuelitas y Abuelitos - The Puebla Times","robots":{"index":"index","follow":"follow","max-snippet":"max-snippet:-1","max-image-preview":"max-image-preview:large","max-video-preview":"max-video-preview:-1"},"canonical":"https:\/\/thepueblatimes.mx\/index.php\/2025\/08\/18\/sedif-honra-la-vida-de-abuelitas-y-abuelitos\/","og_locale":"es_ES","og_type":"article","og_title":"SEDIF honra la vida de Abuelitas y Abuelitos - The Puebla Times","og_description":"-El festejo fue en la Casa del Abue donde se dieron cita m\u00e1s de mil 500 personas. -\u201dNuestro compromiso es acompa\u00f1arlos, cuidar su salud, darles un espacio digno y garantizarles un mejor bienestar\u201d: Ceci Arellano. CIUDAD DE PUEBLA, Pue.- Entre alegr\u00edas, risas y baile, la presidenta del Patronato del Sistema Estatal para el Desarrollo Integral...","og_url":"https:\/\/thepueblatimes.mx\/index.php\/2025\/08\/18\/sedif-honra-la-vida-de-abuelitas-y-abuelitos\/","og_site_name":"The Puebla Times","article_published_time":"2025-08-18T21:40:14+00:00","og_image":[{"width":1280,"height":853,"url":"https:\/\/thepueblatimes.mx\/wp-content\/uploads\/2025\/08\/WhatsApp-Image-2025-08-18-at-06.53.00-1.jpeg","type":"image\/jpeg"}],"author":"Sa\u00fal Hern\u00e1ndez","twitter_card":"summary_large_image","twitter_misc":{"Escrito por":"Sa\u00fal Hern\u00e1ndez","Tiempo de lectura":"2 minutos"},"schema":{"@context":"https:\/\/schema.org","@graph":[{"@type":"WebPage","@id":"https:\/\/thepueblatimes.mx\/index.php\/2025\/08\/18\/sedif-honra-la-vida-de-abuelitas-y-abuelitos\/","url":"https:\/\/thepueblatimes.mx\/index.php\/2025\/08\/18\/sedif-honra-la-vida-de-abuelitas-y-abuelitos\/","name":"SEDIF honra la vida de Abuelitas y Abuelitos - The Puebla Times","isPartOf":{"@id":"https:\/\/thepueblatimes.mx\/#website"},"datePublished":"2025-08-18T21:40:14+00:00","dateModified":"2025-08-18T21:40:14+00:00","author":{"@id":"https:\/\/thepueblatimes.mx\/#\/schema\/person\/1664894c2f65ce2c7a08d8f5f905c13c"},"breadcrumb":{"@id":"https:\/\/thepueblatimes.mx\/index.php\/2025\/08\/18\/sedif-honra-la-vida-de-abuelitas-y-abuelitos\/#breadcrumb"},"inLanguage":"es","potentialAction":[{"@type":"ReadAction","target":["https:\/\/thepueblatimes.mx\/index.php\/2025\/08\/18\/sedif-honra-la-vida-de-abuelitas-y-abuelitos\/"]}]},{"@type":"BreadcrumbList","@id":"https:\/\/thepueblatimes.mx\/index.php\/2025\/08\/18\/sedif-honra-la-vida-de-abuelitas-y-abuelitos\/#breadcrumb","itemListElement":[{"@type":"ListItem","position":1,"name":"Portada","item":"https:\/\/thepueblatimes.mx\/"},{"@type":"ListItem","position":2,"name":"SEDIF honra la vida de Abuelitas y Abuelitos"}]},{"@type":"WebSite","@id":"https:\/\/thepueblatimes.mx\/#website","url":"https:\/\/thepueblatimes.mx\/","name":"The Puebla Times","description":"Noticias del Estado de Puebla","potentialAction":[{"@type":"SearchAction","target":{"@type":"EntryPoint","urlTemplate":"https:\/\/thepueblatimes.mx\/?s={search_term_string}"},"query-input":"required name=search_term_string"}],"inLanguage":"es"},{"@type":"Person","@id":"https:\/\/thepueblatimes.mx\/#\/schema\/person\/1664894c2f65ce2c7a08d8f5f905c13c","name":"Sa\u00fal Hern\u00e1ndez","image":{"@type":"ImageObject","inLanguage":"es","@id":"https:\/\/thepueblatimes.mx\/#\/schema\/person\/image\/","url":"https:\/\/secure.gravatar.com\/avatar\/11be338693f243309532caad8f10c930?s=96&d=mm&r=g","contentUrl":"https:\/\/secure.gravatar.com\/avatar\/11be338693f243309532caad8f10c930?s=96&d=mm&r=g","caption":"Sa\u00fal Hern\u00e1ndez"},"url":"https:\/\/thepueblatimes.mx\/index.php\/author\/saulhernandez\/"}]}},"jetpack_featured_media_url":"https:\/\/thepueblatimes.mx\/wp-content\/uploads\/2025\/08\/WhatsApp-Image-2025-08-18-at-06.53.00-1.jpeg","_links":{"self":[{"href":"https:\/\/thepueblatimes.mx\/index.php\/wp-json\/wp\/v2\/posts\/32294"}],"collection":[{"href":"https:\/\/thepueblatimes.mx\/index.php\/wp-json\/wp\/v2\/posts"}],"about":[{"href":"https:\/\/thepueblatimes.mx\/index.php\/wp-json\/wp\/v2\/types\/post"}],"author":[{"embeddable":true,"href":"https:\/\/thepueblatimes.mx\/index.php\/wp-json\/wp\/v2\/users\/16"}],"replies":[{"embeddable":true,"href":"https:\/\/thepueblatimes.mx\/index.php\/wp-json\/wp\/v2\/comments?post=32294"}],"version-history":[{"count":1,"href":"https:\/\/thepueblatimes.mx\/index.php\/wp-json\/wp\/v2\/posts\/32294\/revisions"}],"predecessor-version":[{"id":32296,"href":"https:\/\/thepueblatimes.mx\/index.php\/wp-json\/wp\/v2\/posts\/32294\/revisions\/32296"}],"wp:featuredmedia":[{"embeddable":true,"href":"https:\/\/thepueblatimes.mx\/index.php\/wp-json\/wp\/v2\/media\/32295"}],"wp:attachment":[{"href":"https:\/\/thepueblatimes.mx\/index.php\/wp-json\/wp\/v2\/media?parent=32294"}],"wp:term":[{"taxonomy":"category","embeddable":true,"href":"https:\/\/thepueblatimes.mx\/index.php\/wp-json\/wp\/v2\/categories?post=32294"},{"taxonomy":"post_tag","embeddable":true,"href":"https:\/\/thepueblatimes.mx\/index.php\/wp-json\/wp\/v2\/tags?post=32294"}],"curies":[{"name":"wp","href":"https:\/\/api.w.org\/{rel}","templated":true}]}}