{"id":32289,"date":"2025-08-18T13:31:32","date_gmt":"2025-08-18T19:31:32","guid":{"rendered":"https:\/\/thepueblatimes.mx\/?p=32289"},"modified":"2025-08-19T09:26:01","modified_gmt":"2025-08-19T15:26:01","slug":"deportan-a-migrantes-poblanos-de-eu-sin-construir-un-patrimonio-en-mexico","status":"publish","type":"post","link":"https:\/\/thepueblatimes.mx\/index.php\/2025\/08\/18\/deportan-a-migrantes-poblanos-de-eu-sin-construir-un-patrimonio-en-mexico\/","title":{"rendered":"Migrantes deportados; el retorno que nadie planific\u00f3"},"content":{"rendered":"<p>LA MIXTECA HOY<\/p>\n<p>POR FERNANDO HOYOS BRAVO<\/p>\n<p>&nbsp;<\/p>\n<p>El endurecimiento de las deportaciones est\u00e1 regresando a cientos de paisanos a sus pueblos de origen sin vivienda ni ahorros. Es una realidad inc\u00f3moda: muchos gozaron de una buena vida en EE. UU., pero no construyeron un patrimonio en M\u00e9xico. Hoy vuelven con las manos vac\u00edas y una lecci\u00f3n urgente.<\/p>\n<p>&nbsp;<\/p>\n<p>Hay historias que duelen porque son espejo.<\/p>\n<p>&nbsp;<\/p>\n<p>Cientos de nuestros hermanos migrantes est\u00e1n siendo deportados y, al volver, descubren que no tienen casa ni dinero para empezar de nuevo.<\/p>\n<p>&nbsp;<\/p>\n<p>Algunos se fueron por a\u00f1os, incluso d\u00e9cadas.<\/p>\n<p>&nbsp;<\/p>\n<p>Trabajaron duro, pero no \u201chicieron la tarea\u201d: no ahorraron, no compraron un terreno, no levantaron aunque fuera un cuarto propio en su comunidad.<\/p>\n<p>&nbsp;<\/p>\n<p>En Estados Unidos vivieron bien.<\/p>\n<p>&nbsp;<\/p>\n<p>Ropa de marca, auto reciente, salidas a restaurantes y bares.<\/p>\n<p>La idea era sencilla: \u201cnunca me van a deportar\u201d.<\/p>\n<p>&nbsp;<\/p>\n<p>Algunos adquirieron viviendas all\u00e1 sin regularizar su estatus migratorio, y hasta lograron a pensar que ya eran gringos.<\/p>\n<p>&nbsp;<\/p>\n<p>Otros se acostumbraron a la vida americana y pospusieron el env\u00edo de remesas para construir en M\u00e9xico.<\/p>\n<p>El tiempo pas\u00f3\u2026 y la migra toc\u00f3 la puerta.<\/p>\n<p>&nbsp;<\/p>\n<p>Nunca les paso por la cabeza que en Estados Unidos iban a ser perseguidos, acosados, arrestados, encarcelados y finalmente deportados a su pa\u00eds.<\/p>\n<p>&nbsp;<\/p>\n<p>Conviene recordar el sentido original de la migraci\u00f3n hacia \u201cEl Norte\u201d:<br \/>\nBuscar mejores condiciones de vida para la familia, comprar una casa, asegurar un patrimonio, montar un negocio tal vez.<\/p>\n<p>&nbsp;<\/p>\n<p>Ese objetivo se diluy\u00f3 para un segmento que hoy llega sin nada, y es cuando el sue\u00f1o americano se convierte en una horrible pesadilla.<\/p>\n<p>&nbsp;<\/p>\n<p>No todos est\u00e1n en esa situaci\u00f3n.<\/p>\n<p>Muchos s\u00ed enviaron d\u00f3lares, compraron su lote, construyeron su hogar y hoy regresan con tranquilidad.<\/p>\n<p>&nbsp;<\/p>\n<p>Hay otro segmento de nuestros hermanos migrantes que con papeles o sin, son exitosos en M\u00e9xico y en Estados Unidos, porque fueron a conquistar el sue\u00f1o americano y montaron negocios que los han hecho decidir por su cuenta si se regresan o no.<\/p>\n<p>&nbsp;<\/p>\n<p>Incluso hay quienes optan por la autodeportaci\u00f3n para no arriesgarse a una separaci\u00f3n familiar.<\/p>\n<p>&nbsp;<\/p>\n<p>Pero a quienes no se han puesto las pilas, este es el mensaje: nunca es tarde.<\/p>\n<p>&nbsp;<\/p>\n<p>Regulariza lo que puedas, aprieta el gasto y manda los benditos d\u00f3lares \u00a0a M\u00e9xico para levantar tu casita.<\/p>\n<p>&nbsp;<\/p>\n<p>Un cuarto propio vale m\u00e1s que un carro del a\u00f1o y de vivir en una cultura que no es la nuestra.<\/p>\n<p>&nbsp;<\/p>\n<p>Nadie sabe qu\u00e9 le depara a Estados Unidos ni al mundo.<\/p>\n<p>Guerras, crisis o atentados \u2014como los del 11 de septiembre de 2001\u2014 cambian la vida en un instante.<\/p>\n<p>&nbsp;<\/p>\n<p>Tener ahorro y techo en M\u00e9xico es un seguro de certidumbre.<\/p>\n<p>&nbsp;<\/p>\n<p>Nuestros hermanos migrantes son nuestros h\u00e9roes nacionales, nuestros guerreros y deben hacer conciencia y pensar que estan obligados a tener su patrimonio en M\u00e9xico.<\/p>\n<p>&nbsp;<\/p>\n<p>Volver a empezar a los 50 o 60 a\u00f1os es duro.<\/p>\n<p>&nbsp;<\/p>\n<p>La fuerza productiva ya no es la misma, ya no te dan trabajo a esa edad, y los apoyos gubernamentales son m\u00ednimos.<\/p>\n<p>&nbsp;<\/p>\n<p>Por eso, cada d\u00f3lar cuenta si se convierte en ladrillo, escritura o negocio propio.<\/p>\n<p>&nbsp;<\/p>\n<p>No hay receta m\u00e1gica, pero s\u00ed un principio:<br \/>\nAhorra y construye hoy, para no sufrir ma\u00f1ana.<\/p>\n<p>&nbsp;<\/p>\n<p>Ese es el verdadero sue\u00f1o: llegar a casa\u2026 y que la casa sea tuya.<\/p>\n<p>&nbsp;<\/p>\n<p>En el estado de Puebla, las cifras oficiales hablan de casi 4 mil personas deportadas en solo 7 meses del gobierno Trumpista, pero cientos de migrantes tambi\u00e9n se han regresando por su voluntad propia al pueblo que los vio nacer.<\/p>\n<p>&nbsp;<\/p>\n<p>Suerte y muchas Bendiciones a nuestros migrantes que residen en Estados Unidos.<\/p>\n<p>&nbsp;<\/p>\n<p>GRACIAS Y SI DIOS NOS DEJA, NOS LEEMOS EN LA SIGUIENTE ENTREGA\u2026<\/p>\n","protected":false},"excerpt":{"rendered":"<p>LA MIXTECA HOY POR FERNANDO HOYOS BRAVO &nbsp; El endurecimiento de las deportaciones est\u00e1 regresando a cientos de paisanos a sus pueblos de origen sin vivienda ni ahorros. Es una realidad inc\u00f3moda: muchos gozaron de una buena vida en EE. UU., pero no construyeron un patrimonio en M\u00e9xico. Hoy vuelven con las manos vac\u00edas y&#8230;<\/p>\n","protected":false},"author":16,"featured_media":32291,"comment_status":"closed","ping_status":"closed","sticky":false,"template":"","format":"standard","meta":[],"categories":[10],"tags":[3858,1498,191,352,49],"yoast_head":"<!-- This site is optimized with the Yoast SEO plugin v20.8 - https:\/\/yoast.com\/wordpress\/plugins\/seo\/ -->\n<title>Migrantes deportados; el retorno que nadie planific\u00f3 - The Puebla Times<\/title>\n<meta name=\"robots\" content=\"index, follow, max-snippet:-1, max-image-preview:large, max-video-preview:-1\" \/>\n<link rel=\"canonical\" href=\"https:\/\/thepueblatimes.mx\/index.php\/2025\/08\/18\/deportan-a-migrantes-poblanos-de-eu-sin-construir-un-patrimonio-en-mexico\/\" \/>\n<meta property=\"og:locale\" content=\"es_ES\" \/>\n<meta property=\"og:type\" content=\"article\" \/>\n<meta property=\"og:title\" content=\"Migrantes deportados; el retorno que nadie planific\u00f3 - The Puebla Times\" \/>\n<meta property=\"og:description\" content=\"LA MIXTECA HOY POR FERNANDO HOYOS BRAVO &nbsp; El endurecimiento de las deportaciones est\u00e1 regresando a cientos de paisanos a sus pueblos de origen sin vivienda ni ahorros. Es una realidad inc\u00f3moda: muchos gozaron de una buena vida en EE. UU., pero no construyeron un patrimonio en M\u00e9xico. Hoy vuelven con las manos vac\u00edas y...\" \/>\n<meta property=\"og:url\" content=\"https:\/\/thepueblatimes.mx\/index.php\/2025\/08\/18\/deportan-a-migrantes-poblanos-de-eu-sin-construir-un-patrimonio-en-mexico\/\" \/>\n<meta property=\"og:site_name\" content=\"The Puebla Times\" \/>\n<meta property=\"article:published_time\" content=\"2025-08-18T19:31:32+00:00\" \/>\n<meta property=\"article:modified_time\" content=\"2025-08-19T15:26:01+00:00\" \/>\n<meta property=\"og:image\" content=\"https:\/\/thepueblatimes.mx\/wp-content\/uploads\/2025\/08\/NOTA-PAUTA-1-10-1024x518.png\" \/>\n\t<meta property=\"og:image:width\" content=\"1024\" \/>\n\t<meta property=\"og:image:height\" content=\"518\" \/>\n\t<meta property=\"og:image:type\" content=\"image\/png\" \/>\n<meta name=\"author\" content=\"Sa\u00fal Hern\u00e1ndez\" \/>\n<meta name=\"twitter:card\" content=\"summary_large_image\" \/>\n<meta name=\"twitter:label1\" content=\"Escrito por\" \/>\n\t<meta name=\"twitter:data1\" content=\"Sa\u00fal Hern\u00e1ndez\" \/>\n\t<meta name=\"twitter:label2\" content=\"Tiempo de lectura\" \/>\n\t<meta name=\"twitter:data2\" content=\"3 minutos\" \/>\n<script type=\"application\/ld+json\" class=\"yoast-schema-graph\">{\"@context\":\"https:\/\/schema.org\",\"@graph\":[{\"@type\":\"WebPage\",\"@id\":\"https:\/\/thepueblatimes.mx\/index.php\/2025\/08\/18\/deportan-a-migrantes-poblanos-de-eu-sin-construir-un-patrimonio-en-mexico\/\",\"url\":\"https:\/\/thepueblatimes.mx\/index.php\/2025\/08\/18\/deportan-a-migrantes-poblanos-de-eu-sin-construir-un-patrimonio-en-mexico\/\",\"name\":\"Migrantes deportados; el retorno que nadie planific\u00f3 - The Puebla Times\",\"isPartOf\":{\"@id\":\"https:\/\/thepueblatimes.mx\/#website\"},\"datePublished\":\"2025-08-18T19:31:32+00:00\",\"dateModified\":\"2025-08-19T15:26:01+00:00\",\"author\":{\"@id\":\"https:\/\/thepueblatimes.mx\/#\/schema\/person\/1664894c2f65ce2c7a08d8f5f905c13c\"},\"breadcrumb\":{\"@id\":\"https:\/\/thepueblatimes.mx\/index.php\/2025\/08\/18\/deportan-a-migrantes-poblanos-de-eu-sin-construir-un-patrimonio-en-mexico\/#breadcrumb\"},\"inLanguage\":\"es\",\"potentialAction\":[{\"@type\":\"ReadAction\",\"target\":[\"https:\/\/thepueblatimes.mx\/index.php\/2025\/08\/18\/deportan-a-migrantes-poblanos-de-eu-sin-construir-un-patrimonio-en-mexico\/\"]}]},{\"@type\":\"BreadcrumbList\",\"@id\":\"https:\/\/thepueblatimes.mx\/index.php\/2025\/08\/18\/deportan-a-migrantes-poblanos-de-eu-sin-construir-un-patrimonio-en-mexico\/#breadcrumb\",\"itemListElement\":[{\"@type\":\"ListItem\",\"position\":1,\"name\":\"Portada\",\"item\":\"https:\/\/thepueblatimes.mx\/\"},{\"@type\":\"ListItem\",\"position\":2,\"name\":\"Migrantes deportados; el retorno que nadie planific\u00f3\"}]},{\"@type\":\"WebSite\",\"@id\":\"https:\/\/thepueblatimes.mx\/#website\",\"url\":\"https:\/\/thepueblatimes.mx\/\",\"name\":\"The Puebla Times\",\"description\":\"Noticias del Estado de Puebla\",\"potentialAction\":[{\"@type\":\"SearchAction\",\"target\":{\"@type\":\"EntryPoint\",\"urlTemplate\":\"https:\/\/thepueblatimes.mx\/?s={search_term_string}\"},\"query-input\":\"required name=search_term_string\"}],\"inLanguage\":\"es\"},{\"@type\":\"Person\",\"@id\":\"https:\/\/thepueblatimes.mx\/#\/schema\/person\/1664894c2f65ce2c7a08d8f5f905c13c\",\"name\":\"Sa\u00fal Hern\u00e1ndez\",\"image\":{\"@type\":\"ImageObject\",\"inLanguage\":\"es\",\"@id\":\"https:\/\/thepueblatimes.mx\/#\/schema\/person\/image\/\",\"url\":\"https:\/\/secure.gravatar.com\/avatar\/11be338693f243309532caad8f10c930?s=96&d=mm&r=g\",\"contentUrl\":\"https:\/\/secure.gravatar.com\/avatar\/11be338693f243309532caad8f10c930?s=96&d=mm&r=g\",\"caption\":\"Sa\u00fal Hern\u00e1ndez\"},\"url\":\"https:\/\/thepueblatimes.mx\/index.php\/author\/saulhernandez\/\"}]}<\/script>\n<!-- \/ Yoast SEO plugin. -->","yoast_head_json":{"title":"Migrantes deportados; el retorno que nadie planific\u00f3 - The Puebla Times","robots":{"index":"index","follow":"follow","max-snippet":"max-snippet:-1","max-image-preview":"max-image-preview:large","max-video-preview":"max-video-preview:-1"},"canonical":"https:\/\/thepueblatimes.mx\/index.php\/2025\/08\/18\/deportan-a-migrantes-poblanos-de-eu-sin-construir-un-patrimonio-en-mexico\/","og_locale":"es_ES","og_type":"article","og_title":"Migrantes deportados; el retorno que nadie planific\u00f3 - The Puebla Times","og_description":"LA MIXTECA HOY POR FERNANDO HOYOS BRAVO &nbsp; El endurecimiento de las deportaciones est\u00e1 regresando a cientos de paisanos a sus pueblos de origen sin vivienda ni ahorros. Es una realidad inc\u00f3moda: muchos gozaron de una buena vida en EE. UU., pero no construyeron un patrimonio en M\u00e9xico. Hoy vuelven con las manos vac\u00edas y...","og_url":"https:\/\/thepueblatimes.mx\/index.php\/2025\/08\/18\/deportan-a-migrantes-poblanos-de-eu-sin-construir-un-patrimonio-en-mexico\/","og_site_name":"The Puebla Times","article_published_time":"2025-08-18T19:31:32+00:00","article_modified_time":"2025-08-19T15:26:01+00:00","og_image":[{"width":1024,"height":518,"url":"https:\/\/thepueblatimes.mx\/wp-content\/uploads\/2025\/08\/NOTA-PAUTA-1-10-1024x518.png","type":"image\/png"}],"author":"Sa\u00fal Hern\u00e1ndez","twitter_card":"summary_large_image","twitter_misc":{"Escrito por":"Sa\u00fal Hern\u00e1ndez","Tiempo de lectura":"3 minutos"},"schema":{"@context":"https:\/\/schema.org","@graph":[{"@type":"WebPage","@id":"https:\/\/thepueblatimes.mx\/index.php\/2025\/08\/18\/deportan-a-migrantes-poblanos-de-eu-sin-construir-un-patrimonio-en-mexico\/","url":"https:\/\/thepueblatimes.mx\/index.php\/2025\/08\/18\/deportan-a-migrantes-poblanos-de-eu-sin-construir-un-patrimonio-en-mexico\/","name":"Migrantes deportados; el retorno que nadie planific\u00f3 - The Puebla Times","isPartOf":{"@id":"https:\/\/thepueblatimes.mx\/#website"},"datePublished":"2025-08-18T19:31:32+00:00","dateModified":"2025-08-19T15:26:01+00:00","author":{"@id":"https:\/\/thepueblatimes.mx\/#\/schema\/person\/1664894c2f65ce2c7a08d8f5f905c13c"},"breadcrumb":{"@id":"https:\/\/thepueblatimes.mx\/index.php\/2025\/08\/18\/deportan-a-migrantes-poblanos-de-eu-sin-construir-un-patrimonio-en-mexico\/#breadcrumb"},"inLanguage":"es","potentialAction":[{"@type":"ReadAction","target":["https:\/\/thepueblatimes.mx\/index.php\/2025\/08\/18\/deportan-a-migrantes-poblanos-de-eu-sin-construir-un-patrimonio-en-mexico\/"]}]},{"@type":"BreadcrumbList","@id":"https:\/\/thepueblatimes.mx\/index.php\/2025\/08\/18\/deportan-a-migrantes-poblanos-de-eu-sin-construir-un-patrimonio-en-mexico\/#breadcrumb","itemListElement":[{"@type":"ListItem","position":1,"name":"Portada","item":"https:\/\/thepueblatimes.mx\/"},{"@type":"ListItem","position":2,"name":"Migrantes deportados; el retorno que nadie planific\u00f3"}]},{"@type":"WebSite","@id":"https:\/\/thepueblatimes.mx\/#website","url":"https:\/\/thepueblatimes.mx\/","name":"The Puebla Times","description":"Noticias del Estado de Puebla","potentialAction":[{"@type":"SearchAction","target":{"@type":"EntryPoint","urlTemplate":"https:\/\/thepueblatimes.mx\/?s={search_term_string}"},"query-input":"required name=search_term_string"}],"inLanguage":"es"},{"@type":"Person","@id":"https:\/\/thepueblatimes.mx\/#\/schema\/person\/1664894c2f65ce2c7a08d8f5f905c13c","name":"Sa\u00fal Hern\u00e1ndez","image":{"@type":"ImageObject","inLanguage":"es","@id":"https:\/\/thepueblatimes.mx\/#\/schema\/person\/image\/","url":"https:\/\/secure.gravatar.com\/avatar\/11be338693f243309532caad8f10c930?s=96&d=mm&r=g","contentUrl":"https:\/\/secure.gravatar.com\/avatar\/11be338693f243309532caad8f10c930?s=96&d=mm&r=g","caption":"Sa\u00fal Hern\u00e1ndez"},"url":"https:\/\/thepueblatimes.mx\/index.php\/author\/saulhernandez\/"}]}},"jetpack_featured_media_url":"https:\/\/thepueblatimes.mx\/wp-content\/uploads\/2025\/08\/NOTA-PAUTA-1-10.png","_links":{"self":[{"href":"https:\/\/thepueblatimes.mx\/index.php\/wp-json\/wp\/v2\/posts\/32289"}],"collection":[{"href":"https:\/\/thepueblatimes.mx\/index.php\/wp-json\/wp\/v2\/posts"}],"about":[{"href":"https:\/\/thepueblatimes.mx\/index.php\/wp-json\/wp\/v2\/types\/post"}],"author":[{"embeddable":true,"href":"https:\/\/thepueblatimes.mx\/index.php\/wp-json\/wp\/v2\/users\/16"}],"replies":[{"embeddable":true,"href":"https:\/\/thepueblatimes.mx\/index.php\/wp-json\/wp\/v2\/comments?post=32289"}],"version-history":[{"count":2,"href":"https:\/\/thepueblatimes.mx\/index.php\/wp-json\/wp\/v2\/posts\/32289\/revisions"}],"predecessor-version":[{"id":32327,"href":"https:\/\/thepueblatimes.mx\/index.php\/wp-json\/wp\/v2\/posts\/32289\/revisions\/32327"}],"wp:featuredmedia":[{"embeddable":true,"href":"https:\/\/thepueblatimes.mx\/index.php\/wp-json\/wp\/v2\/media\/32291"}],"wp:attachment":[{"href":"https:\/\/thepueblatimes.mx\/index.php\/wp-json\/wp\/v2\/media?parent=32289"}],"wp:term":[{"taxonomy":"category","embeddable":true,"href":"https:\/\/thepueblatimes.mx\/index.php\/wp-json\/wp\/v2\/categories?post=32289"},{"taxonomy":"post_tag","embeddable":true,"href":"https:\/\/thepueblatimes.mx\/index.php\/wp-json\/wp\/v2\/tags?post=32289"}],"curies":[{"name":"wp","href":"https:\/\/api.w.org\/{rel}","templated":true}]}}