{"id":32254,"date":"2025-08-14T15:13:35","date_gmt":"2025-08-14T21:13:35","guid":{"rendered":"https:\/\/thepueblatimes.mx\/?p=32254"},"modified":"2025-08-14T15:13:35","modified_gmt":"2025-08-14T21:13:35","slug":"amenazan-a-un-comandante-de-la-policia-estatal-con-mantas","status":"publish","type":"post","link":"https:\/\/thepueblatimes.mx\/index.php\/2025\/08\/14\/amenazan-a-un-comandante-de-la-policia-estatal-con-mantas\/","title":{"rendered":"Amenazan a un comandante de la polic\u00eda estatal con mantas"},"content":{"rendered":"<p>POR DANIEL ROMERO<\/p>\n<p>Un comandante de la Polic\u00eda Estatal, fue amenazado mediante mensajes plasmados en dos mantas que fueron ubicadas el mi\u00e9rcoles 13 de agosto en la cabecera municipal de Francisco Z. Mena.<\/p>\n<p>Las autoridades ubicaron la primer manta en bulevar Reyes Garc\u00eda, en tanto que la otra se localiz\u00f3 en las inmediaciones del monumento al ganadero, en la entrada de Metlaltoyuca.<\/p>\n<p>Las mantas conten\u00edan advertencias en contra de servidores p\u00fablicos, entre ellos Bert\u00edn Rold\u00e1n, jefe de la Polic\u00eda Estatal de aquella base ubicada en la Sierra Negra de Puebla.<\/p>\n<p>El texto que conten\u00edan las mantas es:<br \/>\nAtento aviso dirigido especialmente para servidores de Z. Mena, Pantepec y alrededor, la plaza tiene due\u00f1o, polic\u00edas estatales dejen de estar chingando. A mis gallos, comandante Bert\u00edn Rold\u00e1n Garc\u00eda ya nos hinchaste los huevos, \u00e1brete a chingar a tu puta madre. Directivos de seguridad valoren su vida, esto no es un juego, alin\u00e9ense perros, no queremos da\u00f1ar a inocentes, ni\u00f1os y mujeres respeten, no queremos a nadie a las horas de la noche la N tiene due\u00f1o, pronto tendr\u00e1n respuesta, tolerancia cero. ATTE LAS 4 LETRAS\u201d.<\/p>\n<p>Trascendi\u00f3 que se atribuyen estas amenazas a un grupo delincuencial de Castillo de Teayo que opera en los l\u00edmites de Puebla y Veracruz.<\/p>\n","protected":false},"excerpt":{"rendered":"<p>POR DANIEL ROMERO Un comandante de la Polic\u00eda Estatal, fue amenazado mediante mensajes plasmados en dos mantas que fueron ubicadas el mi\u00e9rcoles 13 de agosto en la cabecera municipal de Francisco Z. Mena. Las autoridades ubicaron la primer manta en bulevar Reyes Garc\u00eda, en tanto que la otra se localiz\u00f3 en las inmediaciones del monumento&#8230;<\/p>\n","protected":false},"author":16,"featured_media":32255,"comment_status":"closed","ping_status":"closed","sticky":false,"template":"","format":"standard","meta":[],"categories":[121],"tags":[2792,4023,3897,557],"yoast_head":"<!-- This site is optimized with the Yoast SEO plugin v20.8 - https:\/\/yoast.com\/wordpress\/plugins\/seo\/ -->\n<title>Amenazan a un comandante de la polic\u00eda estatal con mantas - The Puebla Times<\/title>\n<meta name=\"robots\" content=\"index, follow, max-snippet:-1, max-image-preview:large, max-video-preview:-1\" \/>\n<link rel=\"canonical\" href=\"https:\/\/thepueblatimes.mx\/index.php\/2025\/08\/14\/amenazan-a-un-comandante-de-la-policia-estatal-con-mantas\/\" \/>\n<meta property=\"og:locale\" content=\"es_ES\" \/>\n<meta property=\"og:type\" content=\"article\" \/>\n<meta property=\"og:title\" content=\"Amenazan a un comandante de la polic\u00eda estatal con mantas - The Puebla Times\" \/>\n<meta property=\"og:description\" content=\"POR DANIEL ROMERO Un comandante de la Polic\u00eda Estatal, fue amenazado mediante mensajes plasmados en dos mantas que fueron ubicadas el mi\u00e9rcoles 13 de agosto en la cabecera municipal de Francisco Z. Mena. Las autoridades ubicaron la primer manta en bulevar Reyes Garc\u00eda, en tanto que la otra se localiz\u00f3 en las inmediaciones del monumento...\" \/>\n<meta property=\"og:url\" content=\"https:\/\/thepueblatimes.mx\/index.php\/2025\/08\/14\/amenazan-a-un-comandante-de-la-policia-estatal-con-mantas\/\" \/>\n<meta property=\"og:site_name\" content=\"The Puebla Times\" \/>\n<meta property=\"article:published_time\" content=\"2025-08-14T21:13:35+00:00\" \/>\n<meta property=\"og:image\" content=\"https:\/\/thepueblatimes.mx\/wp-content\/uploads\/2025\/08\/Narcomanta01.jpg\" \/>\n\t<meta property=\"og:image:width\" content=\"1200\" \/>\n\t<meta property=\"og:image:height\" content=\"1600\" \/>\n\t<meta property=\"og:image:type\" content=\"image\/jpeg\" \/>\n<meta name=\"author\" content=\"Sa\u00fal Hern\u00e1ndez\" \/>\n<meta name=\"twitter:card\" content=\"summary_large_image\" \/>\n<meta name=\"twitter:label1\" content=\"Escrito por\" \/>\n\t<meta name=\"twitter:data1\" content=\"Sa\u00fal Hern\u00e1ndez\" \/>\n\t<meta name=\"twitter:label2\" content=\"Tiempo de lectura\" \/>\n\t<meta name=\"twitter:data2\" content=\"1 minuto\" \/>\n<script type=\"application\/ld+json\" class=\"yoast-schema-graph\">{\"@context\":\"https:\/\/schema.org\",\"@graph\":[{\"@type\":\"WebPage\",\"@id\":\"https:\/\/thepueblatimes.mx\/index.php\/2025\/08\/14\/amenazan-a-un-comandante-de-la-policia-estatal-con-mantas\/\",\"url\":\"https:\/\/thepueblatimes.mx\/index.php\/2025\/08\/14\/amenazan-a-un-comandante-de-la-policia-estatal-con-mantas\/\",\"name\":\"Amenazan a un comandante de la polic\u00eda estatal con mantas - The Puebla Times\",\"isPartOf\":{\"@id\":\"https:\/\/thepueblatimes.mx\/#website\"},\"datePublished\":\"2025-08-14T21:13:35+00:00\",\"dateModified\":\"2025-08-14T21:13:35+00:00\",\"author\":{\"@id\":\"https:\/\/thepueblatimes.mx\/#\/schema\/person\/1664894c2f65ce2c7a08d8f5f905c13c\"},\"breadcrumb\":{\"@id\":\"https:\/\/thepueblatimes.mx\/index.php\/2025\/08\/14\/amenazan-a-un-comandante-de-la-policia-estatal-con-mantas\/#breadcrumb\"},\"inLanguage\":\"es\",\"potentialAction\":[{\"@type\":\"ReadAction\",\"target\":[\"https:\/\/thepueblatimes.mx\/index.php\/2025\/08\/14\/amenazan-a-un-comandante-de-la-policia-estatal-con-mantas\/\"]}]},{\"@type\":\"BreadcrumbList\",\"@id\":\"https:\/\/thepueblatimes.mx\/index.php\/2025\/08\/14\/amenazan-a-un-comandante-de-la-policia-estatal-con-mantas\/#breadcrumb\",\"itemListElement\":[{\"@type\":\"ListItem\",\"position\":1,\"name\":\"Portada\",\"item\":\"https:\/\/thepueblatimes.mx\/\"},{\"@type\":\"ListItem\",\"position\":2,\"name\":\"Amenazan a un comandante de la polic\u00eda estatal con mantas\"}]},{\"@type\":\"WebSite\",\"@id\":\"https:\/\/thepueblatimes.mx\/#website\",\"url\":\"https:\/\/thepueblatimes.mx\/\",\"name\":\"The Puebla Times\",\"description\":\"Noticias del Estado de Puebla\",\"potentialAction\":[{\"@type\":\"SearchAction\",\"target\":{\"@type\":\"EntryPoint\",\"urlTemplate\":\"https:\/\/thepueblatimes.mx\/?s={search_term_string}\"},\"query-input\":\"required name=search_term_string\"}],\"inLanguage\":\"es\"},{\"@type\":\"Person\",\"@id\":\"https:\/\/thepueblatimes.mx\/#\/schema\/person\/1664894c2f65ce2c7a08d8f5f905c13c\",\"name\":\"Sa\u00fal Hern\u00e1ndez\",\"image\":{\"@type\":\"ImageObject\",\"inLanguage\":\"es\",\"@id\":\"https:\/\/thepueblatimes.mx\/#\/schema\/person\/image\/\",\"url\":\"https:\/\/secure.gravatar.com\/avatar\/11be338693f243309532caad8f10c930?s=96&d=mm&r=g\",\"contentUrl\":\"https:\/\/secure.gravatar.com\/avatar\/11be338693f243309532caad8f10c930?s=96&d=mm&r=g\",\"caption\":\"Sa\u00fal Hern\u00e1ndez\"},\"url\":\"https:\/\/thepueblatimes.mx\/index.php\/author\/saulhernandez\/\"}]}<\/script>\n<!-- \/ Yoast SEO plugin. -->","yoast_head_json":{"title":"Amenazan a un comandante de la polic\u00eda estatal con mantas - The Puebla Times","robots":{"index":"index","follow":"follow","max-snippet":"max-snippet:-1","max-image-preview":"max-image-preview:large","max-video-preview":"max-video-preview:-1"},"canonical":"https:\/\/thepueblatimes.mx\/index.php\/2025\/08\/14\/amenazan-a-un-comandante-de-la-policia-estatal-con-mantas\/","og_locale":"es_ES","og_type":"article","og_title":"Amenazan a un comandante de la polic\u00eda estatal con mantas - The Puebla Times","og_description":"POR DANIEL ROMERO Un comandante de la Polic\u00eda Estatal, fue amenazado mediante mensajes plasmados en dos mantas que fueron ubicadas el mi\u00e9rcoles 13 de agosto en la cabecera municipal de Francisco Z. Mena. Las autoridades ubicaron la primer manta en bulevar Reyes Garc\u00eda, en tanto que la otra se localiz\u00f3 en las inmediaciones del monumento...","og_url":"https:\/\/thepueblatimes.mx\/index.php\/2025\/08\/14\/amenazan-a-un-comandante-de-la-policia-estatal-con-mantas\/","og_site_name":"The Puebla Times","article_published_time":"2025-08-14T21:13:35+00:00","og_image":[{"width":1200,"height":1600,"url":"https:\/\/thepueblatimes.mx\/wp-content\/uploads\/2025\/08\/Narcomanta01.jpg","type":"image\/jpeg"}],"author":"Sa\u00fal Hern\u00e1ndez","twitter_card":"summary_large_image","twitter_misc":{"Escrito por":"Sa\u00fal Hern\u00e1ndez","Tiempo de lectura":"1 minuto"},"schema":{"@context":"https:\/\/schema.org","@graph":[{"@type":"WebPage","@id":"https:\/\/thepueblatimes.mx\/index.php\/2025\/08\/14\/amenazan-a-un-comandante-de-la-policia-estatal-con-mantas\/","url":"https:\/\/thepueblatimes.mx\/index.php\/2025\/08\/14\/amenazan-a-un-comandante-de-la-policia-estatal-con-mantas\/","name":"Amenazan a un comandante de la polic\u00eda estatal con mantas - The Puebla Times","isPartOf":{"@id":"https:\/\/thepueblatimes.mx\/#website"},"datePublished":"2025-08-14T21:13:35+00:00","dateModified":"2025-08-14T21:13:35+00:00","author":{"@id":"https:\/\/thepueblatimes.mx\/#\/schema\/person\/1664894c2f65ce2c7a08d8f5f905c13c"},"breadcrumb":{"@id":"https:\/\/thepueblatimes.mx\/index.php\/2025\/08\/14\/amenazan-a-un-comandante-de-la-policia-estatal-con-mantas\/#breadcrumb"},"inLanguage":"es","potentialAction":[{"@type":"ReadAction","target":["https:\/\/thepueblatimes.mx\/index.php\/2025\/08\/14\/amenazan-a-un-comandante-de-la-policia-estatal-con-mantas\/"]}]},{"@type":"BreadcrumbList","@id":"https:\/\/thepueblatimes.mx\/index.php\/2025\/08\/14\/amenazan-a-un-comandante-de-la-policia-estatal-con-mantas\/#breadcrumb","itemListElement":[{"@type":"ListItem","position":1,"name":"Portada","item":"https:\/\/thepueblatimes.mx\/"},{"@type":"ListItem","position":2,"name":"Amenazan a un comandante de la polic\u00eda estatal con mantas"}]},{"@type":"WebSite","@id":"https:\/\/thepueblatimes.mx\/#website","url":"https:\/\/thepueblatimes.mx\/","name":"The Puebla Times","description":"Noticias del Estado de Puebla","potentialAction":[{"@type":"SearchAction","target":{"@type":"EntryPoint","urlTemplate":"https:\/\/thepueblatimes.mx\/?s={search_term_string}"},"query-input":"required name=search_term_string"}],"inLanguage":"es"},{"@type":"Person","@id":"https:\/\/thepueblatimes.mx\/#\/schema\/person\/1664894c2f65ce2c7a08d8f5f905c13c","name":"Sa\u00fal Hern\u00e1ndez","image":{"@type":"ImageObject","inLanguage":"es","@id":"https:\/\/thepueblatimes.mx\/#\/schema\/person\/image\/","url":"https:\/\/secure.gravatar.com\/avatar\/11be338693f243309532caad8f10c930?s=96&d=mm&r=g","contentUrl":"https:\/\/secure.gravatar.com\/avatar\/11be338693f243309532caad8f10c930?s=96&d=mm&r=g","caption":"Sa\u00fal Hern\u00e1ndez"},"url":"https:\/\/thepueblatimes.mx\/index.php\/author\/saulhernandez\/"}]}},"jetpack_featured_media_url":"https:\/\/thepueblatimes.mx\/wp-content\/uploads\/2025\/08\/Narcomanta01.jpg","_links":{"self":[{"href":"https:\/\/thepueblatimes.mx\/index.php\/wp-json\/wp\/v2\/posts\/32254"}],"collection":[{"href":"https:\/\/thepueblatimes.mx\/index.php\/wp-json\/wp\/v2\/posts"}],"about":[{"href":"https:\/\/thepueblatimes.mx\/index.php\/wp-json\/wp\/v2\/types\/post"}],"author":[{"embeddable":true,"href":"https:\/\/thepueblatimes.mx\/index.php\/wp-json\/wp\/v2\/users\/16"}],"replies":[{"embeddable":true,"href":"https:\/\/thepueblatimes.mx\/index.php\/wp-json\/wp\/v2\/comments?post=32254"}],"version-history":[{"count":1,"href":"https:\/\/thepueblatimes.mx\/index.php\/wp-json\/wp\/v2\/posts\/32254\/revisions"}],"predecessor-version":[{"id":32256,"href":"https:\/\/thepueblatimes.mx\/index.php\/wp-json\/wp\/v2\/posts\/32254\/revisions\/32256"}],"wp:featuredmedia":[{"embeddable":true,"href":"https:\/\/thepueblatimes.mx\/index.php\/wp-json\/wp\/v2\/media\/32255"}],"wp:attachment":[{"href":"https:\/\/thepueblatimes.mx\/index.php\/wp-json\/wp\/v2\/media?parent=32254"}],"wp:term":[{"taxonomy":"category","embeddable":true,"href":"https:\/\/thepueblatimes.mx\/index.php\/wp-json\/wp\/v2\/categories?post=32254"},{"taxonomy":"post_tag","embeddable":true,"href":"https:\/\/thepueblatimes.mx\/index.php\/wp-json\/wp\/v2\/tags?post=32254"}],"curies":[{"name":"wp","href":"https:\/\/api.w.org\/{rel}","templated":true}]}}