{"id":32245,"date":"2025-08-14T15:03:24","date_gmt":"2025-08-14T21:03:24","guid":{"rendered":"https:\/\/thepueblatimes.mx\/?p=32245"},"modified":"2025-08-14T15:04:27","modified_gmt":"2025-08-14T21:04:27","slug":"cabildo-avala-ampliacion-de-parquimetros-al-hospital-de-san-alejandro","status":"publish","type":"post","link":"https:\/\/thepueblatimes.mx\/index.php\/2025\/08\/14\/cabildo-avala-ampliacion-de-parquimetros-al-hospital-de-san-alejandro\/","title":{"rendered":"Cabildo avala ampliaci\u00f3n de parqu\u00edmetros al hospital de San Alejandro"},"content":{"rendered":"<p>El Cabildo del municipio de Puebla aprob\u00f3 la ampliaci\u00f3n del programa denominado estacionamiento rotativo, al hospital San Alejandro.<\/p>\n<p>En consecuencia, el 1 de octubre comenzar\u00e1 a operar el nuevo pol\u00edgono de parqu\u00edmetros de Puebla capital, que se denomina \u201cSan Alejandro-Ortopedia\u201d.<\/p>\n<p>El dictamen establece que una vez que entre en vigor el nuevo pol\u00edgono, se llevar\u00e1 a cabo una campa\u00f1a de socializaci\u00f3n, que concluir\u00e1 el 30 de septiembre, y a partir del 1 de octubre se comenzar\u00e1n a aplicar las multas a quienes no hagan uso correcto de los espacios.<\/p>\n<p>Los horarios del estacionamiento rotativo en San Alejandro-Ortopedia ser\u00e1n de lunes a viernes de 8:00 a 22:00 horas y el s\u00e1bado de 11:00 a 17:00 horas. El domingo ser\u00e1 libre.<\/p>\n<p>Destaca que la nueva zona de parqu\u00edmetros se aprob\u00f3 tras una solicitud que promovi\u00f3 en junio pasado, la delegada del IMSS en Puebla, Mar\u00eda Magdalena Tinajero, ante el Ayuntamiento capitalino.<\/p>\n","protected":false},"excerpt":{"rendered":"<p>El Cabildo del municipio de Puebla aprob\u00f3 la ampliaci\u00f3n del programa denominado estacionamiento rotativo, al hospital San Alejandro. En consecuencia, el 1 de octubre comenzar\u00e1 a operar el nuevo pol\u00edgono de parqu\u00edmetros de Puebla capital, que se denomina \u201cSan Alejandro-Ortopedia\u201d. El dictamen establece que una vez que entre en vigor el nuevo pol\u00edgono, se llevar\u00e1&#8230;<\/p>\n","protected":false},"author":16,"featured_media":32253,"comment_status":"closed","ping_status":"closed","sticky":false,"template":"","format":"standard","meta":[],"categories":[542],"tags":[2410,1489,2362],"yoast_head":"<!-- This site is optimized with the Yoast SEO plugin v20.8 - https:\/\/yoast.com\/wordpress\/plugins\/seo\/ -->\n<title>Cabildo avala ampliaci\u00f3n de parqu\u00edmetros al hospital de San Alejandro - The Puebla Times<\/title>\n<meta name=\"robots\" content=\"index, follow, max-snippet:-1, max-image-preview:large, max-video-preview:-1\" \/>\n<link rel=\"canonical\" href=\"https:\/\/thepueblatimes.mx\/index.php\/2025\/08\/14\/cabildo-avala-ampliacion-de-parquimetros-al-hospital-de-san-alejandro\/\" \/>\n<meta property=\"og:locale\" content=\"es_ES\" \/>\n<meta property=\"og:type\" content=\"article\" \/>\n<meta property=\"og:title\" content=\"Cabildo avala ampliaci\u00f3n de parqu\u00edmetros al hospital de San Alejandro - The Puebla Times\" \/>\n<meta property=\"og:description\" content=\"El Cabildo del municipio de Puebla aprob\u00f3 la ampliaci\u00f3n del programa denominado estacionamiento rotativo, al hospital San Alejandro. En consecuencia, el 1 de octubre comenzar\u00e1 a operar el nuevo pol\u00edgono de parqu\u00edmetros de Puebla capital, que se denomina \u201cSan Alejandro-Ortopedia\u201d. El dictamen establece que una vez que entre en vigor el nuevo pol\u00edgono, se llevar\u00e1...\" \/>\n<meta property=\"og:url\" content=\"https:\/\/thepueblatimes.mx\/index.php\/2025\/08\/14\/cabildo-avala-ampliacion-de-parquimetros-al-hospital-de-san-alejandro\/\" \/>\n<meta property=\"og:site_name\" content=\"The Puebla Times\" \/>\n<meta property=\"article:published_time\" content=\"2025-08-14T21:03:24+00:00\" \/>\n<meta property=\"article:modified_time\" content=\"2025-08-14T21:04:27+00:00\" \/>\n<meta property=\"og:image\" content=\"https:\/\/thepueblatimes.mx\/wp-content\/uploads\/2025\/08\/Avalan-instalacion-de-parquimetros-en-San-Alejandro-2.webp\" \/>\n\t<meta property=\"og:image:width\" content=\"1200\" \/>\n\t<meta property=\"og:image:height\" content=\"800\" \/>\n\t<meta property=\"og:image:type\" content=\"image\/webp\" \/>\n<meta name=\"author\" content=\"Sa\u00fal Hern\u00e1ndez\" \/>\n<meta name=\"twitter:card\" content=\"summary_large_image\" \/>\n<meta name=\"twitter:label1\" content=\"Escrito por\" \/>\n\t<meta name=\"twitter:data1\" content=\"Sa\u00fal Hern\u00e1ndez\" \/>\n\t<meta name=\"twitter:label2\" content=\"Tiempo de lectura\" \/>\n\t<meta name=\"twitter:data2\" content=\"1 minuto\" \/>\n<script type=\"application\/ld+json\" class=\"yoast-schema-graph\">{\"@context\":\"https:\/\/schema.org\",\"@graph\":[{\"@type\":\"WebPage\",\"@id\":\"https:\/\/thepueblatimes.mx\/index.php\/2025\/08\/14\/cabildo-avala-ampliacion-de-parquimetros-al-hospital-de-san-alejandro\/\",\"url\":\"https:\/\/thepueblatimes.mx\/index.php\/2025\/08\/14\/cabildo-avala-ampliacion-de-parquimetros-al-hospital-de-san-alejandro\/\",\"name\":\"Cabildo avala ampliaci\u00f3n de parqu\u00edmetros al hospital de San Alejandro - The Puebla Times\",\"isPartOf\":{\"@id\":\"https:\/\/thepueblatimes.mx\/#website\"},\"datePublished\":\"2025-08-14T21:03:24+00:00\",\"dateModified\":\"2025-08-14T21:04:27+00:00\",\"author\":{\"@id\":\"https:\/\/thepueblatimes.mx\/#\/schema\/person\/1664894c2f65ce2c7a08d8f5f905c13c\"},\"breadcrumb\":{\"@id\":\"https:\/\/thepueblatimes.mx\/index.php\/2025\/08\/14\/cabildo-avala-ampliacion-de-parquimetros-al-hospital-de-san-alejandro\/#breadcrumb\"},\"inLanguage\":\"es\",\"potentialAction\":[{\"@type\":\"ReadAction\",\"target\":[\"https:\/\/thepueblatimes.mx\/index.php\/2025\/08\/14\/cabildo-avala-ampliacion-de-parquimetros-al-hospital-de-san-alejandro\/\"]}]},{\"@type\":\"BreadcrumbList\",\"@id\":\"https:\/\/thepueblatimes.mx\/index.php\/2025\/08\/14\/cabildo-avala-ampliacion-de-parquimetros-al-hospital-de-san-alejandro\/#breadcrumb\",\"itemListElement\":[{\"@type\":\"ListItem\",\"position\":1,\"name\":\"Portada\",\"item\":\"https:\/\/thepueblatimes.mx\/\"},{\"@type\":\"ListItem\",\"position\":2,\"name\":\"Cabildo avala ampliaci\u00f3n de parqu\u00edmetros al hospital de San Alejandro\"}]},{\"@type\":\"WebSite\",\"@id\":\"https:\/\/thepueblatimes.mx\/#website\",\"url\":\"https:\/\/thepueblatimes.mx\/\",\"name\":\"The Puebla Times\",\"description\":\"Noticias del Estado de Puebla\",\"potentialAction\":[{\"@type\":\"SearchAction\",\"target\":{\"@type\":\"EntryPoint\",\"urlTemplate\":\"https:\/\/thepueblatimes.mx\/?s={search_term_string}\"},\"query-input\":\"required name=search_term_string\"}],\"inLanguage\":\"es\"},{\"@type\":\"Person\",\"@id\":\"https:\/\/thepueblatimes.mx\/#\/schema\/person\/1664894c2f65ce2c7a08d8f5f905c13c\",\"name\":\"Sa\u00fal Hern\u00e1ndez\",\"image\":{\"@type\":\"ImageObject\",\"inLanguage\":\"es\",\"@id\":\"https:\/\/thepueblatimes.mx\/#\/schema\/person\/image\/\",\"url\":\"https:\/\/secure.gravatar.com\/avatar\/11be338693f243309532caad8f10c930?s=96&d=mm&r=g\",\"contentUrl\":\"https:\/\/secure.gravatar.com\/avatar\/11be338693f243309532caad8f10c930?s=96&d=mm&r=g\",\"caption\":\"Sa\u00fal Hern\u00e1ndez\"},\"url\":\"https:\/\/thepueblatimes.mx\/index.php\/author\/saulhernandez\/\"}]}<\/script>\n<!-- \/ Yoast SEO plugin. -->","yoast_head_json":{"title":"Cabildo avala ampliaci\u00f3n de parqu\u00edmetros al hospital de San Alejandro - The Puebla Times","robots":{"index":"index","follow":"follow","max-snippet":"max-snippet:-1","max-image-preview":"max-image-preview:large","max-video-preview":"max-video-preview:-1"},"canonical":"https:\/\/thepueblatimes.mx\/index.php\/2025\/08\/14\/cabildo-avala-ampliacion-de-parquimetros-al-hospital-de-san-alejandro\/","og_locale":"es_ES","og_type":"article","og_title":"Cabildo avala ampliaci\u00f3n de parqu\u00edmetros al hospital de San Alejandro - The Puebla Times","og_description":"El Cabildo del municipio de Puebla aprob\u00f3 la ampliaci\u00f3n del programa denominado estacionamiento rotativo, al hospital San Alejandro. En consecuencia, el 1 de octubre comenzar\u00e1 a operar el nuevo pol\u00edgono de parqu\u00edmetros de Puebla capital, que se denomina \u201cSan Alejandro-Ortopedia\u201d. El dictamen establece que una vez que entre en vigor el nuevo pol\u00edgono, se llevar\u00e1...","og_url":"https:\/\/thepueblatimes.mx\/index.php\/2025\/08\/14\/cabildo-avala-ampliacion-de-parquimetros-al-hospital-de-san-alejandro\/","og_site_name":"The Puebla Times","article_published_time":"2025-08-14T21:03:24+00:00","article_modified_time":"2025-08-14T21:04:27+00:00","og_image":[{"width":1200,"height":800,"url":"https:\/\/thepueblatimes.mx\/wp-content\/uploads\/2025\/08\/Avalan-instalacion-de-parquimetros-en-San-Alejandro-2.webp","type":"image\/webp"}],"author":"Sa\u00fal Hern\u00e1ndez","twitter_card":"summary_large_image","twitter_misc":{"Escrito por":"Sa\u00fal Hern\u00e1ndez","Tiempo de lectura":"1 minuto"},"schema":{"@context":"https:\/\/schema.org","@graph":[{"@type":"WebPage","@id":"https:\/\/thepueblatimes.mx\/index.php\/2025\/08\/14\/cabildo-avala-ampliacion-de-parquimetros-al-hospital-de-san-alejandro\/","url":"https:\/\/thepueblatimes.mx\/index.php\/2025\/08\/14\/cabildo-avala-ampliacion-de-parquimetros-al-hospital-de-san-alejandro\/","name":"Cabildo avala ampliaci\u00f3n de parqu\u00edmetros al hospital de San Alejandro - The Puebla Times","isPartOf":{"@id":"https:\/\/thepueblatimes.mx\/#website"},"datePublished":"2025-08-14T21:03:24+00:00","dateModified":"2025-08-14T21:04:27+00:00","author":{"@id":"https:\/\/thepueblatimes.mx\/#\/schema\/person\/1664894c2f65ce2c7a08d8f5f905c13c"},"breadcrumb":{"@id":"https:\/\/thepueblatimes.mx\/index.php\/2025\/08\/14\/cabildo-avala-ampliacion-de-parquimetros-al-hospital-de-san-alejandro\/#breadcrumb"},"inLanguage":"es","potentialAction":[{"@type":"ReadAction","target":["https:\/\/thepueblatimes.mx\/index.php\/2025\/08\/14\/cabildo-avala-ampliacion-de-parquimetros-al-hospital-de-san-alejandro\/"]}]},{"@type":"BreadcrumbList","@id":"https:\/\/thepueblatimes.mx\/index.php\/2025\/08\/14\/cabildo-avala-ampliacion-de-parquimetros-al-hospital-de-san-alejandro\/#breadcrumb","itemListElement":[{"@type":"ListItem","position":1,"name":"Portada","item":"https:\/\/thepueblatimes.mx\/"},{"@type":"ListItem","position":2,"name":"Cabildo avala ampliaci\u00f3n de parqu\u00edmetros al hospital de San Alejandro"}]},{"@type":"WebSite","@id":"https:\/\/thepueblatimes.mx\/#website","url":"https:\/\/thepueblatimes.mx\/","name":"The Puebla Times","description":"Noticias del Estado de Puebla","potentialAction":[{"@type":"SearchAction","target":{"@type":"EntryPoint","urlTemplate":"https:\/\/thepueblatimes.mx\/?s={search_term_string}"},"query-input":"required name=search_term_string"}],"inLanguage":"es"},{"@type":"Person","@id":"https:\/\/thepueblatimes.mx\/#\/schema\/person\/1664894c2f65ce2c7a08d8f5f905c13c","name":"Sa\u00fal Hern\u00e1ndez","image":{"@type":"ImageObject","inLanguage":"es","@id":"https:\/\/thepueblatimes.mx\/#\/schema\/person\/image\/","url":"https:\/\/secure.gravatar.com\/avatar\/11be338693f243309532caad8f10c930?s=96&d=mm&r=g","contentUrl":"https:\/\/secure.gravatar.com\/avatar\/11be338693f243309532caad8f10c930?s=96&d=mm&r=g","caption":"Sa\u00fal Hern\u00e1ndez"},"url":"https:\/\/thepueblatimes.mx\/index.php\/author\/saulhernandez\/"}]}},"jetpack_featured_media_url":"https:\/\/thepueblatimes.mx\/wp-content\/uploads\/2025\/08\/Avalan-instalacion-de-parquimetros-en-San-Alejandro-2-1.webp","_links":{"self":[{"href":"https:\/\/thepueblatimes.mx\/index.php\/wp-json\/wp\/v2\/posts\/32245"}],"collection":[{"href":"https:\/\/thepueblatimes.mx\/index.php\/wp-json\/wp\/v2\/posts"}],"about":[{"href":"https:\/\/thepueblatimes.mx\/index.php\/wp-json\/wp\/v2\/types\/post"}],"author":[{"embeddable":true,"href":"https:\/\/thepueblatimes.mx\/index.php\/wp-json\/wp\/v2\/users\/16"}],"replies":[{"embeddable":true,"href":"https:\/\/thepueblatimes.mx\/index.php\/wp-json\/wp\/v2\/comments?post=32245"}],"version-history":[{"count":1,"href":"https:\/\/thepueblatimes.mx\/index.php\/wp-json\/wp\/v2\/posts\/32245\/revisions"}],"predecessor-version":[{"id":32250,"href":"https:\/\/thepueblatimes.mx\/index.php\/wp-json\/wp\/v2\/posts\/32245\/revisions\/32250"}],"wp:featuredmedia":[{"embeddable":true,"href":"https:\/\/thepueblatimes.mx\/index.php\/wp-json\/wp\/v2\/media\/32253"}],"wp:attachment":[{"href":"https:\/\/thepueblatimes.mx\/index.php\/wp-json\/wp\/v2\/media?parent=32245"}],"wp:term":[{"taxonomy":"category","embeddable":true,"href":"https:\/\/thepueblatimes.mx\/index.php\/wp-json\/wp\/v2\/categories?post=32245"},{"taxonomy":"post_tag","embeddable":true,"href":"https:\/\/thepueblatimes.mx\/index.php\/wp-json\/wp\/v2\/tags?post=32245"}],"curies":[{"name":"wp","href":"https:\/\/api.w.org\/{rel}","templated":true}]}}