{"id":32239,"date":"2025-08-14T13:12:33","date_gmt":"2025-08-14T19:12:33","guid":{"rendered":"https:\/\/thepueblatimes.mx\/?p=32239"},"modified":"2025-08-14T13:12:33","modified_gmt":"2025-08-14T19:12:33","slug":"promueve-congreso-espiritu-emprendedor-en-las-y-los-jovenes","status":"publish","type":"post","link":"https:\/\/thepueblatimes.mx\/index.php\/2025\/08\/14\/promueve-congreso-espiritu-emprendedor-en-las-y-los-jovenes\/","title":{"rendered":"Promueve Congreso esp\u00edritu emprendedor en las y los j\u00f3venes"},"content":{"rendered":"<h3><em>&#8211; Realizan ciclo de conferencias denominado \u201cRompe la Brecha\u201d<\/em><\/h3>\n<p>&nbsp;<\/p>\n<p>&nbsp;<\/p>\n<p>Con el objetivo de fomentar el esp\u00edritu emprendedor, a trav\u00e9s de diferentes ponencias que otorguen herramientas, conocimientos y experiencias de \u00e9xito, promoviendo la innovaci\u00f3n, el liderazgo y el desarrollo de habilidades para la creaci\u00f3n y consolidaci\u00f3n de proyectos, con una perspectiva inclusiva y de g\u00e9nero, en la sede del Poder Legislativo se realiz\u00f3 el ciclo de conferencias denominado \u201cRompe la Brecha\u201d.<\/p>\n<p>&nbsp;<\/p>\n<p>La titular de la Unidad para la Igualdad de G\u00e9nero del Congreso y organizadora del evento, Daniela Mier Ba\u00f1uelos expuso que la econom\u00eda solidaria es un modelo que considera la equidad de oportunidades y buen trato entre los individuos, respetando las ideolog\u00edas y convicciones de cada individuo.<\/p>\n<p>&nbsp;<\/p>\n<p>Mencion\u00f3 que, en el marco del Mes de la Juventud, se debe reconocer a este grupo como un referente para forjar un futuro emprendedor, igualitario, inclusivo, pero, sobre todo, emp\u00e1tico.<\/p>\n<p>&nbsp;<\/p>\n<p>En el evento, estuvo presente Zaira Gonz\u00e1lez G\u00f3mez, titular de la Secretar\u00eda para la Igualdad Sustantiva de G\u00e9nero del Ayuntamiento de Puebla, quien destac\u00f3 el \u00edmpetu de la juventud para emprender, as\u00ed como la necesidad de atreverse a actuar, innovar y generar un impacto positivo en la comunidad, as\u00ed como contribuir a romper la brecha.<\/p>\n<p>&nbsp;<\/p>\n<p>Durante el congreso, la directora de la carrera de Emprendimiento del Tecnol\u00f3gico de Monterrey, Alejandra Pe\u00f1a Romero dio la conferencia denominada \u201cDe la brecha al puente: emprender para transformar-te\u201d; el maestro C\u00e9sar Arturo B\u00e1ez Ju\u00e1rez dio la ponencia titulada \u201cEl empoderamiento de la mujer en los negocios ante la violencia econ\u00f3mica\u201d; mientras que la doctora Ver\u00f3nica G\u00f3mez Galeana estuvo a cargo de la conferencia llamada \u201cEmprendimiento y la innovaci\u00f3n social\u201d.<\/p>\n<p>&nbsp;<\/p>\n<p>En el evento particip\u00f3 la regidora del Ayuntamiento de Puebla, Alondra M\u00e9ndez Ruiz y la rectora de la Universidad de las Ciencias Policiales y de la Seguridad de Puebla, Silva Victoria Serrano Zafra.<\/p>\n","protected":false},"excerpt":{"rendered":"<p>&#8211; Realizan ciclo de conferencias denominado \u201cRompe la Brecha\u201d &nbsp; &nbsp; Con el objetivo de fomentar el esp\u00edritu emprendedor, a trav\u00e9s de diferentes ponencias que otorguen herramientas, conocimientos y experiencias de \u00e9xito, promoviendo la innovaci\u00f3n, el liderazgo y el desarrollo de habilidades para la creaci\u00f3n y consolidaci\u00f3n de proyectos, con una perspectiva inclusiva y de&#8230;<\/p>\n","protected":false},"author":16,"featured_media":32240,"comment_status":"closed","ping_status":"closed","sticky":false,"template":"","format":"standard","meta":[],"categories":[3],"tags":[1480,1271,49],"yoast_head":"<!-- This site is optimized with the Yoast SEO plugin v20.8 - https:\/\/yoast.com\/wordpress\/plugins\/seo\/ -->\n<title>Promueve Congreso esp\u00edritu emprendedor en las y los j\u00f3venes - The Puebla Times<\/title>\n<meta name=\"robots\" content=\"index, follow, max-snippet:-1, max-image-preview:large, max-video-preview:-1\" \/>\n<link rel=\"canonical\" href=\"https:\/\/thepueblatimes.mx\/index.php\/2025\/08\/14\/promueve-congreso-espiritu-emprendedor-en-las-y-los-jovenes\/\" \/>\n<meta property=\"og:locale\" content=\"es_ES\" \/>\n<meta property=\"og:type\" content=\"article\" \/>\n<meta property=\"og:title\" content=\"Promueve Congreso esp\u00edritu emprendedor en las y los j\u00f3venes - The Puebla Times\" \/>\n<meta property=\"og:description\" content=\"&#8211; Realizan ciclo de conferencias denominado \u201cRompe la Brecha\u201d &nbsp; &nbsp; Con el objetivo de fomentar el esp\u00edritu emprendedor, a trav\u00e9s de diferentes ponencias que otorguen herramientas, conocimientos y experiencias de \u00e9xito, promoviendo la innovaci\u00f3n, el liderazgo y el desarrollo de habilidades para la creaci\u00f3n y consolidaci\u00f3n de proyectos, con una perspectiva inclusiva y de...\" \/>\n<meta property=\"og:url\" content=\"https:\/\/thepueblatimes.mx\/index.php\/2025\/08\/14\/promueve-congreso-espiritu-emprendedor-en-las-y-los-jovenes\/\" \/>\n<meta property=\"og:site_name\" content=\"The Puebla Times\" \/>\n<meta property=\"article:published_time\" content=\"2025-08-14T19:12:33+00:00\" \/>\n<meta property=\"og:image\" content=\"https:\/\/thepueblatimes.mx\/wp-content\/uploads\/2025\/08\/WhatsApp-Image-2025-08-14-at-11.42.04.jpeg\" \/>\n\t<meta property=\"og:image:width\" content=\"1600\" \/>\n\t<meta property=\"og:image:height\" content=\"1066\" \/>\n\t<meta property=\"og:image:type\" content=\"image\/jpeg\" \/>\n<meta name=\"author\" content=\"Sa\u00fal Hern\u00e1ndez\" \/>\n<meta name=\"twitter:card\" content=\"summary_large_image\" \/>\n<meta name=\"twitter:label1\" content=\"Escrito por\" \/>\n\t<meta name=\"twitter:data1\" content=\"Sa\u00fal Hern\u00e1ndez\" \/>\n\t<meta name=\"twitter:label2\" content=\"Tiempo de lectura\" \/>\n\t<meta name=\"twitter:data2\" content=\"2 minutos\" \/>\n<script type=\"application\/ld+json\" class=\"yoast-schema-graph\">{\"@context\":\"https:\/\/schema.org\",\"@graph\":[{\"@type\":\"WebPage\",\"@id\":\"https:\/\/thepueblatimes.mx\/index.php\/2025\/08\/14\/promueve-congreso-espiritu-emprendedor-en-las-y-los-jovenes\/\",\"url\":\"https:\/\/thepueblatimes.mx\/index.php\/2025\/08\/14\/promueve-congreso-espiritu-emprendedor-en-las-y-los-jovenes\/\",\"name\":\"Promueve Congreso esp\u00edritu emprendedor en las y los j\u00f3venes - The Puebla Times\",\"isPartOf\":{\"@id\":\"https:\/\/thepueblatimes.mx\/#website\"},\"datePublished\":\"2025-08-14T19:12:33+00:00\",\"dateModified\":\"2025-08-14T19:12:33+00:00\",\"author\":{\"@id\":\"https:\/\/thepueblatimes.mx\/#\/schema\/person\/1664894c2f65ce2c7a08d8f5f905c13c\"},\"breadcrumb\":{\"@id\":\"https:\/\/thepueblatimes.mx\/index.php\/2025\/08\/14\/promueve-congreso-espiritu-emprendedor-en-las-y-los-jovenes\/#breadcrumb\"},\"inLanguage\":\"es\",\"potentialAction\":[{\"@type\":\"ReadAction\",\"target\":[\"https:\/\/thepueblatimes.mx\/index.php\/2025\/08\/14\/promueve-congreso-espiritu-emprendedor-en-las-y-los-jovenes\/\"]}]},{\"@type\":\"BreadcrumbList\",\"@id\":\"https:\/\/thepueblatimes.mx\/index.php\/2025\/08\/14\/promueve-congreso-espiritu-emprendedor-en-las-y-los-jovenes\/#breadcrumb\",\"itemListElement\":[{\"@type\":\"ListItem\",\"position\":1,\"name\":\"Portada\",\"item\":\"https:\/\/thepueblatimes.mx\/\"},{\"@type\":\"ListItem\",\"position\":2,\"name\":\"Promueve Congreso esp\u00edritu emprendedor en las y los j\u00f3venes\"}]},{\"@type\":\"WebSite\",\"@id\":\"https:\/\/thepueblatimes.mx\/#website\",\"url\":\"https:\/\/thepueblatimes.mx\/\",\"name\":\"The Puebla Times\",\"description\":\"Noticias del Estado de Puebla\",\"potentialAction\":[{\"@type\":\"SearchAction\",\"target\":{\"@type\":\"EntryPoint\",\"urlTemplate\":\"https:\/\/thepueblatimes.mx\/?s={search_term_string}\"},\"query-input\":\"required name=search_term_string\"}],\"inLanguage\":\"es\"},{\"@type\":\"Person\",\"@id\":\"https:\/\/thepueblatimes.mx\/#\/schema\/person\/1664894c2f65ce2c7a08d8f5f905c13c\",\"name\":\"Sa\u00fal Hern\u00e1ndez\",\"image\":{\"@type\":\"ImageObject\",\"inLanguage\":\"es\",\"@id\":\"https:\/\/thepueblatimes.mx\/#\/schema\/person\/image\/\",\"url\":\"https:\/\/secure.gravatar.com\/avatar\/11be338693f243309532caad8f10c930?s=96&d=mm&r=g\",\"contentUrl\":\"https:\/\/secure.gravatar.com\/avatar\/11be338693f243309532caad8f10c930?s=96&d=mm&r=g\",\"caption\":\"Sa\u00fal Hern\u00e1ndez\"},\"url\":\"https:\/\/thepueblatimes.mx\/index.php\/author\/saulhernandez\/\"}]}<\/script>\n<!-- \/ Yoast SEO plugin. -->","yoast_head_json":{"title":"Promueve Congreso esp\u00edritu emprendedor en las y los j\u00f3venes - The Puebla Times","robots":{"index":"index","follow":"follow","max-snippet":"max-snippet:-1","max-image-preview":"max-image-preview:large","max-video-preview":"max-video-preview:-1"},"canonical":"https:\/\/thepueblatimes.mx\/index.php\/2025\/08\/14\/promueve-congreso-espiritu-emprendedor-en-las-y-los-jovenes\/","og_locale":"es_ES","og_type":"article","og_title":"Promueve Congreso esp\u00edritu emprendedor en las y los j\u00f3venes - The Puebla Times","og_description":"&#8211; Realizan ciclo de conferencias denominado \u201cRompe la Brecha\u201d &nbsp; &nbsp; Con el objetivo de fomentar el esp\u00edritu emprendedor, a trav\u00e9s de diferentes ponencias que otorguen herramientas, conocimientos y experiencias de \u00e9xito, promoviendo la innovaci\u00f3n, el liderazgo y el desarrollo de habilidades para la creaci\u00f3n y consolidaci\u00f3n de proyectos, con una perspectiva inclusiva y de...","og_url":"https:\/\/thepueblatimes.mx\/index.php\/2025\/08\/14\/promueve-congreso-espiritu-emprendedor-en-las-y-los-jovenes\/","og_site_name":"The Puebla Times","article_published_time":"2025-08-14T19:12:33+00:00","og_image":[{"width":1600,"height":1066,"url":"https:\/\/thepueblatimes.mx\/wp-content\/uploads\/2025\/08\/WhatsApp-Image-2025-08-14-at-11.42.04.jpeg","type":"image\/jpeg"}],"author":"Sa\u00fal Hern\u00e1ndez","twitter_card":"summary_large_image","twitter_misc":{"Escrito por":"Sa\u00fal Hern\u00e1ndez","Tiempo de lectura":"2 minutos"},"schema":{"@context":"https:\/\/schema.org","@graph":[{"@type":"WebPage","@id":"https:\/\/thepueblatimes.mx\/index.php\/2025\/08\/14\/promueve-congreso-espiritu-emprendedor-en-las-y-los-jovenes\/","url":"https:\/\/thepueblatimes.mx\/index.php\/2025\/08\/14\/promueve-congreso-espiritu-emprendedor-en-las-y-los-jovenes\/","name":"Promueve Congreso esp\u00edritu emprendedor en las y los j\u00f3venes - The Puebla Times","isPartOf":{"@id":"https:\/\/thepueblatimes.mx\/#website"},"datePublished":"2025-08-14T19:12:33+00:00","dateModified":"2025-08-14T19:12:33+00:00","author":{"@id":"https:\/\/thepueblatimes.mx\/#\/schema\/person\/1664894c2f65ce2c7a08d8f5f905c13c"},"breadcrumb":{"@id":"https:\/\/thepueblatimes.mx\/index.php\/2025\/08\/14\/promueve-congreso-espiritu-emprendedor-en-las-y-los-jovenes\/#breadcrumb"},"inLanguage":"es","potentialAction":[{"@type":"ReadAction","target":["https:\/\/thepueblatimes.mx\/index.php\/2025\/08\/14\/promueve-congreso-espiritu-emprendedor-en-las-y-los-jovenes\/"]}]},{"@type":"BreadcrumbList","@id":"https:\/\/thepueblatimes.mx\/index.php\/2025\/08\/14\/promueve-congreso-espiritu-emprendedor-en-las-y-los-jovenes\/#breadcrumb","itemListElement":[{"@type":"ListItem","position":1,"name":"Portada","item":"https:\/\/thepueblatimes.mx\/"},{"@type":"ListItem","position":2,"name":"Promueve Congreso esp\u00edritu emprendedor en las y los j\u00f3venes"}]},{"@type":"WebSite","@id":"https:\/\/thepueblatimes.mx\/#website","url":"https:\/\/thepueblatimes.mx\/","name":"The Puebla Times","description":"Noticias del Estado de Puebla","potentialAction":[{"@type":"SearchAction","target":{"@type":"EntryPoint","urlTemplate":"https:\/\/thepueblatimes.mx\/?s={search_term_string}"},"query-input":"required name=search_term_string"}],"inLanguage":"es"},{"@type":"Person","@id":"https:\/\/thepueblatimes.mx\/#\/schema\/person\/1664894c2f65ce2c7a08d8f5f905c13c","name":"Sa\u00fal Hern\u00e1ndez","image":{"@type":"ImageObject","inLanguage":"es","@id":"https:\/\/thepueblatimes.mx\/#\/schema\/person\/image\/","url":"https:\/\/secure.gravatar.com\/avatar\/11be338693f243309532caad8f10c930?s=96&d=mm&r=g","contentUrl":"https:\/\/secure.gravatar.com\/avatar\/11be338693f243309532caad8f10c930?s=96&d=mm&r=g","caption":"Sa\u00fal Hern\u00e1ndez"},"url":"https:\/\/thepueblatimes.mx\/index.php\/author\/saulhernandez\/"}]}},"jetpack_featured_media_url":"https:\/\/thepueblatimes.mx\/wp-content\/uploads\/2025\/08\/WhatsApp-Image-2025-08-14-at-11.42.04.jpeg","_links":{"self":[{"href":"https:\/\/thepueblatimes.mx\/index.php\/wp-json\/wp\/v2\/posts\/32239"}],"collection":[{"href":"https:\/\/thepueblatimes.mx\/index.php\/wp-json\/wp\/v2\/posts"}],"about":[{"href":"https:\/\/thepueblatimes.mx\/index.php\/wp-json\/wp\/v2\/types\/post"}],"author":[{"embeddable":true,"href":"https:\/\/thepueblatimes.mx\/index.php\/wp-json\/wp\/v2\/users\/16"}],"replies":[{"embeddable":true,"href":"https:\/\/thepueblatimes.mx\/index.php\/wp-json\/wp\/v2\/comments?post=32239"}],"version-history":[{"count":1,"href":"https:\/\/thepueblatimes.mx\/index.php\/wp-json\/wp\/v2\/posts\/32239\/revisions"}],"predecessor-version":[{"id":32241,"href":"https:\/\/thepueblatimes.mx\/index.php\/wp-json\/wp\/v2\/posts\/32239\/revisions\/32241"}],"wp:featuredmedia":[{"embeddable":true,"href":"https:\/\/thepueblatimes.mx\/index.php\/wp-json\/wp\/v2\/media\/32240"}],"wp:attachment":[{"href":"https:\/\/thepueblatimes.mx\/index.php\/wp-json\/wp\/v2\/media?parent=32239"}],"wp:term":[{"taxonomy":"category","embeddable":true,"href":"https:\/\/thepueblatimes.mx\/index.php\/wp-json\/wp\/v2\/categories?post=32239"},{"taxonomy":"post_tag","embeddable":true,"href":"https:\/\/thepueblatimes.mx\/index.php\/wp-json\/wp\/v2\/tags?post=32239"}],"curies":[{"name":"wp","href":"https:\/\/api.w.org\/{rel}","templated":true}]}}