{"id":32235,"date":"2025-08-14T13:03:09","date_gmt":"2025-08-14T19:03:09","guid":{"rendered":"https:\/\/thepueblatimes.mx\/?p=32235"},"modified":"2025-08-14T13:03:09","modified_gmt":"2025-08-14T19:03:09","slug":"a-quien-madruga-la-4t-ya-calienta-motores","status":"publish","type":"post","link":"https:\/\/thepueblatimes.mx\/index.php\/2025\/08\/14\/a-quien-madruga-la-4t-ya-calienta-motores\/","title":{"rendered":"A quien madruga\u2026 la 4T ya calienta motores"},"content":{"rendered":"<p>LA PASARELA<\/p>\n<p>POR JORGE CASTILLO<\/p>\n<p>&nbsp;<\/p>\n<p>El gobernador de Puebla, Alejandro Armenta, lo tiene claro siempre con su frase: \u201cAl que madruga Dios le ayuda y para uno que madruga, otro que no duerme\u201d.<\/p>\n<p>En Puebla, el reloj electoral de la 4T ya no espera a que llegue el primer informe de gobierno.<\/p>\n<p>La carrera por la presidencia municipal arranc\u00f3 mucho antes de lo que cualquier calendario dictar\u00eda.<\/p>\n<p>Y en la lista de quienes ya levantan la mano.<\/p>\n<p>Unos no solo corren, sino que galopan.<\/p>\n<p>Ya incluso hay tabla de favoritos.<\/p>\n<p>Sobre todo cuando Mar\u00eda Luisa Alcalde en visita a Puebla, abri\u00f3 la puerta de la reelecci\u00f3n.<\/p>\n<p>Encabeza la lista Pepe Chedraui, quien ya formaliz\u00f3 su afiliaci\u00f3n al Movimiento Regeneraci\u00f3n Nacional (Morena) con toda la ceremonia de rigor y mensaje al lado.<\/p>\n<p>Acompa\u00f1ado de Olga Romero, presidenta estatal del partido, refrend\u00f3 su compromiso con la \u201ctransformaci\u00f3n pol\u00edtica desde la institucionalidad\u201d y con el trabajo de territorio.<\/p>\n<p>La se\u00f1al es clara: la 4T reconoce fuerza, experiencia y, sobre todo, m\u00fasculo pol\u00edtico.<\/p>\n<p>Pero, Laura Artemisa Garc\u00eda Ch\u00e1vez no se queda atr\u00e1s.<\/p>\n<p>Apenas hace unos d\u00edas, con sonrisa prudente, como le comentamos en este espacio, dej\u00f3 entrever que la carrera es larga y que 2027 se gana desde hoy.<\/p>\n<p>Su estrategia es buscar unidad, coordinaci\u00f3n y un equipo s\u00f3lido.<\/p>\n<p>Por eso la reuni\u00f3n con Rodrigo Abdala, quien tambi\u00e9n ya alz\u00f3 la mano, aunque con menos posibilidades.<\/p>\n<p>Pero tambi\u00e9n en la lista hay cuota de exhibicionistas, sin reales oportunidades.<\/p>\n<p>Por ejemplo, la diputada Nayeli Salvatori, siempre al acecho de micr\u00f3fonos y c\u00e1maras, no pierde oportunidad de autopromocionarse en entrevistas cuidadosamente guionadas.<\/p>\n<p>Y qu\u00e9 decir de Roberto Zatarain Leal, cuyo rostro ya adorna calles enteras, en abierta violaci\u00f3n a la ley electoral, con pegotes en los que promociona \u201cmeditaci\u00f3n gratuita\u201d, mensajes que nadie lee y mucho menos acude.<\/p>\n<p>Ambos est\u00e1n en la lista de relleno.<br \/>\nMientras tanto, otros actores de la 4T se mueven con la prudencia de quien sabe que cada paso se observa.<\/p>\n<p>Por ejemplo, los destapes del Partido del Trabajo: To\u00f1o L\u00f3pez y Nora Merino Escamilla.<\/p>\n<p>Nora, en entrevista con nuestro amigo To\u00f1o de la Vega, no se descarta ni se apunta oficialmente, pero presume m\u00e9ritos de haber ganado tres de cuatro elecciones.<\/p>\n<p>Por eso sus constantes colaboraciones radi\u00f3fonicas.<\/p>\n<p>Todo bajo la supervisi\u00f3n de Liz S\u00e1nchez, senadora y due\u00f1a de la franquicia del PT en Puebla, capaz de hacer y deshacer a voluntad en la competencia electoral.<\/p>\n<p>En tanto, To\u00f1o L\u00f3pez, sigue picando piedra.<\/p>\n<p>As\u00ed, la capital poblana se prepara para un juego de ajedrez pol\u00edtico que empez\u00f3 antes de lo esperado.<\/p>\n<p>Tal vez los aspirantes tomaron muy literal al gobernador Armenta y su frase es su bandera de arranque.<\/p>\n<p>La marcha al 27 ha empezado y muy temprano.<\/p>\n<p>Ser\u00e1 marat\u00f3nica y solo llegar\u00e1 el m\u00e1s fuerte; algunos solo van por cualquier hueso.<\/p>\n<p>Tiempo al tiempo.<\/p>\n","protected":false},"excerpt":{"rendered":"<p>LA PASARELA POR JORGE CASTILLO &nbsp; El gobernador de Puebla, Alejandro Armenta, lo tiene claro siempre con su frase: \u201cAl que madruga Dios le ayuda y para uno que madruga, otro que no duerme\u201d. En Puebla, el reloj electoral de la 4T ya no espera a que llegue el primer informe de gobierno. La carrera&#8230;<\/p>\n","protected":false},"author":16,"featured_media":32236,"comment_status":"closed","ping_status":"closed","sticky":false,"template":"","format":"standard","meta":[],"categories":[10],"tags":[4020,1420,2512,248,66,49],"yoast_head":"<!-- This site is optimized with the Yoast SEO plugin v20.8 - https:\/\/yoast.com\/wordpress\/plugins\/seo\/ -->\n<title>A quien madruga\u2026 la 4T ya calienta motores - The Puebla Times<\/title>\n<meta name=\"robots\" content=\"index, follow, max-snippet:-1, max-image-preview:large, max-video-preview:-1\" \/>\n<link rel=\"canonical\" href=\"https:\/\/thepueblatimes.mx\/index.php\/2025\/08\/14\/a-quien-madruga-la-4t-ya-calienta-motores\/\" \/>\n<meta property=\"og:locale\" content=\"es_ES\" \/>\n<meta property=\"og:type\" content=\"article\" \/>\n<meta property=\"og:title\" content=\"A quien madruga\u2026 la 4T ya calienta motores - The Puebla Times\" \/>\n<meta property=\"og:description\" content=\"LA PASARELA POR JORGE CASTILLO &nbsp; El gobernador de Puebla, Alejandro Armenta, lo tiene claro siempre con su frase: \u201cAl que madruga Dios le ayuda y para uno que madruga, otro que no duerme\u201d. En Puebla, el reloj electoral de la 4T ya no espera a que llegue el primer informe de gobierno. La carrera...\" \/>\n<meta property=\"og:url\" content=\"https:\/\/thepueblatimes.mx\/index.php\/2025\/08\/14\/a-quien-madruga-la-4t-ya-calienta-motores\/\" \/>\n<meta property=\"og:site_name\" content=\"The Puebla Times\" \/>\n<meta property=\"article:published_time\" content=\"2025-08-14T19:03:09+00:00\" \/>\n<meta property=\"og:image\" content=\"https:\/\/thepueblatimes.mx\/wp-content\/uploads\/2025\/08\/75-blog.jpg\" \/>\n\t<meta property=\"og:image:width\" content=\"587\" \/>\n\t<meta property=\"og:image:height\" content=\"392\" \/>\n\t<meta property=\"og:image:type\" content=\"image\/jpeg\" \/>\n<meta name=\"author\" content=\"Sa\u00fal Hern\u00e1ndez\" \/>\n<meta name=\"twitter:card\" content=\"summary_large_image\" \/>\n<meta name=\"twitter:label1\" content=\"Escrito por\" \/>\n\t<meta name=\"twitter:data1\" content=\"Sa\u00fal Hern\u00e1ndez\" \/>\n\t<meta name=\"twitter:label2\" content=\"Tiempo de lectura\" \/>\n\t<meta name=\"twitter:data2\" content=\"3 minutos\" \/>\n<script type=\"application\/ld+json\" class=\"yoast-schema-graph\">{\"@context\":\"https:\/\/schema.org\",\"@graph\":[{\"@type\":\"WebPage\",\"@id\":\"https:\/\/thepueblatimes.mx\/index.php\/2025\/08\/14\/a-quien-madruga-la-4t-ya-calienta-motores\/\",\"url\":\"https:\/\/thepueblatimes.mx\/index.php\/2025\/08\/14\/a-quien-madruga-la-4t-ya-calienta-motores\/\",\"name\":\"A quien madruga\u2026 la 4T ya calienta motores - The Puebla Times\",\"isPartOf\":{\"@id\":\"https:\/\/thepueblatimes.mx\/#website\"},\"datePublished\":\"2025-08-14T19:03:09+00:00\",\"dateModified\":\"2025-08-14T19:03:09+00:00\",\"author\":{\"@id\":\"https:\/\/thepueblatimes.mx\/#\/schema\/person\/1664894c2f65ce2c7a08d8f5f905c13c\"},\"breadcrumb\":{\"@id\":\"https:\/\/thepueblatimes.mx\/index.php\/2025\/08\/14\/a-quien-madruga-la-4t-ya-calienta-motores\/#breadcrumb\"},\"inLanguage\":\"es\",\"potentialAction\":[{\"@type\":\"ReadAction\",\"target\":[\"https:\/\/thepueblatimes.mx\/index.php\/2025\/08\/14\/a-quien-madruga-la-4t-ya-calienta-motores\/\"]}]},{\"@type\":\"BreadcrumbList\",\"@id\":\"https:\/\/thepueblatimes.mx\/index.php\/2025\/08\/14\/a-quien-madruga-la-4t-ya-calienta-motores\/#breadcrumb\",\"itemListElement\":[{\"@type\":\"ListItem\",\"position\":1,\"name\":\"Portada\",\"item\":\"https:\/\/thepueblatimes.mx\/\"},{\"@type\":\"ListItem\",\"position\":2,\"name\":\"A quien madruga\u2026 la 4T ya calienta motores\"}]},{\"@type\":\"WebSite\",\"@id\":\"https:\/\/thepueblatimes.mx\/#website\",\"url\":\"https:\/\/thepueblatimes.mx\/\",\"name\":\"The Puebla Times\",\"description\":\"Noticias del Estado de Puebla\",\"potentialAction\":[{\"@type\":\"SearchAction\",\"target\":{\"@type\":\"EntryPoint\",\"urlTemplate\":\"https:\/\/thepueblatimes.mx\/?s={search_term_string}\"},\"query-input\":\"required name=search_term_string\"}],\"inLanguage\":\"es\"},{\"@type\":\"Person\",\"@id\":\"https:\/\/thepueblatimes.mx\/#\/schema\/person\/1664894c2f65ce2c7a08d8f5f905c13c\",\"name\":\"Sa\u00fal Hern\u00e1ndez\",\"image\":{\"@type\":\"ImageObject\",\"inLanguage\":\"es\",\"@id\":\"https:\/\/thepueblatimes.mx\/#\/schema\/person\/image\/\",\"url\":\"https:\/\/secure.gravatar.com\/avatar\/11be338693f243309532caad8f10c930?s=96&d=mm&r=g\",\"contentUrl\":\"https:\/\/secure.gravatar.com\/avatar\/11be338693f243309532caad8f10c930?s=96&d=mm&r=g\",\"caption\":\"Sa\u00fal Hern\u00e1ndez\"},\"url\":\"https:\/\/thepueblatimes.mx\/index.php\/author\/saulhernandez\/\"}]}<\/script>\n<!-- \/ Yoast SEO plugin. -->","yoast_head_json":{"title":"A quien madruga\u2026 la 4T ya calienta motores - The Puebla Times","robots":{"index":"index","follow":"follow","max-snippet":"max-snippet:-1","max-image-preview":"max-image-preview:large","max-video-preview":"max-video-preview:-1"},"canonical":"https:\/\/thepueblatimes.mx\/index.php\/2025\/08\/14\/a-quien-madruga-la-4t-ya-calienta-motores\/","og_locale":"es_ES","og_type":"article","og_title":"A quien madruga\u2026 la 4T ya calienta motores - The Puebla Times","og_description":"LA PASARELA POR JORGE CASTILLO &nbsp; El gobernador de Puebla, Alejandro Armenta, lo tiene claro siempre con su frase: \u201cAl que madruga Dios le ayuda y para uno que madruga, otro que no duerme\u201d. En Puebla, el reloj electoral de la 4T ya no espera a que llegue el primer informe de gobierno. La carrera...","og_url":"https:\/\/thepueblatimes.mx\/index.php\/2025\/08\/14\/a-quien-madruga-la-4t-ya-calienta-motores\/","og_site_name":"The Puebla Times","article_published_time":"2025-08-14T19:03:09+00:00","og_image":[{"width":587,"height":392,"url":"https:\/\/thepueblatimes.mx\/wp-content\/uploads\/2025\/08\/75-blog.jpg","type":"image\/jpeg"}],"author":"Sa\u00fal Hern\u00e1ndez","twitter_card":"summary_large_image","twitter_misc":{"Escrito por":"Sa\u00fal Hern\u00e1ndez","Tiempo de lectura":"3 minutos"},"schema":{"@context":"https:\/\/schema.org","@graph":[{"@type":"WebPage","@id":"https:\/\/thepueblatimes.mx\/index.php\/2025\/08\/14\/a-quien-madruga-la-4t-ya-calienta-motores\/","url":"https:\/\/thepueblatimes.mx\/index.php\/2025\/08\/14\/a-quien-madruga-la-4t-ya-calienta-motores\/","name":"A quien madruga\u2026 la 4T ya calienta motores - The Puebla Times","isPartOf":{"@id":"https:\/\/thepueblatimes.mx\/#website"},"datePublished":"2025-08-14T19:03:09+00:00","dateModified":"2025-08-14T19:03:09+00:00","author":{"@id":"https:\/\/thepueblatimes.mx\/#\/schema\/person\/1664894c2f65ce2c7a08d8f5f905c13c"},"breadcrumb":{"@id":"https:\/\/thepueblatimes.mx\/index.php\/2025\/08\/14\/a-quien-madruga-la-4t-ya-calienta-motores\/#breadcrumb"},"inLanguage":"es","potentialAction":[{"@type":"ReadAction","target":["https:\/\/thepueblatimes.mx\/index.php\/2025\/08\/14\/a-quien-madruga-la-4t-ya-calienta-motores\/"]}]},{"@type":"BreadcrumbList","@id":"https:\/\/thepueblatimes.mx\/index.php\/2025\/08\/14\/a-quien-madruga-la-4t-ya-calienta-motores\/#breadcrumb","itemListElement":[{"@type":"ListItem","position":1,"name":"Portada","item":"https:\/\/thepueblatimes.mx\/"},{"@type":"ListItem","position":2,"name":"A quien madruga\u2026 la 4T ya calienta motores"}]},{"@type":"WebSite","@id":"https:\/\/thepueblatimes.mx\/#website","url":"https:\/\/thepueblatimes.mx\/","name":"The Puebla Times","description":"Noticias del Estado de Puebla","potentialAction":[{"@type":"SearchAction","target":{"@type":"EntryPoint","urlTemplate":"https:\/\/thepueblatimes.mx\/?s={search_term_string}"},"query-input":"required name=search_term_string"}],"inLanguage":"es"},{"@type":"Person","@id":"https:\/\/thepueblatimes.mx\/#\/schema\/person\/1664894c2f65ce2c7a08d8f5f905c13c","name":"Sa\u00fal Hern\u00e1ndez","image":{"@type":"ImageObject","inLanguage":"es","@id":"https:\/\/thepueblatimes.mx\/#\/schema\/person\/image\/","url":"https:\/\/secure.gravatar.com\/avatar\/11be338693f243309532caad8f10c930?s=96&d=mm&r=g","contentUrl":"https:\/\/secure.gravatar.com\/avatar\/11be338693f243309532caad8f10c930?s=96&d=mm&r=g","caption":"Sa\u00fal Hern\u00e1ndez"},"url":"https:\/\/thepueblatimes.mx\/index.php\/author\/saulhernandez\/"}]}},"jetpack_featured_media_url":"https:\/\/thepueblatimes.mx\/wp-content\/uploads\/2025\/08\/75-blog.jpg","_links":{"self":[{"href":"https:\/\/thepueblatimes.mx\/index.php\/wp-json\/wp\/v2\/posts\/32235"}],"collection":[{"href":"https:\/\/thepueblatimes.mx\/index.php\/wp-json\/wp\/v2\/posts"}],"about":[{"href":"https:\/\/thepueblatimes.mx\/index.php\/wp-json\/wp\/v2\/types\/post"}],"author":[{"embeddable":true,"href":"https:\/\/thepueblatimes.mx\/index.php\/wp-json\/wp\/v2\/users\/16"}],"replies":[{"embeddable":true,"href":"https:\/\/thepueblatimes.mx\/index.php\/wp-json\/wp\/v2\/comments?post=32235"}],"version-history":[{"count":2,"href":"https:\/\/thepueblatimes.mx\/index.php\/wp-json\/wp\/v2\/posts\/32235\/revisions"}],"predecessor-version":[{"id":32238,"href":"https:\/\/thepueblatimes.mx\/index.php\/wp-json\/wp\/v2\/posts\/32235\/revisions\/32238"}],"wp:featuredmedia":[{"embeddable":true,"href":"https:\/\/thepueblatimes.mx\/index.php\/wp-json\/wp\/v2\/media\/32236"}],"wp:attachment":[{"href":"https:\/\/thepueblatimes.mx\/index.php\/wp-json\/wp\/v2\/media?parent=32235"}],"wp:term":[{"taxonomy":"category","embeddable":true,"href":"https:\/\/thepueblatimes.mx\/index.php\/wp-json\/wp\/v2\/categories?post=32235"},{"taxonomy":"post_tag","embeddable":true,"href":"https:\/\/thepueblatimes.mx\/index.php\/wp-json\/wp\/v2\/tags?post=32235"}],"curies":[{"name":"wp","href":"https:\/\/api.w.org\/{rel}","templated":true}]}}