{"id":32130,"date":"2025-08-09T10:49:19","date_gmt":"2025-08-09T16:49:19","guid":{"rendered":"https:\/\/thepueblatimes.mx\/?p=32130"},"modified":"2025-08-09T10:49:19","modified_gmt":"2025-08-09T16:49:19","slug":"paz-y-orden-para-familias-gobierno-impulsa-regulacion-del-uso-de-motocicletas","status":"publish","type":"post","link":"https:\/\/thepueblatimes.mx\/index.php\/2025\/08\/09\/paz-y-orden-para-familias-gobierno-impulsa-regulacion-del-uso-de-motocicletas\/","title":{"rendered":"Paz y orden para familias, Gobierno impulsa regulaci\u00f3n del uso de motocicletas"},"content":{"rendered":"<h3><em>-El secretario de Seguridad P\u00fablica, Vicealmirante Francisco S\u00e1nchez Gonz\u00e1lez, inform\u00f3 que a trav\u00e9s del operativo ROMA se han trasladado mil 671 motos al dep\u00f3sito vehicular, dado que los usuarios no cumplen con la normatividad.<\/em><\/h3>\n<p>CIUDAD DE PUEBLA, Pue. \u2013 Con la firme convicci\u00f3n de que las familias poblanas vivan en tranquilidad, paz y seguridad, el gobernador Alejandro Armenta refiri\u00f3 que en la entidad se implementan leyes y programas para generar orden, ya que la prioridad es cuidar a la poblaci\u00f3n.<\/p>\n<p>Durante la ma\u00f1anera, el mandatario coment\u00f3 que en una gira de trabajo por la junta auxiliar San Baltazar Campeche, en la capital de Puebla, un se\u00f1or de aproximadamente 75 a\u00f1os lo abord\u00f3 para hacerle la petici\u00f3n de actuar en\u00e9rgicamente en el tema de las motocicletas, ya que desafortunadamente sufri\u00f3 un robo a trav\u00e9s de este medio de transporte.<\/p>\n<p>Record\u00f3 el ejecutivo que con la implementaci\u00f3n del uso de casco a las y los conductores de motocicletas, se pone orden en la entidad en el manejo de dichos veh\u00edculos.<\/p>\n<p>Al respecto, el secretario de Seguridad P\u00fablica, vicealmirante Francisco S\u00e1nchez Gonz\u00e1lez, se\u00f1al\u00f3 que el 60 por ciento de los robos o delitos se cometen a bordo de motocicletas, en este sentido, inform\u00f3 que a trav\u00e9s del operativo ROMA buscan regular la circulaci\u00f3n de usuarios.<\/p>\n<p>Detall\u00f3 que a la fecha se han realizado 12 mil 986 acciones de proximidad, revisi\u00f3n y consulta de 10 mil 430 motos, mil 671 motos han sido trasladadas al dep\u00f3sito vehicular por no cumplir con la normatividad y se han aplicado 2 mil 488 infracciones por falta de licencia, placas o tarjeta de circulaci\u00f3n.<\/p>\n<p>El titular de la SSP resalt\u00f3 que los operativos tienen el \u00fanico objetivo de cuidar a las y los poblanos, por ello han puesto especial \u00e9nfasis en la ejecuci\u00f3n de este tipo de acciones.<\/p>\n<p>Por su parte, el integrante del Sexto Regimiento Blindado de Reconocimiento, Jaret Alejandro Mart\u00ednez Rivera, exhort\u00f3 a las y los poblanos a tener confianza en los operativos que se realizan en diversos municipios pues son para la seguridad de todas y todos.<\/p>\n","protected":false},"excerpt":{"rendered":"<p>-El secretario de Seguridad P\u00fablica, Vicealmirante Francisco S\u00e1nchez Gonz\u00e1lez, inform\u00f3 que a trav\u00e9s del operativo ROMA se han trasladado mil 671 motos al dep\u00f3sito vehicular, dado que los usuarios no cumplen con la normatividad. CIUDAD DE PUEBLA, Pue. \u2013 Con la firme convicci\u00f3n de que las familias poblanas vivan en tranquilidad, paz y seguridad, el&#8230;<\/p>\n","protected":false},"author":16,"featured_media":32132,"comment_status":"closed","ping_status":"closed","sticky":false,"template":"","format":"standard","meta":[],"categories":[3],"tags":[1273,494],"yoast_head":"<!-- This site is optimized with the Yoast SEO plugin v20.8 - https:\/\/yoast.com\/wordpress\/plugins\/seo\/ -->\n<title>Paz y orden para familias, Gobierno impulsa regulaci\u00f3n del uso de motocicletas - The Puebla Times<\/title>\n<meta name=\"robots\" content=\"index, follow, max-snippet:-1, max-image-preview:large, max-video-preview:-1\" \/>\n<link rel=\"canonical\" href=\"https:\/\/thepueblatimes.mx\/index.php\/2025\/08\/09\/paz-y-orden-para-familias-gobierno-impulsa-regulacion-del-uso-de-motocicletas\/\" \/>\n<meta property=\"og:locale\" content=\"es_ES\" \/>\n<meta property=\"og:type\" content=\"article\" \/>\n<meta property=\"og:title\" content=\"Paz y orden para familias, Gobierno impulsa regulaci\u00f3n del uso de motocicletas - The Puebla Times\" \/>\n<meta property=\"og:description\" content=\"-El secretario de Seguridad P\u00fablica, Vicealmirante Francisco S\u00e1nchez Gonz\u00e1lez, inform\u00f3 que a trav\u00e9s del operativo ROMA se han trasladado mil 671 motos al dep\u00f3sito vehicular, dado que los usuarios no cumplen con la normatividad. CIUDAD DE PUEBLA, Pue. \u2013 Con la firme convicci\u00f3n de que las familias poblanas vivan en tranquilidad, paz y seguridad, el...\" \/>\n<meta property=\"og:url\" content=\"https:\/\/thepueblatimes.mx\/index.php\/2025\/08\/09\/paz-y-orden-para-familias-gobierno-impulsa-regulacion-del-uso-de-motocicletas\/\" \/>\n<meta property=\"og:site_name\" content=\"The Puebla Times\" \/>\n<meta property=\"article:published_time\" content=\"2025-08-09T16:49:19+00:00\" \/>\n<meta property=\"og:image\" content=\"https:\/\/thepueblatimes.mx\/wp-content\/uploads\/2025\/08\/WhatsApp-Image-2025-08-08-at-16.11.49-6-scaled.jpeg\" \/>\n\t<meta property=\"og:image:width\" content=\"2560\" \/>\n\t<meta property=\"og:image:height\" content=\"1706\" \/>\n\t<meta property=\"og:image:type\" content=\"image\/jpeg\" \/>\n<meta name=\"author\" content=\"Sa\u00fal Hern\u00e1ndez\" \/>\n<meta name=\"twitter:card\" content=\"summary_large_image\" \/>\n<meta name=\"twitter:label1\" content=\"Escrito por\" \/>\n\t<meta name=\"twitter:data1\" content=\"Sa\u00fal Hern\u00e1ndez\" \/>\n\t<meta name=\"twitter:label2\" content=\"Tiempo de lectura\" \/>\n\t<meta name=\"twitter:data2\" content=\"2 minutos\" \/>\n<script type=\"application\/ld+json\" class=\"yoast-schema-graph\">{\"@context\":\"https:\/\/schema.org\",\"@graph\":[{\"@type\":\"WebPage\",\"@id\":\"https:\/\/thepueblatimes.mx\/index.php\/2025\/08\/09\/paz-y-orden-para-familias-gobierno-impulsa-regulacion-del-uso-de-motocicletas\/\",\"url\":\"https:\/\/thepueblatimes.mx\/index.php\/2025\/08\/09\/paz-y-orden-para-familias-gobierno-impulsa-regulacion-del-uso-de-motocicletas\/\",\"name\":\"Paz y orden para familias, Gobierno impulsa regulaci\u00f3n del uso de motocicletas - The Puebla Times\",\"isPartOf\":{\"@id\":\"https:\/\/thepueblatimes.mx\/#website\"},\"datePublished\":\"2025-08-09T16:49:19+00:00\",\"dateModified\":\"2025-08-09T16:49:19+00:00\",\"author\":{\"@id\":\"https:\/\/thepueblatimes.mx\/#\/schema\/person\/1664894c2f65ce2c7a08d8f5f905c13c\"},\"breadcrumb\":{\"@id\":\"https:\/\/thepueblatimes.mx\/index.php\/2025\/08\/09\/paz-y-orden-para-familias-gobierno-impulsa-regulacion-del-uso-de-motocicletas\/#breadcrumb\"},\"inLanguage\":\"es\",\"potentialAction\":[{\"@type\":\"ReadAction\",\"target\":[\"https:\/\/thepueblatimes.mx\/index.php\/2025\/08\/09\/paz-y-orden-para-familias-gobierno-impulsa-regulacion-del-uso-de-motocicletas\/\"]}]},{\"@type\":\"BreadcrumbList\",\"@id\":\"https:\/\/thepueblatimes.mx\/index.php\/2025\/08\/09\/paz-y-orden-para-familias-gobierno-impulsa-regulacion-del-uso-de-motocicletas\/#breadcrumb\",\"itemListElement\":[{\"@type\":\"ListItem\",\"position\":1,\"name\":\"Portada\",\"item\":\"https:\/\/thepueblatimes.mx\/\"},{\"@type\":\"ListItem\",\"position\":2,\"name\":\"Paz y orden para familias, Gobierno impulsa regulaci\u00f3n del uso de motocicletas\"}]},{\"@type\":\"WebSite\",\"@id\":\"https:\/\/thepueblatimes.mx\/#website\",\"url\":\"https:\/\/thepueblatimes.mx\/\",\"name\":\"The Puebla Times\",\"description\":\"Noticias del Estado de Puebla\",\"potentialAction\":[{\"@type\":\"SearchAction\",\"target\":{\"@type\":\"EntryPoint\",\"urlTemplate\":\"https:\/\/thepueblatimes.mx\/?s={search_term_string}\"},\"query-input\":\"required name=search_term_string\"}],\"inLanguage\":\"es\"},{\"@type\":\"Person\",\"@id\":\"https:\/\/thepueblatimes.mx\/#\/schema\/person\/1664894c2f65ce2c7a08d8f5f905c13c\",\"name\":\"Sa\u00fal Hern\u00e1ndez\",\"image\":{\"@type\":\"ImageObject\",\"inLanguage\":\"es\",\"@id\":\"https:\/\/thepueblatimes.mx\/#\/schema\/person\/image\/\",\"url\":\"https:\/\/secure.gravatar.com\/avatar\/11be338693f243309532caad8f10c930?s=96&d=mm&r=g\",\"contentUrl\":\"https:\/\/secure.gravatar.com\/avatar\/11be338693f243309532caad8f10c930?s=96&d=mm&r=g\",\"caption\":\"Sa\u00fal Hern\u00e1ndez\"},\"url\":\"https:\/\/thepueblatimes.mx\/index.php\/author\/saulhernandez\/\"}]}<\/script>\n<!-- \/ Yoast SEO plugin. -->","yoast_head_json":{"title":"Paz y orden para familias, Gobierno impulsa regulaci\u00f3n del uso de motocicletas - The Puebla Times","robots":{"index":"index","follow":"follow","max-snippet":"max-snippet:-1","max-image-preview":"max-image-preview:large","max-video-preview":"max-video-preview:-1"},"canonical":"https:\/\/thepueblatimes.mx\/index.php\/2025\/08\/09\/paz-y-orden-para-familias-gobierno-impulsa-regulacion-del-uso-de-motocicletas\/","og_locale":"es_ES","og_type":"article","og_title":"Paz y orden para familias, Gobierno impulsa regulaci\u00f3n del uso de motocicletas - The Puebla Times","og_description":"-El secretario de Seguridad P\u00fablica, Vicealmirante Francisco S\u00e1nchez Gonz\u00e1lez, inform\u00f3 que a trav\u00e9s del operativo ROMA se han trasladado mil 671 motos al dep\u00f3sito vehicular, dado que los usuarios no cumplen con la normatividad. CIUDAD DE PUEBLA, Pue. \u2013 Con la firme convicci\u00f3n de que las familias poblanas vivan en tranquilidad, paz y seguridad, el...","og_url":"https:\/\/thepueblatimes.mx\/index.php\/2025\/08\/09\/paz-y-orden-para-familias-gobierno-impulsa-regulacion-del-uso-de-motocicletas\/","og_site_name":"The Puebla Times","article_published_time":"2025-08-09T16:49:19+00:00","og_image":[{"width":2560,"height":1706,"url":"https:\/\/thepueblatimes.mx\/wp-content\/uploads\/2025\/08\/WhatsApp-Image-2025-08-08-at-16.11.49-6-scaled.jpeg","type":"image\/jpeg"}],"author":"Sa\u00fal Hern\u00e1ndez","twitter_card":"summary_large_image","twitter_misc":{"Escrito por":"Sa\u00fal Hern\u00e1ndez","Tiempo de lectura":"2 minutos"},"schema":{"@context":"https:\/\/schema.org","@graph":[{"@type":"WebPage","@id":"https:\/\/thepueblatimes.mx\/index.php\/2025\/08\/09\/paz-y-orden-para-familias-gobierno-impulsa-regulacion-del-uso-de-motocicletas\/","url":"https:\/\/thepueblatimes.mx\/index.php\/2025\/08\/09\/paz-y-orden-para-familias-gobierno-impulsa-regulacion-del-uso-de-motocicletas\/","name":"Paz y orden para familias, Gobierno impulsa regulaci\u00f3n del uso de motocicletas - The Puebla Times","isPartOf":{"@id":"https:\/\/thepueblatimes.mx\/#website"},"datePublished":"2025-08-09T16:49:19+00:00","dateModified":"2025-08-09T16:49:19+00:00","author":{"@id":"https:\/\/thepueblatimes.mx\/#\/schema\/person\/1664894c2f65ce2c7a08d8f5f905c13c"},"breadcrumb":{"@id":"https:\/\/thepueblatimes.mx\/index.php\/2025\/08\/09\/paz-y-orden-para-familias-gobierno-impulsa-regulacion-del-uso-de-motocicletas\/#breadcrumb"},"inLanguage":"es","potentialAction":[{"@type":"ReadAction","target":["https:\/\/thepueblatimes.mx\/index.php\/2025\/08\/09\/paz-y-orden-para-familias-gobierno-impulsa-regulacion-del-uso-de-motocicletas\/"]}]},{"@type":"BreadcrumbList","@id":"https:\/\/thepueblatimes.mx\/index.php\/2025\/08\/09\/paz-y-orden-para-familias-gobierno-impulsa-regulacion-del-uso-de-motocicletas\/#breadcrumb","itemListElement":[{"@type":"ListItem","position":1,"name":"Portada","item":"https:\/\/thepueblatimes.mx\/"},{"@type":"ListItem","position":2,"name":"Paz y orden para familias, Gobierno impulsa regulaci\u00f3n del uso de motocicletas"}]},{"@type":"WebSite","@id":"https:\/\/thepueblatimes.mx\/#website","url":"https:\/\/thepueblatimes.mx\/","name":"The Puebla Times","description":"Noticias del Estado de Puebla","potentialAction":[{"@type":"SearchAction","target":{"@type":"EntryPoint","urlTemplate":"https:\/\/thepueblatimes.mx\/?s={search_term_string}"},"query-input":"required name=search_term_string"}],"inLanguage":"es"},{"@type":"Person","@id":"https:\/\/thepueblatimes.mx\/#\/schema\/person\/1664894c2f65ce2c7a08d8f5f905c13c","name":"Sa\u00fal Hern\u00e1ndez","image":{"@type":"ImageObject","inLanguage":"es","@id":"https:\/\/thepueblatimes.mx\/#\/schema\/person\/image\/","url":"https:\/\/secure.gravatar.com\/avatar\/11be338693f243309532caad8f10c930?s=96&d=mm&r=g","contentUrl":"https:\/\/secure.gravatar.com\/avatar\/11be338693f243309532caad8f10c930?s=96&d=mm&r=g","caption":"Sa\u00fal Hern\u00e1ndez"},"url":"https:\/\/thepueblatimes.mx\/index.php\/author\/saulhernandez\/"}]}},"jetpack_featured_media_url":"https:\/\/thepueblatimes.mx\/wp-content\/uploads\/2025\/08\/WhatsApp-Image-2025-08-08-at-16.11.49-6-scaled.jpeg","_links":{"self":[{"href":"https:\/\/thepueblatimes.mx\/index.php\/wp-json\/wp\/v2\/posts\/32130"}],"collection":[{"href":"https:\/\/thepueblatimes.mx\/index.php\/wp-json\/wp\/v2\/posts"}],"about":[{"href":"https:\/\/thepueblatimes.mx\/index.php\/wp-json\/wp\/v2\/types\/post"}],"author":[{"embeddable":true,"href":"https:\/\/thepueblatimes.mx\/index.php\/wp-json\/wp\/v2\/users\/16"}],"replies":[{"embeddable":true,"href":"https:\/\/thepueblatimes.mx\/index.php\/wp-json\/wp\/v2\/comments?post=32130"}],"version-history":[{"count":1,"href":"https:\/\/thepueblatimes.mx\/index.php\/wp-json\/wp\/v2\/posts\/32130\/revisions"}],"predecessor-version":[{"id":32133,"href":"https:\/\/thepueblatimes.mx\/index.php\/wp-json\/wp\/v2\/posts\/32130\/revisions\/32133"}],"wp:featuredmedia":[{"embeddable":true,"href":"https:\/\/thepueblatimes.mx\/index.php\/wp-json\/wp\/v2\/media\/32132"}],"wp:attachment":[{"href":"https:\/\/thepueblatimes.mx\/index.php\/wp-json\/wp\/v2\/media?parent=32130"}],"wp:term":[{"taxonomy":"category","embeddable":true,"href":"https:\/\/thepueblatimes.mx\/index.php\/wp-json\/wp\/v2\/categories?post=32130"},{"taxonomy":"post_tag","embeddable":true,"href":"https:\/\/thepueblatimes.mx\/index.php\/wp-json\/wp\/v2\/tags?post=32130"}],"curies":[{"name":"wp","href":"https:\/\/api.w.org\/{rel}","templated":true}]}}