{"id":32127,"date":"2025-08-09T10:33:47","date_gmt":"2025-08-09T16:33:47","guid":{"rendered":"https:\/\/thepueblatimes.mx\/?p=32127"},"modified":"2025-08-09T10:33:47","modified_gmt":"2025-08-09T16:33:47","slug":"sedif-coadyuva-a-que-grupos-vulnerables-tengan-bienestar-alimentario","status":"publish","type":"post","link":"https:\/\/thepueblatimes.mx\/index.php\/2025\/08\/09\/sedif-coadyuva-a-que-grupos-vulnerables-tengan-bienestar-alimentario\/","title":{"rendered":"SEDIF coadyuva a que grupos vulnerables tengan bienestar alimentario"},"content":{"rendered":"<h3><em>-El Gobierno del Estado de Puebla a trav\u00e9s del organismo distribuye 117 mil 194 despensas para beneficiar a 16 mil 742 personas de juntas auxiliares de Puebla capital.<\/em><\/h3>\n<p>&nbsp;<\/p>\n<p>CIUDAD DE PUEBLA, Pue.- El Gobierno del estado de Puebla que encabeza Alejandro Armenta, ocupado en el bienestar de las y los poblanos, a trav\u00e9s del Sistema Estatal para el Desarrollo Integral de la Familia (SEDIF), distribuye despensas en comunidades con rezago y alta marginaci\u00f3n en Puebla capital, lo que se traduce en seguridad alimentaria para las familias.<\/p>\n<p>&nbsp;<\/p>\n<p>En este contexto, la presidenta del Patronato DIF, Ceci Arellano, mantiene su visi\u00f3n de otorgar apoyo a los grupos vulnerables a fin de que tengan una vida fuerte, sana, de crecimiento integral, pero sobre todo que las familias tengan certeza en su alimentaci\u00f3n.<\/p>\n<p>&nbsp;<\/p>\n<p>Con la entrega de despensas correspondientes a la primera y segunda etapa del \u201cPrograma de Atenci\u00f3n Alimentaria a Personas en Situaci\u00f3n de Vulnerabilidad\u201d, en juntas auxiliares y colonias de la capital, los grupos vulnerables beneficiados son las personas con discapacidad, desnutrici\u00f3n, con c\u00e1ncer, mujeres embarazadas y en periodo de lactancia, as\u00ed como adultas mayores.<\/p>\n<p>&nbsp;<\/p>\n<p>Durante el mes de agosto y la primera semana de septiembre, se entregar\u00e1n 117 mil 194 despensas a 16 mil 742 personas registradas en dicho programa, estas acciones representan un beneficio en la alimentaci\u00f3n de la poblaci\u00f3n por sus ingredientes nutritivos y salubres.<\/p>\n<p>&nbsp;<\/p>\n<p>Las despensas entregadas contienen alimentos tales como arroz, at\u00fan, sardina, avena, ch\u00edcharos, zanahorias, frijol, fruta deshidratada, harina de trigo, leche descremada, lenteja, pasta para sopa y aceite vegetal, todos ricos en carbohidratos y vitaminas que ayudan a que los beneficiados tengan una mejor alimentaci\u00f3n.<\/p>\n<p>&nbsp;<\/p>\n<p>En este sentido, Karen Rojas, habitante de la junta auxiliar Romero Vargas, agradeci\u00f3 a Ceci Arellano por el apoyo de despensas del Programa 100 D\u00edas. \u201cNos beneficia much\u00edsimo ya que nos ayudan a la econom\u00eda, al crecimiento de nuestros peque\u00f1os y es un gran apoyo para nuestra familia\u201d, expres\u00f3.<\/p>\n<p>&nbsp;<\/p>\n<p>Con estos apoyos, el SEDIF refrenda su compromiso de seguir de la mano y hombro con hombro con los subsistemas municipales para el Desarrollo Integral de las Familias en la construcci\u00f3n de un gobierno humanista, donde toda acci\u00f3n priorice protecci\u00f3n, confianza, cercan\u00eda, estabilidad, as\u00ed como bienestar social y beneficie a las familias que m\u00e1s lo necesitan de todo el estado.<\/p>\n<p>&nbsp;<\/p>\n<p>&nbsp;<\/p>\n<p>&nbsp;<\/p>\n","protected":false},"excerpt":{"rendered":"<p>-El Gobierno del Estado de Puebla a trav\u00e9s del organismo distribuye 117 mil 194 despensas para beneficiar a 16 mil 742 personas de juntas auxiliares de Puebla capital. &nbsp; CIUDAD DE PUEBLA, Pue.- El Gobierno del estado de Puebla que encabeza Alejandro Armenta, ocupado en el bienestar de las y los poblanos, a trav\u00e9s del&#8230;<\/p>\n","protected":false},"author":16,"featured_media":32128,"comment_status":"closed","ping_status":"closed","sticky":false,"template":"","format":"standard","meta":[],"categories":[3],"tags":[1523,1273,1341],"yoast_head":"<!-- This site is optimized with the Yoast SEO plugin v20.8 - https:\/\/yoast.com\/wordpress\/plugins\/seo\/ -->\n<title>SEDIF coadyuva a que grupos vulnerables tengan bienestar alimentario - The Puebla Times<\/title>\n<meta name=\"robots\" content=\"index, follow, max-snippet:-1, max-image-preview:large, max-video-preview:-1\" \/>\n<link rel=\"canonical\" href=\"https:\/\/thepueblatimes.mx\/index.php\/2025\/08\/09\/sedif-coadyuva-a-que-grupos-vulnerables-tengan-bienestar-alimentario\/\" \/>\n<meta property=\"og:locale\" content=\"es_ES\" \/>\n<meta property=\"og:type\" content=\"article\" \/>\n<meta property=\"og:title\" content=\"SEDIF coadyuva a que grupos vulnerables tengan bienestar alimentario - The Puebla Times\" \/>\n<meta property=\"og:description\" content=\"-El Gobierno del Estado de Puebla a trav\u00e9s del organismo distribuye 117 mil 194 despensas para beneficiar a 16 mil 742 personas de juntas auxiliares de Puebla capital. &nbsp; CIUDAD DE PUEBLA, Pue.- El Gobierno del estado de Puebla que encabeza Alejandro Armenta, ocupado en el bienestar de las y los poblanos, a trav\u00e9s del...\" \/>\n<meta property=\"og:url\" content=\"https:\/\/thepueblatimes.mx\/index.php\/2025\/08\/09\/sedif-coadyuva-a-que-grupos-vulnerables-tengan-bienestar-alimentario\/\" \/>\n<meta property=\"og:site_name\" content=\"The Puebla Times\" \/>\n<meta property=\"article:published_time\" content=\"2025-08-09T16:33:47+00:00\" \/>\n<meta property=\"og:image\" content=\"https:\/\/thepueblatimes.mx\/wp-content\/uploads\/2025\/08\/WhatsApp-Image-2025-08-08-at-16.36.30.jpeg\" \/>\n\t<meta property=\"og:image:width\" content=\"2560\" \/>\n\t<meta property=\"og:image:height\" content=\"1706\" \/>\n\t<meta property=\"og:image:type\" content=\"image\/jpeg\" \/>\n<meta name=\"author\" content=\"Sa\u00fal Hern\u00e1ndez\" \/>\n<meta name=\"twitter:card\" content=\"summary_large_image\" \/>\n<meta name=\"twitter:label1\" content=\"Escrito por\" \/>\n\t<meta name=\"twitter:data1\" content=\"Sa\u00fal Hern\u00e1ndez\" \/>\n\t<meta name=\"twitter:label2\" content=\"Tiempo de lectura\" \/>\n\t<meta name=\"twitter:data2\" content=\"2 minutos\" \/>\n<script type=\"application\/ld+json\" class=\"yoast-schema-graph\">{\"@context\":\"https:\/\/schema.org\",\"@graph\":[{\"@type\":\"WebPage\",\"@id\":\"https:\/\/thepueblatimes.mx\/index.php\/2025\/08\/09\/sedif-coadyuva-a-que-grupos-vulnerables-tengan-bienestar-alimentario\/\",\"url\":\"https:\/\/thepueblatimes.mx\/index.php\/2025\/08\/09\/sedif-coadyuva-a-que-grupos-vulnerables-tengan-bienestar-alimentario\/\",\"name\":\"SEDIF coadyuva a que grupos vulnerables tengan bienestar alimentario - The Puebla Times\",\"isPartOf\":{\"@id\":\"https:\/\/thepueblatimes.mx\/#website\"},\"datePublished\":\"2025-08-09T16:33:47+00:00\",\"dateModified\":\"2025-08-09T16:33:47+00:00\",\"author\":{\"@id\":\"https:\/\/thepueblatimes.mx\/#\/schema\/person\/1664894c2f65ce2c7a08d8f5f905c13c\"},\"breadcrumb\":{\"@id\":\"https:\/\/thepueblatimes.mx\/index.php\/2025\/08\/09\/sedif-coadyuva-a-que-grupos-vulnerables-tengan-bienestar-alimentario\/#breadcrumb\"},\"inLanguage\":\"es\",\"potentialAction\":[{\"@type\":\"ReadAction\",\"target\":[\"https:\/\/thepueblatimes.mx\/index.php\/2025\/08\/09\/sedif-coadyuva-a-que-grupos-vulnerables-tengan-bienestar-alimentario\/\"]}]},{\"@type\":\"BreadcrumbList\",\"@id\":\"https:\/\/thepueblatimes.mx\/index.php\/2025\/08\/09\/sedif-coadyuva-a-que-grupos-vulnerables-tengan-bienestar-alimentario\/#breadcrumb\",\"itemListElement\":[{\"@type\":\"ListItem\",\"position\":1,\"name\":\"Portada\",\"item\":\"https:\/\/thepueblatimes.mx\/\"},{\"@type\":\"ListItem\",\"position\":2,\"name\":\"SEDIF coadyuva a que grupos vulnerables tengan bienestar alimentario\"}]},{\"@type\":\"WebSite\",\"@id\":\"https:\/\/thepueblatimes.mx\/#website\",\"url\":\"https:\/\/thepueblatimes.mx\/\",\"name\":\"The Puebla Times\",\"description\":\"Noticias del Estado de Puebla\",\"potentialAction\":[{\"@type\":\"SearchAction\",\"target\":{\"@type\":\"EntryPoint\",\"urlTemplate\":\"https:\/\/thepueblatimes.mx\/?s={search_term_string}\"},\"query-input\":\"required name=search_term_string\"}],\"inLanguage\":\"es\"},{\"@type\":\"Person\",\"@id\":\"https:\/\/thepueblatimes.mx\/#\/schema\/person\/1664894c2f65ce2c7a08d8f5f905c13c\",\"name\":\"Sa\u00fal Hern\u00e1ndez\",\"image\":{\"@type\":\"ImageObject\",\"inLanguage\":\"es\",\"@id\":\"https:\/\/thepueblatimes.mx\/#\/schema\/person\/image\/\",\"url\":\"https:\/\/secure.gravatar.com\/avatar\/11be338693f243309532caad8f10c930?s=96&d=mm&r=g\",\"contentUrl\":\"https:\/\/secure.gravatar.com\/avatar\/11be338693f243309532caad8f10c930?s=96&d=mm&r=g\",\"caption\":\"Sa\u00fal Hern\u00e1ndez\"},\"url\":\"https:\/\/thepueblatimes.mx\/index.php\/author\/saulhernandez\/\"}]}<\/script>\n<!-- \/ Yoast SEO plugin. -->","yoast_head_json":{"title":"SEDIF coadyuva a que grupos vulnerables tengan bienestar alimentario - The Puebla Times","robots":{"index":"index","follow":"follow","max-snippet":"max-snippet:-1","max-image-preview":"max-image-preview:large","max-video-preview":"max-video-preview:-1"},"canonical":"https:\/\/thepueblatimes.mx\/index.php\/2025\/08\/09\/sedif-coadyuva-a-que-grupos-vulnerables-tengan-bienestar-alimentario\/","og_locale":"es_ES","og_type":"article","og_title":"SEDIF coadyuva a que grupos vulnerables tengan bienestar alimentario - The Puebla Times","og_description":"-El Gobierno del Estado de Puebla a trav\u00e9s del organismo distribuye 117 mil 194 despensas para beneficiar a 16 mil 742 personas de juntas auxiliares de Puebla capital. &nbsp; CIUDAD DE PUEBLA, Pue.- El Gobierno del estado de Puebla que encabeza Alejandro Armenta, ocupado en el bienestar de las y los poblanos, a trav\u00e9s del...","og_url":"https:\/\/thepueblatimes.mx\/index.php\/2025\/08\/09\/sedif-coadyuva-a-que-grupos-vulnerables-tengan-bienestar-alimentario\/","og_site_name":"The Puebla Times","article_published_time":"2025-08-09T16:33:47+00:00","og_image":[{"width":2560,"height":1706,"url":"https:\/\/thepueblatimes.mx\/wp-content\/uploads\/2025\/08\/WhatsApp-Image-2025-08-08-at-16.36.30.jpeg","type":"image\/jpeg"}],"author":"Sa\u00fal Hern\u00e1ndez","twitter_card":"summary_large_image","twitter_misc":{"Escrito por":"Sa\u00fal Hern\u00e1ndez","Tiempo de lectura":"2 minutos"},"schema":{"@context":"https:\/\/schema.org","@graph":[{"@type":"WebPage","@id":"https:\/\/thepueblatimes.mx\/index.php\/2025\/08\/09\/sedif-coadyuva-a-que-grupos-vulnerables-tengan-bienestar-alimentario\/","url":"https:\/\/thepueblatimes.mx\/index.php\/2025\/08\/09\/sedif-coadyuva-a-que-grupos-vulnerables-tengan-bienestar-alimentario\/","name":"SEDIF coadyuva a que grupos vulnerables tengan bienestar alimentario - The Puebla Times","isPartOf":{"@id":"https:\/\/thepueblatimes.mx\/#website"},"datePublished":"2025-08-09T16:33:47+00:00","dateModified":"2025-08-09T16:33:47+00:00","author":{"@id":"https:\/\/thepueblatimes.mx\/#\/schema\/person\/1664894c2f65ce2c7a08d8f5f905c13c"},"breadcrumb":{"@id":"https:\/\/thepueblatimes.mx\/index.php\/2025\/08\/09\/sedif-coadyuva-a-que-grupos-vulnerables-tengan-bienestar-alimentario\/#breadcrumb"},"inLanguage":"es","potentialAction":[{"@type":"ReadAction","target":["https:\/\/thepueblatimes.mx\/index.php\/2025\/08\/09\/sedif-coadyuva-a-que-grupos-vulnerables-tengan-bienestar-alimentario\/"]}]},{"@type":"BreadcrumbList","@id":"https:\/\/thepueblatimes.mx\/index.php\/2025\/08\/09\/sedif-coadyuva-a-que-grupos-vulnerables-tengan-bienestar-alimentario\/#breadcrumb","itemListElement":[{"@type":"ListItem","position":1,"name":"Portada","item":"https:\/\/thepueblatimes.mx\/"},{"@type":"ListItem","position":2,"name":"SEDIF coadyuva a que grupos vulnerables tengan bienestar alimentario"}]},{"@type":"WebSite","@id":"https:\/\/thepueblatimes.mx\/#website","url":"https:\/\/thepueblatimes.mx\/","name":"The Puebla Times","description":"Noticias del Estado de Puebla","potentialAction":[{"@type":"SearchAction","target":{"@type":"EntryPoint","urlTemplate":"https:\/\/thepueblatimes.mx\/?s={search_term_string}"},"query-input":"required name=search_term_string"}],"inLanguage":"es"},{"@type":"Person","@id":"https:\/\/thepueblatimes.mx\/#\/schema\/person\/1664894c2f65ce2c7a08d8f5f905c13c","name":"Sa\u00fal Hern\u00e1ndez","image":{"@type":"ImageObject","inLanguage":"es","@id":"https:\/\/thepueblatimes.mx\/#\/schema\/person\/image\/","url":"https:\/\/secure.gravatar.com\/avatar\/11be338693f243309532caad8f10c930?s=96&d=mm&r=g","contentUrl":"https:\/\/secure.gravatar.com\/avatar\/11be338693f243309532caad8f10c930?s=96&d=mm&r=g","caption":"Sa\u00fal Hern\u00e1ndez"},"url":"https:\/\/thepueblatimes.mx\/index.php\/author\/saulhernandez\/"}]}},"jetpack_featured_media_url":"https:\/\/thepueblatimes.mx\/wp-content\/uploads\/2025\/08\/WhatsApp-Image-2025-08-08-at-16.36.30.jpeg","_links":{"self":[{"href":"https:\/\/thepueblatimes.mx\/index.php\/wp-json\/wp\/v2\/posts\/32127"}],"collection":[{"href":"https:\/\/thepueblatimes.mx\/index.php\/wp-json\/wp\/v2\/posts"}],"about":[{"href":"https:\/\/thepueblatimes.mx\/index.php\/wp-json\/wp\/v2\/types\/post"}],"author":[{"embeddable":true,"href":"https:\/\/thepueblatimes.mx\/index.php\/wp-json\/wp\/v2\/users\/16"}],"replies":[{"embeddable":true,"href":"https:\/\/thepueblatimes.mx\/index.php\/wp-json\/wp\/v2\/comments?post=32127"}],"version-history":[{"count":1,"href":"https:\/\/thepueblatimes.mx\/index.php\/wp-json\/wp\/v2\/posts\/32127\/revisions"}],"predecessor-version":[{"id":32129,"href":"https:\/\/thepueblatimes.mx\/index.php\/wp-json\/wp\/v2\/posts\/32127\/revisions\/32129"}],"wp:featuredmedia":[{"embeddable":true,"href":"https:\/\/thepueblatimes.mx\/index.php\/wp-json\/wp\/v2\/media\/32128"}],"wp:attachment":[{"href":"https:\/\/thepueblatimes.mx\/index.php\/wp-json\/wp\/v2\/media?parent=32127"}],"wp:term":[{"taxonomy":"category","embeddable":true,"href":"https:\/\/thepueblatimes.mx\/index.php\/wp-json\/wp\/v2\/categories?post=32127"},{"taxonomy":"post_tag","embeddable":true,"href":"https:\/\/thepueblatimes.mx\/index.php\/wp-json\/wp\/v2\/tags?post=32127"}],"curies":[{"name":"wp","href":"https:\/\/api.w.org\/{rel}","templated":true}]}}