{"id":32033,"date":"2025-08-04T10:32:02","date_gmt":"2025-08-04T16:32:02","guid":{"rendered":"https:\/\/thepueblatimes.mx\/?p=32033"},"modified":"2025-08-04T10:32:02","modified_gmt":"2025-08-04T16:32:02","slug":"manta-con-mensaje-amenazante-en-el-exterior-del-penal-de-san-miguel","status":"publish","type":"post","link":"https:\/\/thepueblatimes.mx\/index.php\/2025\/08\/04\/manta-con-mensaje-amenazante-en-el-exterior-del-penal-de-san-miguel\/","title":{"rendered":"Manta con mensaje amenazante en el exterior del penal de San Miguel"},"content":{"rendered":"<p>Durante las primeras horas del domingo 3 de agosto fue localizada una manta con un mensaje amenazante a las afueras del penal de San Miguel, en la ciudad de Puebla.<\/p>\n<p>Alrededor de las 07:00 horas, cuando trabajadores reportaron la presencia de una manta sobre Camino al Bat\u00e1n, a la altura del kil\u00f3metro 2.5., por lo que polic\u00edas estatales acudieron al lugar y retiraron la manta.<\/p>\n<p>La manta qued\u00f3 a disposici\u00f3n de las autoridades correspondientes.<\/p>\n<p>El hallazgo de la manta se produjo a escasos d\u00edas del asesinato de un custodio del penal, mientras desayuna en un establecimiento ubicado en Camino al Bat\u00e1n, tras terminar su jornada laboral.<\/p>\n","protected":false},"excerpt":{"rendered":"<p>Durante las primeras horas del domingo 3 de agosto fue localizada una manta con un mensaje amenazante a las afueras del penal de San Miguel, en la ciudad de Puebla. Alrededor de las 07:00 horas, cuando trabajadores reportaron la presencia de una manta sobre Camino al Bat\u00e1n, a la altura del kil\u00f3metro 2.5., por lo&#8230;<\/p>\n","protected":false},"author":16,"featured_media":32034,"comment_status":"closed","ping_status":"closed","sticky":false,"template":"","format":"standard","meta":[],"categories":[542],"tags":[2792,3981,3983,3982],"yoast_head":"<!-- This site is optimized with the Yoast SEO plugin v20.8 - https:\/\/yoast.com\/wordpress\/plugins\/seo\/ -->\n<title>Manta con mensaje amenazante en el exterior del penal de San Miguel - The Puebla Times<\/title>\n<meta name=\"robots\" content=\"index, follow, max-snippet:-1, max-image-preview:large, max-video-preview:-1\" \/>\n<link rel=\"canonical\" href=\"https:\/\/thepueblatimes.mx\/index.php\/2025\/08\/04\/manta-con-mensaje-amenazante-en-el-exterior-del-penal-de-san-miguel\/\" \/>\n<meta property=\"og:locale\" content=\"es_ES\" \/>\n<meta property=\"og:type\" content=\"article\" \/>\n<meta property=\"og:title\" content=\"Manta con mensaje amenazante en el exterior del penal de San Miguel - The Puebla Times\" \/>\n<meta property=\"og:description\" content=\"Durante las primeras horas del domingo 3 de agosto fue localizada una manta con un mensaje amenazante a las afueras del penal de San Miguel, en la ciudad de Puebla. Alrededor de las 07:00 horas, cuando trabajadores reportaron la presencia de una manta sobre Camino al Bat\u00e1n, a la altura del kil\u00f3metro 2.5., por lo...\" \/>\n<meta property=\"og:url\" content=\"https:\/\/thepueblatimes.mx\/index.php\/2025\/08\/04\/manta-con-mensaje-amenazante-en-el-exterior-del-penal-de-san-miguel\/\" \/>\n<meta property=\"og:site_name\" content=\"The Puebla Times\" \/>\n<meta property=\"article:published_time\" content=\"2025-08-04T16:32:02+00:00\" \/>\n<meta property=\"og:image\" content=\"https:\/\/thepueblatimes.mx\/wp-content\/uploads\/2025\/08\/aspectos-cereso-san-miguel-agencia.jpeg\" \/>\n\t<meta property=\"og:image:width\" content=\"1200\" \/>\n\t<meta property=\"og:image:height\" content=\"747\" \/>\n\t<meta property=\"og:image:type\" content=\"image\/jpeg\" \/>\n<meta name=\"author\" content=\"Sa\u00fal Hern\u00e1ndez\" \/>\n<meta name=\"twitter:card\" content=\"summary_large_image\" \/>\n<meta name=\"twitter:label1\" content=\"Escrito por\" \/>\n\t<meta name=\"twitter:data1\" content=\"Sa\u00fal Hern\u00e1ndez\" \/>\n\t<meta name=\"twitter:label2\" content=\"Tiempo de lectura\" \/>\n\t<meta name=\"twitter:data2\" content=\"1 minuto\" \/>\n<script type=\"application\/ld+json\" class=\"yoast-schema-graph\">{\"@context\":\"https:\/\/schema.org\",\"@graph\":[{\"@type\":\"WebPage\",\"@id\":\"https:\/\/thepueblatimes.mx\/index.php\/2025\/08\/04\/manta-con-mensaje-amenazante-en-el-exterior-del-penal-de-san-miguel\/\",\"url\":\"https:\/\/thepueblatimes.mx\/index.php\/2025\/08\/04\/manta-con-mensaje-amenazante-en-el-exterior-del-penal-de-san-miguel\/\",\"name\":\"Manta con mensaje amenazante en el exterior del penal de San Miguel - The Puebla Times\",\"isPartOf\":{\"@id\":\"https:\/\/thepueblatimes.mx\/#website\"},\"datePublished\":\"2025-08-04T16:32:02+00:00\",\"dateModified\":\"2025-08-04T16:32:02+00:00\",\"author\":{\"@id\":\"https:\/\/thepueblatimes.mx\/#\/schema\/person\/1664894c2f65ce2c7a08d8f5f905c13c\"},\"breadcrumb\":{\"@id\":\"https:\/\/thepueblatimes.mx\/index.php\/2025\/08\/04\/manta-con-mensaje-amenazante-en-el-exterior-del-penal-de-san-miguel\/#breadcrumb\"},\"inLanguage\":\"es\",\"potentialAction\":[{\"@type\":\"ReadAction\",\"target\":[\"https:\/\/thepueblatimes.mx\/index.php\/2025\/08\/04\/manta-con-mensaje-amenazante-en-el-exterior-del-penal-de-san-miguel\/\"]}]},{\"@type\":\"BreadcrumbList\",\"@id\":\"https:\/\/thepueblatimes.mx\/index.php\/2025\/08\/04\/manta-con-mensaje-amenazante-en-el-exterior-del-penal-de-san-miguel\/#breadcrumb\",\"itemListElement\":[{\"@type\":\"ListItem\",\"position\":1,\"name\":\"Portada\",\"item\":\"https:\/\/thepueblatimes.mx\/\"},{\"@type\":\"ListItem\",\"position\":2,\"name\":\"Manta con mensaje amenazante en el exterior del penal de San Miguel\"}]},{\"@type\":\"WebSite\",\"@id\":\"https:\/\/thepueblatimes.mx\/#website\",\"url\":\"https:\/\/thepueblatimes.mx\/\",\"name\":\"The Puebla Times\",\"description\":\"Noticias del Estado de Puebla\",\"potentialAction\":[{\"@type\":\"SearchAction\",\"target\":{\"@type\":\"EntryPoint\",\"urlTemplate\":\"https:\/\/thepueblatimes.mx\/?s={search_term_string}\"},\"query-input\":\"required name=search_term_string\"}],\"inLanguage\":\"es\"},{\"@type\":\"Person\",\"@id\":\"https:\/\/thepueblatimes.mx\/#\/schema\/person\/1664894c2f65ce2c7a08d8f5f905c13c\",\"name\":\"Sa\u00fal Hern\u00e1ndez\",\"image\":{\"@type\":\"ImageObject\",\"inLanguage\":\"es\",\"@id\":\"https:\/\/thepueblatimes.mx\/#\/schema\/person\/image\/\",\"url\":\"https:\/\/secure.gravatar.com\/avatar\/11be338693f243309532caad8f10c930?s=96&d=mm&r=g\",\"contentUrl\":\"https:\/\/secure.gravatar.com\/avatar\/11be338693f243309532caad8f10c930?s=96&d=mm&r=g\",\"caption\":\"Sa\u00fal Hern\u00e1ndez\"},\"url\":\"https:\/\/thepueblatimes.mx\/index.php\/author\/saulhernandez\/\"}]}<\/script>\n<!-- \/ Yoast SEO plugin. -->","yoast_head_json":{"title":"Manta con mensaje amenazante en el exterior del penal de San Miguel - The Puebla Times","robots":{"index":"index","follow":"follow","max-snippet":"max-snippet:-1","max-image-preview":"max-image-preview:large","max-video-preview":"max-video-preview:-1"},"canonical":"https:\/\/thepueblatimes.mx\/index.php\/2025\/08\/04\/manta-con-mensaje-amenazante-en-el-exterior-del-penal-de-san-miguel\/","og_locale":"es_ES","og_type":"article","og_title":"Manta con mensaje amenazante en el exterior del penal de San Miguel - The Puebla Times","og_description":"Durante las primeras horas del domingo 3 de agosto fue localizada una manta con un mensaje amenazante a las afueras del penal de San Miguel, en la ciudad de Puebla. Alrededor de las 07:00 horas, cuando trabajadores reportaron la presencia de una manta sobre Camino al Bat\u00e1n, a la altura del kil\u00f3metro 2.5., por lo...","og_url":"https:\/\/thepueblatimes.mx\/index.php\/2025\/08\/04\/manta-con-mensaje-amenazante-en-el-exterior-del-penal-de-san-miguel\/","og_site_name":"The Puebla Times","article_published_time":"2025-08-04T16:32:02+00:00","og_image":[{"width":1200,"height":747,"url":"https:\/\/thepueblatimes.mx\/wp-content\/uploads\/2025\/08\/aspectos-cereso-san-miguel-agencia.jpeg","type":"image\/jpeg"}],"author":"Sa\u00fal Hern\u00e1ndez","twitter_card":"summary_large_image","twitter_misc":{"Escrito por":"Sa\u00fal Hern\u00e1ndez","Tiempo de lectura":"1 minuto"},"schema":{"@context":"https:\/\/schema.org","@graph":[{"@type":"WebPage","@id":"https:\/\/thepueblatimes.mx\/index.php\/2025\/08\/04\/manta-con-mensaje-amenazante-en-el-exterior-del-penal-de-san-miguel\/","url":"https:\/\/thepueblatimes.mx\/index.php\/2025\/08\/04\/manta-con-mensaje-amenazante-en-el-exterior-del-penal-de-san-miguel\/","name":"Manta con mensaje amenazante en el exterior del penal de San Miguel - The Puebla Times","isPartOf":{"@id":"https:\/\/thepueblatimes.mx\/#website"},"datePublished":"2025-08-04T16:32:02+00:00","dateModified":"2025-08-04T16:32:02+00:00","author":{"@id":"https:\/\/thepueblatimes.mx\/#\/schema\/person\/1664894c2f65ce2c7a08d8f5f905c13c"},"breadcrumb":{"@id":"https:\/\/thepueblatimes.mx\/index.php\/2025\/08\/04\/manta-con-mensaje-amenazante-en-el-exterior-del-penal-de-san-miguel\/#breadcrumb"},"inLanguage":"es","potentialAction":[{"@type":"ReadAction","target":["https:\/\/thepueblatimes.mx\/index.php\/2025\/08\/04\/manta-con-mensaje-amenazante-en-el-exterior-del-penal-de-san-miguel\/"]}]},{"@type":"BreadcrumbList","@id":"https:\/\/thepueblatimes.mx\/index.php\/2025\/08\/04\/manta-con-mensaje-amenazante-en-el-exterior-del-penal-de-san-miguel\/#breadcrumb","itemListElement":[{"@type":"ListItem","position":1,"name":"Portada","item":"https:\/\/thepueblatimes.mx\/"},{"@type":"ListItem","position":2,"name":"Manta con mensaje amenazante en el exterior del penal de San Miguel"}]},{"@type":"WebSite","@id":"https:\/\/thepueblatimes.mx\/#website","url":"https:\/\/thepueblatimes.mx\/","name":"The Puebla Times","description":"Noticias del Estado de Puebla","potentialAction":[{"@type":"SearchAction","target":{"@type":"EntryPoint","urlTemplate":"https:\/\/thepueblatimes.mx\/?s={search_term_string}"},"query-input":"required name=search_term_string"}],"inLanguage":"es"},{"@type":"Person","@id":"https:\/\/thepueblatimes.mx\/#\/schema\/person\/1664894c2f65ce2c7a08d8f5f905c13c","name":"Sa\u00fal Hern\u00e1ndez","image":{"@type":"ImageObject","inLanguage":"es","@id":"https:\/\/thepueblatimes.mx\/#\/schema\/person\/image\/","url":"https:\/\/secure.gravatar.com\/avatar\/11be338693f243309532caad8f10c930?s=96&d=mm&r=g","contentUrl":"https:\/\/secure.gravatar.com\/avatar\/11be338693f243309532caad8f10c930?s=96&d=mm&r=g","caption":"Sa\u00fal Hern\u00e1ndez"},"url":"https:\/\/thepueblatimes.mx\/index.php\/author\/saulhernandez\/"}]}},"jetpack_featured_media_url":"https:\/\/thepueblatimes.mx\/wp-content\/uploads\/2025\/08\/aspectos-cereso-san-miguel-agencia.jpeg","_links":{"self":[{"href":"https:\/\/thepueblatimes.mx\/index.php\/wp-json\/wp\/v2\/posts\/32033"}],"collection":[{"href":"https:\/\/thepueblatimes.mx\/index.php\/wp-json\/wp\/v2\/posts"}],"about":[{"href":"https:\/\/thepueblatimes.mx\/index.php\/wp-json\/wp\/v2\/types\/post"}],"author":[{"embeddable":true,"href":"https:\/\/thepueblatimes.mx\/index.php\/wp-json\/wp\/v2\/users\/16"}],"replies":[{"embeddable":true,"href":"https:\/\/thepueblatimes.mx\/index.php\/wp-json\/wp\/v2\/comments?post=32033"}],"version-history":[{"count":1,"href":"https:\/\/thepueblatimes.mx\/index.php\/wp-json\/wp\/v2\/posts\/32033\/revisions"}],"predecessor-version":[{"id":32035,"href":"https:\/\/thepueblatimes.mx\/index.php\/wp-json\/wp\/v2\/posts\/32033\/revisions\/32035"}],"wp:featuredmedia":[{"embeddable":true,"href":"https:\/\/thepueblatimes.mx\/index.php\/wp-json\/wp\/v2\/media\/32034"}],"wp:attachment":[{"href":"https:\/\/thepueblatimes.mx\/index.php\/wp-json\/wp\/v2\/media?parent=32033"}],"wp:term":[{"taxonomy":"category","embeddable":true,"href":"https:\/\/thepueblatimes.mx\/index.php\/wp-json\/wp\/v2\/categories?post=32033"},{"taxonomy":"post_tag","embeddable":true,"href":"https:\/\/thepueblatimes.mx\/index.php\/wp-json\/wp\/v2\/tags?post=32033"}],"curies":[{"name":"wp","href":"https:\/\/api.w.org\/{rel}","templated":true}]}}