{"id":31895,"date":"2025-07-29T13:54:50","date_gmt":"2025-07-29T19:54:50","guid":{"rendered":"https:\/\/thepueblatimes.mx\/?p=31895"},"modified":"2025-07-29T13:54:50","modified_gmt":"2025-07-29T19:54:50","slug":"anuncia-smdif-talleres-de-crianza-positiva-y-viviendo-con-proposito-para-adultos-mayores","status":"publish","type":"post","link":"https:\/\/thepueblatimes.mx\/index.php\/2025\/07\/29\/anuncia-smdif-talleres-de-crianza-positiva-y-viviendo-con-proposito-para-adultos-mayores\/","title":{"rendered":"Anuncia SMDIF talleres de crianza positiva y viviendo con prop\u00f3sito para adultos mayores"},"content":{"rendered":"<h3><em>&#8211; La salud mental es una prioridad en el Gobierno de la Ciudad, por eso se ocupa y preocupa por ofrecer herramientas que permitan mejorar el estado emocional de las y los poblanos<\/em><\/h3>\n<p>Puebla, Puebla. \u2013 Por instrucciones de la presidenta del patronato del DIF Puebla Capital MariElise Budib, y como parte del compromiso que se tiene con la sociedad para el cuidado y la procuraci\u00f3n de la salud mental como una prioridad, se invita a las y los poblanos participar en los pr\u00f3ximos talleres que impartir\u00e1 el Departamento de Psicolog\u00eda en la Unidad M\u00e9dica Integral (UMI), ubicada en Av. Eduardo Cue Merlo 201, colonia San Baltazar Campeche.<\/p>\n<p>El mi\u00e9rcoles 30 de julio dar\u00e1 inicio el \u201cTaller de Crianza Positiva para Padres y Madres\u201d, dirigido por la psic\u00f3loga B\u00e1rbara Moreno, quien brindar\u00e1 herramientas \u00fatiles a padres, madres, tutores y cuidadores para fortalecer el v\u00ednculo con ni\u00f1as y ni\u00f1os, mediante din\u00e1micas de comunicaci\u00f3n, juegos, disciplina afectiva y desarrollo emocional. El taller consta de 6 sesiones que se llevar\u00e1n a cabo todos los mi\u00e9rcoles hasta el 3 de septiembre, en un horario de 10:00 a 12:00 horas en la UMI.<\/p>\n<p>\u201cEl taller trata de facilitarles el v\u00ednculo entre padres e hijos, darles herramientas de disciplina, atenci\u00f3n, desarrollo afectivo por medio de juegos, pl\u00e1ticas, y toda la relaci\u00f3n de comunicaci\u00f3n que puedan utilizar para tener una mejor convivencia\u201d, explic\u00f3 la especialista B\u00e1rbara Moreno del DIF Puebla Capital.<\/p>\n<p>De igual forma, el lunes 4 de agosto comenzar\u00e1 el \u201cTaller Viviendo con Prop\u00f3sito\u201d, facilitado por la psic\u00f3loga Laura Barreda, orientado a personas adultas mayores. El objetivo es impulsar su bienestar mediante actividades y t\u00e9cnicas pr\u00e1cticas que fomenten su participaci\u00f3n activa y autoestima. Este taller se desarrollar\u00e1 en cinco sesiones, los lunes de 11:00 a 13:00 horas, tambi\u00e9n en la UMI.<\/p>\n<p>La Salud Mental es una prioridad en el Gobierno de la Ciudad, es as\u00ed como desde el DIF Puebla Capital nos ocupamos y preocupamos por ofrecer herramientas que permitan mejorar el estado emocional de las y los poblanos, generando mejores entornos de convivencia familiar y social. Para m\u00e1s informaci\u00f3n sobre inscripciones y requisitos, las personas interesadas pueden comunicarse al tel\u00e9fono 222 214 0000, extensi\u00f3n 220.<\/p>\n","protected":false},"excerpt":{"rendered":"<p>&#8211; La salud mental es una prioridad en el Gobierno de la Ciudad, por eso se ocupa y preocupa por ofrecer herramientas que permitan mejorar el estado emocional de las y los poblanos Puebla, Puebla. \u2013 Por instrucciones de la presidenta del patronato del DIF Puebla Capital MariElise Budib, y como parte del compromiso que&#8230;<\/p>\n","protected":false},"author":16,"featured_media":31896,"comment_status":"closed","ping_status":"closed","sticky":false,"template":"","format":"standard","meta":[],"categories":[20],"tags":[1287,1301,1616],"yoast_head":"<!-- This site is optimized with the Yoast SEO plugin v20.8 - https:\/\/yoast.com\/wordpress\/plugins\/seo\/ -->\n<title>Anuncia SMDIF talleres de crianza positiva y viviendo con prop\u00f3sito para adultos mayores - The Puebla Times<\/title>\n<meta name=\"robots\" content=\"index, follow, max-snippet:-1, max-image-preview:large, max-video-preview:-1\" \/>\n<link rel=\"canonical\" href=\"https:\/\/thepueblatimes.mx\/index.php\/2025\/07\/29\/anuncia-smdif-talleres-de-crianza-positiva-y-viviendo-con-proposito-para-adultos-mayores\/\" \/>\n<meta property=\"og:locale\" content=\"es_ES\" \/>\n<meta property=\"og:type\" content=\"article\" \/>\n<meta property=\"og:title\" content=\"Anuncia SMDIF talleres de crianza positiva y viviendo con prop\u00f3sito para adultos mayores - The Puebla Times\" \/>\n<meta property=\"og:description\" content=\"&#8211; La salud mental es una prioridad en el Gobierno de la Ciudad, por eso se ocupa y preocupa por ofrecer herramientas que permitan mejorar el estado emocional de las y los poblanos Puebla, Puebla. \u2013 Por instrucciones de la presidenta del patronato del DIF Puebla Capital MariElise Budib, y como parte del compromiso que...\" \/>\n<meta property=\"og:url\" content=\"https:\/\/thepueblatimes.mx\/index.php\/2025\/07\/29\/anuncia-smdif-talleres-de-crianza-positiva-y-viviendo-con-proposito-para-adultos-mayores\/\" \/>\n<meta property=\"og:site_name\" content=\"The Puebla Times\" \/>\n<meta property=\"article:published_time\" content=\"2025-07-29T19:54:50+00:00\" \/>\n<meta property=\"og:image\" content=\"https:\/\/thepueblatimes.mx\/wp-content\/uploads\/2025\/07\/WhatsApp-Image-2025-07-28-at-18.00.24.jpeg\" \/>\n\t<meta property=\"og:image:width\" content=\"1080\" \/>\n\t<meta property=\"og:image:height\" content=\"1080\" \/>\n\t<meta property=\"og:image:type\" content=\"image\/jpeg\" \/>\n<meta name=\"author\" content=\"Sa\u00fal Hern\u00e1ndez\" \/>\n<meta name=\"twitter:card\" content=\"summary_large_image\" \/>\n<meta name=\"twitter:label1\" content=\"Escrito por\" \/>\n\t<meta name=\"twitter:data1\" content=\"Sa\u00fal Hern\u00e1ndez\" \/>\n\t<meta name=\"twitter:label2\" content=\"Tiempo de lectura\" \/>\n\t<meta name=\"twitter:data2\" content=\"2 minutos\" \/>\n<script type=\"application\/ld+json\" class=\"yoast-schema-graph\">{\"@context\":\"https:\/\/schema.org\",\"@graph\":[{\"@type\":\"WebPage\",\"@id\":\"https:\/\/thepueblatimes.mx\/index.php\/2025\/07\/29\/anuncia-smdif-talleres-de-crianza-positiva-y-viviendo-con-proposito-para-adultos-mayores\/\",\"url\":\"https:\/\/thepueblatimes.mx\/index.php\/2025\/07\/29\/anuncia-smdif-talleres-de-crianza-positiva-y-viviendo-con-proposito-para-adultos-mayores\/\",\"name\":\"Anuncia SMDIF talleres de crianza positiva y viviendo con prop\u00f3sito para adultos mayores - The Puebla Times\",\"isPartOf\":{\"@id\":\"https:\/\/thepueblatimes.mx\/#website\"},\"datePublished\":\"2025-07-29T19:54:50+00:00\",\"dateModified\":\"2025-07-29T19:54:50+00:00\",\"author\":{\"@id\":\"https:\/\/thepueblatimes.mx\/#\/schema\/person\/1664894c2f65ce2c7a08d8f5f905c13c\"},\"breadcrumb\":{\"@id\":\"https:\/\/thepueblatimes.mx\/index.php\/2025\/07\/29\/anuncia-smdif-talleres-de-crianza-positiva-y-viviendo-con-proposito-para-adultos-mayores\/#breadcrumb\"},\"inLanguage\":\"es\",\"potentialAction\":[{\"@type\":\"ReadAction\",\"target\":[\"https:\/\/thepueblatimes.mx\/index.php\/2025\/07\/29\/anuncia-smdif-talleres-de-crianza-positiva-y-viviendo-con-proposito-para-adultos-mayores\/\"]}]},{\"@type\":\"BreadcrumbList\",\"@id\":\"https:\/\/thepueblatimes.mx\/index.php\/2025\/07\/29\/anuncia-smdif-talleres-de-crianza-positiva-y-viviendo-con-proposito-para-adultos-mayores\/#breadcrumb\",\"itemListElement\":[{\"@type\":\"ListItem\",\"position\":1,\"name\":\"Portada\",\"item\":\"https:\/\/thepueblatimes.mx\/\"},{\"@type\":\"ListItem\",\"position\":2,\"name\":\"Anuncia SMDIF talleres de crianza positiva y viviendo con prop\u00f3sito para adultos mayores\"}]},{\"@type\":\"WebSite\",\"@id\":\"https:\/\/thepueblatimes.mx\/#website\",\"url\":\"https:\/\/thepueblatimes.mx\/\",\"name\":\"The Puebla Times\",\"description\":\"Noticias del Estado de Puebla\",\"potentialAction\":[{\"@type\":\"SearchAction\",\"target\":{\"@type\":\"EntryPoint\",\"urlTemplate\":\"https:\/\/thepueblatimes.mx\/?s={search_term_string}\"},\"query-input\":\"required name=search_term_string\"}],\"inLanguage\":\"es\"},{\"@type\":\"Person\",\"@id\":\"https:\/\/thepueblatimes.mx\/#\/schema\/person\/1664894c2f65ce2c7a08d8f5f905c13c\",\"name\":\"Sa\u00fal Hern\u00e1ndez\",\"image\":{\"@type\":\"ImageObject\",\"inLanguage\":\"es\",\"@id\":\"https:\/\/thepueblatimes.mx\/#\/schema\/person\/image\/\",\"url\":\"https:\/\/secure.gravatar.com\/avatar\/11be338693f243309532caad8f10c930?s=96&d=mm&r=g\",\"contentUrl\":\"https:\/\/secure.gravatar.com\/avatar\/11be338693f243309532caad8f10c930?s=96&d=mm&r=g\",\"caption\":\"Sa\u00fal Hern\u00e1ndez\"},\"url\":\"https:\/\/thepueblatimes.mx\/index.php\/author\/saulhernandez\/\"}]}<\/script>\n<!-- \/ Yoast SEO plugin. -->","yoast_head_json":{"title":"Anuncia SMDIF talleres de crianza positiva y viviendo con prop\u00f3sito para adultos mayores - The Puebla Times","robots":{"index":"index","follow":"follow","max-snippet":"max-snippet:-1","max-image-preview":"max-image-preview:large","max-video-preview":"max-video-preview:-1"},"canonical":"https:\/\/thepueblatimes.mx\/index.php\/2025\/07\/29\/anuncia-smdif-talleres-de-crianza-positiva-y-viviendo-con-proposito-para-adultos-mayores\/","og_locale":"es_ES","og_type":"article","og_title":"Anuncia SMDIF talleres de crianza positiva y viviendo con prop\u00f3sito para adultos mayores - The Puebla Times","og_description":"&#8211; La salud mental es una prioridad en el Gobierno de la Ciudad, por eso se ocupa y preocupa por ofrecer herramientas que permitan mejorar el estado emocional de las y los poblanos Puebla, Puebla. \u2013 Por instrucciones de la presidenta del patronato del DIF Puebla Capital MariElise Budib, y como parte del compromiso que...","og_url":"https:\/\/thepueblatimes.mx\/index.php\/2025\/07\/29\/anuncia-smdif-talleres-de-crianza-positiva-y-viviendo-con-proposito-para-adultos-mayores\/","og_site_name":"The Puebla Times","article_published_time":"2025-07-29T19:54:50+00:00","og_image":[{"width":1080,"height":1080,"url":"https:\/\/thepueblatimes.mx\/wp-content\/uploads\/2025\/07\/WhatsApp-Image-2025-07-28-at-18.00.24.jpeg","type":"image\/jpeg"}],"author":"Sa\u00fal Hern\u00e1ndez","twitter_card":"summary_large_image","twitter_misc":{"Escrito por":"Sa\u00fal Hern\u00e1ndez","Tiempo de lectura":"2 minutos"},"schema":{"@context":"https:\/\/schema.org","@graph":[{"@type":"WebPage","@id":"https:\/\/thepueblatimes.mx\/index.php\/2025\/07\/29\/anuncia-smdif-talleres-de-crianza-positiva-y-viviendo-con-proposito-para-adultos-mayores\/","url":"https:\/\/thepueblatimes.mx\/index.php\/2025\/07\/29\/anuncia-smdif-talleres-de-crianza-positiva-y-viviendo-con-proposito-para-adultos-mayores\/","name":"Anuncia SMDIF talleres de crianza positiva y viviendo con prop\u00f3sito para adultos mayores - The Puebla Times","isPartOf":{"@id":"https:\/\/thepueblatimes.mx\/#website"},"datePublished":"2025-07-29T19:54:50+00:00","dateModified":"2025-07-29T19:54:50+00:00","author":{"@id":"https:\/\/thepueblatimes.mx\/#\/schema\/person\/1664894c2f65ce2c7a08d8f5f905c13c"},"breadcrumb":{"@id":"https:\/\/thepueblatimes.mx\/index.php\/2025\/07\/29\/anuncia-smdif-talleres-de-crianza-positiva-y-viviendo-con-proposito-para-adultos-mayores\/#breadcrumb"},"inLanguage":"es","potentialAction":[{"@type":"ReadAction","target":["https:\/\/thepueblatimes.mx\/index.php\/2025\/07\/29\/anuncia-smdif-talleres-de-crianza-positiva-y-viviendo-con-proposito-para-adultos-mayores\/"]}]},{"@type":"BreadcrumbList","@id":"https:\/\/thepueblatimes.mx\/index.php\/2025\/07\/29\/anuncia-smdif-talleres-de-crianza-positiva-y-viviendo-con-proposito-para-adultos-mayores\/#breadcrumb","itemListElement":[{"@type":"ListItem","position":1,"name":"Portada","item":"https:\/\/thepueblatimes.mx\/"},{"@type":"ListItem","position":2,"name":"Anuncia SMDIF talleres de crianza positiva y viviendo con prop\u00f3sito para adultos mayores"}]},{"@type":"WebSite","@id":"https:\/\/thepueblatimes.mx\/#website","url":"https:\/\/thepueblatimes.mx\/","name":"The Puebla Times","description":"Noticias del Estado de Puebla","potentialAction":[{"@type":"SearchAction","target":{"@type":"EntryPoint","urlTemplate":"https:\/\/thepueblatimes.mx\/?s={search_term_string}"},"query-input":"required name=search_term_string"}],"inLanguage":"es"},{"@type":"Person","@id":"https:\/\/thepueblatimes.mx\/#\/schema\/person\/1664894c2f65ce2c7a08d8f5f905c13c","name":"Sa\u00fal Hern\u00e1ndez","image":{"@type":"ImageObject","inLanguage":"es","@id":"https:\/\/thepueblatimes.mx\/#\/schema\/person\/image\/","url":"https:\/\/secure.gravatar.com\/avatar\/11be338693f243309532caad8f10c930?s=96&d=mm&r=g","contentUrl":"https:\/\/secure.gravatar.com\/avatar\/11be338693f243309532caad8f10c930?s=96&d=mm&r=g","caption":"Sa\u00fal Hern\u00e1ndez"},"url":"https:\/\/thepueblatimes.mx\/index.php\/author\/saulhernandez\/"}]}},"jetpack_featured_media_url":"https:\/\/thepueblatimes.mx\/wp-content\/uploads\/2025\/07\/WhatsApp-Image-2025-07-28-at-18.00.24.jpeg","_links":{"self":[{"href":"https:\/\/thepueblatimes.mx\/index.php\/wp-json\/wp\/v2\/posts\/31895"}],"collection":[{"href":"https:\/\/thepueblatimes.mx\/index.php\/wp-json\/wp\/v2\/posts"}],"about":[{"href":"https:\/\/thepueblatimes.mx\/index.php\/wp-json\/wp\/v2\/types\/post"}],"author":[{"embeddable":true,"href":"https:\/\/thepueblatimes.mx\/index.php\/wp-json\/wp\/v2\/users\/16"}],"replies":[{"embeddable":true,"href":"https:\/\/thepueblatimes.mx\/index.php\/wp-json\/wp\/v2\/comments?post=31895"}],"version-history":[{"count":1,"href":"https:\/\/thepueblatimes.mx\/index.php\/wp-json\/wp\/v2\/posts\/31895\/revisions"}],"predecessor-version":[{"id":31897,"href":"https:\/\/thepueblatimes.mx\/index.php\/wp-json\/wp\/v2\/posts\/31895\/revisions\/31897"}],"wp:featuredmedia":[{"embeddable":true,"href":"https:\/\/thepueblatimes.mx\/index.php\/wp-json\/wp\/v2\/media\/31896"}],"wp:attachment":[{"href":"https:\/\/thepueblatimes.mx\/index.php\/wp-json\/wp\/v2\/media?parent=31895"}],"wp:term":[{"taxonomy":"category","embeddable":true,"href":"https:\/\/thepueblatimes.mx\/index.php\/wp-json\/wp\/v2\/categories?post=31895"},{"taxonomy":"post_tag","embeddable":true,"href":"https:\/\/thepueblatimes.mx\/index.php\/wp-json\/wp\/v2\/tags?post=31895"}],"curies":[{"name":"wp","href":"https:\/\/api.w.org\/{rel}","templated":true}]}}