{"id":31875,"date":"2025-07-28T10:21:21","date_gmt":"2025-07-28T16:21:21","guid":{"rendered":"https:\/\/thepueblatimes.mx\/?p=31875"},"modified":"2025-07-28T10:21:21","modified_gmt":"2025-07-28T16:21:21","slug":"reafirma-tonantzin-fernandez-compromiso-con-el-dialogo-ciudadano-y-el-desarrollo-comercial","status":"publish","type":"post","link":"https:\/\/thepueblatimes.mx\/index.php\/2025\/07\/28\/reafirma-tonantzin-fernandez-compromiso-con-el-dialogo-ciudadano-y-el-desarrollo-comercial\/","title":{"rendered":"Reafirma Tonantzin Fern\u00e1ndez compromiso con el di\u00e1logo ciudadano y el desarrollo comercial"},"content":{"rendered":"<p>POR FER HOYOS<\/p>\n<p>Tras el respaldo que recibi\u00f3 la presidenta municipal de San Pedro Cholula, Tonantzin Fern\u00e1ndez, por parte de legisladores federales poblanos en torno al diferendo con el s\u00edndico aunado al caso el Mercado Cosme del Razo, resalta la ratificaci\u00f3n del compromiso con el di\u00e1logo ciudadano y el desarrollo comercial.<\/p>\n<p>Ello se plasm\u00f3 en el desarrollo de la segunda mesa de trabajo con integrantes del Consejo de Comercio, Prestadores de Servicios y Ciudadanos de San Pedro Cholula (COPRESEC) que tiene como prop\u00f3sito construir consensos que impulsen acciones concretas en beneficio de este sector fundamental, el cual aporta significativamente al comercio, el turismo y el desarrollo econ\u00f3mico del municipio.<\/p>\n<p>En la reuni\u00f3n, Delia Flores, representante de la COPRESEC, entreg\u00f3 un conjunto de propuestas que ser\u00e1n canalizadas a las distintas \u00e1reas del Ayuntamiento para su an\u00e1lisis y atenci\u00f3n puntual.<\/p>\n<p>De cara a la posible manifestaci\u00f3n anunciada por parte de miembros de la COPRESEC en las instalaciones del Ayuntamiento para hoy, lunes 28 de julio, la presidenta municipal Tonantzin Fern\u00e1ndez llam\u00f3 a continuar privilegiando el di\u00e1logo en favor del municipio y sus habitantes.<\/p>\n<p>Adem\u00e1s, reiter\u00f3 que su administraci\u00f3n se mantiene firme en su pol\u00edtica de puertas abiertas y atenci\u00f3n permanente.<\/p>\n<p>Expres\u00f3 \u201ceste gobierno no se esconde ante las peticiones de la ciudadan\u00eda; al contrario, las escucha y las atiende, porque gobernar es servir al pueblo\u201d.<\/p>\n","protected":false},"excerpt":{"rendered":"<p>POR FER HOYOS Tras el respaldo que recibi\u00f3 la presidenta municipal de San Pedro Cholula, Tonantzin Fern\u00e1ndez, por parte de legisladores federales poblanos en torno al diferendo con el s\u00edndico aunado al caso el Mercado Cosme del Razo, resalta la ratificaci\u00f3n del compromiso con el di\u00e1logo ciudadano y el desarrollo comercial. Ello se plasm\u00f3 en&#8230;<\/p>\n","protected":false},"author":16,"featured_media":31876,"comment_status":"closed","ping_status":"closed","sticky":false,"template":"","format":"standard","meta":[],"categories":[15,11],"tags":[237,1304,1712],"yoast_head":"<!-- This site is optimized with the Yoast SEO plugin v20.8 - https:\/\/yoast.com\/wordpress\/plugins\/seo\/ -->\n<title>Reafirma Tonantzin Fern\u00e1ndez compromiso con el di\u00e1logo ciudadano y el desarrollo comercial - The Puebla Times<\/title>\n<meta name=\"robots\" content=\"index, follow, max-snippet:-1, max-image-preview:large, max-video-preview:-1\" \/>\n<link rel=\"canonical\" href=\"https:\/\/thepueblatimes.mx\/index.php\/2025\/07\/28\/reafirma-tonantzin-fernandez-compromiso-con-el-dialogo-ciudadano-y-el-desarrollo-comercial\/\" \/>\n<meta property=\"og:locale\" content=\"es_ES\" \/>\n<meta property=\"og:type\" content=\"article\" \/>\n<meta property=\"og:title\" content=\"Reafirma Tonantzin Fern\u00e1ndez compromiso con el di\u00e1logo ciudadano y el desarrollo comercial - The Puebla Times\" \/>\n<meta property=\"og:description\" content=\"POR FER HOYOS Tras el respaldo que recibi\u00f3 la presidenta municipal de San Pedro Cholula, Tonantzin Fern\u00e1ndez, por parte de legisladores federales poblanos en torno al diferendo con el s\u00edndico aunado al caso el Mercado Cosme del Razo, resalta la ratificaci\u00f3n del compromiso con el di\u00e1logo ciudadano y el desarrollo comercial. Ello se plasm\u00f3 en...\" \/>\n<meta property=\"og:url\" content=\"https:\/\/thepueblatimes.mx\/index.php\/2025\/07\/28\/reafirma-tonantzin-fernandez-compromiso-con-el-dialogo-ciudadano-y-el-desarrollo-comercial\/\" \/>\n<meta property=\"og:site_name\" content=\"The Puebla Times\" \/>\n<meta property=\"article:published_time\" content=\"2025-07-28T16:21:21+00:00\" \/>\n<meta property=\"og:image\" content=\"https:\/\/thepueblatimes.mx\/wp-content\/uploads\/2025\/07\/488306592_1199608498839631_6364787188338609586_n.jpg\" \/>\n\t<meta property=\"og:image:width\" content=\"1000\" \/>\n\t<meta property=\"og:image:height\" content=\"1000\" \/>\n\t<meta property=\"og:image:type\" content=\"image\/jpeg\" \/>\n<meta name=\"author\" content=\"Sa\u00fal Hern\u00e1ndez\" \/>\n<meta name=\"twitter:card\" content=\"summary_large_image\" \/>\n<meta name=\"twitter:label1\" content=\"Escrito por\" \/>\n\t<meta name=\"twitter:data1\" content=\"Sa\u00fal Hern\u00e1ndez\" \/>\n\t<meta name=\"twitter:label2\" content=\"Tiempo de lectura\" \/>\n\t<meta name=\"twitter:data2\" content=\"2 minutos\" \/>\n<script type=\"application\/ld+json\" class=\"yoast-schema-graph\">{\"@context\":\"https:\/\/schema.org\",\"@graph\":[{\"@type\":\"WebPage\",\"@id\":\"https:\/\/thepueblatimes.mx\/index.php\/2025\/07\/28\/reafirma-tonantzin-fernandez-compromiso-con-el-dialogo-ciudadano-y-el-desarrollo-comercial\/\",\"url\":\"https:\/\/thepueblatimes.mx\/index.php\/2025\/07\/28\/reafirma-tonantzin-fernandez-compromiso-con-el-dialogo-ciudadano-y-el-desarrollo-comercial\/\",\"name\":\"Reafirma Tonantzin Fern\u00e1ndez compromiso con el di\u00e1logo ciudadano y el desarrollo comercial - The Puebla Times\",\"isPartOf\":{\"@id\":\"https:\/\/thepueblatimes.mx\/#website\"},\"datePublished\":\"2025-07-28T16:21:21+00:00\",\"dateModified\":\"2025-07-28T16:21:21+00:00\",\"author\":{\"@id\":\"https:\/\/thepueblatimes.mx\/#\/schema\/person\/1664894c2f65ce2c7a08d8f5f905c13c\"},\"breadcrumb\":{\"@id\":\"https:\/\/thepueblatimes.mx\/index.php\/2025\/07\/28\/reafirma-tonantzin-fernandez-compromiso-con-el-dialogo-ciudadano-y-el-desarrollo-comercial\/#breadcrumb\"},\"inLanguage\":\"es\",\"potentialAction\":[{\"@type\":\"ReadAction\",\"target\":[\"https:\/\/thepueblatimes.mx\/index.php\/2025\/07\/28\/reafirma-tonantzin-fernandez-compromiso-con-el-dialogo-ciudadano-y-el-desarrollo-comercial\/\"]}]},{\"@type\":\"BreadcrumbList\",\"@id\":\"https:\/\/thepueblatimes.mx\/index.php\/2025\/07\/28\/reafirma-tonantzin-fernandez-compromiso-con-el-dialogo-ciudadano-y-el-desarrollo-comercial\/#breadcrumb\",\"itemListElement\":[{\"@type\":\"ListItem\",\"position\":1,\"name\":\"Portada\",\"item\":\"https:\/\/thepueblatimes.mx\/\"},{\"@type\":\"ListItem\",\"position\":2,\"name\":\"Reafirma Tonantzin Fern\u00e1ndez compromiso con el di\u00e1logo ciudadano y el desarrollo comercial\"}]},{\"@type\":\"WebSite\",\"@id\":\"https:\/\/thepueblatimes.mx\/#website\",\"url\":\"https:\/\/thepueblatimes.mx\/\",\"name\":\"The Puebla Times\",\"description\":\"Noticias del Estado de Puebla\",\"potentialAction\":[{\"@type\":\"SearchAction\",\"target\":{\"@type\":\"EntryPoint\",\"urlTemplate\":\"https:\/\/thepueblatimes.mx\/?s={search_term_string}\"},\"query-input\":\"required name=search_term_string\"}],\"inLanguage\":\"es\"},{\"@type\":\"Person\",\"@id\":\"https:\/\/thepueblatimes.mx\/#\/schema\/person\/1664894c2f65ce2c7a08d8f5f905c13c\",\"name\":\"Sa\u00fal Hern\u00e1ndez\",\"image\":{\"@type\":\"ImageObject\",\"inLanguage\":\"es\",\"@id\":\"https:\/\/thepueblatimes.mx\/#\/schema\/person\/image\/\",\"url\":\"https:\/\/secure.gravatar.com\/avatar\/11be338693f243309532caad8f10c930?s=96&d=mm&r=g\",\"contentUrl\":\"https:\/\/secure.gravatar.com\/avatar\/11be338693f243309532caad8f10c930?s=96&d=mm&r=g\",\"caption\":\"Sa\u00fal Hern\u00e1ndez\"},\"url\":\"https:\/\/thepueblatimes.mx\/index.php\/author\/saulhernandez\/\"}]}<\/script>\n<!-- \/ Yoast SEO plugin. -->","yoast_head_json":{"title":"Reafirma Tonantzin Fern\u00e1ndez compromiso con el di\u00e1logo ciudadano y el desarrollo comercial - The Puebla Times","robots":{"index":"index","follow":"follow","max-snippet":"max-snippet:-1","max-image-preview":"max-image-preview:large","max-video-preview":"max-video-preview:-1"},"canonical":"https:\/\/thepueblatimes.mx\/index.php\/2025\/07\/28\/reafirma-tonantzin-fernandez-compromiso-con-el-dialogo-ciudadano-y-el-desarrollo-comercial\/","og_locale":"es_ES","og_type":"article","og_title":"Reafirma Tonantzin Fern\u00e1ndez compromiso con el di\u00e1logo ciudadano y el desarrollo comercial - The Puebla Times","og_description":"POR FER HOYOS Tras el respaldo que recibi\u00f3 la presidenta municipal de San Pedro Cholula, Tonantzin Fern\u00e1ndez, por parte de legisladores federales poblanos en torno al diferendo con el s\u00edndico aunado al caso el Mercado Cosme del Razo, resalta la ratificaci\u00f3n del compromiso con el di\u00e1logo ciudadano y el desarrollo comercial. Ello se plasm\u00f3 en...","og_url":"https:\/\/thepueblatimes.mx\/index.php\/2025\/07\/28\/reafirma-tonantzin-fernandez-compromiso-con-el-dialogo-ciudadano-y-el-desarrollo-comercial\/","og_site_name":"The Puebla Times","article_published_time":"2025-07-28T16:21:21+00:00","og_image":[{"width":1000,"height":1000,"url":"https:\/\/thepueblatimes.mx\/wp-content\/uploads\/2025\/07\/488306592_1199608498839631_6364787188338609586_n.jpg","type":"image\/jpeg"}],"author":"Sa\u00fal Hern\u00e1ndez","twitter_card":"summary_large_image","twitter_misc":{"Escrito por":"Sa\u00fal Hern\u00e1ndez","Tiempo de lectura":"2 minutos"},"schema":{"@context":"https:\/\/schema.org","@graph":[{"@type":"WebPage","@id":"https:\/\/thepueblatimes.mx\/index.php\/2025\/07\/28\/reafirma-tonantzin-fernandez-compromiso-con-el-dialogo-ciudadano-y-el-desarrollo-comercial\/","url":"https:\/\/thepueblatimes.mx\/index.php\/2025\/07\/28\/reafirma-tonantzin-fernandez-compromiso-con-el-dialogo-ciudadano-y-el-desarrollo-comercial\/","name":"Reafirma Tonantzin Fern\u00e1ndez compromiso con el di\u00e1logo ciudadano y el desarrollo comercial - The Puebla Times","isPartOf":{"@id":"https:\/\/thepueblatimes.mx\/#website"},"datePublished":"2025-07-28T16:21:21+00:00","dateModified":"2025-07-28T16:21:21+00:00","author":{"@id":"https:\/\/thepueblatimes.mx\/#\/schema\/person\/1664894c2f65ce2c7a08d8f5f905c13c"},"breadcrumb":{"@id":"https:\/\/thepueblatimes.mx\/index.php\/2025\/07\/28\/reafirma-tonantzin-fernandez-compromiso-con-el-dialogo-ciudadano-y-el-desarrollo-comercial\/#breadcrumb"},"inLanguage":"es","potentialAction":[{"@type":"ReadAction","target":["https:\/\/thepueblatimes.mx\/index.php\/2025\/07\/28\/reafirma-tonantzin-fernandez-compromiso-con-el-dialogo-ciudadano-y-el-desarrollo-comercial\/"]}]},{"@type":"BreadcrumbList","@id":"https:\/\/thepueblatimes.mx\/index.php\/2025\/07\/28\/reafirma-tonantzin-fernandez-compromiso-con-el-dialogo-ciudadano-y-el-desarrollo-comercial\/#breadcrumb","itemListElement":[{"@type":"ListItem","position":1,"name":"Portada","item":"https:\/\/thepueblatimes.mx\/"},{"@type":"ListItem","position":2,"name":"Reafirma Tonantzin Fern\u00e1ndez compromiso con el di\u00e1logo ciudadano y el desarrollo comercial"}]},{"@type":"WebSite","@id":"https:\/\/thepueblatimes.mx\/#website","url":"https:\/\/thepueblatimes.mx\/","name":"The Puebla Times","description":"Noticias del Estado de Puebla","potentialAction":[{"@type":"SearchAction","target":{"@type":"EntryPoint","urlTemplate":"https:\/\/thepueblatimes.mx\/?s={search_term_string}"},"query-input":"required name=search_term_string"}],"inLanguage":"es"},{"@type":"Person","@id":"https:\/\/thepueblatimes.mx\/#\/schema\/person\/1664894c2f65ce2c7a08d8f5f905c13c","name":"Sa\u00fal Hern\u00e1ndez","image":{"@type":"ImageObject","inLanguage":"es","@id":"https:\/\/thepueblatimes.mx\/#\/schema\/person\/image\/","url":"https:\/\/secure.gravatar.com\/avatar\/11be338693f243309532caad8f10c930?s=96&d=mm&r=g","contentUrl":"https:\/\/secure.gravatar.com\/avatar\/11be338693f243309532caad8f10c930?s=96&d=mm&r=g","caption":"Sa\u00fal Hern\u00e1ndez"},"url":"https:\/\/thepueblatimes.mx\/index.php\/author\/saulhernandez\/"}]}},"jetpack_featured_media_url":"https:\/\/thepueblatimes.mx\/wp-content\/uploads\/2025\/07\/488306592_1199608498839631_6364787188338609586_n.jpg","_links":{"self":[{"href":"https:\/\/thepueblatimes.mx\/index.php\/wp-json\/wp\/v2\/posts\/31875"}],"collection":[{"href":"https:\/\/thepueblatimes.mx\/index.php\/wp-json\/wp\/v2\/posts"}],"about":[{"href":"https:\/\/thepueblatimes.mx\/index.php\/wp-json\/wp\/v2\/types\/post"}],"author":[{"embeddable":true,"href":"https:\/\/thepueblatimes.mx\/index.php\/wp-json\/wp\/v2\/users\/16"}],"replies":[{"embeddable":true,"href":"https:\/\/thepueblatimes.mx\/index.php\/wp-json\/wp\/v2\/comments?post=31875"}],"version-history":[{"count":1,"href":"https:\/\/thepueblatimes.mx\/index.php\/wp-json\/wp\/v2\/posts\/31875\/revisions"}],"predecessor-version":[{"id":31877,"href":"https:\/\/thepueblatimes.mx\/index.php\/wp-json\/wp\/v2\/posts\/31875\/revisions\/31877"}],"wp:featuredmedia":[{"embeddable":true,"href":"https:\/\/thepueblatimes.mx\/index.php\/wp-json\/wp\/v2\/media\/31876"}],"wp:attachment":[{"href":"https:\/\/thepueblatimes.mx\/index.php\/wp-json\/wp\/v2\/media?parent=31875"}],"wp:term":[{"taxonomy":"category","embeddable":true,"href":"https:\/\/thepueblatimes.mx\/index.php\/wp-json\/wp\/v2\/categories?post=31875"},{"taxonomy":"post_tag","embeddable":true,"href":"https:\/\/thepueblatimes.mx\/index.php\/wp-json\/wp\/v2\/tags?post=31875"}],"curies":[{"name":"wp","href":"https:\/\/api.w.org\/{rel}","templated":true}]}}