{"id":31871,"date":"2025-07-28T09:17:34","date_gmt":"2025-07-28T15:17:34","guid":{"rendered":"https:\/\/thepueblatimes.mx\/?p=31871"},"modified":"2025-07-28T10:02:12","modified_gmt":"2025-07-28T16:02:12","slug":"asesinan-a-masculino-en-la-colonia-el-encinar","status":"publish","type":"post","link":"https:\/\/thepueblatimes.mx\/index.php\/2025\/07\/28\/asesinan-a-masculino-en-la-colonia-el-encinar\/","title":{"rendered":"Asesinan a masculino en la colonia el Encinar"},"content":{"rendered":"<p>Un hombre fue asesinado a balazos en la colonia el Encinar, ciudad de Puebla.<\/p>\n<p>El crimen se registr\u00f3 durante las primeras horas de ayer, domingo 27 de julio, cuando el hombre fue interceptado por sujetos armados que le dispararon en repetidas ocasiones.<\/p>\n<p>Residentes de la zona dieron aviso a las autoridades tras escuchar las detonaciones.<\/p>\n<p>Los primeros informes indican que el hombre fue identificado como Bacilio N., de 40 a\u00f1os, quien fue procesado por el delito de robo de veh\u00edculo.<\/p>\n<p>Elementos de la polic\u00eda municipal y personal militar arribaron al sitio, al igual que param\u00e9dicos, quienes constataron luego de valorar al hombre que hab\u00eda fallecido.<\/p>\n<p>Personal de la Fiscal\u00eda estatal realiz\u00f3 el levantamiento del cad\u00e1ver.<\/p>\n","protected":false},"excerpt":{"rendered":"<p>Un hombre fue asesinado a balazos en la colonia el Encinar, ciudad de Puebla. El crimen se registr\u00f3 durante las primeras horas de ayer, domingo 27 de julio, cuando el hombre fue interceptado por sujetos armados que le dispararon en repetidas ocasiones. Residentes de la zona dieron aviso a las autoridades tras escuchar las detonaciones&#8230;.<\/p>\n","protected":false},"author":16,"featured_media":31872,"comment_status":"closed","ping_status":"closed","sticky":false,"template":"","format":"standard","meta":[],"categories":[121],"tags":[169,2377,260],"yoast_head":"<!-- This site is optimized with the Yoast SEO plugin v20.8 - https:\/\/yoast.com\/wordpress\/plugins\/seo\/ -->\n<title>Asesinan a masculino en la colonia el Encinar - The Puebla Times<\/title>\n<meta name=\"robots\" content=\"index, follow, max-snippet:-1, max-image-preview:large, max-video-preview:-1\" \/>\n<link rel=\"canonical\" href=\"https:\/\/thepueblatimes.mx\/index.php\/2025\/07\/28\/asesinan-a-masculino-en-la-colonia-el-encinar\/\" \/>\n<meta property=\"og:locale\" content=\"es_ES\" \/>\n<meta property=\"og:type\" content=\"article\" \/>\n<meta property=\"og:title\" content=\"Asesinan a masculino en la colonia el Encinar - The Puebla Times\" \/>\n<meta property=\"og:description\" content=\"Un hombre fue asesinado a balazos en la colonia el Encinar, ciudad de Puebla. El crimen se registr\u00f3 durante las primeras horas de ayer, domingo 27 de julio, cuando el hombre fue interceptado por sujetos armados que le dispararon en repetidas ocasiones. Residentes de la zona dieron aviso a las autoridades tras escuchar las detonaciones....\" \/>\n<meta property=\"og:url\" content=\"https:\/\/thepueblatimes.mx\/index.php\/2025\/07\/28\/asesinan-a-masculino-en-la-colonia-el-encinar\/\" \/>\n<meta property=\"og:site_name\" content=\"The Puebla Times\" \/>\n<meta property=\"article:published_time\" content=\"2025-07-28T15:17:34+00:00\" \/>\n<meta property=\"article:modified_time\" content=\"2025-07-28T16:02:12+00:00\" \/>\n<meta property=\"og:image\" content=\"https:\/\/thepueblatimes.mx\/wp-content\/uploads\/2025\/07\/homicidio-colonia-el-encinar-677349-scaled.jpg.webp\" \/>\n\t<meta property=\"og:image:width\" content=\"2560\" \/>\n\t<meta property=\"og:image:height\" content=\"1707\" \/>\n\t<meta property=\"og:image:type\" content=\"image\/webp\" \/>\n<meta name=\"author\" content=\"Sa\u00fal Hern\u00e1ndez\" \/>\n<meta name=\"twitter:card\" content=\"summary_large_image\" \/>\n<meta name=\"twitter:label1\" content=\"Escrito por\" \/>\n\t<meta name=\"twitter:data1\" content=\"Sa\u00fal Hern\u00e1ndez\" \/>\n\t<meta name=\"twitter:label2\" content=\"Tiempo de lectura\" \/>\n\t<meta name=\"twitter:data2\" content=\"1 minuto\" \/>\n<script type=\"application\/ld+json\" class=\"yoast-schema-graph\">{\"@context\":\"https:\/\/schema.org\",\"@graph\":[{\"@type\":\"WebPage\",\"@id\":\"https:\/\/thepueblatimes.mx\/index.php\/2025\/07\/28\/asesinan-a-masculino-en-la-colonia-el-encinar\/\",\"url\":\"https:\/\/thepueblatimes.mx\/index.php\/2025\/07\/28\/asesinan-a-masculino-en-la-colonia-el-encinar\/\",\"name\":\"Asesinan a masculino en la colonia el Encinar - The Puebla Times\",\"isPartOf\":{\"@id\":\"https:\/\/thepueblatimes.mx\/#website\"},\"datePublished\":\"2025-07-28T15:17:34+00:00\",\"dateModified\":\"2025-07-28T16:02:12+00:00\",\"author\":{\"@id\":\"https:\/\/thepueblatimes.mx\/#\/schema\/person\/1664894c2f65ce2c7a08d8f5f905c13c\"},\"breadcrumb\":{\"@id\":\"https:\/\/thepueblatimes.mx\/index.php\/2025\/07\/28\/asesinan-a-masculino-en-la-colonia-el-encinar\/#breadcrumb\"},\"inLanguage\":\"es\",\"potentialAction\":[{\"@type\":\"ReadAction\",\"target\":[\"https:\/\/thepueblatimes.mx\/index.php\/2025\/07\/28\/asesinan-a-masculino-en-la-colonia-el-encinar\/\"]}]},{\"@type\":\"BreadcrumbList\",\"@id\":\"https:\/\/thepueblatimes.mx\/index.php\/2025\/07\/28\/asesinan-a-masculino-en-la-colonia-el-encinar\/#breadcrumb\",\"itemListElement\":[{\"@type\":\"ListItem\",\"position\":1,\"name\":\"Portada\",\"item\":\"https:\/\/thepueblatimes.mx\/\"},{\"@type\":\"ListItem\",\"position\":2,\"name\":\"Asesinan a masculino en la colonia el Encinar\"}]},{\"@type\":\"WebSite\",\"@id\":\"https:\/\/thepueblatimes.mx\/#website\",\"url\":\"https:\/\/thepueblatimes.mx\/\",\"name\":\"The Puebla Times\",\"description\":\"Noticias del Estado de Puebla\",\"potentialAction\":[{\"@type\":\"SearchAction\",\"target\":{\"@type\":\"EntryPoint\",\"urlTemplate\":\"https:\/\/thepueblatimes.mx\/?s={search_term_string}\"},\"query-input\":\"required name=search_term_string\"}],\"inLanguage\":\"es\"},{\"@type\":\"Person\",\"@id\":\"https:\/\/thepueblatimes.mx\/#\/schema\/person\/1664894c2f65ce2c7a08d8f5f905c13c\",\"name\":\"Sa\u00fal Hern\u00e1ndez\",\"image\":{\"@type\":\"ImageObject\",\"inLanguage\":\"es\",\"@id\":\"https:\/\/thepueblatimes.mx\/#\/schema\/person\/image\/\",\"url\":\"https:\/\/secure.gravatar.com\/avatar\/11be338693f243309532caad8f10c930?s=96&d=mm&r=g\",\"contentUrl\":\"https:\/\/secure.gravatar.com\/avatar\/11be338693f243309532caad8f10c930?s=96&d=mm&r=g\",\"caption\":\"Sa\u00fal Hern\u00e1ndez\"},\"url\":\"https:\/\/thepueblatimes.mx\/index.php\/author\/saulhernandez\/\"}]}<\/script>\n<!-- \/ Yoast SEO plugin. -->","yoast_head_json":{"title":"Asesinan a masculino en la colonia el Encinar - The Puebla Times","robots":{"index":"index","follow":"follow","max-snippet":"max-snippet:-1","max-image-preview":"max-image-preview:large","max-video-preview":"max-video-preview:-1"},"canonical":"https:\/\/thepueblatimes.mx\/index.php\/2025\/07\/28\/asesinan-a-masculino-en-la-colonia-el-encinar\/","og_locale":"es_ES","og_type":"article","og_title":"Asesinan a masculino en la colonia el Encinar - The Puebla Times","og_description":"Un hombre fue asesinado a balazos en la colonia el Encinar, ciudad de Puebla. El crimen se registr\u00f3 durante las primeras horas de ayer, domingo 27 de julio, cuando el hombre fue interceptado por sujetos armados que le dispararon en repetidas ocasiones. Residentes de la zona dieron aviso a las autoridades tras escuchar las detonaciones....","og_url":"https:\/\/thepueblatimes.mx\/index.php\/2025\/07\/28\/asesinan-a-masculino-en-la-colonia-el-encinar\/","og_site_name":"The Puebla Times","article_published_time":"2025-07-28T15:17:34+00:00","article_modified_time":"2025-07-28T16:02:12+00:00","og_image":[{"width":2560,"height":1707,"url":"https:\/\/thepueblatimes.mx\/wp-content\/uploads\/2025\/07\/homicidio-colonia-el-encinar-677349-scaled.jpg.webp","type":"image\/webp"}],"author":"Sa\u00fal Hern\u00e1ndez","twitter_card":"summary_large_image","twitter_misc":{"Escrito por":"Sa\u00fal Hern\u00e1ndez","Tiempo de lectura":"1 minuto"},"schema":{"@context":"https:\/\/schema.org","@graph":[{"@type":"WebPage","@id":"https:\/\/thepueblatimes.mx\/index.php\/2025\/07\/28\/asesinan-a-masculino-en-la-colonia-el-encinar\/","url":"https:\/\/thepueblatimes.mx\/index.php\/2025\/07\/28\/asesinan-a-masculino-en-la-colonia-el-encinar\/","name":"Asesinan a masculino en la colonia el Encinar - The Puebla Times","isPartOf":{"@id":"https:\/\/thepueblatimes.mx\/#website"},"datePublished":"2025-07-28T15:17:34+00:00","dateModified":"2025-07-28T16:02:12+00:00","author":{"@id":"https:\/\/thepueblatimes.mx\/#\/schema\/person\/1664894c2f65ce2c7a08d8f5f905c13c"},"breadcrumb":{"@id":"https:\/\/thepueblatimes.mx\/index.php\/2025\/07\/28\/asesinan-a-masculino-en-la-colonia-el-encinar\/#breadcrumb"},"inLanguage":"es","potentialAction":[{"@type":"ReadAction","target":["https:\/\/thepueblatimes.mx\/index.php\/2025\/07\/28\/asesinan-a-masculino-en-la-colonia-el-encinar\/"]}]},{"@type":"BreadcrumbList","@id":"https:\/\/thepueblatimes.mx\/index.php\/2025\/07\/28\/asesinan-a-masculino-en-la-colonia-el-encinar\/#breadcrumb","itemListElement":[{"@type":"ListItem","position":1,"name":"Portada","item":"https:\/\/thepueblatimes.mx\/"},{"@type":"ListItem","position":2,"name":"Asesinan a masculino en la colonia el Encinar"}]},{"@type":"WebSite","@id":"https:\/\/thepueblatimes.mx\/#website","url":"https:\/\/thepueblatimes.mx\/","name":"The Puebla Times","description":"Noticias del Estado de Puebla","potentialAction":[{"@type":"SearchAction","target":{"@type":"EntryPoint","urlTemplate":"https:\/\/thepueblatimes.mx\/?s={search_term_string}"},"query-input":"required name=search_term_string"}],"inLanguage":"es"},{"@type":"Person","@id":"https:\/\/thepueblatimes.mx\/#\/schema\/person\/1664894c2f65ce2c7a08d8f5f905c13c","name":"Sa\u00fal Hern\u00e1ndez","image":{"@type":"ImageObject","inLanguage":"es","@id":"https:\/\/thepueblatimes.mx\/#\/schema\/person\/image\/","url":"https:\/\/secure.gravatar.com\/avatar\/11be338693f243309532caad8f10c930?s=96&d=mm&r=g","contentUrl":"https:\/\/secure.gravatar.com\/avatar\/11be338693f243309532caad8f10c930?s=96&d=mm&r=g","caption":"Sa\u00fal Hern\u00e1ndez"},"url":"https:\/\/thepueblatimes.mx\/index.php\/author\/saulhernandez\/"}]}},"jetpack_featured_media_url":"https:\/\/thepueblatimes.mx\/wp-content\/uploads\/2025\/07\/homicidio-colonia-el-encinar-677349-scaled.jpg.webp","_links":{"self":[{"href":"https:\/\/thepueblatimes.mx\/index.php\/wp-json\/wp\/v2\/posts\/31871"}],"collection":[{"href":"https:\/\/thepueblatimes.mx\/index.php\/wp-json\/wp\/v2\/posts"}],"about":[{"href":"https:\/\/thepueblatimes.mx\/index.php\/wp-json\/wp\/v2\/types\/post"}],"author":[{"embeddable":true,"href":"https:\/\/thepueblatimes.mx\/index.php\/wp-json\/wp\/v2\/users\/16"}],"replies":[{"embeddable":true,"href":"https:\/\/thepueblatimes.mx\/index.php\/wp-json\/wp\/v2\/comments?post=31871"}],"version-history":[{"count":2,"href":"https:\/\/thepueblatimes.mx\/index.php\/wp-json\/wp\/v2\/posts\/31871\/revisions"}],"predecessor-version":[{"id":31874,"href":"https:\/\/thepueblatimes.mx\/index.php\/wp-json\/wp\/v2\/posts\/31871\/revisions\/31874"}],"wp:featuredmedia":[{"embeddable":true,"href":"https:\/\/thepueblatimes.mx\/index.php\/wp-json\/wp\/v2\/media\/31872"}],"wp:attachment":[{"href":"https:\/\/thepueblatimes.mx\/index.php\/wp-json\/wp\/v2\/media?parent=31871"}],"wp:term":[{"taxonomy":"category","embeddable":true,"href":"https:\/\/thepueblatimes.mx\/index.php\/wp-json\/wp\/v2\/categories?post=31871"},{"taxonomy":"post_tag","embeddable":true,"href":"https:\/\/thepueblatimes.mx\/index.php\/wp-json\/wp\/v2\/tags?post=31871"}],"curies":[{"name":"wp","href":"https:\/\/api.w.org\/{rel}","templated":true}]}}