{"id":31867,"date":"2025-07-28T09:08:33","date_gmt":"2025-07-28T15:08:33","guid":{"rendered":"https:\/\/thepueblatimes.mx\/?p=31867"},"modified":"2025-07-28T09:09:01","modified_gmt":"2025-07-28T15:09:01","slug":"presidente-de-santa-maria-coapan-fue-detenido-por-presunto-delito-de-violencia-familiar","status":"publish","type":"post","link":"https:\/\/thepueblatimes.mx\/index.php\/2025\/07\/28\/presidente-de-santa-maria-coapan-fue-detenido-por-presunto-delito-de-violencia-familiar\/","title":{"rendered":"Presidente de Santa Mar\u00eda Coapan fue detenido por violencia familiar"},"content":{"rendered":"<p>La detenci\u00f3n, se concret\u00f3 el s\u00e1bado 26 de julio qued\u00f3 registrada bajo el n\u00famero PL\/FC\/155\/26072025\/0002.<\/p>\n<p>Fueron elementos de la polic\u00eda municipal, quienes acudieron al domicilio del funcionario tras un reporte al n\u00famero de emergencias 911, y realizaron la aprehensi\u00f3n correspondiente, seguida de la puesta a disposici\u00f3n de la autoridad ministerial.<\/p>\n<p>De manera extraoficial, se maneja que la agresi\u00f3n tuvo lugar la tarde del s\u00e1bado en un domicilio sito en la calle Jes\u00fas Carranza, Santa Mar\u00eda Coapan.<\/p>\n<p>Trascendi\u00f3 que fue la esposa del edil auxiliar quien present\u00f3 la denuncia, adem\u00e1s de que no es la primera ocasi\u00f3n en que ten\u00eda lugar una situaci\u00f3n similar, entre el matrimonio.<\/p>\n","protected":false},"excerpt":{"rendered":"<p>La detenci\u00f3n, se concret\u00f3 el s\u00e1bado 26 de julio qued\u00f3 registrada bajo el n\u00famero PL\/FC\/155\/26072025\/0002. Fueron elementos de la polic\u00eda municipal, quienes acudieron al domicilio del funcionario tras un reporte al n\u00famero de emergencias 911, y realizaron la aprehensi\u00f3n correspondiente, seguida de la puesta a disposici\u00f3n de la autoridad ministerial. De manera extraoficial, se maneja&#8230;<\/p>\n","protected":false},"author":16,"featured_media":31868,"comment_status":"closed","ping_status":"closed","sticky":false,"template":"","format":"standard","meta":[],"categories":[542],"tags":[3021,284,3963,3962],"yoast_head":"<!-- This site is optimized with the Yoast SEO plugin v20.8 - https:\/\/yoast.com\/wordpress\/plugins\/seo\/ -->\n<title>Presidente de Santa Mar\u00eda Coapan fue detenido por violencia familiar - The Puebla Times<\/title>\n<meta name=\"robots\" content=\"index, follow, max-snippet:-1, max-image-preview:large, max-video-preview:-1\" \/>\n<link rel=\"canonical\" href=\"https:\/\/thepueblatimes.mx\/index.php\/2025\/07\/28\/presidente-de-santa-maria-coapan-fue-detenido-por-presunto-delito-de-violencia-familiar\/\" \/>\n<meta property=\"og:locale\" content=\"es_ES\" \/>\n<meta property=\"og:type\" content=\"article\" \/>\n<meta property=\"og:title\" content=\"Presidente de Santa Mar\u00eda Coapan fue detenido por violencia familiar - The Puebla Times\" \/>\n<meta property=\"og:description\" content=\"La detenci\u00f3n, se concret\u00f3 el s\u00e1bado 26 de julio qued\u00f3 registrada bajo el n\u00famero PL\/FC\/155\/26072025\/0002. Fueron elementos de la polic\u00eda municipal, quienes acudieron al domicilio del funcionario tras un reporte al n\u00famero de emergencias 911, y realizaron la aprehensi\u00f3n correspondiente, seguida de la puesta a disposici\u00f3n de la autoridad ministerial. De manera extraoficial, se maneja...\" \/>\n<meta property=\"og:url\" content=\"https:\/\/thepueblatimes.mx\/index.php\/2025\/07\/28\/presidente-de-santa-maria-coapan-fue-detenido-por-presunto-delito-de-violencia-familiar\/\" \/>\n<meta property=\"og:site_name\" content=\"The Puebla Times\" \/>\n<meta property=\"article:published_time\" content=\"2025-07-28T15:08:33+00:00\" \/>\n<meta property=\"article:modified_time\" content=\"2025-07-28T15:09:01+00:00\" \/>\n<meta property=\"og:image\" content=\"https:\/\/thepueblatimes.mx\/wp-content\/uploads\/2025\/07\/wmremove-transformed-15-1.jpeg.jpg\" \/>\n\t<meta property=\"og:image:width\" content=\"646\" \/>\n\t<meta property=\"og:image:height\" content=\"1035\" \/>\n\t<meta property=\"og:image:type\" content=\"image\/jpeg\" \/>\n<meta name=\"author\" content=\"Sa\u00fal Hern\u00e1ndez\" \/>\n<meta name=\"twitter:card\" content=\"summary_large_image\" \/>\n<meta name=\"twitter:label1\" content=\"Escrito por\" \/>\n\t<meta name=\"twitter:data1\" content=\"Sa\u00fal Hern\u00e1ndez\" \/>\n\t<meta name=\"twitter:label2\" content=\"Tiempo de lectura\" \/>\n\t<meta name=\"twitter:data2\" content=\"1 minuto\" \/>\n<script type=\"application\/ld+json\" class=\"yoast-schema-graph\">{\"@context\":\"https:\/\/schema.org\",\"@graph\":[{\"@type\":\"WebPage\",\"@id\":\"https:\/\/thepueblatimes.mx\/index.php\/2025\/07\/28\/presidente-de-santa-maria-coapan-fue-detenido-por-presunto-delito-de-violencia-familiar\/\",\"url\":\"https:\/\/thepueblatimes.mx\/index.php\/2025\/07\/28\/presidente-de-santa-maria-coapan-fue-detenido-por-presunto-delito-de-violencia-familiar\/\",\"name\":\"Presidente de Santa Mar\u00eda Coapan fue detenido por violencia familiar - The Puebla Times\",\"isPartOf\":{\"@id\":\"https:\/\/thepueblatimes.mx\/#website\"},\"datePublished\":\"2025-07-28T15:08:33+00:00\",\"dateModified\":\"2025-07-28T15:09:01+00:00\",\"author\":{\"@id\":\"https:\/\/thepueblatimes.mx\/#\/schema\/person\/1664894c2f65ce2c7a08d8f5f905c13c\"},\"breadcrumb\":{\"@id\":\"https:\/\/thepueblatimes.mx\/index.php\/2025\/07\/28\/presidente-de-santa-maria-coapan-fue-detenido-por-presunto-delito-de-violencia-familiar\/#breadcrumb\"},\"inLanguage\":\"es\",\"potentialAction\":[{\"@type\":\"ReadAction\",\"target\":[\"https:\/\/thepueblatimes.mx\/index.php\/2025\/07\/28\/presidente-de-santa-maria-coapan-fue-detenido-por-presunto-delito-de-violencia-familiar\/\"]}]},{\"@type\":\"BreadcrumbList\",\"@id\":\"https:\/\/thepueblatimes.mx\/index.php\/2025\/07\/28\/presidente-de-santa-maria-coapan-fue-detenido-por-presunto-delito-de-violencia-familiar\/#breadcrumb\",\"itemListElement\":[{\"@type\":\"ListItem\",\"position\":1,\"name\":\"Portada\",\"item\":\"https:\/\/thepueblatimes.mx\/\"},{\"@type\":\"ListItem\",\"position\":2,\"name\":\"Presidente de Santa Mar\u00eda Coapan fue detenido por violencia familiar\"}]},{\"@type\":\"WebSite\",\"@id\":\"https:\/\/thepueblatimes.mx\/#website\",\"url\":\"https:\/\/thepueblatimes.mx\/\",\"name\":\"The Puebla Times\",\"description\":\"Noticias del Estado de Puebla\",\"potentialAction\":[{\"@type\":\"SearchAction\",\"target\":{\"@type\":\"EntryPoint\",\"urlTemplate\":\"https:\/\/thepueblatimes.mx\/?s={search_term_string}\"},\"query-input\":\"required name=search_term_string\"}],\"inLanguage\":\"es\"},{\"@type\":\"Person\",\"@id\":\"https:\/\/thepueblatimes.mx\/#\/schema\/person\/1664894c2f65ce2c7a08d8f5f905c13c\",\"name\":\"Sa\u00fal Hern\u00e1ndez\",\"image\":{\"@type\":\"ImageObject\",\"inLanguage\":\"es\",\"@id\":\"https:\/\/thepueblatimes.mx\/#\/schema\/person\/image\/\",\"url\":\"https:\/\/secure.gravatar.com\/avatar\/11be338693f243309532caad8f10c930?s=96&d=mm&r=g\",\"contentUrl\":\"https:\/\/secure.gravatar.com\/avatar\/11be338693f243309532caad8f10c930?s=96&d=mm&r=g\",\"caption\":\"Sa\u00fal Hern\u00e1ndez\"},\"url\":\"https:\/\/thepueblatimes.mx\/index.php\/author\/saulhernandez\/\"}]}<\/script>\n<!-- \/ Yoast SEO plugin. -->","yoast_head_json":{"title":"Presidente de Santa Mar\u00eda Coapan fue detenido por violencia familiar - The Puebla Times","robots":{"index":"index","follow":"follow","max-snippet":"max-snippet:-1","max-image-preview":"max-image-preview:large","max-video-preview":"max-video-preview:-1"},"canonical":"https:\/\/thepueblatimes.mx\/index.php\/2025\/07\/28\/presidente-de-santa-maria-coapan-fue-detenido-por-presunto-delito-de-violencia-familiar\/","og_locale":"es_ES","og_type":"article","og_title":"Presidente de Santa Mar\u00eda Coapan fue detenido por violencia familiar - The Puebla Times","og_description":"La detenci\u00f3n, se concret\u00f3 el s\u00e1bado 26 de julio qued\u00f3 registrada bajo el n\u00famero PL\/FC\/155\/26072025\/0002. Fueron elementos de la polic\u00eda municipal, quienes acudieron al domicilio del funcionario tras un reporte al n\u00famero de emergencias 911, y realizaron la aprehensi\u00f3n correspondiente, seguida de la puesta a disposici\u00f3n de la autoridad ministerial. De manera extraoficial, se maneja...","og_url":"https:\/\/thepueblatimes.mx\/index.php\/2025\/07\/28\/presidente-de-santa-maria-coapan-fue-detenido-por-presunto-delito-de-violencia-familiar\/","og_site_name":"The Puebla Times","article_published_time":"2025-07-28T15:08:33+00:00","article_modified_time":"2025-07-28T15:09:01+00:00","og_image":[{"width":646,"height":1035,"url":"https:\/\/thepueblatimes.mx\/wp-content\/uploads\/2025\/07\/wmremove-transformed-15-1.jpeg.jpg","type":"image\/jpeg"}],"author":"Sa\u00fal Hern\u00e1ndez","twitter_card":"summary_large_image","twitter_misc":{"Escrito por":"Sa\u00fal Hern\u00e1ndez","Tiempo de lectura":"1 minuto"},"schema":{"@context":"https:\/\/schema.org","@graph":[{"@type":"WebPage","@id":"https:\/\/thepueblatimes.mx\/index.php\/2025\/07\/28\/presidente-de-santa-maria-coapan-fue-detenido-por-presunto-delito-de-violencia-familiar\/","url":"https:\/\/thepueblatimes.mx\/index.php\/2025\/07\/28\/presidente-de-santa-maria-coapan-fue-detenido-por-presunto-delito-de-violencia-familiar\/","name":"Presidente de Santa Mar\u00eda Coapan fue detenido por violencia familiar - The Puebla Times","isPartOf":{"@id":"https:\/\/thepueblatimes.mx\/#website"},"datePublished":"2025-07-28T15:08:33+00:00","dateModified":"2025-07-28T15:09:01+00:00","author":{"@id":"https:\/\/thepueblatimes.mx\/#\/schema\/person\/1664894c2f65ce2c7a08d8f5f905c13c"},"breadcrumb":{"@id":"https:\/\/thepueblatimes.mx\/index.php\/2025\/07\/28\/presidente-de-santa-maria-coapan-fue-detenido-por-presunto-delito-de-violencia-familiar\/#breadcrumb"},"inLanguage":"es","potentialAction":[{"@type":"ReadAction","target":["https:\/\/thepueblatimes.mx\/index.php\/2025\/07\/28\/presidente-de-santa-maria-coapan-fue-detenido-por-presunto-delito-de-violencia-familiar\/"]}]},{"@type":"BreadcrumbList","@id":"https:\/\/thepueblatimes.mx\/index.php\/2025\/07\/28\/presidente-de-santa-maria-coapan-fue-detenido-por-presunto-delito-de-violencia-familiar\/#breadcrumb","itemListElement":[{"@type":"ListItem","position":1,"name":"Portada","item":"https:\/\/thepueblatimes.mx\/"},{"@type":"ListItem","position":2,"name":"Presidente de Santa Mar\u00eda Coapan fue detenido por violencia familiar"}]},{"@type":"WebSite","@id":"https:\/\/thepueblatimes.mx\/#website","url":"https:\/\/thepueblatimes.mx\/","name":"The Puebla Times","description":"Noticias del Estado de Puebla","potentialAction":[{"@type":"SearchAction","target":{"@type":"EntryPoint","urlTemplate":"https:\/\/thepueblatimes.mx\/?s={search_term_string}"},"query-input":"required name=search_term_string"}],"inLanguage":"es"},{"@type":"Person","@id":"https:\/\/thepueblatimes.mx\/#\/schema\/person\/1664894c2f65ce2c7a08d8f5f905c13c","name":"Sa\u00fal Hern\u00e1ndez","image":{"@type":"ImageObject","inLanguage":"es","@id":"https:\/\/thepueblatimes.mx\/#\/schema\/person\/image\/","url":"https:\/\/secure.gravatar.com\/avatar\/11be338693f243309532caad8f10c930?s=96&d=mm&r=g","contentUrl":"https:\/\/secure.gravatar.com\/avatar\/11be338693f243309532caad8f10c930?s=96&d=mm&r=g","caption":"Sa\u00fal Hern\u00e1ndez"},"url":"https:\/\/thepueblatimes.mx\/index.php\/author\/saulhernandez\/"}]}},"jetpack_featured_media_url":"https:\/\/thepueblatimes.mx\/wp-content\/uploads\/2025\/07\/wmremove-transformed-15-1.jpeg.jpg","_links":{"self":[{"href":"https:\/\/thepueblatimes.mx\/index.php\/wp-json\/wp\/v2\/posts\/31867"}],"collection":[{"href":"https:\/\/thepueblatimes.mx\/index.php\/wp-json\/wp\/v2\/posts"}],"about":[{"href":"https:\/\/thepueblatimes.mx\/index.php\/wp-json\/wp\/v2\/types\/post"}],"author":[{"embeddable":true,"href":"https:\/\/thepueblatimes.mx\/index.php\/wp-json\/wp\/v2\/users\/16"}],"replies":[{"embeddable":true,"href":"https:\/\/thepueblatimes.mx\/index.php\/wp-json\/wp\/v2\/comments?post=31867"}],"version-history":[{"count":2,"href":"https:\/\/thepueblatimes.mx\/index.php\/wp-json\/wp\/v2\/posts\/31867\/revisions"}],"predecessor-version":[{"id":31870,"href":"https:\/\/thepueblatimes.mx\/index.php\/wp-json\/wp\/v2\/posts\/31867\/revisions\/31870"}],"wp:featuredmedia":[{"embeddable":true,"href":"https:\/\/thepueblatimes.mx\/index.php\/wp-json\/wp\/v2\/media\/31868"}],"wp:attachment":[{"href":"https:\/\/thepueblatimes.mx\/index.php\/wp-json\/wp\/v2\/media?parent=31867"}],"wp:term":[{"taxonomy":"category","embeddable":true,"href":"https:\/\/thepueblatimes.mx\/index.php\/wp-json\/wp\/v2\/categories?post=31867"},{"taxonomy":"post_tag","embeddable":true,"href":"https:\/\/thepueblatimes.mx\/index.php\/wp-json\/wp\/v2\/tags?post=31867"}],"curies":[{"name":"wp","href":"https:\/\/api.w.org\/{rel}","templated":true}]}}