{"id":31814,"date":"2025-07-24T12:45:07","date_gmt":"2025-07-24T18:45:07","guid":{"rendered":"https:\/\/thepueblatimes.mx\/?p=31814"},"modified":"2025-07-24T12:45:07","modified_gmt":"2025-07-24T18:45:07","slug":"entrega-gabriela-chumacero-apoyos-del-programa-de-obra-comunitaria","status":"publish","type":"post","link":"https:\/\/thepueblatimes.mx\/index.php\/2025\/07\/24\/entrega-gabriela-chumacero-apoyos-del-programa-de-obra-comunitaria\/","title":{"rendered":"Entrega Gabriela Chumacero apoyos del Programa de Obra Comunitaria"},"content":{"rendered":"<h3><em>&#8211; Los recursos se utilizar\u00e1n para equipamiento de un centro de c\u00f3mputo en la \u201cPrimaria Miguel Hidalgo\u00bb, de la Colonia Santa B\u00e1rbara Norte<\/em><\/h3>\n<p>&nbsp;<\/p>\n<p>&nbsp;<\/p>\n<p>Como parte del Programa de Obra Comunitaria, que busca mejorar las condiciones de vida de la poblaci\u00f3n, la diputada Cinthya Gabriela Chumacero Rodr\u00edguez entreg\u00f3 recursos para el equipamiento de un Centro de C\u00f3mputo en la Escuela Primaria Miguel Hidalgo, de la Colonia Santa B\u00e1rbara Norte.<\/p>\n<p>&nbsp;<\/p>\n<p>Durante la entrega de los recursos, la diputada Cinthya Gabriela Chumacero se\u00f1al\u00f3 que con estas acciones se busca que las ni\u00f1as y los ni\u00f1os tengan las mejores condiciones para el estudio, a trav\u00e9s de un espacio que cumpla con las necesidades de la poblaci\u00f3n estudiantil.<\/p>\n<p>&nbsp;<\/p>\n<p>La legisladora reconoci\u00f3 el apoyo y el compromiso del Comit\u00e9 para supervisar las labores de adquisici\u00f3n e instalaci\u00f3n del equipo, con la finalidad de que los trabajos se lleven a cabo de manera adecuada.<\/p>\n<p>&nbsp;<\/p>\n<p>A trav\u00e9s de este apoyo se beneficiar\u00e1 a una poblaci\u00f3n de 149 estudiantes, quienes podr\u00e1n contar con un espacio equipado con computadoras, internet y herramientas digitales para su adecuada formaci\u00f3n acad\u00e9mica.<\/p>\n<p>&nbsp;<\/p>\n<p>En el desarrollo de la ceremonia, el delegado de Bienestar, Axel Farid Past\u00e9n Cruz, enfatiz\u00f3 la importancia de la participaci\u00f3n ciudadana con el fin de lograr mejores resultados y generar mecanismos de transparencia en el manejo de los recursos.<\/p>\n<p>&nbsp;<\/p>\n<p>Finalmente, la directora de la escuela, Beatriz Mart\u00ednez Reyes, destac\u00f3 que estas acciones son un aliciente para continuar con el desarrollo y la formaci\u00f3n de los estudiantes.<\/p>\n","protected":false},"excerpt":{"rendered":"<p>&#8211; Los recursos se utilizar\u00e1n para equipamiento de un centro de c\u00f3mputo en la \u201cPrimaria Miguel Hidalgo\u00bb, de la Colonia Santa B\u00e1rbara Norte &nbsp; &nbsp; Como parte del Programa de Obra Comunitaria, que busca mejorar las condiciones de vida de la poblaci\u00f3n, la diputada Cinthya Gabriela Chumacero Rodr\u00edguez entreg\u00f3 recursos para el equipamiento de un&#8230;<\/p>\n","protected":false},"author":16,"featured_media":31815,"comment_status":"closed","ping_status":"closed","sticky":false,"template":"","format":"standard","meta":[],"categories":[3],"tags":[1480,1271,49],"yoast_head":"<!-- This site is optimized with the Yoast SEO plugin v20.8 - https:\/\/yoast.com\/wordpress\/plugins\/seo\/ -->\n<title>Entrega Gabriela Chumacero apoyos del Programa de Obra Comunitaria - The Puebla Times<\/title>\n<meta name=\"robots\" content=\"index, follow, max-snippet:-1, max-image-preview:large, max-video-preview:-1\" \/>\n<link rel=\"canonical\" href=\"https:\/\/thepueblatimes.mx\/index.php\/2025\/07\/24\/entrega-gabriela-chumacero-apoyos-del-programa-de-obra-comunitaria\/\" \/>\n<meta property=\"og:locale\" content=\"es_ES\" \/>\n<meta property=\"og:type\" content=\"article\" \/>\n<meta property=\"og:title\" content=\"Entrega Gabriela Chumacero apoyos del Programa de Obra Comunitaria - The Puebla Times\" \/>\n<meta property=\"og:description\" content=\"&#8211; Los recursos se utilizar\u00e1n para equipamiento de un centro de c\u00f3mputo en la \u201cPrimaria Miguel Hidalgo\u00bb, de la Colonia Santa B\u00e1rbara Norte &nbsp; &nbsp; Como parte del Programa de Obra Comunitaria, que busca mejorar las condiciones de vida de la poblaci\u00f3n, la diputada Cinthya Gabriela Chumacero Rodr\u00edguez entreg\u00f3 recursos para el equipamiento de un...\" \/>\n<meta property=\"og:url\" content=\"https:\/\/thepueblatimes.mx\/index.php\/2025\/07\/24\/entrega-gabriela-chumacero-apoyos-del-programa-de-obra-comunitaria\/\" \/>\n<meta property=\"og:site_name\" content=\"The Puebla Times\" \/>\n<meta property=\"article:published_time\" content=\"2025-07-24T18:45:07+00:00\" \/>\n<meta property=\"og:image\" content=\"https:\/\/thepueblatimes.mx\/wp-content\/uploads\/2025\/07\/WhatsApp-Image-2025-07-23-at-18.44.08-scaled.jpeg\" \/>\n\t<meta property=\"og:image:width\" content=\"2560\" \/>\n\t<meta property=\"og:image:height\" content=\"1707\" \/>\n\t<meta property=\"og:image:type\" content=\"image\/jpeg\" \/>\n<meta name=\"author\" content=\"Sa\u00fal Hern\u00e1ndez\" \/>\n<meta name=\"twitter:card\" content=\"summary_large_image\" \/>\n<meta name=\"twitter:label1\" content=\"Escrito por\" \/>\n\t<meta name=\"twitter:data1\" content=\"Sa\u00fal Hern\u00e1ndez\" \/>\n\t<meta name=\"twitter:label2\" content=\"Tiempo de lectura\" \/>\n\t<meta name=\"twitter:data2\" content=\"2 minutos\" \/>\n<script type=\"application\/ld+json\" class=\"yoast-schema-graph\">{\"@context\":\"https:\/\/schema.org\",\"@graph\":[{\"@type\":\"WebPage\",\"@id\":\"https:\/\/thepueblatimes.mx\/index.php\/2025\/07\/24\/entrega-gabriela-chumacero-apoyos-del-programa-de-obra-comunitaria\/\",\"url\":\"https:\/\/thepueblatimes.mx\/index.php\/2025\/07\/24\/entrega-gabriela-chumacero-apoyos-del-programa-de-obra-comunitaria\/\",\"name\":\"Entrega Gabriela Chumacero apoyos del Programa de Obra Comunitaria - The Puebla Times\",\"isPartOf\":{\"@id\":\"https:\/\/thepueblatimes.mx\/#website\"},\"datePublished\":\"2025-07-24T18:45:07+00:00\",\"dateModified\":\"2025-07-24T18:45:07+00:00\",\"author\":{\"@id\":\"https:\/\/thepueblatimes.mx\/#\/schema\/person\/1664894c2f65ce2c7a08d8f5f905c13c\"},\"breadcrumb\":{\"@id\":\"https:\/\/thepueblatimes.mx\/index.php\/2025\/07\/24\/entrega-gabriela-chumacero-apoyos-del-programa-de-obra-comunitaria\/#breadcrumb\"},\"inLanguage\":\"es\",\"potentialAction\":[{\"@type\":\"ReadAction\",\"target\":[\"https:\/\/thepueblatimes.mx\/index.php\/2025\/07\/24\/entrega-gabriela-chumacero-apoyos-del-programa-de-obra-comunitaria\/\"]}]},{\"@type\":\"BreadcrumbList\",\"@id\":\"https:\/\/thepueblatimes.mx\/index.php\/2025\/07\/24\/entrega-gabriela-chumacero-apoyos-del-programa-de-obra-comunitaria\/#breadcrumb\",\"itemListElement\":[{\"@type\":\"ListItem\",\"position\":1,\"name\":\"Portada\",\"item\":\"https:\/\/thepueblatimes.mx\/\"},{\"@type\":\"ListItem\",\"position\":2,\"name\":\"Entrega Gabriela Chumacero apoyos del Programa de Obra Comunitaria\"}]},{\"@type\":\"WebSite\",\"@id\":\"https:\/\/thepueblatimes.mx\/#website\",\"url\":\"https:\/\/thepueblatimes.mx\/\",\"name\":\"The Puebla Times\",\"description\":\"Noticias del Estado de Puebla\",\"potentialAction\":[{\"@type\":\"SearchAction\",\"target\":{\"@type\":\"EntryPoint\",\"urlTemplate\":\"https:\/\/thepueblatimes.mx\/?s={search_term_string}\"},\"query-input\":\"required name=search_term_string\"}],\"inLanguage\":\"es\"},{\"@type\":\"Person\",\"@id\":\"https:\/\/thepueblatimes.mx\/#\/schema\/person\/1664894c2f65ce2c7a08d8f5f905c13c\",\"name\":\"Sa\u00fal Hern\u00e1ndez\",\"image\":{\"@type\":\"ImageObject\",\"inLanguage\":\"es\",\"@id\":\"https:\/\/thepueblatimes.mx\/#\/schema\/person\/image\/\",\"url\":\"https:\/\/secure.gravatar.com\/avatar\/11be338693f243309532caad8f10c930?s=96&d=mm&r=g\",\"contentUrl\":\"https:\/\/secure.gravatar.com\/avatar\/11be338693f243309532caad8f10c930?s=96&d=mm&r=g\",\"caption\":\"Sa\u00fal Hern\u00e1ndez\"},\"url\":\"https:\/\/thepueblatimes.mx\/index.php\/author\/saulhernandez\/\"}]}<\/script>\n<!-- \/ Yoast SEO plugin. -->","yoast_head_json":{"title":"Entrega Gabriela Chumacero apoyos del Programa de Obra Comunitaria - The Puebla Times","robots":{"index":"index","follow":"follow","max-snippet":"max-snippet:-1","max-image-preview":"max-image-preview:large","max-video-preview":"max-video-preview:-1"},"canonical":"https:\/\/thepueblatimes.mx\/index.php\/2025\/07\/24\/entrega-gabriela-chumacero-apoyos-del-programa-de-obra-comunitaria\/","og_locale":"es_ES","og_type":"article","og_title":"Entrega Gabriela Chumacero apoyos del Programa de Obra Comunitaria - The Puebla Times","og_description":"&#8211; Los recursos se utilizar\u00e1n para equipamiento de un centro de c\u00f3mputo en la \u201cPrimaria Miguel Hidalgo\u00bb, de la Colonia Santa B\u00e1rbara Norte &nbsp; &nbsp; Como parte del Programa de Obra Comunitaria, que busca mejorar las condiciones de vida de la poblaci\u00f3n, la diputada Cinthya Gabriela Chumacero Rodr\u00edguez entreg\u00f3 recursos para el equipamiento de un...","og_url":"https:\/\/thepueblatimes.mx\/index.php\/2025\/07\/24\/entrega-gabriela-chumacero-apoyos-del-programa-de-obra-comunitaria\/","og_site_name":"The Puebla Times","article_published_time":"2025-07-24T18:45:07+00:00","og_image":[{"width":2560,"height":1707,"url":"https:\/\/thepueblatimes.mx\/wp-content\/uploads\/2025\/07\/WhatsApp-Image-2025-07-23-at-18.44.08-scaled.jpeg","type":"image\/jpeg"}],"author":"Sa\u00fal Hern\u00e1ndez","twitter_card":"summary_large_image","twitter_misc":{"Escrito por":"Sa\u00fal Hern\u00e1ndez","Tiempo de lectura":"2 minutos"},"schema":{"@context":"https:\/\/schema.org","@graph":[{"@type":"WebPage","@id":"https:\/\/thepueblatimes.mx\/index.php\/2025\/07\/24\/entrega-gabriela-chumacero-apoyos-del-programa-de-obra-comunitaria\/","url":"https:\/\/thepueblatimes.mx\/index.php\/2025\/07\/24\/entrega-gabriela-chumacero-apoyos-del-programa-de-obra-comunitaria\/","name":"Entrega Gabriela Chumacero apoyos del Programa de Obra Comunitaria - The Puebla Times","isPartOf":{"@id":"https:\/\/thepueblatimes.mx\/#website"},"datePublished":"2025-07-24T18:45:07+00:00","dateModified":"2025-07-24T18:45:07+00:00","author":{"@id":"https:\/\/thepueblatimes.mx\/#\/schema\/person\/1664894c2f65ce2c7a08d8f5f905c13c"},"breadcrumb":{"@id":"https:\/\/thepueblatimes.mx\/index.php\/2025\/07\/24\/entrega-gabriela-chumacero-apoyos-del-programa-de-obra-comunitaria\/#breadcrumb"},"inLanguage":"es","potentialAction":[{"@type":"ReadAction","target":["https:\/\/thepueblatimes.mx\/index.php\/2025\/07\/24\/entrega-gabriela-chumacero-apoyos-del-programa-de-obra-comunitaria\/"]}]},{"@type":"BreadcrumbList","@id":"https:\/\/thepueblatimes.mx\/index.php\/2025\/07\/24\/entrega-gabriela-chumacero-apoyos-del-programa-de-obra-comunitaria\/#breadcrumb","itemListElement":[{"@type":"ListItem","position":1,"name":"Portada","item":"https:\/\/thepueblatimes.mx\/"},{"@type":"ListItem","position":2,"name":"Entrega Gabriela Chumacero apoyos del Programa de Obra Comunitaria"}]},{"@type":"WebSite","@id":"https:\/\/thepueblatimes.mx\/#website","url":"https:\/\/thepueblatimes.mx\/","name":"The Puebla Times","description":"Noticias del Estado de Puebla","potentialAction":[{"@type":"SearchAction","target":{"@type":"EntryPoint","urlTemplate":"https:\/\/thepueblatimes.mx\/?s={search_term_string}"},"query-input":"required name=search_term_string"}],"inLanguage":"es"},{"@type":"Person","@id":"https:\/\/thepueblatimes.mx\/#\/schema\/person\/1664894c2f65ce2c7a08d8f5f905c13c","name":"Sa\u00fal Hern\u00e1ndez","image":{"@type":"ImageObject","inLanguage":"es","@id":"https:\/\/thepueblatimes.mx\/#\/schema\/person\/image\/","url":"https:\/\/secure.gravatar.com\/avatar\/11be338693f243309532caad8f10c930?s=96&d=mm&r=g","contentUrl":"https:\/\/secure.gravatar.com\/avatar\/11be338693f243309532caad8f10c930?s=96&d=mm&r=g","caption":"Sa\u00fal Hern\u00e1ndez"},"url":"https:\/\/thepueblatimes.mx\/index.php\/author\/saulhernandez\/"}]}},"jetpack_featured_media_url":"https:\/\/thepueblatimes.mx\/wp-content\/uploads\/2025\/07\/WhatsApp-Image-2025-07-23-at-18.44.08-scaled.jpeg","_links":{"self":[{"href":"https:\/\/thepueblatimes.mx\/index.php\/wp-json\/wp\/v2\/posts\/31814"}],"collection":[{"href":"https:\/\/thepueblatimes.mx\/index.php\/wp-json\/wp\/v2\/posts"}],"about":[{"href":"https:\/\/thepueblatimes.mx\/index.php\/wp-json\/wp\/v2\/types\/post"}],"author":[{"embeddable":true,"href":"https:\/\/thepueblatimes.mx\/index.php\/wp-json\/wp\/v2\/users\/16"}],"replies":[{"embeddable":true,"href":"https:\/\/thepueblatimes.mx\/index.php\/wp-json\/wp\/v2\/comments?post=31814"}],"version-history":[{"count":1,"href":"https:\/\/thepueblatimes.mx\/index.php\/wp-json\/wp\/v2\/posts\/31814\/revisions"}],"predecessor-version":[{"id":31816,"href":"https:\/\/thepueblatimes.mx\/index.php\/wp-json\/wp\/v2\/posts\/31814\/revisions\/31816"}],"wp:featuredmedia":[{"embeddable":true,"href":"https:\/\/thepueblatimes.mx\/index.php\/wp-json\/wp\/v2\/media\/31815"}],"wp:attachment":[{"href":"https:\/\/thepueblatimes.mx\/index.php\/wp-json\/wp\/v2\/media?parent=31814"}],"wp:term":[{"taxonomy":"category","embeddable":true,"href":"https:\/\/thepueblatimes.mx\/index.php\/wp-json\/wp\/v2\/categories?post=31814"},{"taxonomy":"post_tag","embeddable":true,"href":"https:\/\/thepueblatimes.mx\/index.php\/wp-json\/wp\/v2\/tags?post=31814"}],"curies":[{"name":"wp","href":"https:\/\/api.w.org\/{rel}","templated":true}]}}