{"id":31793,"date":"2025-07-23T14:43:30","date_gmt":"2025-07-23T20:43:30","guid":{"rendered":"https:\/\/thepueblatimes.mx\/?p=31793"},"modified":"2025-07-23T14:43:30","modified_gmt":"2025-07-23T20:43:30","slug":"en-puebla-los-resultados-se-contabilizan-y-son-palpables-garcia-parra","status":"publish","type":"post","link":"https:\/\/thepueblatimes.mx\/index.php\/2025\/07\/23\/en-puebla-los-resultados-se-contabilizan-y-son-palpables-garcia-parra\/","title":{"rendered":"En Puebla los resultados se contabilizan y son palpables: Garc\u00eda Parra"},"content":{"rendered":"<p>POR FER HOYOS<\/p>\n<p>La administraci\u00f3n de Alejandro Armenta ha dado resultados concretos, cuantificables y palpables.<\/p>\n<p>Ello se debe sin duda a la planificaci\u00f3n y conducci\u00f3n del quehacer gubernamental donde cada entidad o secretaria tienen tareas asignadas, con metas concretas.<\/p>\n<p>Sin embargo, se requiere de un hilo conductor, una labor de armonizaci\u00f3n y seguimiento a cargo del coordinador del gabinete estatal, Jos\u00e9 Luis Garc\u00eda Parra, que sin m\u00e1s peso que el acatamiento puntual de la l\u00ednea, busca que se cumplan con las metas y planes establecidos.<\/p>\n<p><img decoding=\"async\" loading=\"lazy\" class=\"size-medium wp-image-31795 aligncenter\" src=\"https:\/\/thepueblatimes.mx\/wp-content\/uploads\/2025\/07\/GdjyX90WQAAo2FW-1-e1753303381888-300x293.jpg\" alt=\"\" width=\"300\" height=\"293\" srcset=\"https:\/\/thepueblatimes.mx\/wp-content\/uploads\/2025\/07\/GdjyX90WQAAo2FW-1-e1753303381888-300x293.jpg 300w, https:\/\/thepueblatimes.mx\/wp-content\/uploads\/2025\/07\/GdjyX90WQAAo2FW-1-e1753303381888-768x750.jpg 768w, https:\/\/thepueblatimes.mx\/wp-content\/uploads\/2025\/07\/GdjyX90WQAAo2FW-1-e1753303381888.jpg 960w\" sizes=\"(max-width: 300px) 100vw, 300px\" \/><\/p>\n<p>De ah\u00ed que, no sea raro que se tengan n\u00famero y evaluaciones precisas. Como e hecho de que se hayan realizado m\u00e1s de 4 mil 320 asambleas comunitarias, en las que son los ciudadanos quienes deciden c\u00f3mo se distribuyen los recursos p\u00fablicos para obras prioritarias en sus comunidades.<\/p>\n<p>El programa contempla una inversi\u00f3n de mil millones de pesos para este a\u00f1o, con m\u00e1s de 2 mil 500 acciones que ya est\u00e1n en marcha en diversos municipios. Tan s\u00f3lo, en la ciudad de Puebla, se est\u00e1n ejecutando 160 acciones de mejoramiento vial.<\/p>\n<p>En 2026, el gobernador Alejandro Armenta duplicar\u00e1 el presupuesto del programa de Obras Comunitarias, que pasar\u00e1 a 2 mil millones de pesos.<\/p>\n<p>Garc\u00eda Parra ha destacado que esa estrategia, impulsada por el gobernador Alejandro Armenta, promueve la participaci\u00f3n social, combate la corrupci\u00f3n, y empodera a la mujeres que son designadas como tesoreras para administrar los recursos.<\/p>\n<p>Resalta que \u201cel pueblo decide qu\u00e9 necesita en su colonia. Ya no es el gobierno quien impone. Y lo m\u00e1s importante: las mujeres del comit\u00e9 son quienes reciben el recurso, pagan los materiales, pagan la mano de obra, y as\u00ed se rompe el ciclo de corrupci\u00f3n que tanto da\u00f1o ha hecho\u201d.<\/p>\n<p>Recuerda que el gobierno del estado cuenta con 27 delegadas y delegados que recorren microrregiones del territorio estatal, promoviendo la organizaci\u00f3n vecinal.<\/p>\n","protected":false},"excerpt":{"rendered":"<p>POR FER HOYOS La administraci\u00f3n de Alejandro Armenta ha dado resultados concretos, cuantificables y palpables. Ello se debe sin duda a la planificaci\u00f3n y conducci\u00f3n del quehacer gubernamental donde cada entidad o secretaria tienen tareas asignadas, con metas concretas. Sin embargo, se requiere de un hilo conductor, una labor de armonizaci\u00f3n y seguimiento a cargo&#8230;<\/p>\n","protected":false},"author":16,"featured_media":31794,"comment_status":"closed","ping_status":"closed","sticky":false,"template":"","format":"standard","meta":[],"categories":[3],"tags":[3952,3475,49],"yoast_head":"<!-- This site is optimized with the Yoast SEO plugin v20.8 - https:\/\/yoast.com\/wordpress\/plugins\/seo\/ -->\n<title>En Puebla los resultados se contabilizan y son palpables: Garc\u00eda Parra - The Puebla Times<\/title>\n<meta name=\"robots\" content=\"index, follow, max-snippet:-1, max-image-preview:large, max-video-preview:-1\" \/>\n<link rel=\"canonical\" href=\"https:\/\/thepueblatimes.mx\/index.php\/2025\/07\/23\/en-puebla-los-resultados-se-contabilizan-y-son-palpables-garcia-parra\/\" \/>\n<meta property=\"og:locale\" content=\"es_ES\" \/>\n<meta property=\"og:type\" content=\"article\" \/>\n<meta property=\"og:title\" content=\"En Puebla los resultados se contabilizan y son palpables: Garc\u00eda Parra - The Puebla Times\" \/>\n<meta property=\"og:description\" content=\"POR FER HOYOS La administraci\u00f3n de Alejandro Armenta ha dado resultados concretos, cuantificables y palpables. Ello se debe sin duda a la planificaci\u00f3n y conducci\u00f3n del quehacer gubernamental donde cada entidad o secretaria tienen tareas asignadas, con metas concretas. Sin embargo, se requiere de un hilo conductor, una labor de armonizaci\u00f3n y seguimiento a cargo...\" \/>\n<meta property=\"og:url\" content=\"https:\/\/thepueblatimes.mx\/index.php\/2025\/07\/23\/en-puebla-los-resultados-se-contabilizan-y-son-palpables-garcia-parra\/\" \/>\n<meta property=\"og:site_name\" content=\"The Puebla Times\" \/>\n<meta property=\"article:published_time\" content=\"2025-07-23T20:43:30+00:00\" \/>\n<meta property=\"og:image\" content=\"https:\/\/thepueblatimes.mx\/wp-content\/uploads\/2025\/07\/WhatsApp_Image_2025-02-25_at_3.51.30_PM.jpeg\" \/>\n\t<meta property=\"og:image:width\" content=\"1280\" \/>\n\t<meta property=\"og:image:height\" content=\"692\" \/>\n\t<meta property=\"og:image:type\" content=\"image\/jpeg\" \/>\n<meta name=\"author\" content=\"Sa\u00fal Hern\u00e1ndez\" \/>\n<meta name=\"twitter:card\" content=\"summary_large_image\" \/>\n<meta name=\"twitter:label1\" content=\"Escrito por\" \/>\n\t<meta name=\"twitter:data1\" content=\"Sa\u00fal Hern\u00e1ndez\" \/>\n\t<meta name=\"twitter:label2\" content=\"Tiempo de lectura\" \/>\n\t<meta name=\"twitter:data2\" content=\"2 minutos\" \/>\n<script type=\"application\/ld+json\" class=\"yoast-schema-graph\">{\"@context\":\"https:\/\/schema.org\",\"@graph\":[{\"@type\":\"WebPage\",\"@id\":\"https:\/\/thepueblatimes.mx\/index.php\/2025\/07\/23\/en-puebla-los-resultados-se-contabilizan-y-son-palpables-garcia-parra\/\",\"url\":\"https:\/\/thepueblatimes.mx\/index.php\/2025\/07\/23\/en-puebla-los-resultados-se-contabilizan-y-son-palpables-garcia-parra\/\",\"name\":\"En Puebla los resultados se contabilizan y son palpables: Garc\u00eda Parra - The Puebla Times\",\"isPartOf\":{\"@id\":\"https:\/\/thepueblatimes.mx\/#website\"},\"datePublished\":\"2025-07-23T20:43:30+00:00\",\"dateModified\":\"2025-07-23T20:43:30+00:00\",\"author\":{\"@id\":\"https:\/\/thepueblatimes.mx\/#\/schema\/person\/1664894c2f65ce2c7a08d8f5f905c13c\"},\"breadcrumb\":{\"@id\":\"https:\/\/thepueblatimes.mx\/index.php\/2025\/07\/23\/en-puebla-los-resultados-se-contabilizan-y-son-palpables-garcia-parra\/#breadcrumb\"},\"inLanguage\":\"es\",\"potentialAction\":[{\"@type\":\"ReadAction\",\"target\":[\"https:\/\/thepueblatimes.mx\/index.php\/2025\/07\/23\/en-puebla-los-resultados-se-contabilizan-y-son-palpables-garcia-parra\/\"]}]},{\"@type\":\"BreadcrumbList\",\"@id\":\"https:\/\/thepueblatimes.mx\/index.php\/2025\/07\/23\/en-puebla-los-resultados-se-contabilizan-y-son-palpables-garcia-parra\/#breadcrumb\",\"itemListElement\":[{\"@type\":\"ListItem\",\"position\":1,\"name\":\"Portada\",\"item\":\"https:\/\/thepueblatimes.mx\/\"},{\"@type\":\"ListItem\",\"position\":2,\"name\":\"En Puebla los resultados se contabilizan y son palpables: Garc\u00eda Parra\"}]},{\"@type\":\"WebSite\",\"@id\":\"https:\/\/thepueblatimes.mx\/#website\",\"url\":\"https:\/\/thepueblatimes.mx\/\",\"name\":\"The Puebla Times\",\"description\":\"Noticias del Estado de Puebla\",\"potentialAction\":[{\"@type\":\"SearchAction\",\"target\":{\"@type\":\"EntryPoint\",\"urlTemplate\":\"https:\/\/thepueblatimes.mx\/?s={search_term_string}\"},\"query-input\":\"required name=search_term_string\"}],\"inLanguage\":\"es\"},{\"@type\":\"Person\",\"@id\":\"https:\/\/thepueblatimes.mx\/#\/schema\/person\/1664894c2f65ce2c7a08d8f5f905c13c\",\"name\":\"Sa\u00fal Hern\u00e1ndez\",\"image\":{\"@type\":\"ImageObject\",\"inLanguage\":\"es\",\"@id\":\"https:\/\/thepueblatimes.mx\/#\/schema\/person\/image\/\",\"url\":\"https:\/\/secure.gravatar.com\/avatar\/11be338693f243309532caad8f10c930?s=96&d=mm&r=g\",\"contentUrl\":\"https:\/\/secure.gravatar.com\/avatar\/11be338693f243309532caad8f10c930?s=96&d=mm&r=g\",\"caption\":\"Sa\u00fal Hern\u00e1ndez\"},\"url\":\"https:\/\/thepueblatimes.mx\/index.php\/author\/saulhernandez\/\"}]}<\/script>\n<!-- \/ Yoast SEO plugin. -->","yoast_head_json":{"title":"En Puebla los resultados se contabilizan y son palpables: Garc\u00eda Parra - The Puebla Times","robots":{"index":"index","follow":"follow","max-snippet":"max-snippet:-1","max-image-preview":"max-image-preview:large","max-video-preview":"max-video-preview:-1"},"canonical":"https:\/\/thepueblatimes.mx\/index.php\/2025\/07\/23\/en-puebla-los-resultados-se-contabilizan-y-son-palpables-garcia-parra\/","og_locale":"es_ES","og_type":"article","og_title":"En Puebla los resultados se contabilizan y son palpables: Garc\u00eda Parra - The Puebla Times","og_description":"POR FER HOYOS La administraci\u00f3n de Alejandro Armenta ha dado resultados concretos, cuantificables y palpables. Ello se debe sin duda a la planificaci\u00f3n y conducci\u00f3n del quehacer gubernamental donde cada entidad o secretaria tienen tareas asignadas, con metas concretas. Sin embargo, se requiere de un hilo conductor, una labor de armonizaci\u00f3n y seguimiento a cargo...","og_url":"https:\/\/thepueblatimes.mx\/index.php\/2025\/07\/23\/en-puebla-los-resultados-se-contabilizan-y-son-palpables-garcia-parra\/","og_site_name":"The Puebla Times","article_published_time":"2025-07-23T20:43:30+00:00","og_image":[{"width":1280,"height":692,"url":"https:\/\/thepueblatimes.mx\/wp-content\/uploads\/2025\/07\/WhatsApp_Image_2025-02-25_at_3.51.30_PM.jpeg","type":"image\/jpeg"}],"author":"Sa\u00fal Hern\u00e1ndez","twitter_card":"summary_large_image","twitter_misc":{"Escrito por":"Sa\u00fal Hern\u00e1ndez","Tiempo de lectura":"2 minutos"},"schema":{"@context":"https:\/\/schema.org","@graph":[{"@type":"WebPage","@id":"https:\/\/thepueblatimes.mx\/index.php\/2025\/07\/23\/en-puebla-los-resultados-se-contabilizan-y-son-palpables-garcia-parra\/","url":"https:\/\/thepueblatimes.mx\/index.php\/2025\/07\/23\/en-puebla-los-resultados-se-contabilizan-y-son-palpables-garcia-parra\/","name":"En Puebla los resultados se contabilizan y son palpables: Garc\u00eda Parra - The Puebla Times","isPartOf":{"@id":"https:\/\/thepueblatimes.mx\/#website"},"datePublished":"2025-07-23T20:43:30+00:00","dateModified":"2025-07-23T20:43:30+00:00","author":{"@id":"https:\/\/thepueblatimes.mx\/#\/schema\/person\/1664894c2f65ce2c7a08d8f5f905c13c"},"breadcrumb":{"@id":"https:\/\/thepueblatimes.mx\/index.php\/2025\/07\/23\/en-puebla-los-resultados-se-contabilizan-y-son-palpables-garcia-parra\/#breadcrumb"},"inLanguage":"es","potentialAction":[{"@type":"ReadAction","target":["https:\/\/thepueblatimes.mx\/index.php\/2025\/07\/23\/en-puebla-los-resultados-se-contabilizan-y-son-palpables-garcia-parra\/"]}]},{"@type":"BreadcrumbList","@id":"https:\/\/thepueblatimes.mx\/index.php\/2025\/07\/23\/en-puebla-los-resultados-se-contabilizan-y-son-palpables-garcia-parra\/#breadcrumb","itemListElement":[{"@type":"ListItem","position":1,"name":"Portada","item":"https:\/\/thepueblatimes.mx\/"},{"@type":"ListItem","position":2,"name":"En Puebla los resultados se contabilizan y son palpables: Garc\u00eda Parra"}]},{"@type":"WebSite","@id":"https:\/\/thepueblatimes.mx\/#website","url":"https:\/\/thepueblatimes.mx\/","name":"The Puebla Times","description":"Noticias del Estado de Puebla","potentialAction":[{"@type":"SearchAction","target":{"@type":"EntryPoint","urlTemplate":"https:\/\/thepueblatimes.mx\/?s={search_term_string}"},"query-input":"required name=search_term_string"}],"inLanguage":"es"},{"@type":"Person","@id":"https:\/\/thepueblatimes.mx\/#\/schema\/person\/1664894c2f65ce2c7a08d8f5f905c13c","name":"Sa\u00fal Hern\u00e1ndez","image":{"@type":"ImageObject","inLanguage":"es","@id":"https:\/\/thepueblatimes.mx\/#\/schema\/person\/image\/","url":"https:\/\/secure.gravatar.com\/avatar\/11be338693f243309532caad8f10c930?s=96&d=mm&r=g","contentUrl":"https:\/\/secure.gravatar.com\/avatar\/11be338693f243309532caad8f10c930?s=96&d=mm&r=g","caption":"Sa\u00fal Hern\u00e1ndez"},"url":"https:\/\/thepueblatimes.mx\/index.php\/author\/saulhernandez\/"}]}},"jetpack_featured_media_url":"https:\/\/thepueblatimes.mx\/wp-content\/uploads\/2025\/07\/WhatsApp_Image_2025-02-25_at_3.51.30_PM.jpeg","_links":{"self":[{"href":"https:\/\/thepueblatimes.mx\/index.php\/wp-json\/wp\/v2\/posts\/31793"}],"collection":[{"href":"https:\/\/thepueblatimes.mx\/index.php\/wp-json\/wp\/v2\/posts"}],"about":[{"href":"https:\/\/thepueblatimes.mx\/index.php\/wp-json\/wp\/v2\/types\/post"}],"author":[{"embeddable":true,"href":"https:\/\/thepueblatimes.mx\/index.php\/wp-json\/wp\/v2\/users\/16"}],"replies":[{"embeddable":true,"href":"https:\/\/thepueblatimes.mx\/index.php\/wp-json\/wp\/v2\/comments?post=31793"}],"version-history":[{"count":1,"href":"https:\/\/thepueblatimes.mx\/index.php\/wp-json\/wp\/v2\/posts\/31793\/revisions"}],"predecessor-version":[{"id":31796,"href":"https:\/\/thepueblatimes.mx\/index.php\/wp-json\/wp\/v2\/posts\/31793\/revisions\/31796"}],"wp:featuredmedia":[{"embeddable":true,"href":"https:\/\/thepueblatimes.mx\/index.php\/wp-json\/wp\/v2\/media\/31794"}],"wp:attachment":[{"href":"https:\/\/thepueblatimes.mx\/index.php\/wp-json\/wp\/v2\/media?parent=31793"}],"wp:term":[{"taxonomy":"category","embeddable":true,"href":"https:\/\/thepueblatimes.mx\/index.php\/wp-json\/wp\/v2\/categories?post=31793"},{"taxonomy":"post_tag","embeddable":true,"href":"https:\/\/thepueblatimes.mx\/index.php\/wp-json\/wp\/v2\/tags?post=31793"}],"curies":[{"name":"wp","href":"https:\/\/api.w.org\/{rel}","templated":true}]}}