{"id":31785,"date":"2025-07-23T13:25:04","date_gmt":"2025-07-23T19:25:04","guid":{"rendered":"https:\/\/thepueblatimes.mx\/?p=31785"},"modified":"2025-07-23T13:25:04","modified_gmt":"2025-07-23T19:25:04","slug":"congreso-decidira-la-sustitucion-del-sindico-de-san-pedro-cholula","status":"publish","type":"post","link":"https:\/\/thepueblatimes.mx\/index.php\/2025\/07\/23\/congreso-decidira-la-sustitucion-del-sindico-de-san-pedro-cholula\/","title":{"rendered":"Congreso decidir\u00e1 la sustituci\u00f3n del s\u00edndico de San Pedro Cholula"},"content":{"rendered":"<p>POR FER HOYOS<\/p>\n<p>El diputado Jos\u00e9 Luis Figueroa dej\u00f3 en claro que el Congreso del Estado tiene la facultad de sustituir al s\u00edndico del municipio de San Pedro Cholula, Iv\u00e1n Cuautle.<\/p>\n<p>Ello, precis\u00f3, requiere de una solicitud expresa del Cabildo de San Pedro Cholula que en primera instancia seria analizada por la Comisi\u00f3n Permanente.<\/p>\n<p>Y, en caso de considerarlo necesario, se podr\u00eda convocar a un periodo extraordinario para tomar la determinaci\u00f3n a que haya lugar, y designar a un sustituto.<\/p>\n<p>Expres\u00f3 \u201cel Congreso es el facultado para destituirlo, todav\u00eda no ha llegado el caso oficialmente, lo van a revisar en la Comisi\u00f3n Permanente y posiblemente se convoqu\u00e9 a una Sesi\u00f3n Extraordinaria\u201d.<\/p>\n<p>Al respecto, la noche del martes, por mayor\u00eda de votos, el Cabildo de San Pedro Cholula aprob\u00f3 solicitar al Congreso del Estado un procedimiento para la suspensi\u00f3n o revocaci\u00f3n de mandato del s\u00edndico municipal Iv\u00e1n Cuautle Minutti.<\/p>\n","protected":false},"excerpt":{"rendered":"<p>POR FER HOYOS El diputado Jos\u00e9 Luis Figueroa dej\u00f3 en claro que el Congreso del Estado tiene la facultad de sustituir al s\u00edndico del municipio de San Pedro Cholula, Iv\u00e1n Cuautle. Ello, precis\u00f3, requiere de una solicitud expresa del Cabildo de San Pedro Cholula que en primera instancia seria analizada por la Comisi\u00f3n Permanente. Y,&#8230;<\/p>\n","protected":false},"author":16,"featured_media":31761,"comment_status":"closed","ping_status":"closed","sticky":false,"template":"","format":"standard","meta":[],"categories":[15,11],"tags":[237,1480,3950,1304],"yoast_head":"<!-- This site is optimized with the Yoast SEO plugin v20.8 - https:\/\/yoast.com\/wordpress\/plugins\/seo\/ -->\n<title>Congreso decidir\u00e1 la sustituci\u00f3n del s\u00edndico de San Pedro Cholula - The Puebla Times<\/title>\n<meta name=\"robots\" content=\"index, follow, max-snippet:-1, max-image-preview:large, max-video-preview:-1\" \/>\n<link rel=\"canonical\" href=\"https:\/\/thepueblatimes.mx\/index.php\/2025\/07\/23\/congreso-decidira-la-sustitucion-del-sindico-de-san-pedro-cholula\/\" \/>\n<meta property=\"og:locale\" content=\"es_ES\" \/>\n<meta property=\"og:type\" content=\"article\" \/>\n<meta property=\"og:title\" content=\"Congreso decidir\u00e1 la sustituci\u00f3n del s\u00edndico de San Pedro Cholula - The Puebla Times\" \/>\n<meta property=\"og:description\" content=\"POR FER HOYOS El diputado Jos\u00e9 Luis Figueroa dej\u00f3 en claro que el Congreso del Estado tiene la facultad de sustituir al s\u00edndico del municipio de San Pedro Cholula, Iv\u00e1n Cuautle. Ello, precis\u00f3, requiere de una solicitud expresa del Cabildo de San Pedro Cholula que en primera instancia seria analizada por la Comisi\u00f3n Permanente. Y,...\" \/>\n<meta property=\"og:url\" content=\"https:\/\/thepueblatimes.mx\/index.php\/2025\/07\/23\/congreso-decidira-la-sustitucion-del-sindico-de-san-pedro-cholula\/\" \/>\n<meta property=\"og:site_name\" content=\"The Puebla Times\" \/>\n<meta property=\"article:published_time\" content=\"2025-07-23T19:25:04+00:00\" \/>\n<meta property=\"og:image\" content=\"https:\/\/thepueblatimes.mx\/wp-content\/uploads\/2025\/07\/WhatsApp-Image-2025-07-21-at-18.44.29.jpeg\" \/>\n\t<meta property=\"og:image:width\" content=\"2560\" \/>\n\t<meta property=\"og:image:height\" content=\"1706\" \/>\n\t<meta property=\"og:image:type\" content=\"image\/jpeg\" \/>\n<meta name=\"author\" content=\"Sa\u00fal Hern\u00e1ndez\" \/>\n<meta name=\"twitter:card\" content=\"summary_large_image\" \/>\n<meta name=\"twitter:label1\" content=\"Escrito por\" \/>\n\t<meta name=\"twitter:data1\" content=\"Sa\u00fal Hern\u00e1ndez\" \/>\n\t<meta name=\"twitter:label2\" content=\"Tiempo de lectura\" \/>\n\t<meta name=\"twitter:data2\" content=\"1 minuto\" \/>\n<script type=\"application\/ld+json\" class=\"yoast-schema-graph\">{\"@context\":\"https:\/\/schema.org\",\"@graph\":[{\"@type\":\"WebPage\",\"@id\":\"https:\/\/thepueblatimes.mx\/index.php\/2025\/07\/23\/congreso-decidira-la-sustitucion-del-sindico-de-san-pedro-cholula\/\",\"url\":\"https:\/\/thepueblatimes.mx\/index.php\/2025\/07\/23\/congreso-decidira-la-sustitucion-del-sindico-de-san-pedro-cholula\/\",\"name\":\"Congreso decidir\u00e1 la sustituci\u00f3n del s\u00edndico de San Pedro Cholula - The Puebla Times\",\"isPartOf\":{\"@id\":\"https:\/\/thepueblatimes.mx\/#website\"},\"datePublished\":\"2025-07-23T19:25:04+00:00\",\"dateModified\":\"2025-07-23T19:25:04+00:00\",\"author\":{\"@id\":\"https:\/\/thepueblatimes.mx\/#\/schema\/person\/1664894c2f65ce2c7a08d8f5f905c13c\"},\"breadcrumb\":{\"@id\":\"https:\/\/thepueblatimes.mx\/index.php\/2025\/07\/23\/congreso-decidira-la-sustitucion-del-sindico-de-san-pedro-cholula\/#breadcrumb\"},\"inLanguage\":\"es\",\"potentialAction\":[{\"@type\":\"ReadAction\",\"target\":[\"https:\/\/thepueblatimes.mx\/index.php\/2025\/07\/23\/congreso-decidira-la-sustitucion-del-sindico-de-san-pedro-cholula\/\"]}]},{\"@type\":\"BreadcrumbList\",\"@id\":\"https:\/\/thepueblatimes.mx\/index.php\/2025\/07\/23\/congreso-decidira-la-sustitucion-del-sindico-de-san-pedro-cholula\/#breadcrumb\",\"itemListElement\":[{\"@type\":\"ListItem\",\"position\":1,\"name\":\"Portada\",\"item\":\"https:\/\/thepueblatimes.mx\/\"},{\"@type\":\"ListItem\",\"position\":2,\"name\":\"Congreso decidir\u00e1 la sustituci\u00f3n del s\u00edndico de San Pedro Cholula\"}]},{\"@type\":\"WebSite\",\"@id\":\"https:\/\/thepueblatimes.mx\/#website\",\"url\":\"https:\/\/thepueblatimes.mx\/\",\"name\":\"The Puebla Times\",\"description\":\"Noticias del Estado de Puebla\",\"potentialAction\":[{\"@type\":\"SearchAction\",\"target\":{\"@type\":\"EntryPoint\",\"urlTemplate\":\"https:\/\/thepueblatimes.mx\/?s={search_term_string}\"},\"query-input\":\"required name=search_term_string\"}],\"inLanguage\":\"es\"},{\"@type\":\"Person\",\"@id\":\"https:\/\/thepueblatimes.mx\/#\/schema\/person\/1664894c2f65ce2c7a08d8f5f905c13c\",\"name\":\"Sa\u00fal Hern\u00e1ndez\",\"image\":{\"@type\":\"ImageObject\",\"inLanguage\":\"es\",\"@id\":\"https:\/\/thepueblatimes.mx\/#\/schema\/person\/image\/\",\"url\":\"https:\/\/secure.gravatar.com\/avatar\/11be338693f243309532caad8f10c930?s=96&d=mm&r=g\",\"contentUrl\":\"https:\/\/secure.gravatar.com\/avatar\/11be338693f243309532caad8f10c930?s=96&d=mm&r=g\",\"caption\":\"Sa\u00fal Hern\u00e1ndez\"},\"url\":\"https:\/\/thepueblatimes.mx\/index.php\/author\/saulhernandez\/\"}]}<\/script>\n<!-- \/ Yoast SEO plugin. -->","yoast_head_json":{"title":"Congreso decidir\u00e1 la sustituci\u00f3n del s\u00edndico de San Pedro Cholula - The Puebla Times","robots":{"index":"index","follow":"follow","max-snippet":"max-snippet:-1","max-image-preview":"max-image-preview:large","max-video-preview":"max-video-preview:-1"},"canonical":"https:\/\/thepueblatimes.mx\/index.php\/2025\/07\/23\/congreso-decidira-la-sustitucion-del-sindico-de-san-pedro-cholula\/","og_locale":"es_ES","og_type":"article","og_title":"Congreso decidir\u00e1 la sustituci\u00f3n del s\u00edndico de San Pedro Cholula - The Puebla Times","og_description":"POR FER HOYOS El diputado Jos\u00e9 Luis Figueroa dej\u00f3 en claro que el Congreso del Estado tiene la facultad de sustituir al s\u00edndico del municipio de San Pedro Cholula, Iv\u00e1n Cuautle. Ello, precis\u00f3, requiere de una solicitud expresa del Cabildo de San Pedro Cholula que en primera instancia seria analizada por la Comisi\u00f3n Permanente. Y,...","og_url":"https:\/\/thepueblatimes.mx\/index.php\/2025\/07\/23\/congreso-decidira-la-sustitucion-del-sindico-de-san-pedro-cholula\/","og_site_name":"The Puebla Times","article_published_time":"2025-07-23T19:25:04+00:00","og_image":[{"width":2560,"height":1706,"url":"https:\/\/thepueblatimes.mx\/wp-content\/uploads\/2025\/07\/WhatsApp-Image-2025-07-21-at-18.44.29.jpeg","type":"image\/jpeg"}],"author":"Sa\u00fal Hern\u00e1ndez","twitter_card":"summary_large_image","twitter_misc":{"Escrito por":"Sa\u00fal Hern\u00e1ndez","Tiempo de lectura":"1 minuto"},"schema":{"@context":"https:\/\/schema.org","@graph":[{"@type":"WebPage","@id":"https:\/\/thepueblatimes.mx\/index.php\/2025\/07\/23\/congreso-decidira-la-sustitucion-del-sindico-de-san-pedro-cholula\/","url":"https:\/\/thepueblatimes.mx\/index.php\/2025\/07\/23\/congreso-decidira-la-sustitucion-del-sindico-de-san-pedro-cholula\/","name":"Congreso decidir\u00e1 la sustituci\u00f3n del s\u00edndico de San Pedro Cholula - The Puebla Times","isPartOf":{"@id":"https:\/\/thepueblatimes.mx\/#website"},"datePublished":"2025-07-23T19:25:04+00:00","dateModified":"2025-07-23T19:25:04+00:00","author":{"@id":"https:\/\/thepueblatimes.mx\/#\/schema\/person\/1664894c2f65ce2c7a08d8f5f905c13c"},"breadcrumb":{"@id":"https:\/\/thepueblatimes.mx\/index.php\/2025\/07\/23\/congreso-decidira-la-sustitucion-del-sindico-de-san-pedro-cholula\/#breadcrumb"},"inLanguage":"es","potentialAction":[{"@type":"ReadAction","target":["https:\/\/thepueblatimes.mx\/index.php\/2025\/07\/23\/congreso-decidira-la-sustitucion-del-sindico-de-san-pedro-cholula\/"]}]},{"@type":"BreadcrumbList","@id":"https:\/\/thepueblatimes.mx\/index.php\/2025\/07\/23\/congreso-decidira-la-sustitucion-del-sindico-de-san-pedro-cholula\/#breadcrumb","itemListElement":[{"@type":"ListItem","position":1,"name":"Portada","item":"https:\/\/thepueblatimes.mx\/"},{"@type":"ListItem","position":2,"name":"Congreso decidir\u00e1 la sustituci\u00f3n del s\u00edndico de San Pedro Cholula"}]},{"@type":"WebSite","@id":"https:\/\/thepueblatimes.mx\/#website","url":"https:\/\/thepueblatimes.mx\/","name":"The Puebla Times","description":"Noticias del Estado de Puebla","potentialAction":[{"@type":"SearchAction","target":{"@type":"EntryPoint","urlTemplate":"https:\/\/thepueblatimes.mx\/?s={search_term_string}"},"query-input":"required name=search_term_string"}],"inLanguage":"es"},{"@type":"Person","@id":"https:\/\/thepueblatimes.mx\/#\/schema\/person\/1664894c2f65ce2c7a08d8f5f905c13c","name":"Sa\u00fal Hern\u00e1ndez","image":{"@type":"ImageObject","inLanguage":"es","@id":"https:\/\/thepueblatimes.mx\/#\/schema\/person\/image\/","url":"https:\/\/secure.gravatar.com\/avatar\/11be338693f243309532caad8f10c930?s=96&d=mm&r=g","contentUrl":"https:\/\/secure.gravatar.com\/avatar\/11be338693f243309532caad8f10c930?s=96&d=mm&r=g","caption":"Sa\u00fal Hern\u00e1ndez"},"url":"https:\/\/thepueblatimes.mx\/index.php\/author\/saulhernandez\/"}]}},"jetpack_featured_media_url":"https:\/\/thepueblatimes.mx\/wp-content\/uploads\/2025\/07\/WhatsApp-Image-2025-07-21-at-18.44.29.jpeg","_links":{"self":[{"href":"https:\/\/thepueblatimes.mx\/index.php\/wp-json\/wp\/v2\/posts\/31785"}],"collection":[{"href":"https:\/\/thepueblatimes.mx\/index.php\/wp-json\/wp\/v2\/posts"}],"about":[{"href":"https:\/\/thepueblatimes.mx\/index.php\/wp-json\/wp\/v2\/types\/post"}],"author":[{"embeddable":true,"href":"https:\/\/thepueblatimes.mx\/index.php\/wp-json\/wp\/v2\/users\/16"}],"replies":[{"embeddable":true,"href":"https:\/\/thepueblatimes.mx\/index.php\/wp-json\/wp\/v2\/comments?post=31785"}],"version-history":[{"count":1,"href":"https:\/\/thepueblatimes.mx\/index.php\/wp-json\/wp\/v2\/posts\/31785\/revisions"}],"predecessor-version":[{"id":31786,"href":"https:\/\/thepueblatimes.mx\/index.php\/wp-json\/wp\/v2\/posts\/31785\/revisions\/31786"}],"wp:featuredmedia":[{"embeddable":true,"href":"https:\/\/thepueblatimes.mx\/index.php\/wp-json\/wp\/v2\/media\/31761"}],"wp:attachment":[{"href":"https:\/\/thepueblatimes.mx\/index.php\/wp-json\/wp\/v2\/media?parent=31785"}],"wp:term":[{"taxonomy":"category","embeddable":true,"href":"https:\/\/thepueblatimes.mx\/index.php\/wp-json\/wp\/v2\/categories?post=31785"},{"taxonomy":"post_tag","embeddable":true,"href":"https:\/\/thepueblatimes.mx\/index.php\/wp-json\/wp\/v2\/tags?post=31785"}],"curies":[{"name":"wp","href":"https:\/\/api.w.org\/{rel}","templated":true}]}}